{"id":32617,"date":"2024-03-11T10:45:18","date_gmt":"2024-03-11T09:45:18","guid":{"rendered":"https:\/\/pakosc-kalwaria.franciszkanie.net\/?p=32617"},"modified":"2024-03-11T10:45:18","modified_gmt":"2024-03-11T09:45:18","slug":"rekolekcje-dla-dzieci-04-03-2024r","status":"publish","type":"post","link":"https:\/\/pakosc-kalwaria.franciszkanie.net\/index.php\/2024\/03\/11\/rekolekcje-dla-dzieci-04-03-2024r\/","title":{"rendered":"Rekolekcje dla dzieci 04.03.2024r."},"content":{"rendered":"<p>Okres Wielkiego Postu to czas rozmy\u015blania nad \u017cyciem i \u015bmierci\u0105, krocz\u0105c przy Panu Jezusie podczas Drogi Krzy\u017cowej. W pierwszym dniu Rekolekcji Wielkopostnych swoj\u0105 nauk\u0119 rekolekcyjn\u0105 wyg\u0142osi\u0142 gwardian i kustosz o. Walenty \u0141aga dla dzieci ze SP im. Ewarysta Estkowskiego. Dzieci rekolekcje rozpocz\u0119\u0142y Drog\u0105 Krzy\u017cow\u0105 po \u015bcie\u017ckach kalwaryjskich, nast\u0119pnie uczestniczy\u0142y we Mszy \u015awi\u0119tej w naszym ko\u015bciele, a zako\u0144czy\u0142y s\u0142odkim pocz\u0119stunkiem w Cafe Francesco. Dzi\u0119kujemy dzieciom za tak liczny udzia\u0142 w rekolekcjach, Pani Katechetce, nauczycielom, dzi\u0119kujemy tak\u017ce przewodnicz\u0105cej Rady Miejskiej Pani Joannie B\u0142aszak oraz wiceburmistrz Pako\u015bci Pani R\u00f3\u017cy Sieleckiej za zorganizowanie pocz\u0119stunku dla dzieci oraz cz\u0142onkom Rady Parafialnej, kt\u00f3rzy zadbali o przygotowanie Cafe Francesco do wizyty uczni\u00f3w pog\u0142\u0119biaj\u0105cych wiar\u0119 przez uczestnictwo w naukach rekolekcyjnych.<\/p>\n<p><img loading=\"lazy\" class=\"alignleft size-full wp-image-32618\" src=\"http:\/\/pakosc-kalwaria.franciszkanie.net\/wp-content\/uploads\/2024\/03\/431129760_370387065816884_2079669150238364347_n-1.jpg\" alt=\"\" width=\"750\" height=\"563\" srcset=\"https:\/\/pakosc-kalwaria.franciszkanie.net\/wp-content\/uploads\/2024\/03\/431129760_370387065816884_2079669150238364347_n-1.jpg 750w, https:\/\/pakosc-kalwaria.franciszkanie.net\/wp-content\/uploads\/2024\/03\/431129760_370387065816884_2079669150238364347_n-1-300x225.jpg 300w, https:\/\/pakosc-kalwaria.franciszkanie.net\/wp-content\/uploads\/2024\/03\/431129760_370387065816884_2079669150238364347_n-1-418x315.jpg 418w\" sizes=\"(max-width: 750px) 100vw, 750px\" \/> <img loading=\"lazy\" class=\"alignleft size-full wp-image-32619\" src=\"http:\/\/pakosc-kalwaria.franciszkanie.net\/wp-content\/uploads\/2024\/03\/428684845_370387295816861_4196650919111276495_n-1.jpg\" alt=\"\" width=\"750\" height=\"1000\" srcset=\"https:\/\/pakosc-kalwaria.franciszkanie.net\/wp-content\/uploads\/2024\/03\/428684845_370387295816861_4196650919111276495_n-1.jpg 750w, https:\/\/pakosc-kalwaria.franciszkanie.net\/wp-content\/uploads\/2024\/03\/428684845_370387295816861_4196650919111276495_n-1-225x300.jpg 225w\" sizes=\"(max-width: 750px) 100vw, 750px\" \/> <img loading=\"lazy\" class=\"alignleft size-full wp-image-32620\" src=\"http:\/\/pakosc-kalwaria.franciszkanie.net\/wp-content\/uploads\/2024\/03\/431059392_370387262483531_6999692061686055228_n.jpg\" alt=\"\" width=\"750\" height=\"563\" srcset=\"https:\/\/pakosc-kalwaria.franciszkanie.net\/wp-content\/uploads\/2024\/03\/431059392_370387262483531_6999692061686055228_n.jpg 750w, https:\/\/pakosc-kalwaria.franciszkanie.net\/wp-content\/uploads\/2024\/03\/431059392_370387262483531_6999692061686055228_n-300x225.jpg 300w, https:\/\/pakosc-kalwaria.franciszkanie.net\/wp-content\/uploads\/2024\/03\/431059392_370387262483531_6999692061686055228_n-418x315.jpg 418w\" sizes=\"(max-width: 750px) 100vw, 750px\" \/> <img loading=\"lazy\" class=\"alignleft size-full wp-image-32621\" src=\"http:\/\/pakosc-kalwaria.franciszkanie.net\/wp-content\/uploads\/2024\/03\/431046339_370387215816869_7574664980566772864_n.jpg\" alt=\"\" width=\"750\" height=\"563\" srcset=\"https:\/\/pakosc-kalwaria.franciszkanie.net\/wp-content\/uploads\/2024\/03\/431046339_370387215816869_7574664980566772864_n.jpg 750w, https:\/\/pakosc-kalwaria.franciszkanie.net\/wp-content\/uploads\/2024\/03\/431046339_370387215816869_7574664980566772864_n-300x225.jpg 300w, https:\/\/pakosc-kalwaria.franciszkanie.net\/wp-content\/uploads\/2024\/03\/431046339_370387215816869_7574664980566772864_n-418x315.jpg 418w\" sizes=\"(max-width: 750px) 100vw, 750px\" \/> <img loading=\"lazy\" class=\"alignleft size-full wp-image-32622\" src=\"http:\/\/pakosc-kalwaria.franciszkanie.net\/wp-content\/uploads\/2024\/03\/431101819_370387172483540_3849306908822030365_n.jpg\" alt=\"\" width=\"750\" height=\"563\" srcset=\"https:\/\/pakosc-kalwaria.franciszkanie.net\/wp-content\/uploads\/2024\/03\/431101819_370387172483540_3849306908822030365_n.jpg 750w, https:\/\/pakosc-kalwaria.franciszkanie.net\/wp-content\/uploads\/2024\/03\/431101819_370387172483540_3849306908822030365_n-300x225.jpg 300w, https:\/\/pakosc-kalwaria.franciszkanie.net\/wp-content\/uploads\/2024\/03\/431101819_370387172483540_3849306908822030365_n-418x315.jpg 418w\" sizes=\"(max-width: 750px) 100vw, 750px\" \/> <img loading=\"lazy\" class=\"alignleft size-full wp-image-32623\" src=\"http:\/\/pakosc-kalwaria.franciszkanie.net\/wp-content\/uploads\/2024\/03\/431129760_370387065816884_2079669150238364347_n.jpg\" alt=\"\" width=\"750\" height=\"563\" srcset=\"https:\/\/pakosc-kalwaria.franciszkanie.net\/wp-content\/uploads\/2024\/03\/431129760_370387065816884_2079669150238364347_n.jpg 750w, https:\/\/pakosc-kalwaria.franciszkanie.net\/wp-content\/uploads\/2024\/03\/431129760_370387065816884_2079669150238364347_n-300x225.jpg 300w, https:\/\/pakosc-kalwaria.franciszkanie.net\/wp-content\/uploads\/2024\/03\/431129760_370387065816884_2079669150238364347_n-418x315.jpg 418w\" sizes=\"(max-width: 750px) 100vw, 750px\" \/> <img loading=\"lazy\" class=\"alignleft size-full wp-image-32624\" src=\"http:\/\/pakosc-kalwaria.franciszkanie.net\/wp-content\/uploads\/2024\/03\/428684845_370387295816861_4196650919111276495_n.jpg\" alt=\"\" width=\"750\" height=\"1000\" srcset=\"https:\/\/pakosc-kalwaria.franciszkanie.net\/wp-content\/uploads\/2024\/03\/428684845_370387295816861_4196650919111276495_n.jpg 750w, https:\/\/pakosc-kalwaria.franciszkanie.net\/wp-content\/uploads\/2024\/03\/428684845_370387295816861_4196650919111276495_n-225x300.jpg 225w\" sizes=\"(max-width: 750px) 100vw, 750px\" \/><\/p>\n","protected":false},"excerpt":{"rendered":"<p>Okres Wielkiego Postu to czas rozmy\u015blania nad \u017cyciem i \u015bmierci\u0105, krocz\u0105c przy Panu Jezusie podczas Drogi Krzy\u017cowej. W pierwszym dniu Rekolekcji Wielkopostnych swoj\u0105 nauk\u0119 rekolekcyjn\u0105 wyg\u0142osi\u0142 gwardian i kustosz o. Walenty \u0141aga dla dzieci ze SP im. Ewarysta Estkowskiego. Dzieci rekolekcje rozpocz\u0119\u0142y Drog\u0105 Krzy\u017cow\u0105 po \u015bcie\u017ckach kalwaryjskich, nast\u0119pnie uczestniczy\u0142y we Mszy \u015awi\u0119tej w naszym ko\u015bciele, &hellip;<\/p>\n","protected":false},"author":2,"featured_media":32618,"comment_status":"closed","ping_status":"closed","sticky":false,"template":"","format":"standard","meta":{"_mi_skip_tracking":false,"_exactmetrics_sitenote_active":false,"_exactmetrics_sitenote_note":"","_exactmetrics_sitenote_category":0},"categories":[1],"tags":[],"yoast_head":"<!-- This site is optimized with the Yoast SEO plugin v18.1 - https:\/\/yoast.com\/wordpress\/plugins\/seo\/ -->\n<title>Rekolekcje dla dzieci 04.03.2024r. - Pako\u015b\u0107 \u2013 Kalwaria<\/title>\n<meta name=\"robots\" content=\"index, follow, max-snippet:-1, max-image-preview:large, max-video-preview:-1\" \/>\n<link rel=\"canonical\" href=\"https:\/\/pakosc-kalwaria.franciszkanie.net\/index.php\/2024\/03\/11\/rekolekcje-dla-dzieci-04-03-2024r\/\" \/>\n<meta property=\"og:locale\" content=\"pl_PL\" \/>\n<meta property=\"og:type\" content=\"article\" \/>\n<meta property=\"og:title\" content=\"Rekolekcje dla dzieci 04.03.2024r. - Pako\u015b\u0107 \u2013 Kalwaria\" \/>\n<meta property=\"og:description\" content=\"Okres Wielkiego Postu to czas rozmy\u015blania nad \u017cyciem i \u015bmierci\u0105, krocz\u0105c przy Panu Jezusie podczas Drogi Krzy\u017cowej. W pierwszym dniu Rekolekcji Wielkopostnych swoj\u0105 nauk\u0119 rekolekcyjn\u0105 wyg\u0142osi\u0142 gwardian i kustosz o. Walenty \u0141aga dla dzieci ze SP im. Ewarysta Estkowskiego. Dzieci rekolekcje rozpocz\u0119\u0142y Drog\u0105 Krzy\u017cow\u0105 po \u015bcie\u017ckach kalwaryjskich, nast\u0119pnie uczestniczy\u0142y we Mszy \u015awi\u0119tej w naszym ko\u015bciele, &hellip;\" \/>\n<meta property=\"og:url\" content=\"https:\/\/pakosc-kalwaria.franciszkanie.net\/index.php\/2024\/03\/11\/rekolekcje-dla-dzieci-04-03-2024r\/\" \/>\n<meta property=\"og:site_name\" content=\"Pako\u015b\u0107 \u2013 Kalwaria\" \/>\n<meta property=\"article:author\" content=\"https:\/\/www.facebook.com\/KalwariaPakosc\/\" \/>\n<meta property=\"article:published_time\" content=\"2024-03-11T09:45:18+00:00\" \/>\n<meta property=\"og:image\" content=\"http:\/\/pakosc-kalwaria.franciszkanie.net\/wp-content\/uploads\/2024\/03\/431129760_370387065816884_2079669150238364347_n-1.jpg\" \/>\n\t<meta property=\"og:image:width\" content=\"750\" \/>\n\t<meta property=\"og:image:height\" content=\"563\" \/>\n\t<meta property=\"og:image:type\" content=\"image\/jpeg\" \/>\n<meta name=\"twitter:card\" content=\"summary\" \/>\n<meta name=\"twitter:label1\" content=\"Napisane przez\" \/>\n\t<meta name=\"twitter:data1\" content=\"pakosc-kalwaria\" \/>\n\t<meta name=\"twitter:label2\" content=\"Szacowany czas czytania\" \/>\n\t<meta name=\"twitter:data2\" content=\"1 minuta\" \/>\n<script type=\"application\/ld+json\" class=\"yoast-schema-graph\">{\"@context\":\"https:\/\/schema.org\",\"@graph\":[{\"@type\":\"WebSite\",\"@id\":\"https:\/\/pakosc-kalwaria.franciszkanie.net\/#website\",\"url\":\"https:\/\/pakosc-kalwaria.franciszkanie.net\/\",\"name\":\"Pako\u015b\u0107 \u2013 Kalwaria\",\"description\":\"Parafia Rzymsko \u2013 Katolicka p.w. Pana Jezusa Ukrzy\u017cowanego i  Matki Bo\u017cej Bolesnej ul. Barci\u0144ska 60, 88\u2013170 Pako\u015b\u0107 \u2013 Kalwaria\",\"potentialAction\":[{\"@type\":\"SearchAction\",\"target\":{\"@type\":\"EntryPoint\",\"urlTemplate\":\"https:\/\/pakosc-kalwaria.franciszkanie.net\/?s={search_term_string}\"},\"query-input\":\"required name=search_term_string\"}],\"inLanguage\":\"pl-PL\"},{\"@type\":\"ImageObject\",\"@id\":\"https:\/\/pakosc-kalwaria.franciszkanie.net\/index.php\/2024\/03\/11\/rekolekcje-dla-dzieci-04-03-2024r\/#primaryimage\",\"inLanguage\":\"pl-PL\",\"url\":\"https:\/\/pakosc-kalwaria.franciszkanie.net\/wp-content\/uploads\/2024\/03\/431129760_370387065816884_2079669150238364347_n-1.jpg\",\"contentUrl\":\"https:\/\/pakosc-kalwaria.franciszkanie.net\/wp-content\/uploads\/2024\/03\/431129760_370387065816884_2079669150238364347_n-1.jpg\",\"width\":750,\"height\":563},{\"@type\":\"WebPage\",\"@id\":\"https:\/\/pakosc-kalwaria.franciszkanie.net\/index.php\/2024\/03\/11\/rekolekcje-dla-dzieci-04-03-2024r\/#webpage\",\"url\":\"https:\/\/pakosc-kalwaria.franciszkanie.net\/index.php\/2024\/03\/11\/rekolekcje-dla-dzieci-04-03-2024r\/\",\"name\":\"Rekolekcje dla dzieci 04.03.2024r. - Pako\u015b\u0107 \u2013 Kalwaria\",\"isPartOf\":{\"@id\":\"https:\/\/pakosc-kalwaria.franciszkanie.net\/#website\"},\"primaryImageOfPage\":{\"@id\":\"https:\/\/pakosc-kalwaria.franciszkanie.net\/index.php\/2024\/03\/11\/rekolekcje-dla-dzieci-04-03-2024r\/#primaryimage\"},\"datePublished\":\"2024-03-11T09:45:18+00:00\",\"dateModified\":\"2024-03-11T09:45:18+00:00\",\"author\":{\"@id\":\"https:\/\/pakosc-kalwaria.franciszkanie.net\/#\/schema\/person\/af10b943be0760709227d060eadcb2aa\"},\"breadcrumb\":{\"@id\":\"https:\/\/pakosc-kalwaria.franciszkanie.net\/index.php\/2024\/03\/11\/rekolekcje-dla-dzieci-04-03-2024r\/#breadcrumb\"},\"inLanguage\":\"pl-PL\",\"potentialAction\":[{\"@type\":\"ReadAction\",\"target\":[\"https:\/\/pakosc-kalwaria.franciszkanie.net\/index.php\/2024\/03\/11\/rekolekcje-dla-dzieci-04-03-2024r\/\"]}]},{\"@type\":\"BreadcrumbList\",\"@id\":\"https:\/\/pakosc-kalwaria.franciszkanie.net\/index.php\/2024\/03\/11\/rekolekcje-dla-dzieci-04-03-2024r\/#breadcrumb\",\"itemListElement\":[{\"@type\":\"ListItem\",\"position\":1,\"name\":\"Strona g\u0142\u00f3wna\",\"item\":\"https:\/\/pakosc-kalwaria.franciszkanie.net\/\"},{\"@type\":\"ListItem\",\"position\":2,\"name\":\"Rekolekcje dla dzieci 04.03.2024r.\"}]},{\"@type\":\"Person\",\"@id\":\"https:\/\/pakosc-kalwaria.franciszkanie.net\/#\/schema\/person\/af10b943be0760709227d060eadcb2aa\",\"name\":\"pakosc-kalwaria\",\"image\":{\"@type\":\"ImageObject\",\"@id\":\"https:\/\/pakosc-kalwaria.franciszkanie.net\/#personlogo\",\"inLanguage\":\"pl-PL\",\"url\":\"https:\/\/secure.gravatar.com\/avatar\/e7049d338b55eac6a0027ff3218b8d02?s=96&d=mm&r=g\",\"contentUrl\":\"https:\/\/secure.gravatar.com\/avatar\/e7049d338b55eac6a0027ff3218b8d02?s=96&d=mm&r=g\",\"caption\":\"pakosc-kalwaria\"},\"sameAs\":[\"https:\/\/www.facebook.com\/KalwariaPakosc\/\"],\"url\":\"https:\/\/pakosc-kalwaria.franciszkanie.net\/index.php\/author\/pakosc-kalwaria\/\"}]}<\/script>\n<!-- \/ Yoast SEO plugin. -->","yoast_head_json":{"title":"Rekolekcje dla dzieci 04.03.2024r. - Pako\u015b\u0107 \u2013 Kalwaria","robots":{"index":"index","follow":"follow","max-snippet":"max-snippet:-1","max-image-preview":"max-image-preview:large","max-video-preview":"max-video-preview:-1"},"canonical":"https:\/\/pakosc-kalwaria.franciszkanie.net\/index.php\/2024\/03\/11\/rekolekcje-dla-dzieci-04-03-2024r\/","og_locale":"pl_PL","og_type":"article","og_title":"Rekolekcje dla dzieci 04.03.2024r. - Pako\u015b\u0107 \u2013 Kalwaria","og_description":"Okres Wielkiego Postu to czas rozmy\u015blania nad \u017cyciem i \u015bmierci\u0105, krocz\u0105c przy Panu Jezusie podczas Drogi Krzy\u017cowej. W pierwszym dniu Rekolekcji Wielkopostnych swoj\u0105 nauk\u0119 rekolekcyjn\u0105 wyg\u0142osi\u0142 gwardian i kustosz o. Walenty \u0141aga dla dzieci ze SP im. Ewarysta Estkowskiego. Dzieci rekolekcje rozpocz\u0119\u0142y Drog\u0105 Krzy\u017cow\u0105 po \u015bcie\u017ckach kalwaryjskich, nast\u0119pnie uczestniczy\u0142y we Mszy \u015awi\u0119tej w naszym ko\u015bciele, &hellip;","og_url":"https:\/\/pakosc-kalwaria.franciszkanie.net\/index.php\/2024\/03\/11\/rekolekcje-dla-dzieci-04-03-2024r\/","og_site_name":"Pako\u015b\u0107 \u2013 Kalwaria","article_author":"https:\/\/www.facebook.com\/KalwariaPakosc\/","article_published_time":"2024-03-11T09:45:18+00:00","og_image":[{"width":750,"height":563,"url":"http:\/\/pakosc-kalwaria.franciszkanie.net\/wp-content\/uploads\/2024\/03\/431129760_370387065816884_2079669150238364347_n-1.jpg","type":"image\/jpeg"}],"twitter_card":"summary","twitter_misc":{"Napisane przez":"pakosc-kalwaria","Szacowany czas czytania":"1 minuta"},"schema":{"@context":"https:\/\/schema.org","@graph":[{"@type":"WebSite","@id":"https:\/\/pakosc-kalwaria.franciszkanie.net\/#website","url":"https:\/\/pakosc-kalwaria.franciszkanie.net\/","name":"Pako\u015b\u0107 \u2013 Kalwaria","description":"Parafia Rzymsko \u2013 Katolicka p.w. Pana Jezusa Ukrzy\u017cowanego i  Matki Bo\u017cej Bolesnej ul. Barci\u0144ska 60, 88\u2013170 Pako\u015b\u0107 \u2013 Kalwaria","potentialAction":[{"@type":"SearchAction","target":{"@type":"EntryPoint","urlTemplate":"https:\/\/pakosc-kalwaria.franciszkanie.net\/?s={search_term_string}"},"query-input":"required name=search_term_string"}],"inLanguage":"pl-PL"},{"@type":"ImageObject","@id":"https:\/\/pakosc-kalwaria.franciszkanie.net\/index.php\/2024\/03\/11\/rekolekcje-dla-dzieci-04-03-2024r\/#primaryimage","inLanguage":"pl-PL","url":"https:\/\/pakosc-kalwaria.franciszkanie.net\/wp-content\/uploads\/2024\/03\/431129760_370387065816884_2079669150238364347_n-1.jpg","contentUrl":"https:\/\/pakosc-kalwaria.franciszkanie.net\/wp-content\/uploads\/2024\/03\/431129760_370387065816884_2079669150238364347_n-1.jpg","width":750,"height":563},{"@type":"WebPage","@id":"https:\/\/pakosc-kalwaria.franciszkanie.net\/index.php\/2024\/03\/11\/rekolekcje-dla-dzieci-04-03-2024r\/#webpage","url":"https:\/\/pakosc-kalwaria.franciszkanie.net\/index.php\/2024\/03\/11\/rekolekcje-dla-dzieci-04-03-2024r\/","name":"Rekolekcje dla dzieci 04.03.2024r. - Pako\u015b\u0107 \u2013 Kalwaria","isPartOf":{"@id":"https:\/\/pakosc-kalwaria.franciszkanie.net\/#website"},"primaryImageOfPage":{"@id":"https:\/\/pakosc-kalwaria.franciszkanie.net\/index.php\/2024\/03\/11\/rekolekcje-dla-dzieci-04-03-2024r\/#primaryimage"},"datePublished":"2024-03-11T09:45:18+00:00","dateModified":"2024-03-11T09:45:18+00:00","author":{"@id":"https:\/\/pakosc-kalwaria.franciszkanie.net\/#\/schema\/person\/af10b943be0760709227d060eadcb2aa"},"breadcrumb":{"@id":"https:\/\/pakosc-kalwaria.franciszkanie.net\/index.php\/2024\/03\/11\/rekolekcje-dla-dzieci-04-03-2024r\/#breadcrumb"},"inLanguage":"pl-PL","potentialAction":[{"@type":"ReadAction","target":["https:\/\/pakosc-kalwaria.franciszkanie.net\/index.php\/2024\/03\/11\/rekolekcje-dla-dzieci-04-03-2024r\/"]}]},{"@type":"BreadcrumbList","@id":"https:\/\/pakosc-kalwaria.franciszkanie.net\/index.php\/2024\/03\/11\/rekolekcje-dla-dzieci-04-03-2024r\/#breadcrumb","itemListElement":[{"@type":"ListItem","position":1,"name":"Strona g\u0142\u00f3wna","item":"https:\/\/pakosc-kalwaria.franciszkanie.net\/"},{"@type":"ListItem","position":2,"name":"Rekolekcje dla dzieci 04.03.2024r."}]},{"@type":"Person","@id":"https:\/\/pakosc-kalwaria.franciszkanie.net\/#\/schema\/person\/af10b943be0760709227d060eadcb2aa","name":"pakosc-kalwaria","image":{"@type":"ImageObject","@id":"https:\/\/pakosc-kalwaria.franciszkanie.net\/#personlogo","inLanguage":"pl-PL","url":"https:\/\/secure.gravatar.com\/avatar\/e7049d338b55eac6a0027ff3218b8d02?s=96&d=mm&r=g","contentUrl":"https:\/\/secure.gravatar.com\/avatar\/e7049d338b55eac6a0027ff3218b8d02?s=96&d=mm&r=g","caption":"pakosc-kalwaria"},"sameAs":["https:\/\/www.facebook.com\/KalwariaPakosc\/"],"url":"https:\/\/pakosc-kalwaria.franciszkanie.net\/index.php\/author\/pakosc-kalwaria\/"}]}},"_links":{"self":[{"href":"https:\/\/pakosc-kalwaria.franciszkanie.net\/index.php\/wp-json\/wp\/v2\/posts\/32617"}],"collection":[{"href":"https:\/\/pakosc-kalwaria.franciszkanie.net\/index.php\/wp-json\/wp\/v2\/posts"}],"about":[{"href":"https:\/\/pakosc-kalwaria.franciszkanie.net\/index.php\/wp-json\/wp\/v2\/types\/post"}],"author":[{"embeddable":true,"href":"https:\/\/pakosc-kalwaria.franciszkanie.net\/index.php\/wp-json\/wp\/v2\/users\/2"}],"replies":[{"embeddable":true,"href":"https:\/\/pakosc-kalwaria.franciszkanie.net\/index.php\/wp-json\/wp\/v2\/comments?post=32617"}],"version-history":[{"count":1,"href":"https:\/\/pakosc-kalwaria.franciszkanie.net\/index.php\/wp-json\/wp\/v2\/posts\/32617\/revisions"}],"predecessor-version":[{"id":32625,"href":"https:\/\/pakosc-kalwaria.franciszkanie.net\/index.php\/wp-json\/wp\/v2\/posts\/32617\/revisions\/32625"}],"wp:featuredmedia":[{"embeddable":true,"href":"https:\/\/pakosc-kalwaria.franciszkanie.net\/index.php\/wp-json\/wp\/v2\/media\/32618"}],"wp:attachment":[{"href":"https:\/\/pakosc-kalwaria.franciszkanie.net\/index.php\/wp-json\/wp\/v2\/media?parent=32617"}],"wp:term":[{"taxonomy":"category","embeddable":true,"href":"https:\/\/pakosc-kalwaria.franciszkanie.net\/index.php\/wp-json\/wp\/v2\/categories?post=32617"},{"taxonomy":"post_tag","embeddable":true,"href":"https:\/\/pakosc-kalwaria.franciszkanie.net\/index.php\/wp-json\/wp\/v2\/tags?post=32617"}],"curies":[{"name":"wp","href":"https:\/\/api.w.org\/{rel}","templated":true}]}}