{"id":33434,"date":"2024-04-20T22:29:27","date_gmt":"2024-04-20T20:29:27","guid":{"rendered":"https:\/\/pakosc-kalwaria.franciszkanie.net\/?p=33434"},"modified":"2024-04-20T22:29:27","modified_gmt":"2024-04-20T20:29:27","slug":"list-prymasa-polski-do-wiernych-z-okazji-61-swiatowego-dnia-modlitwy-o-powolania-niedziela-dobrego-pasterza","status":"publish","type":"post","link":"https:\/\/pakosc-kalwaria.franciszkanie.net\/index.php\/2024\/04\/20\/list-prymasa-polski-do-wiernych-z-okazji-61-swiatowego-dnia-modlitwy-o-powolania-niedziela-dobrego-pasterza\/","title":{"rendered":"List Prymasa Polski do wiernych z okazji 61. \u015awiatowego Dnia Modlitwy o Powo\u0142ania &#8211; Niedziela Dobrego Pasterza"},"content":{"rendered":"<p><img loading=\"lazy\" class=\"alignleft size-full wp-image-33435\" src=\"http:\/\/pakosc-kalwaria.franciszkanie.net\/wp-content\/uploads\/2024\/04\/List-Niedziela-Dobrego-Pasterza-20241-scaled.jpg\" alt=\"\" width=\"1809\" height=\"2560\" srcset=\"https:\/\/pakosc-kalwaria.franciszkanie.net\/wp-content\/uploads\/2024\/04\/List-Niedziela-Dobrego-Pasterza-20241-scaled.jpg 1809w, https:\/\/pakosc-kalwaria.franciszkanie.net\/wp-content\/uploads\/2024\/04\/List-Niedziela-Dobrego-Pasterza-20241-212x300.jpg 212w, https:\/\/pakosc-kalwaria.franciszkanie.net\/wp-content\/uploads\/2024\/04\/List-Niedziela-Dobrego-Pasterza-20241-724x1024.jpg 724w, https:\/\/pakosc-kalwaria.franciszkanie.net\/wp-content\/uploads\/2024\/04\/List-Niedziela-Dobrego-Pasterza-20241-768x1087.jpg 768w, https:\/\/pakosc-kalwaria.franciszkanie.net\/wp-content\/uploads\/2024\/04\/List-Niedziela-Dobrego-Pasterza-20241-1085x1536.jpg 1085w, https:\/\/pakosc-kalwaria.franciszkanie.net\/wp-content\/uploads\/2024\/04\/List-Niedziela-Dobrego-Pasterza-20241-1447x2048.jpg 1447w\" sizes=\"(max-width: 1809px) 100vw, 1809px\" \/> <img loading=\"lazy\" class=\"alignleft size-full wp-image-33436\" src=\"http:\/\/pakosc-kalwaria.franciszkanie.net\/wp-content\/uploads\/2024\/04\/List-Niedziela-Dobrego-Pasterza-20242-scaled.jpg\" alt=\"\" width=\"1809\" height=\"2560\" srcset=\"https:\/\/pakosc-kalwaria.franciszkanie.net\/wp-content\/uploads\/2024\/04\/List-Niedziela-Dobrego-Pasterza-20242-scaled.jpg 1809w, https:\/\/pakosc-kalwaria.franciszkanie.net\/wp-content\/uploads\/2024\/04\/List-Niedziela-Dobrego-Pasterza-20242-212x300.jpg 212w, https:\/\/pakosc-kalwaria.franciszkanie.net\/wp-content\/uploads\/2024\/04\/List-Niedziela-Dobrego-Pasterza-20242-724x1024.jpg 724w, https:\/\/pakosc-kalwaria.franciszkanie.net\/wp-content\/uploads\/2024\/04\/List-Niedziela-Dobrego-Pasterza-20242-768x1087.jpg 768w, https:\/\/pakosc-kalwaria.franciszkanie.net\/wp-content\/uploads\/2024\/04\/List-Niedziela-Dobrego-Pasterza-20242-1085x1536.jpg 1085w, https:\/\/pakosc-kalwaria.franciszkanie.net\/wp-content\/uploads\/2024\/04\/List-Niedziela-Dobrego-Pasterza-20242-1447x2048.jpg 1447w\" sizes=\"(max-width: 1809px) 100vw, 1809px\" \/> <img loading=\"lazy\" class=\"alignleft size-full wp-image-33437\" src=\"http:\/\/pakosc-kalwaria.franciszkanie.net\/wp-content\/uploads\/2024\/04\/List-Niedziela-Dobrego-Pasterza-20243-scaled.jpg\" alt=\"\" width=\"1809\" height=\"2560\" srcset=\"https:\/\/pakosc-kalwaria.franciszkanie.net\/wp-content\/uploads\/2024\/04\/List-Niedziela-Dobrego-Pasterza-20243-scaled.jpg 1809w, https:\/\/pakosc-kalwaria.franciszkanie.net\/wp-content\/uploads\/2024\/04\/List-Niedziela-Dobrego-Pasterza-20243-212x300.jpg 212w, https:\/\/pakosc-kalwaria.franciszkanie.net\/wp-content\/uploads\/2024\/04\/List-Niedziela-Dobrego-Pasterza-20243-724x1024.jpg 724w, https:\/\/pakosc-kalwaria.franciszkanie.net\/wp-content\/uploads\/2024\/04\/List-Niedziela-Dobrego-Pasterza-20243-768x1087.jpg 768w, https:\/\/pakosc-kalwaria.franciszkanie.net\/wp-content\/uploads\/2024\/04\/List-Niedziela-Dobrego-Pasterza-20243-1085x1536.jpg 1085w, https:\/\/pakosc-kalwaria.franciszkanie.net\/wp-content\/uploads\/2024\/04\/List-Niedziela-Dobrego-Pasterza-20243-1447x2048.jpg 1447w\" sizes=\"(max-width: 1809px) 100vw, 1809px\" \/><\/p>\n","protected":false},"excerpt":{"rendered":"","protected":false},"author":2,"featured_media":33435,"comment_status":"closed","ping_status":"closed","sticky":false,"template":"","format":"standard","meta":{"_mi_skip_tracking":false,"_exactmetrics_sitenote_active":false,"_exactmetrics_sitenote_note":"","_exactmetrics_sitenote_category":0},"categories":[7],"tags":[],"yoast_head":"<!-- This site is optimized with the Yoast SEO plugin v18.1 - https:\/\/yoast.com\/wordpress\/plugins\/seo\/ -->\n<title>List Prymasa Polski do wiernych z okazji 61. \u015awiatowego Dnia Modlitwy o Powo\u0142ania - Niedziela Dobrego Pasterza - Pako\u015b\u0107 \u2013 Kalwaria<\/title>\n<meta name=\"robots\" content=\"index, follow, max-snippet:-1, max-image-preview:large, max-video-preview:-1\" \/>\n<link rel=\"canonical\" href=\"https:\/\/pakosc-kalwaria.franciszkanie.net\/index.php\/2024\/04\/20\/list-prymasa-polski-do-wiernych-z-okazji-61-swiatowego-dnia-modlitwy-o-powolania-niedziela-dobrego-pasterza\/\" \/>\n<meta property=\"og:locale\" content=\"pl_PL\" \/>\n<meta property=\"og:type\" content=\"article\" \/>\n<meta property=\"og:title\" content=\"List Prymasa Polski do wiernych z okazji 61. \u015awiatowego Dnia Modlitwy o Powo\u0142ania - Niedziela Dobrego Pasterza - Pako\u015b\u0107 \u2013 Kalwaria\" \/>\n<meta property=\"og:url\" content=\"https:\/\/pakosc-kalwaria.franciszkanie.net\/index.php\/2024\/04\/20\/list-prymasa-polski-do-wiernych-z-okazji-61-swiatowego-dnia-modlitwy-o-powolania-niedziela-dobrego-pasterza\/\" \/>\n<meta property=\"og:site_name\" content=\"Pako\u015b\u0107 \u2013 Kalwaria\" \/>\n<meta property=\"article:author\" content=\"https:\/\/www.facebook.com\/KalwariaPakosc\/\" \/>\n<meta property=\"article:published_time\" content=\"2024-04-20T20:29:27+00:00\" \/>\n<meta property=\"og:image\" content=\"http:\/\/pakosc-kalwaria.franciszkanie.net\/wp-content\/uploads\/2024\/04\/List-Niedziela-Dobrego-Pasterza-20241-scaled.jpg\" \/>\n\t<meta property=\"og:image:width\" content=\"1809\" \/>\n\t<meta property=\"og:image:height\" content=\"2560\" \/>\n\t<meta property=\"og:image:type\" content=\"image\/jpeg\" \/>\n<meta name=\"twitter:card\" content=\"summary\" \/>\n<meta name=\"twitter:label1\" content=\"Napisane przez\" \/>\n\t<meta name=\"twitter:data1\" content=\"pakosc-kalwaria\" \/>\n\t<meta name=\"twitter:label2\" content=\"Szacowany czas czytania\" \/>\n\t<meta name=\"twitter:data2\" content=\"1 minuta\" \/>\n<script type=\"application\/ld+json\" class=\"yoast-schema-graph\">{\"@context\":\"https:\/\/schema.org\",\"@graph\":[{\"@type\":\"WebSite\",\"@id\":\"https:\/\/pakosc-kalwaria.franciszkanie.net\/#website\",\"url\":\"https:\/\/pakosc-kalwaria.franciszkanie.net\/\",\"name\":\"Pako\u015b\u0107 \u2013 Kalwaria\",\"description\":\"Parafia Rzymsko \u2013 Katolicka p.w. Pana Jezusa Ukrzy\u017cowanego i  Matki Bo\u017cej Bolesnej ul. Barci\u0144ska 60, 88\u2013170 Pako\u015b\u0107 \u2013 Kalwaria\",\"potentialAction\":[{\"@type\":\"SearchAction\",\"target\":{\"@type\":\"EntryPoint\",\"urlTemplate\":\"https:\/\/pakosc-kalwaria.franciszkanie.net\/?s={search_term_string}\"},\"query-input\":\"required name=search_term_string\"}],\"inLanguage\":\"pl-PL\"},{\"@type\":\"ImageObject\",\"@id\":\"https:\/\/pakosc-kalwaria.franciszkanie.net\/index.php\/2024\/04\/20\/list-prymasa-polski-do-wiernych-z-okazji-61-swiatowego-dnia-modlitwy-o-powolania-niedziela-dobrego-pasterza\/#primaryimage\",\"inLanguage\":\"pl-PL\",\"url\":\"https:\/\/pakosc-kalwaria.franciszkanie.net\/wp-content\/uploads\/2024\/04\/List-Niedziela-Dobrego-Pasterza-20241-scaled.jpg\",\"contentUrl\":\"https:\/\/pakosc-kalwaria.franciszkanie.net\/wp-content\/uploads\/2024\/04\/List-Niedziela-Dobrego-Pasterza-20241-scaled.jpg\",\"width\":1809,\"height\":2560},{\"@type\":\"WebPage\",\"@id\":\"https:\/\/pakosc-kalwaria.franciszkanie.net\/index.php\/2024\/04\/20\/list-prymasa-polski-do-wiernych-z-okazji-61-swiatowego-dnia-modlitwy-o-powolania-niedziela-dobrego-pasterza\/#webpage\",\"url\":\"https:\/\/pakosc-kalwaria.franciszkanie.net\/index.php\/2024\/04\/20\/list-prymasa-polski-do-wiernych-z-okazji-61-swiatowego-dnia-modlitwy-o-powolania-niedziela-dobrego-pasterza\/\",\"name\":\"List Prymasa Polski do wiernych z okazji 61. \u015awiatowego Dnia Modlitwy o Powo\u0142ania - Niedziela Dobrego Pasterza - Pako\u015b\u0107 \u2013 Kalwaria\",\"isPartOf\":{\"@id\":\"https:\/\/pakosc-kalwaria.franciszkanie.net\/#website\"},\"primaryImageOfPage\":{\"@id\":\"https:\/\/pakosc-kalwaria.franciszkanie.net\/index.php\/2024\/04\/20\/list-prymasa-polski-do-wiernych-z-okazji-61-swiatowego-dnia-modlitwy-o-powolania-niedziela-dobrego-pasterza\/#primaryimage\"},\"datePublished\":\"2024-04-20T20:29:27+00:00\",\"dateModified\":\"2024-04-20T20:29:27+00:00\",\"author\":{\"@id\":\"https:\/\/pakosc-kalwaria.franciszkanie.net\/#\/schema\/person\/af10b943be0760709227d060eadcb2aa\"},\"breadcrumb\":{\"@id\":\"https:\/\/pakosc-kalwaria.franciszkanie.net\/index.php\/2024\/04\/20\/list-prymasa-polski-do-wiernych-z-okazji-61-swiatowego-dnia-modlitwy-o-powolania-niedziela-dobrego-pasterza\/#breadcrumb\"},\"inLanguage\":\"pl-PL\",\"potentialAction\":[{\"@type\":\"ReadAction\",\"target\":[\"https:\/\/pakosc-kalwaria.franciszkanie.net\/index.php\/2024\/04\/20\/list-prymasa-polski-do-wiernych-z-okazji-61-swiatowego-dnia-modlitwy-o-powolania-niedziela-dobrego-pasterza\/\"]}]},{\"@type\":\"BreadcrumbList\",\"@id\":\"https:\/\/pakosc-kalwaria.franciszkanie.net\/index.php\/2024\/04\/20\/list-prymasa-polski-do-wiernych-z-okazji-61-swiatowego-dnia-modlitwy-o-powolania-niedziela-dobrego-pasterza\/#breadcrumb\",\"itemListElement\":[{\"@type\":\"ListItem\",\"position\":1,\"name\":\"Strona g\u0142\u00f3wna\",\"item\":\"https:\/\/pakosc-kalwaria.franciszkanie.net\/\"},{\"@type\":\"ListItem\",\"position\":2,\"name\":\"List Prymasa Polski do wiernych z okazji 61. \u015awiatowego Dnia Modlitwy o Powo\u0142ania &#8211; Niedziela Dobrego Pasterza\"}]},{\"@type\":\"Person\",\"@id\":\"https:\/\/pakosc-kalwaria.franciszkanie.net\/#\/schema\/person\/af10b943be0760709227d060eadcb2aa\",\"name\":\"pakosc-kalwaria\",\"image\":{\"@type\":\"ImageObject\",\"@id\":\"https:\/\/pakosc-kalwaria.franciszkanie.net\/#personlogo\",\"inLanguage\":\"pl-PL\",\"url\":\"https:\/\/secure.gravatar.com\/avatar\/e7049d338b55eac6a0027ff3218b8d02?s=96&d=mm&r=g\",\"contentUrl\":\"https:\/\/secure.gravatar.com\/avatar\/e7049d338b55eac6a0027ff3218b8d02?s=96&d=mm&r=g\",\"caption\":\"pakosc-kalwaria\"},\"sameAs\":[\"https:\/\/www.facebook.com\/KalwariaPakosc\/\"],\"url\":\"https:\/\/pakosc-kalwaria.franciszkanie.net\/index.php\/author\/pakosc-kalwaria\/\"}]}<\/script>\n<!-- \/ Yoast SEO plugin. -->","yoast_head_json":{"title":"List Prymasa Polski do wiernych z okazji 61. \u015awiatowego Dnia Modlitwy o Powo\u0142ania - Niedziela Dobrego Pasterza - Pako\u015b\u0107 \u2013 Kalwaria","robots":{"index":"index","follow":"follow","max-snippet":"max-snippet:-1","max-image-preview":"max-image-preview:large","max-video-preview":"max-video-preview:-1"},"canonical":"https:\/\/pakosc-kalwaria.franciszkanie.net\/index.php\/2024\/04\/20\/list-prymasa-polski-do-wiernych-z-okazji-61-swiatowego-dnia-modlitwy-o-powolania-niedziela-dobrego-pasterza\/","og_locale":"pl_PL","og_type":"article","og_title":"List Prymasa Polski do wiernych z okazji 61. \u015awiatowego Dnia Modlitwy o Powo\u0142ania - Niedziela Dobrego Pasterza - Pako\u015b\u0107 \u2013 Kalwaria","og_url":"https:\/\/pakosc-kalwaria.franciszkanie.net\/index.php\/2024\/04\/20\/list-prymasa-polski-do-wiernych-z-okazji-61-swiatowego-dnia-modlitwy-o-powolania-niedziela-dobrego-pasterza\/","og_site_name":"Pako\u015b\u0107 \u2013 Kalwaria","article_author":"https:\/\/www.facebook.com\/KalwariaPakosc\/","article_published_time":"2024-04-20T20:29:27+00:00","og_image":[{"width":1809,"height":2560,"url":"http:\/\/pakosc-kalwaria.franciszkanie.net\/wp-content\/uploads\/2024\/04\/List-Niedziela-Dobrego-Pasterza-20241-scaled.jpg","type":"image\/jpeg"}],"twitter_card":"summary","twitter_misc":{"Napisane przez":"pakosc-kalwaria","Szacowany czas czytania":"1 minuta"},"schema":{"@context":"https:\/\/schema.org","@graph":[{"@type":"WebSite","@id":"https:\/\/pakosc-kalwaria.franciszkanie.net\/#website","url":"https:\/\/pakosc-kalwaria.franciszkanie.net\/","name":"Pako\u015b\u0107 \u2013 Kalwaria","description":"Parafia Rzymsko \u2013 Katolicka p.w. Pana Jezusa Ukrzy\u017cowanego i  Matki Bo\u017cej Bolesnej ul. Barci\u0144ska 60, 88\u2013170 Pako\u015b\u0107 \u2013 Kalwaria","potentialAction":[{"@type":"SearchAction","target":{"@type":"EntryPoint","urlTemplate":"https:\/\/pakosc-kalwaria.franciszkanie.net\/?s={search_term_string}"},"query-input":"required name=search_term_string"}],"inLanguage":"pl-PL"},{"@type":"ImageObject","@id":"https:\/\/pakosc-kalwaria.franciszkanie.net\/index.php\/2024\/04\/20\/list-prymasa-polski-do-wiernych-z-okazji-61-swiatowego-dnia-modlitwy-o-powolania-niedziela-dobrego-pasterza\/#primaryimage","inLanguage":"pl-PL","url":"https:\/\/pakosc-kalwaria.franciszkanie.net\/wp-content\/uploads\/2024\/04\/List-Niedziela-Dobrego-Pasterza-20241-scaled.jpg","contentUrl":"https:\/\/pakosc-kalwaria.franciszkanie.net\/wp-content\/uploads\/2024\/04\/List-Niedziela-Dobrego-Pasterza-20241-scaled.jpg","width":1809,"height":2560},{"@type":"WebPage","@id":"https:\/\/pakosc-kalwaria.franciszkanie.net\/index.php\/2024\/04\/20\/list-prymasa-polski-do-wiernych-z-okazji-61-swiatowego-dnia-modlitwy-o-powolania-niedziela-dobrego-pasterza\/#webpage","url":"https:\/\/pakosc-kalwaria.franciszkanie.net\/index.php\/2024\/04\/20\/list-prymasa-polski-do-wiernych-z-okazji-61-swiatowego-dnia-modlitwy-o-powolania-niedziela-dobrego-pasterza\/","name":"List Prymasa Polski do wiernych z okazji 61. \u015awiatowego Dnia Modlitwy o Powo\u0142ania - Niedziela Dobrego Pasterza - Pako\u015b\u0107 \u2013 Kalwaria","isPartOf":{"@id":"https:\/\/pakosc-kalwaria.franciszkanie.net\/#website"},"primaryImageOfPage":{"@id":"https:\/\/pakosc-kalwaria.franciszkanie.net\/index.php\/2024\/04\/20\/list-prymasa-polski-do-wiernych-z-okazji-61-swiatowego-dnia-modlitwy-o-powolania-niedziela-dobrego-pasterza\/#primaryimage"},"datePublished":"2024-04-20T20:29:27+00:00","dateModified":"2024-04-20T20:29:27+00:00","author":{"@id":"https:\/\/pakosc-kalwaria.franciszkanie.net\/#\/schema\/person\/af10b943be0760709227d060eadcb2aa"},"breadcrumb":{"@id":"https:\/\/pakosc-kalwaria.franciszkanie.net\/index.php\/2024\/04\/20\/list-prymasa-polski-do-wiernych-z-okazji-61-swiatowego-dnia-modlitwy-o-powolania-niedziela-dobrego-pasterza\/#breadcrumb"},"inLanguage":"pl-PL","potentialAction":[{"@type":"ReadAction","target":["https:\/\/pakosc-kalwaria.franciszkanie.net\/index.php\/2024\/04\/20\/list-prymasa-polski-do-wiernych-z-okazji-61-swiatowego-dnia-modlitwy-o-powolania-niedziela-dobrego-pasterza\/"]}]},{"@type":"BreadcrumbList","@id":"https:\/\/pakosc-kalwaria.franciszkanie.net\/index.php\/2024\/04\/20\/list-prymasa-polski-do-wiernych-z-okazji-61-swiatowego-dnia-modlitwy-o-powolania-niedziela-dobrego-pasterza\/#breadcrumb","itemListElement":[{"@type":"ListItem","position":1,"name":"Strona g\u0142\u00f3wna","item":"https:\/\/pakosc-kalwaria.franciszkanie.net\/"},{"@type":"ListItem","position":2,"name":"List Prymasa Polski do wiernych z okazji 61. \u015awiatowego Dnia Modlitwy o Powo\u0142ania &#8211; Niedziela Dobrego Pasterza"}]},{"@type":"Person","@id":"https:\/\/pakosc-kalwaria.franciszkanie.net\/#\/schema\/person\/af10b943be0760709227d060eadcb2aa","name":"pakosc-kalwaria","image":{"@type":"ImageObject","@id":"https:\/\/pakosc-kalwaria.franciszkanie.net\/#personlogo","inLanguage":"pl-PL","url":"https:\/\/secure.gravatar.com\/avatar\/e7049d338b55eac6a0027ff3218b8d02?s=96&d=mm&r=g","contentUrl":"https:\/\/secure.gravatar.com\/avatar\/e7049d338b55eac6a0027ff3218b8d02?s=96&d=mm&r=g","caption":"pakosc-kalwaria"},"sameAs":["https:\/\/www.facebook.com\/KalwariaPakosc\/"],"url":"https:\/\/pakosc-kalwaria.franciszkanie.net\/index.php\/author\/pakosc-kalwaria\/"}]}},"_links":{"self":[{"href":"https:\/\/pakosc-kalwaria.franciszkanie.net\/index.php\/wp-json\/wp\/v2\/posts\/33434"}],"collection":[{"href":"https:\/\/pakosc-kalwaria.franciszkanie.net\/index.php\/wp-json\/wp\/v2\/posts"}],"about":[{"href":"https:\/\/pakosc-kalwaria.franciszkanie.net\/index.php\/wp-json\/wp\/v2\/types\/post"}],"author":[{"embeddable":true,"href":"https:\/\/pakosc-kalwaria.franciszkanie.net\/index.php\/wp-json\/wp\/v2\/users\/2"}],"replies":[{"embeddable":true,"href":"https:\/\/pakosc-kalwaria.franciszkanie.net\/index.php\/wp-json\/wp\/v2\/comments?post=33434"}],"version-history":[{"count":1,"href":"https:\/\/pakosc-kalwaria.franciszkanie.net\/index.php\/wp-json\/wp\/v2\/posts\/33434\/revisions"}],"predecessor-version":[{"id":33438,"href":"https:\/\/pakosc-kalwaria.franciszkanie.net\/index.php\/wp-json\/wp\/v2\/posts\/33434\/revisions\/33438"}],"wp:featuredmedia":[{"embeddable":true,"href":"https:\/\/pakosc-kalwaria.franciszkanie.net\/index.php\/wp-json\/wp\/v2\/media\/33435"}],"wp:attachment":[{"href":"https:\/\/pakosc-kalwaria.franciszkanie.net\/index.php\/wp-json\/wp\/v2\/media?parent=33434"}],"wp:term":[{"taxonomy":"category","embeddable":true,"href":"https:\/\/pakosc-kalwaria.franciszkanie.net\/index.php\/wp-json\/wp\/v2\/categories?post=33434"},{"taxonomy":"post_tag","embeddable":true,"href":"https:\/\/pakosc-kalwaria.franciszkanie.net\/index.php\/wp-json\/wp\/v2\/tags?post=33434"}],"curies":[{"name":"wp","href":"https:\/\/api.w.org\/{rel}","templated":true}]}}