{"id":33498,"date":"2024-04-29T14:18:42","date_gmt":"2024-04-29T12:18:42","guid":{"rendered":"https:\/\/pakosc-kalwaria.franciszkanie.net\/?p=33498"},"modified":"2024-04-29T14:18:42","modified_gmt":"2024-04-29T12:18:42","slug":"poswiecenie-obrazu-sw-wojciecha","status":"publish","type":"post","link":"https:\/\/pakosc-kalwaria.franciszkanie.net\/index.php\/2024\/04\/29\/poswiecenie-obrazu-sw-wojciecha\/","title":{"rendered":"PO\u015aWI\u0118CENIE OBRAZU \u015aW. WOJCIECHA"},"content":{"rendered":"<div dir=\"auto\">We wtorek 23 kwietnia w Uroczysto\u015b\u0107 \u015bw. Wojciecha, podczas Mszy \u015bw. nast\u0105pi\u0142o uroczyste po\u015bwi\u0119cenie obrazu \u015bw. Wojciecha, kt\u00f3re ma swoje honorowe miejsce w Cafe Francesco. Po Mszy \u015bw. wszyscy uczestnicz\u0105cy w Eucharystii zostali zaproszeni przez Towarzystwo \u015aw. Wojciecha na s\u0142odki pocz\u0119stunek do kawiarni pielgrzyma.<\/div>\n<div dir=\"auto\">Oddaj\u0105c publicznie cze\u015b\u0107 obrazom \u015awi\u0119tych, Ko\u015bci\u00f3\u0142 nasza matka pragnie przede wszystkim, aby\u015bmy spogl\u0105daj\u0105c na wizerunki \u015awi\u0119tych doskonale na\u015bladowali Chrystusa. \u015awi\u0119ci s\u0105 naszymi bra\u0107mi i siostrami, kt\u00f3rzy nas mi\u0142uj\u0105 i dobrze nam czyni\u0105, \u015bpiesz\u0105 nam z pomoc\u0105 i troskliwie za nami or\u0119duj\u0105.<\/div>\n<p><img loading=\"lazy\" class=\"alignleft size-full wp-image-33500\" src=\"http:\/\/pakosc-kalwaria.franciszkanie.net\/wp-content\/uploads\/2024\/04\/439973423_399618062893784_4636713325128681054_n.jpg\" alt=\"\" width=\"2000\" height=\"900\" srcset=\"https:\/\/pakosc-kalwaria.franciszkanie.net\/wp-content\/uploads\/2024\/04\/439973423_399618062893784_4636713325128681054_n.jpg 2000w, https:\/\/pakosc-kalwaria.franciszkanie.net\/wp-content\/uploads\/2024\/04\/439973423_399618062893784_4636713325128681054_n-300x135.jpg 300w, https:\/\/pakosc-kalwaria.franciszkanie.net\/wp-content\/uploads\/2024\/04\/439973423_399618062893784_4636713325128681054_n-1024x461.jpg 1024w, https:\/\/pakosc-kalwaria.franciszkanie.net\/wp-content\/uploads\/2024\/04\/439973423_399618062893784_4636713325128681054_n-768x346.jpg 768w, https:\/\/pakosc-kalwaria.franciszkanie.net\/wp-content\/uploads\/2024\/04\/439973423_399618062893784_4636713325128681054_n-1536x691.jpg 1536w\" sizes=\"(max-width: 2000px) 100vw, 2000px\" \/><\/p>\n<p><img loading=\"lazy\" class=\"alignleft size-full wp-image-33499\" src=\"http:\/\/pakosc-kalwaria.franciszkanie.net\/wp-content\/uploads\/2024\/04\/439619277_399618092893781_6256491389475270833_n.jpg\" alt=\"\" width=\"900\" height=\"2000\" srcset=\"https:\/\/pakosc-kalwaria.franciszkanie.net\/wp-content\/uploads\/2024\/04\/439619277_399618092893781_6256491389475270833_n.jpg 900w, https:\/\/pakosc-kalwaria.franciszkanie.net\/wp-content\/uploads\/2024\/04\/439619277_399618092893781_6256491389475270833_n-135x300.jpg 135w, https:\/\/pakosc-kalwaria.franciszkanie.net\/wp-content\/uploads\/2024\/04\/439619277_399618092893781_6256491389475270833_n-461x1024.jpg 461w, https:\/\/pakosc-kalwaria.franciszkanie.net\/wp-content\/uploads\/2024\/04\/439619277_399618092893781_6256491389475270833_n-768x1707.jpg 768w, https:\/\/pakosc-kalwaria.franciszkanie.net\/wp-content\/uploads\/2024\/04\/439619277_399618092893781_6256491389475270833_n-691x1536.jpg 691w\" sizes=\"(max-width: 900px) 100vw, 900px\" \/><\/p>\n<p>&nbsp;<\/p>\n<p>&nbsp;<\/p>\n","protected":false},"excerpt":{"rendered":"<p>We wtorek 23 kwietnia w Uroczysto\u015b\u0107 \u015bw. Wojciecha, podczas Mszy \u015bw. nast\u0105pi\u0142o uroczyste po\u015bwi\u0119cenie obrazu \u015bw. Wojciecha, kt\u00f3re ma swoje honorowe miejsce w Cafe Francesco. Po Mszy \u015bw. wszyscy uczestnicz\u0105cy w Eucharystii zostali zaproszeni przez Towarzystwo \u015aw. Wojciecha na s\u0142odki pocz\u0119stunek do kawiarni pielgrzyma. Oddaj\u0105c publicznie cze\u015b\u0107 obrazom \u015awi\u0119tych, Ko\u015bci\u00f3\u0142 nasza matka pragnie przede wszystkim, &hellip;<\/p>\n","protected":false},"author":2,"featured_media":33499,"comment_status":"closed","ping_status":"closed","sticky":false,"template":"","format":"standard","meta":{"_mi_skip_tracking":false,"_exactmetrics_sitenote_active":false,"_exactmetrics_sitenote_note":"","_exactmetrics_sitenote_category":0},"categories":[1],"tags":[],"yoast_head":"<!-- This site is optimized with the Yoast SEO plugin v18.1 - https:\/\/yoast.com\/wordpress\/plugins\/seo\/ -->\n<title>PO\u015aWI\u0118CENIE OBRAZU \u015aW. WOJCIECHA - Pako\u015b\u0107 \u2013 Kalwaria<\/title>\n<meta name=\"robots\" content=\"index, follow, max-snippet:-1, max-image-preview:large, max-video-preview:-1\" \/>\n<link rel=\"canonical\" href=\"https:\/\/pakosc-kalwaria.franciszkanie.net\/index.php\/2024\/04\/29\/poswiecenie-obrazu-sw-wojciecha\/\" \/>\n<meta property=\"og:locale\" content=\"pl_PL\" \/>\n<meta property=\"og:type\" content=\"article\" \/>\n<meta property=\"og:title\" content=\"PO\u015aWI\u0118CENIE OBRAZU \u015aW. WOJCIECHA - Pako\u015b\u0107 \u2013 Kalwaria\" \/>\n<meta property=\"og:description\" content=\"We wtorek 23 kwietnia w Uroczysto\u015b\u0107 \u015bw. Wojciecha, podczas Mszy \u015bw. nast\u0105pi\u0142o uroczyste po\u015bwi\u0119cenie obrazu \u015bw. Wojciecha, kt\u00f3re ma swoje honorowe miejsce w Cafe Francesco. Po Mszy \u015bw. wszyscy uczestnicz\u0105cy w Eucharystii zostali zaproszeni przez Towarzystwo \u015aw. Wojciecha na s\u0142odki pocz\u0119stunek do kawiarni pielgrzyma. Oddaj\u0105c publicznie cze\u015b\u0107 obrazom \u015awi\u0119tych, Ko\u015bci\u00f3\u0142 nasza matka pragnie przede wszystkim, &hellip;\" \/>\n<meta property=\"og:url\" content=\"https:\/\/pakosc-kalwaria.franciszkanie.net\/index.php\/2024\/04\/29\/poswiecenie-obrazu-sw-wojciecha\/\" \/>\n<meta property=\"og:site_name\" content=\"Pako\u015b\u0107 \u2013 Kalwaria\" \/>\n<meta property=\"article:author\" content=\"https:\/\/www.facebook.com\/KalwariaPakosc\/\" \/>\n<meta property=\"article:published_time\" content=\"2024-04-29T12:18:42+00:00\" \/>\n<meta property=\"og:image\" content=\"http:\/\/pakosc-kalwaria.franciszkanie.net\/wp-content\/uploads\/2024\/04\/439619277_399618092893781_6256491389475270833_n.jpg\" \/>\n\t<meta property=\"og:image:width\" content=\"900\" \/>\n\t<meta property=\"og:image:height\" content=\"2000\" \/>\n\t<meta property=\"og:image:type\" content=\"image\/jpeg\" \/>\n<meta name=\"twitter:card\" content=\"summary\" \/>\n<meta name=\"twitter:label1\" content=\"Napisane przez\" \/>\n\t<meta name=\"twitter:data1\" content=\"pakosc-kalwaria\" \/>\n\t<meta name=\"twitter:label2\" content=\"Szacowany czas czytania\" \/>\n\t<meta name=\"twitter:data2\" content=\"1 minuta\" \/>\n<script type=\"application\/ld+json\" class=\"yoast-schema-graph\">{\"@context\":\"https:\/\/schema.org\",\"@graph\":[{\"@type\":\"WebSite\",\"@id\":\"https:\/\/pakosc-kalwaria.franciszkanie.net\/#website\",\"url\":\"https:\/\/pakosc-kalwaria.franciszkanie.net\/\",\"name\":\"Pako\u015b\u0107 \u2013 Kalwaria\",\"description\":\"Parafia Rzymsko \u2013 Katolicka p.w. Pana Jezusa Ukrzy\u017cowanego i  Matki Bo\u017cej Bolesnej ul. Barci\u0144ska 60, 88\u2013170 Pako\u015b\u0107 \u2013 Kalwaria\",\"potentialAction\":[{\"@type\":\"SearchAction\",\"target\":{\"@type\":\"EntryPoint\",\"urlTemplate\":\"https:\/\/pakosc-kalwaria.franciszkanie.net\/?s={search_term_string}\"},\"query-input\":\"required name=search_term_string\"}],\"inLanguage\":\"pl-PL\"},{\"@type\":\"ImageObject\",\"@id\":\"https:\/\/pakosc-kalwaria.franciszkanie.net\/index.php\/2024\/04\/29\/poswiecenie-obrazu-sw-wojciecha\/#primaryimage\",\"inLanguage\":\"pl-PL\",\"url\":\"https:\/\/pakosc-kalwaria.franciszkanie.net\/wp-content\/uploads\/2024\/04\/439619277_399618092893781_6256491389475270833_n.jpg\",\"contentUrl\":\"https:\/\/pakosc-kalwaria.franciszkanie.net\/wp-content\/uploads\/2024\/04\/439619277_399618092893781_6256491389475270833_n.jpg\",\"width\":900,\"height\":2000},{\"@type\":\"WebPage\",\"@id\":\"https:\/\/pakosc-kalwaria.franciszkanie.net\/index.php\/2024\/04\/29\/poswiecenie-obrazu-sw-wojciecha\/#webpage\",\"url\":\"https:\/\/pakosc-kalwaria.franciszkanie.net\/index.php\/2024\/04\/29\/poswiecenie-obrazu-sw-wojciecha\/\",\"name\":\"PO\u015aWI\u0118CENIE OBRAZU \u015aW. WOJCIECHA - Pako\u015b\u0107 \u2013 Kalwaria\",\"isPartOf\":{\"@id\":\"https:\/\/pakosc-kalwaria.franciszkanie.net\/#website\"},\"primaryImageOfPage\":{\"@id\":\"https:\/\/pakosc-kalwaria.franciszkanie.net\/index.php\/2024\/04\/29\/poswiecenie-obrazu-sw-wojciecha\/#primaryimage\"},\"datePublished\":\"2024-04-29T12:18:42+00:00\",\"dateModified\":\"2024-04-29T12:18:42+00:00\",\"author\":{\"@id\":\"https:\/\/pakosc-kalwaria.franciszkanie.net\/#\/schema\/person\/af10b943be0760709227d060eadcb2aa\"},\"breadcrumb\":{\"@id\":\"https:\/\/pakosc-kalwaria.franciszkanie.net\/index.php\/2024\/04\/29\/poswiecenie-obrazu-sw-wojciecha\/#breadcrumb\"},\"inLanguage\":\"pl-PL\",\"potentialAction\":[{\"@type\":\"ReadAction\",\"target\":[\"https:\/\/pakosc-kalwaria.franciszkanie.net\/index.php\/2024\/04\/29\/poswiecenie-obrazu-sw-wojciecha\/\"]}]},{\"@type\":\"BreadcrumbList\",\"@id\":\"https:\/\/pakosc-kalwaria.franciszkanie.net\/index.php\/2024\/04\/29\/poswiecenie-obrazu-sw-wojciecha\/#breadcrumb\",\"itemListElement\":[{\"@type\":\"ListItem\",\"position\":1,\"name\":\"Strona g\u0142\u00f3wna\",\"item\":\"https:\/\/pakosc-kalwaria.franciszkanie.net\/\"},{\"@type\":\"ListItem\",\"position\":2,\"name\":\"PO\u015aWI\u0118CENIE OBRAZU \u015aW. WOJCIECHA\"}]},{\"@type\":\"Person\",\"@id\":\"https:\/\/pakosc-kalwaria.franciszkanie.net\/#\/schema\/person\/af10b943be0760709227d060eadcb2aa\",\"name\":\"pakosc-kalwaria\",\"image\":{\"@type\":\"ImageObject\",\"@id\":\"https:\/\/pakosc-kalwaria.franciszkanie.net\/#personlogo\",\"inLanguage\":\"pl-PL\",\"url\":\"https:\/\/secure.gravatar.com\/avatar\/e7049d338b55eac6a0027ff3218b8d02?s=96&d=mm&r=g\",\"contentUrl\":\"https:\/\/secure.gravatar.com\/avatar\/e7049d338b55eac6a0027ff3218b8d02?s=96&d=mm&r=g\",\"caption\":\"pakosc-kalwaria\"},\"sameAs\":[\"https:\/\/www.facebook.com\/KalwariaPakosc\/\"],\"url\":\"https:\/\/pakosc-kalwaria.franciszkanie.net\/index.php\/author\/pakosc-kalwaria\/\"}]}<\/script>\n<!-- \/ Yoast SEO plugin. -->","yoast_head_json":{"title":"PO\u015aWI\u0118CENIE OBRAZU \u015aW. WOJCIECHA - Pako\u015b\u0107 \u2013 Kalwaria","robots":{"index":"index","follow":"follow","max-snippet":"max-snippet:-1","max-image-preview":"max-image-preview:large","max-video-preview":"max-video-preview:-1"},"canonical":"https:\/\/pakosc-kalwaria.franciszkanie.net\/index.php\/2024\/04\/29\/poswiecenie-obrazu-sw-wojciecha\/","og_locale":"pl_PL","og_type":"article","og_title":"PO\u015aWI\u0118CENIE OBRAZU \u015aW. WOJCIECHA - Pako\u015b\u0107 \u2013 Kalwaria","og_description":"We wtorek 23 kwietnia w Uroczysto\u015b\u0107 \u015bw. Wojciecha, podczas Mszy \u015bw. nast\u0105pi\u0142o uroczyste po\u015bwi\u0119cenie obrazu \u015bw. Wojciecha, kt\u00f3re ma swoje honorowe miejsce w Cafe Francesco. Po Mszy \u015bw. wszyscy uczestnicz\u0105cy w Eucharystii zostali zaproszeni przez Towarzystwo \u015aw. Wojciecha na s\u0142odki pocz\u0119stunek do kawiarni pielgrzyma. Oddaj\u0105c publicznie cze\u015b\u0107 obrazom \u015awi\u0119tych, Ko\u015bci\u00f3\u0142 nasza matka pragnie przede wszystkim, &hellip;","og_url":"https:\/\/pakosc-kalwaria.franciszkanie.net\/index.php\/2024\/04\/29\/poswiecenie-obrazu-sw-wojciecha\/","og_site_name":"Pako\u015b\u0107 \u2013 Kalwaria","article_author":"https:\/\/www.facebook.com\/KalwariaPakosc\/","article_published_time":"2024-04-29T12:18:42+00:00","og_image":[{"width":900,"height":2000,"url":"http:\/\/pakosc-kalwaria.franciszkanie.net\/wp-content\/uploads\/2024\/04\/439619277_399618092893781_6256491389475270833_n.jpg","type":"image\/jpeg"}],"twitter_card":"summary","twitter_misc":{"Napisane przez":"pakosc-kalwaria","Szacowany czas czytania":"1 minuta"},"schema":{"@context":"https:\/\/schema.org","@graph":[{"@type":"WebSite","@id":"https:\/\/pakosc-kalwaria.franciszkanie.net\/#website","url":"https:\/\/pakosc-kalwaria.franciszkanie.net\/","name":"Pako\u015b\u0107 \u2013 Kalwaria","description":"Parafia Rzymsko \u2013 Katolicka p.w. Pana Jezusa Ukrzy\u017cowanego i  Matki Bo\u017cej Bolesnej ul. Barci\u0144ska 60, 88\u2013170 Pako\u015b\u0107 \u2013 Kalwaria","potentialAction":[{"@type":"SearchAction","target":{"@type":"EntryPoint","urlTemplate":"https:\/\/pakosc-kalwaria.franciszkanie.net\/?s={search_term_string}"},"query-input":"required name=search_term_string"}],"inLanguage":"pl-PL"},{"@type":"ImageObject","@id":"https:\/\/pakosc-kalwaria.franciszkanie.net\/index.php\/2024\/04\/29\/poswiecenie-obrazu-sw-wojciecha\/#primaryimage","inLanguage":"pl-PL","url":"https:\/\/pakosc-kalwaria.franciszkanie.net\/wp-content\/uploads\/2024\/04\/439619277_399618092893781_6256491389475270833_n.jpg","contentUrl":"https:\/\/pakosc-kalwaria.franciszkanie.net\/wp-content\/uploads\/2024\/04\/439619277_399618092893781_6256491389475270833_n.jpg","width":900,"height":2000},{"@type":"WebPage","@id":"https:\/\/pakosc-kalwaria.franciszkanie.net\/index.php\/2024\/04\/29\/poswiecenie-obrazu-sw-wojciecha\/#webpage","url":"https:\/\/pakosc-kalwaria.franciszkanie.net\/index.php\/2024\/04\/29\/poswiecenie-obrazu-sw-wojciecha\/","name":"PO\u015aWI\u0118CENIE OBRAZU \u015aW. WOJCIECHA - Pako\u015b\u0107 \u2013 Kalwaria","isPartOf":{"@id":"https:\/\/pakosc-kalwaria.franciszkanie.net\/#website"},"primaryImageOfPage":{"@id":"https:\/\/pakosc-kalwaria.franciszkanie.net\/index.php\/2024\/04\/29\/poswiecenie-obrazu-sw-wojciecha\/#primaryimage"},"datePublished":"2024-04-29T12:18:42+00:00","dateModified":"2024-04-29T12:18:42+00:00","author":{"@id":"https:\/\/pakosc-kalwaria.franciszkanie.net\/#\/schema\/person\/af10b943be0760709227d060eadcb2aa"},"breadcrumb":{"@id":"https:\/\/pakosc-kalwaria.franciszkanie.net\/index.php\/2024\/04\/29\/poswiecenie-obrazu-sw-wojciecha\/#breadcrumb"},"inLanguage":"pl-PL","potentialAction":[{"@type":"ReadAction","target":["https:\/\/pakosc-kalwaria.franciszkanie.net\/index.php\/2024\/04\/29\/poswiecenie-obrazu-sw-wojciecha\/"]}]},{"@type":"BreadcrumbList","@id":"https:\/\/pakosc-kalwaria.franciszkanie.net\/index.php\/2024\/04\/29\/poswiecenie-obrazu-sw-wojciecha\/#breadcrumb","itemListElement":[{"@type":"ListItem","position":1,"name":"Strona g\u0142\u00f3wna","item":"https:\/\/pakosc-kalwaria.franciszkanie.net\/"},{"@type":"ListItem","position":2,"name":"PO\u015aWI\u0118CENIE OBRAZU \u015aW. WOJCIECHA"}]},{"@type":"Person","@id":"https:\/\/pakosc-kalwaria.franciszkanie.net\/#\/schema\/person\/af10b943be0760709227d060eadcb2aa","name":"pakosc-kalwaria","image":{"@type":"ImageObject","@id":"https:\/\/pakosc-kalwaria.franciszkanie.net\/#personlogo","inLanguage":"pl-PL","url":"https:\/\/secure.gravatar.com\/avatar\/e7049d338b55eac6a0027ff3218b8d02?s=96&d=mm&r=g","contentUrl":"https:\/\/secure.gravatar.com\/avatar\/e7049d338b55eac6a0027ff3218b8d02?s=96&d=mm&r=g","caption":"pakosc-kalwaria"},"sameAs":["https:\/\/www.facebook.com\/KalwariaPakosc\/"],"url":"https:\/\/pakosc-kalwaria.franciszkanie.net\/index.php\/author\/pakosc-kalwaria\/"}]}},"_links":{"self":[{"href":"https:\/\/pakosc-kalwaria.franciszkanie.net\/index.php\/wp-json\/wp\/v2\/posts\/33498"}],"collection":[{"href":"https:\/\/pakosc-kalwaria.franciszkanie.net\/index.php\/wp-json\/wp\/v2\/posts"}],"about":[{"href":"https:\/\/pakosc-kalwaria.franciszkanie.net\/index.php\/wp-json\/wp\/v2\/types\/post"}],"author":[{"embeddable":true,"href":"https:\/\/pakosc-kalwaria.franciszkanie.net\/index.php\/wp-json\/wp\/v2\/users\/2"}],"replies":[{"embeddable":true,"href":"https:\/\/pakosc-kalwaria.franciszkanie.net\/index.php\/wp-json\/wp\/v2\/comments?post=33498"}],"version-history":[{"count":1,"href":"https:\/\/pakosc-kalwaria.franciszkanie.net\/index.php\/wp-json\/wp\/v2\/posts\/33498\/revisions"}],"predecessor-version":[{"id":33501,"href":"https:\/\/pakosc-kalwaria.franciszkanie.net\/index.php\/wp-json\/wp\/v2\/posts\/33498\/revisions\/33501"}],"wp:featuredmedia":[{"embeddable":true,"href":"https:\/\/pakosc-kalwaria.franciszkanie.net\/index.php\/wp-json\/wp\/v2\/media\/33499"}],"wp:attachment":[{"href":"https:\/\/pakosc-kalwaria.franciszkanie.net\/index.php\/wp-json\/wp\/v2\/media?parent=33498"}],"wp:term":[{"taxonomy":"category","embeddable":true,"href":"https:\/\/pakosc-kalwaria.franciszkanie.net\/index.php\/wp-json\/wp\/v2\/categories?post=33498"},{"taxonomy":"post_tag","embeddable":true,"href":"https:\/\/pakosc-kalwaria.franciszkanie.net\/index.php\/wp-json\/wp\/v2\/tags?post=33498"}],"curies":[{"name":"wp","href":"https:\/\/api.w.org\/{rel}","templated":true}]}}