{"id":347,"date":"2016-09-26T14:11:28","date_gmt":"2016-09-26T12:11:28","guid":{"rendered":"http:\/\/pakosc-kalwaria.franciszkanie.net\/?p=347"},"modified":"2016-09-30T13:54:30","modified_gmt":"2016-09-30T11:54:30","slug":"nowe-zycie-w-chrystusie","status":"publish","type":"post","link":"https:\/\/pakosc-kalwaria.franciszkanie.net\/index.php\/2016\/09\/26\/nowe-zycie-w-chrystusie\/","title":{"rendered":"Nowe \u017cycie w Chrystusie"},"content":{"rendered":"<p><strong><span style=\"color: #ff0000;\">Z okazji Jubileuszu 1050-lecia Chrztu Polski<\/span> w naszym ko\u015bciele w pierwsze niedziele miesi\u0105ca na Mszach \u015bw. ASPERSJA &#8211; pokropienie wod\u0105 \u015bwi\u0119con\u0105 &#8211; na pami\u0105tk\u0119 naszego CHRZTU \u015aWI\u0118TEGO oraz odnowienie PRZYRZECZE\u0143 CHRZCIELNYCH. <\/strong><br \/>\n<strong><br \/>\nHas\u0142o programu duszpasterskiego 2013 &#8211; 2017: \u201ePrzez Chrystusa, z Chrystusem, w Chrystusie. Przez wiar\u0119 i chrzest do \u015bwiadectwa\u201d.<\/strong><\/p>\n<p><span style=\"color: #ff0000;\"><strong>Rok Ko\u015bcielny i Duszpasterski 2015\/2016 pod has\u0142em: \u201eNowe \u017cycie w Chrystusie\u201d<\/strong><\/span><\/p>\n<p><strong><span style=\"color: #ff0000;\">Symbole<\/span>: woda i bia\u0142a szata<\/strong><\/p>\n<p><span style=\"color: #ff0000;\"><strong>Za\u0142o\u017cenia:<\/strong><\/span><br \/>\n<strong> 1. W zwi\u0105zku z 1050 rocznic\u0105 Chrztu Polski mamy skoncentrowa\u0107 si\u0119 wok\u00f3\u0142 sakramentu Chrztu \u015bw. Wspomnienie i \u015bwi\u0119towanie chrztu \u015bw. (przypomnie\u0107 sobie dat\u0119 chrztu) jest okazj\u0105 do pog\u0142\u0119biania \u017cycia w \u0142asce chrztu (w \u0142asce u\u015bwi\u0119caj\u0105cej), zadba\u0107 o kropielnice i wod\u0119 \u015bwi\u0119con\u0105 w naszych domach\u00a0\u00a0\u00a0\u00a0\u00a0\u00a0\u00a0\u00a0 <\/strong><br \/>\n<strong> 2. Podj\u0119cie nowej ewangelizacji (wobec niewierz\u0105cych i niepraktykuj\u0105cych w wierze)<\/strong><\/p>\n<p><span style=\"color: #ff0000;\"><strong>Cele:<\/strong><\/span><br \/>\n<strong> 1. Ewangelizacyjny: &#8211; pog\u0142\u0119bienie osobistej wi\u0119zi z Chrystusem poprzez pog\u0142\u0119bione poznanie, pe\u0142niejsze pokochanie i wierniejsze na\u015bladowanie (pog\u0142\u0119bienie duchowo\u015bci chrzcielnej)<\/strong><br \/>\n<strong> 2. Inicjacyjny \u2013 u\u015bwiadomienie i podj\u0119cie \u0142aski sakrament\u00f3w inicjacji, p-w chrztu \u015bw. (chrzest, bierzmowanie, Eucharystia)<\/strong><br \/>\n<strong> 3. Formacyjny \u2013 kszta\u0142towanie postaw duchowych i moralnych, zgodnych z wyznawan\u0105 wiar\u0105: zaanga\u017cowanie w \u017cycie Ko\u015bcio\u0142a, \u015bwiadectwo \u017cycia chrze\u015bcija\u0144skiego<\/strong><br \/>\n<strong> 4. Spo\u0142eczny \u2013 wraz ze \u015bwi\u0119towaniem 1050 rocznicy Chrztu Polski, pe\u0142niejsze u\u015bwiadomienie i podj\u0119cie odpowiedzialno\u015bci za kszta\u0142towanie w duchu wiary \u017cycia rodzinnego, spo\u0142ecznego i zawodowego<\/strong><\/p>\n<p><span style=\"color: #ff0000;\"><strong>Realizacja:<\/strong><\/span><br \/>\n<strong> Trzy zadania: g\u0142oszenie s\u0142owa Bo\u017cego, sprawowanie sakrament\u00f3w, pos\u0142uga mi\u0142o\u015bci<\/strong><\/p>\n<p><strong>1. Sakrament Chrztu \u015bw. \u00a0\u00a0\u00a0 <\/strong><br \/>\n<strong> &#8211; troska o dobre przygotowanie rodzic\u00f3w i chrzestnych dziecka, a tak\u017ce katechumen\u00f3w do chrztu<\/strong><br \/>\n<strong> &#8211; pi\u0119kne i godne celebrowanie sakramentu chrztu \u015bw. &#8211; odpowiednie towarzyszenie na drodze wiary dziecka, jego rodzicom, chrzestnym czy doros\u0142ym neofitom po przyj\u0119ciu chrztu<\/strong><\/p>\n<p><strong>2. Nowy cz\u0142owiek\u00a0\u00a0\u00a0\u00a0\u00a0 <\/strong><br \/>\n<strong> &#8211; r\u00f3wno\u015b\u0107 w godno\u015bci i dzia\u0142aniu wszystkich ochrzczonych<\/strong><br \/>\n<strong> &#8211; udzia\u0142 we wsp\u00f3lnym kap\u0142a\u0144stwie ludu Bo\u017cego<\/strong><br \/>\n<strong> &#8211; udzia\u0142 w prorockiej, kap\u0142a\u0144skiej i kr\u00f3lewskiej misji Chrystusa<\/strong><\/p>\n<p><strong>3. Duchowo\u015b\u0107 chrzcielna\u00a0\u00a0\u00a0\u00a0 <\/strong><br \/>\n<strong> &#8211; wdzi\u0119czno\u015b\u0107 za zbawienie wyra\u017cona w prze\u017cywaniu Jubileuszu Roku Mi\u0142osierdzia<\/strong><br \/>\n<strong> &#8211; wierno\u015b\u0107 Chrystusowi i Ko\u015bcio\u0142owi<\/strong><br \/>\n<strong> &#8211; apostolstwo wyra\u017cone w zaanga\u017cowaniu w przygotowanie do \u015awiatowych Dni M\u0142odzie\u017cy<\/strong><\/p>\n<p><span style=\"color: #ff0000;\"><strong><a style=\"color: #ff0000;\" href=\"http:\/\/www.egzorcyzmy.katolik.pl\/modlitwa-o-uwolnienie\/egzorcyzmy-proste\/640-odnowienie-przyrzeczerzcielnych.html\">Odnowienie przyrzecze\u0144 chrzcielnych<\/a><\/strong><\/span><br \/>\n<strong> Przez odnowienie przyrzecze\u0144 chrzcielnych u\u015bwiadamiamy sobie wielko\u015b\u0107, znaczenie i konsekwencje wynikaj\u0105ce z jego przyj\u0119cia. Przez chrzest narodzili\u015bmy si\u0119, bowiem dla Boga i wkroczyli\u015bmy w nowe \u017cycie. Wspominaj\u0105c\u00a0sw\u00f3j w\u0142asny\u00a0chrzest, wyrzeknijmy si\u0119 grzechu i wyznajmy wiar\u0119 w Jezusa Chrystusa.<\/strong><\/p>\n<p><strong>A zatem pytam ka\u017cdego z Was.<\/strong><br \/>\n<strong> K: Czy wyrzekasz si\u0119 grzechu, aby \u017cy\u0107 w wolno\u015bci dzieci Bo\u017cych?<\/strong><br \/>\n<strong> W: Wyrzekam si\u0119.<\/strong><\/p>\n<p><strong>K: Czy wyrzekasz si\u0119 wszystkiego, co prowadzi do z\u0142a, aby ci\u0119 grzech nie opanowa\u0142?<\/strong><br \/>\n<strong> W: Wyrzekam si\u0119.<\/strong><\/p>\n<p><strong>K: Czy wyrzekasz si\u0119 szatana, kt\u00f3ry jest g\u0142\u00f3wnym sprawc\u0105 grzechu?<\/strong><br \/>\n<strong> W: Wyrzekam si\u0119.<\/strong><\/p>\n<p><strong>K: Czy wierzysz w Boga Ojca wszechmog\u0105cego, Stworzyciela nieba i ziemi?<\/strong><br \/>\n<strong> W: Wierz\u0119.<\/strong><\/p>\n<p><strong>K: Czy wierzysz w Jezusa Chrystusa, Syna Jego jedynego, Pana naszego, narodzonego z Maryi Dziewicy, um\u0119czonego i pogrzebanego, kt\u00f3ry powsta\u0142 z martwych i zasiada po prawicy Ojca?<\/strong><br \/>\n<strong> W: Wierz\u0119.<\/strong><\/p>\n<p><strong>K: Czy wierzysz w Ducha \u015awi\u0119tego, \u015bwi\u0119ty Ko\u015bci\u00f3\u0142 powszechny, obcowanie \u015awi\u0119tych, odpuszczenie grzech\u00f3w, zmartwychwstanie cia\u0142a i \u017cycie wieczne?<\/strong><br \/>\n<strong> W: Wierz\u0119.<\/strong><\/p>\n<p><strong>K: Taka jest nasza wiara. Taka jest wiara Ko\u015bcio\u0142a, kt\u00f3rej wyznawanie jest nasz\u0105 chlub\u0105 w Chrystusie Jezusie, Panu naszym.<\/strong><br \/>\n<strong> W. Amen.<\/strong><\/p>\n","protected":false},"excerpt":{"rendered":"<p>Z okazji Jubileuszu 1050-lecia Chrztu Polski w naszym ko\u015bciele w pierwsze niedziele miesi\u0105ca na Mszach \u015bw. ASPERSJA &#8211; pokropienie wod\u0105 \u015bwi\u0119con\u0105 &#8211; na pami\u0105tk\u0119 naszego CHRZTU \u015aWI\u0118TEGO oraz odnowienie PRZYRZECZE\u0143 CHRZCIELNYCH. Has\u0142o programu duszpasterskiego 2013 &#8211; 2017: \u201ePrzez Chrystusa, z Chrystusem, w Chrystusie. Przez wiar\u0119 i chrzest do \u015bwiadectwa\u201d. Rok Ko\u015bcielny i Duszpasterski 2015\/2016 pod &hellip;<\/p>\n","protected":false},"author":2,"featured_media":445,"comment_status":"closed","ping_status":"open","sticky":false,"template":"","format":"standard","meta":{"_mi_skip_tracking":false,"_exactmetrics_sitenote_active":false,"_exactmetrics_sitenote_note":"","_exactmetrics_sitenote_category":0},"categories":[1],"tags":[],"yoast_head":"<!-- This site is optimized with the Yoast SEO plugin v18.1 - https:\/\/yoast.com\/wordpress\/plugins\/seo\/ -->\n<title>Nowe \u017cycie w Chrystusie - Pako\u015b\u0107 \u2013 Kalwaria<\/title>\n<meta name=\"robots\" content=\"index, follow, max-snippet:-1, max-image-preview:large, max-video-preview:-1\" \/>\n<link rel=\"canonical\" href=\"https:\/\/pakosc-kalwaria.franciszkanie.net\/index.php\/2016\/09\/26\/nowe-zycie-w-chrystusie\/\" \/>\n<meta property=\"og:locale\" content=\"pl_PL\" \/>\n<meta property=\"og:type\" content=\"article\" \/>\n<meta property=\"og:title\" content=\"Nowe \u017cycie w Chrystusie - Pako\u015b\u0107 \u2013 Kalwaria\" \/>\n<meta property=\"og:description\" content=\"Z okazji Jubileuszu 1050-lecia Chrztu Polski w naszym ko\u015bciele w pierwsze niedziele miesi\u0105ca na Mszach \u015bw. ASPERSJA &#8211; pokropienie wod\u0105 \u015bwi\u0119con\u0105 &#8211; na pami\u0105tk\u0119 naszego CHRZTU \u015aWI\u0118TEGO oraz odnowienie PRZYRZECZE\u0143 CHRZCIELNYCH. Has\u0142o programu duszpasterskiego 2013 &#8211; 2017: \u201ePrzez Chrystusa, z Chrystusem, w Chrystusie. Przez wiar\u0119 i chrzest do \u015bwiadectwa\u201d. Rok Ko\u015bcielny i Duszpasterski 2015\/2016 pod &hellip;\" \/>\n<meta property=\"og:url\" content=\"https:\/\/pakosc-kalwaria.franciszkanie.net\/index.php\/2016\/09\/26\/nowe-zycie-w-chrystusie\/\" \/>\n<meta property=\"og:site_name\" content=\"Pako\u015b\u0107 \u2013 Kalwaria\" \/>\n<meta property=\"article:author\" content=\"https:\/\/www.facebook.com\/KalwariaPakosc\/\" \/>\n<meta property=\"article:published_time\" content=\"2016-09-26T12:11:28+00:00\" \/>\n<meta property=\"article:modified_time\" content=\"2016-09-30T11:54:30+00:00\" \/>\n<meta property=\"og:image\" content=\"https:\/\/pakosc-kalwaria.franciszkanie.net\/wp-content\/uploads\/2016\/08\/haslo-chrzes-3.jpg\" \/>\n\t<meta property=\"og:image:width\" content=\"199\" \/>\n\t<meta property=\"og:image:height\" content=\"400\" \/>\n\t<meta property=\"og:image:type\" content=\"image\/jpeg\" \/>\n<meta name=\"twitter:card\" content=\"summary\" \/>\n<meta name=\"twitter:label1\" content=\"Napisane przez\" \/>\n\t<meta name=\"twitter:data1\" content=\"pakosc-kalwaria\" \/>\n\t<meta name=\"twitter:label2\" content=\"Szacowany czas czytania\" \/>\n\t<meta name=\"twitter:data2\" content=\"3 minuty\" \/>\n<script type=\"application\/ld+json\" class=\"yoast-schema-graph\">{\"@context\":\"https:\/\/schema.org\",\"@graph\":[{\"@type\":\"WebSite\",\"@id\":\"https:\/\/pakosc-kalwaria.franciszkanie.net\/#website\",\"url\":\"https:\/\/pakosc-kalwaria.franciszkanie.net\/\",\"name\":\"Pako\u015b\u0107 \u2013 Kalwaria\",\"description\":\"Parafia Rzymsko \u2013 Katolicka p.w. Pana Jezusa Ukrzy\u017cowanego i  Matki Bo\u017cej Bolesnej ul. Barci\u0144ska 60, 88\u2013170 Pako\u015b\u0107 \u2013 Kalwaria\",\"potentialAction\":[{\"@type\":\"SearchAction\",\"target\":{\"@type\":\"EntryPoint\",\"urlTemplate\":\"https:\/\/pakosc-kalwaria.franciszkanie.net\/?s={search_term_string}\"},\"query-input\":\"required name=search_term_string\"}],\"inLanguage\":\"pl-PL\"},{\"@type\":\"ImageObject\",\"@id\":\"https:\/\/pakosc-kalwaria.franciszkanie.net\/index.php\/2016\/09\/26\/nowe-zycie-w-chrystusie\/#primaryimage\",\"inLanguage\":\"pl-PL\",\"url\":\"https:\/\/pakosc-kalwaria.franciszkanie.net\/wp-content\/uploads\/2016\/08\/haslo-chrzes-3.jpg\",\"contentUrl\":\"https:\/\/pakosc-kalwaria.franciszkanie.net\/wp-content\/uploads\/2016\/08\/haslo-chrzes-3.jpg\",\"width\":199,\"height\":400},{\"@type\":\"WebPage\",\"@id\":\"https:\/\/pakosc-kalwaria.franciszkanie.net\/index.php\/2016\/09\/26\/nowe-zycie-w-chrystusie\/#webpage\",\"url\":\"https:\/\/pakosc-kalwaria.franciszkanie.net\/index.php\/2016\/09\/26\/nowe-zycie-w-chrystusie\/\",\"name\":\"Nowe \u017cycie w Chrystusie - Pako\u015b\u0107 \u2013 Kalwaria\",\"isPartOf\":{\"@id\":\"https:\/\/pakosc-kalwaria.franciszkanie.net\/#website\"},\"primaryImageOfPage\":{\"@id\":\"https:\/\/pakosc-kalwaria.franciszkanie.net\/index.php\/2016\/09\/26\/nowe-zycie-w-chrystusie\/#primaryimage\"},\"datePublished\":\"2016-09-26T12:11:28+00:00\",\"dateModified\":\"2016-09-30T11:54:30+00:00\",\"author\":{\"@id\":\"https:\/\/pakosc-kalwaria.franciszkanie.net\/#\/schema\/person\/af10b943be0760709227d060eadcb2aa\"},\"breadcrumb\":{\"@id\":\"https:\/\/pakosc-kalwaria.franciszkanie.net\/index.php\/2016\/09\/26\/nowe-zycie-w-chrystusie\/#breadcrumb\"},\"inLanguage\":\"pl-PL\",\"potentialAction\":[{\"@type\":\"ReadAction\",\"target\":[\"https:\/\/pakosc-kalwaria.franciszkanie.net\/index.php\/2016\/09\/26\/nowe-zycie-w-chrystusie\/\"]}]},{\"@type\":\"BreadcrumbList\",\"@id\":\"https:\/\/pakosc-kalwaria.franciszkanie.net\/index.php\/2016\/09\/26\/nowe-zycie-w-chrystusie\/#breadcrumb\",\"itemListElement\":[{\"@type\":\"ListItem\",\"position\":1,\"name\":\"Strona g\u0142\u00f3wna\",\"item\":\"https:\/\/pakosc-kalwaria.franciszkanie.net\/\"},{\"@type\":\"ListItem\",\"position\":2,\"name\":\"Nowe \u017cycie w Chrystusie\"}]},{\"@type\":\"Person\",\"@id\":\"https:\/\/pakosc-kalwaria.franciszkanie.net\/#\/schema\/person\/af10b943be0760709227d060eadcb2aa\",\"name\":\"pakosc-kalwaria\",\"image\":{\"@type\":\"ImageObject\",\"@id\":\"https:\/\/pakosc-kalwaria.franciszkanie.net\/#personlogo\",\"inLanguage\":\"pl-PL\",\"url\":\"https:\/\/secure.gravatar.com\/avatar\/e7049d338b55eac6a0027ff3218b8d02?s=96&d=mm&r=g\",\"contentUrl\":\"https:\/\/secure.gravatar.com\/avatar\/e7049d338b55eac6a0027ff3218b8d02?s=96&d=mm&r=g\",\"caption\":\"pakosc-kalwaria\"},\"sameAs\":[\"https:\/\/www.facebook.com\/KalwariaPakosc\/\"],\"url\":\"https:\/\/pakosc-kalwaria.franciszkanie.net\/index.php\/author\/pakosc-kalwaria\/\"}]}<\/script>\n<!-- \/ Yoast SEO plugin. -->","yoast_head_json":{"title":"Nowe \u017cycie w Chrystusie - Pako\u015b\u0107 \u2013 Kalwaria","robots":{"index":"index","follow":"follow","max-snippet":"max-snippet:-1","max-image-preview":"max-image-preview:large","max-video-preview":"max-video-preview:-1"},"canonical":"https:\/\/pakosc-kalwaria.franciszkanie.net\/index.php\/2016\/09\/26\/nowe-zycie-w-chrystusie\/","og_locale":"pl_PL","og_type":"article","og_title":"Nowe \u017cycie w Chrystusie - Pako\u015b\u0107 \u2013 Kalwaria","og_description":"Z okazji Jubileuszu 1050-lecia Chrztu Polski w naszym ko\u015bciele w pierwsze niedziele miesi\u0105ca na Mszach \u015bw. ASPERSJA &#8211; pokropienie wod\u0105 \u015bwi\u0119con\u0105 &#8211; na pami\u0105tk\u0119 naszego CHRZTU \u015aWI\u0118TEGO oraz odnowienie PRZYRZECZE\u0143 CHRZCIELNYCH. Has\u0142o programu duszpasterskiego 2013 &#8211; 2017: \u201ePrzez Chrystusa, z Chrystusem, w Chrystusie. Przez wiar\u0119 i chrzest do \u015bwiadectwa\u201d. Rok Ko\u015bcielny i Duszpasterski 2015\/2016 pod &hellip;","og_url":"https:\/\/pakosc-kalwaria.franciszkanie.net\/index.php\/2016\/09\/26\/nowe-zycie-w-chrystusie\/","og_site_name":"Pako\u015b\u0107 \u2013 Kalwaria","article_author":"https:\/\/www.facebook.com\/KalwariaPakosc\/","article_published_time":"2016-09-26T12:11:28+00:00","article_modified_time":"2016-09-30T11:54:30+00:00","og_image":[{"width":199,"height":400,"url":"https:\/\/pakosc-kalwaria.franciszkanie.net\/wp-content\/uploads\/2016\/08\/haslo-chrzes-3.jpg","type":"image\/jpeg"}],"twitter_card":"summary","twitter_misc":{"Napisane przez":"pakosc-kalwaria","Szacowany czas czytania":"3 minuty"},"schema":{"@context":"https:\/\/schema.org","@graph":[{"@type":"WebSite","@id":"https:\/\/pakosc-kalwaria.franciszkanie.net\/#website","url":"https:\/\/pakosc-kalwaria.franciszkanie.net\/","name":"Pako\u015b\u0107 \u2013 Kalwaria","description":"Parafia Rzymsko \u2013 Katolicka p.w. Pana Jezusa Ukrzy\u017cowanego i  Matki Bo\u017cej Bolesnej ul. Barci\u0144ska 60, 88\u2013170 Pako\u015b\u0107 \u2013 Kalwaria","potentialAction":[{"@type":"SearchAction","target":{"@type":"EntryPoint","urlTemplate":"https:\/\/pakosc-kalwaria.franciszkanie.net\/?s={search_term_string}"},"query-input":"required name=search_term_string"}],"inLanguage":"pl-PL"},{"@type":"ImageObject","@id":"https:\/\/pakosc-kalwaria.franciszkanie.net\/index.php\/2016\/09\/26\/nowe-zycie-w-chrystusie\/#primaryimage","inLanguage":"pl-PL","url":"https:\/\/pakosc-kalwaria.franciszkanie.net\/wp-content\/uploads\/2016\/08\/haslo-chrzes-3.jpg","contentUrl":"https:\/\/pakosc-kalwaria.franciszkanie.net\/wp-content\/uploads\/2016\/08\/haslo-chrzes-3.jpg","width":199,"height":400},{"@type":"WebPage","@id":"https:\/\/pakosc-kalwaria.franciszkanie.net\/index.php\/2016\/09\/26\/nowe-zycie-w-chrystusie\/#webpage","url":"https:\/\/pakosc-kalwaria.franciszkanie.net\/index.php\/2016\/09\/26\/nowe-zycie-w-chrystusie\/","name":"Nowe \u017cycie w Chrystusie - Pako\u015b\u0107 \u2013 Kalwaria","isPartOf":{"@id":"https:\/\/pakosc-kalwaria.franciszkanie.net\/#website"},"primaryImageOfPage":{"@id":"https:\/\/pakosc-kalwaria.franciszkanie.net\/index.php\/2016\/09\/26\/nowe-zycie-w-chrystusie\/#primaryimage"},"datePublished":"2016-09-26T12:11:28+00:00","dateModified":"2016-09-30T11:54:30+00:00","author":{"@id":"https:\/\/pakosc-kalwaria.franciszkanie.net\/#\/schema\/person\/af10b943be0760709227d060eadcb2aa"},"breadcrumb":{"@id":"https:\/\/pakosc-kalwaria.franciszkanie.net\/index.php\/2016\/09\/26\/nowe-zycie-w-chrystusie\/#breadcrumb"},"inLanguage":"pl-PL","potentialAction":[{"@type":"ReadAction","target":["https:\/\/pakosc-kalwaria.franciszkanie.net\/index.php\/2016\/09\/26\/nowe-zycie-w-chrystusie\/"]}]},{"@type":"BreadcrumbList","@id":"https:\/\/pakosc-kalwaria.franciszkanie.net\/index.php\/2016\/09\/26\/nowe-zycie-w-chrystusie\/#breadcrumb","itemListElement":[{"@type":"ListItem","position":1,"name":"Strona g\u0142\u00f3wna","item":"https:\/\/pakosc-kalwaria.franciszkanie.net\/"},{"@type":"ListItem","position":2,"name":"Nowe \u017cycie w Chrystusie"}]},{"@type":"Person","@id":"https:\/\/pakosc-kalwaria.franciszkanie.net\/#\/schema\/person\/af10b943be0760709227d060eadcb2aa","name":"pakosc-kalwaria","image":{"@type":"ImageObject","@id":"https:\/\/pakosc-kalwaria.franciszkanie.net\/#personlogo","inLanguage":"pl-PL","url":"https:\/\/secure.gravatar.com\/avatar\/e7049d338b55eac6a0027ff3218b8d02?s=96&d=mm&r=g","contentUrl":"https:\/\/secure.gravatar.com\/avatar\/e7049d338b55eac6a0027ff3218b8d02?s=96&d=mm&r=g","caption":"pakosc-kalwaria"},"sameAs":["https:\/\/www.facebook.com\/KalwariaPakosc\/"],"url":"https:\/\/pakosc-kalwaria.franciszkanie.net\/index.php\/author\/pakosc-kalwaria\/"}]}},"_links":{"self":[{"href":"https:\/\/pakosc-kalwaria.franciszkanie.net\/index.php\/wp-json\/wp\/v2\/posts\/347"}],"collection":[{"href":"https:\/\/pakosc-kalwaria.franciszkanie.net\/index.php\/wp-json\/wp\/v2\/posts"}],"about":[{"href":"https:\/\/pakosc-kalwaria.franciszkanie.net\/index.php\/wp-json\/wp\/v2\/types\/post"}],"author":[{"embeddable":true,"href":"https:\/\/pakosc-kalwaria.franciszkanie.net\/index.php\/wp-json\/wp\/v2\/users\/2"}],"replies":[{"embeddable":true,"href":"https:\/\/pakosc-kalwaria.franciszkanie.net\/index.php\/wp-json\/wp\/v2\/comments?post=347"}],"version-history":[{"count":1,"href":"https:\/\/pakosc-kalwaria.franciszkanie.net\/index.php\/wp-json\/wp\/v2\/posts\/347\/revisions"}],"predecessor-version":[{"id":348,"href":"https:\/\/pakosc-kalwaria.franciszkanie.net\/index.php\/wp-json\/wp\/v2\/posts\/347\/revisions\/348"}],"wp:featuredmedia":[{"embeddable":true,"href":"https:\/\/pakosc-kalwaria.franciszkanie.net\/index.php\/wp-json\/wp\/v2\/media\/445"}],"wp:attachment":[{"href":"https:\/\/pakosc-kalwaria.franciszkanie.net\/index.php\/wp-json\/wp\/v2\/media?parent=347"}],"wp:term":[{"taxonomy":"category","embeddable":true,"href":"https:\/\/pakosc-kalwaria.franciszkanie.net\/index.php\/wp-json\/wp\/v2\/categories?post=347"},{"taxonomy":"post_tag","embeddable":true,"href":"https:\/\/pakosc-kalwaria.franciszkanie.net\/index.php\/wp-json\/wp\/v2\/tags?post=347"}],"curies":[{"name":"wp","href":"https:\/\/api.w.org\/{rel}","templated":true}]}}