{"id":35560,"date":"2024-12-17T12:46:45","date_gmt":"2024-12-17T11:46:45","guid":{"rendered":"https:\/\/pakosc-kalwaria.franciszkanie.net\/?p=35560"},"modified":"2024-12-17T12:46:45","modified_gmt":"2024-12-17T11:46:45","slug":"niedziela-gaudette-15-12-2024r","status":"publish","type":"post","link":"https:\/\/pakosc-kalwaria.franciszkanie.net\/index.php\/2024\/12\/17\/niedziela-gaudette-15-12-2024r\/","title":{"rendered":"Niedziela Gaudette 15.12.2024r."},"content":{"rendered":"<p>Niedziela Gaudette 15.12.2024r. \u2013 niedziela rado\u015bci, w naszej Parafii dodatkowym szcz\u0119\u015bciem oczekiwania na ponowne przyj\u015bcie Pana Jezusa by\u0142y ob\u0142\u00f3czyny. W szeregi naszych Ministrant\u00f3w oficjalnie zosta\u0142a przyj\u0119ta Kamila Cecelon. Cieszymy si\u0119, \u017ce w tak ma\u0142ej Parafii jak nasza mamy ju\u017c 21 Ministrant\u00f3w, kt\u00f3rzy ch\u0119tnie s\u0142u\u017c\u0105 ku chwale Pana. Nowej Ministrance \u017cyczymy wytrwa\u0142o\u015bci, wielu \u0142ask Bo\u017cych i opieki Matki Naj\u015bwi\u0119tszej.<\/p>\n<p><img loading=\"lazy\" class=\"alignleft size-full wp-image-35561\" src=\"http:\/\/pakosc-kalwaria.franciszkanie.net\/wp-content\/uploads\/2024\/12\/470213154_556366360552286_542054605123762460_n.jpg\" alt=\"\" width=\"1420\" height=\"640\" srcset=\"https:\/\/pakosc-kalwaria.franciszkanie.net\/wp-content\/uploads\/2024\/12\/470213154_556366360552286_542054605123762460_n.jpg 1420w, https:\/\/pakosc-kalwaria.franciszkanie.net\/wp-content\/uploads\/2024\/12\/470213154_556366360552286_542054605123762460_n-300x135.jpg 300w, https:\/\/pakosc-kalwaria.franciszkanie.net\/wp-content\/uploads\/2024\/12\/470213154_556366360552286_542054605123762460_n-1024x462.jpg 1024w, https:\/\/pakosc-kalwaria.franciszkanie.net\/wp-content\/uploads\/2024\/12\/470213154_556366360552286_542054605123762460_n-768x346.jpg 768w\" sizes=\"(max-width: 1420px) 100vw, 1420px\" \/> <img loading=\"lazy\" class=\"alignleft size-full wp-image-35562\" src=\"http:\/\/pakosc-kalwaria.franciszkanie.net\/wp-content\/uploads\/2024\/12\/470213077_556366970552225_8729634987372135493_n.jpg\" alt=\"\" width=\"908\" height=\"2016\" srcset=\"https:\/\/pakosc-kalwaria.franciszkanie.net\/wp-content\/uploads\/2024\/12\/470213077_556366970552225_8729634987372135493_n.jpg 908w, https:\/\/pakosc-kalwaria.franciszkanie.net\/wp-content\/uploads\/2024\/12\/470213077_556366970552225_8729634987372135493_n-135x300.jpg 135w, https:\/\/pakosc-kalwaria.franciszkanie.net\/wp-content\/uploads\/2024\/12\/470213077_556366970552225_8729634987372135493_n-461x1024.jpg 461w, https:\/\/pakosc-kalwaria.franciszkanie.net\/wp-content\/uploads\/2024\/12\/470213077_556366970552225_8729634987372135493_n-768x1705.jpg 768w, https:\/\/pakosc-kalwaria.franciszkanie.net\/wp-content\/uploads\/2024\/12\/470213077_556366970552225_8729634987372135493_n-692x1536.jpg 692w\" sizes=\"(max-width: 908px) 100vw, 908px\" \/> <img loading=\"lazy\" class=\"alignleft size-full wp-image-35563\" src=\"http:\/\/pakosc-kalwaria.franciszkanie.net\/wp-content\/uploads\/2024\/12\/470551573_556366930552229_722062348880432858_n.jpg\" alt=\"\" width=\"721\" height=\"1600\" srcset=\"https:\/\/pakosc-kalwaria.franciszkanie.net\/wp-content\/uploads\/2024\/12\/470551573_556366930552229_722062348880432858_n.jpg 721w, https:\/\/pakosc-kalwaria.franciszkanie.net\/wp-content\/uploads\/2024\/12\/470551573_556366930552229_722062348880432858_n-135x300.jpg 135w, https:\/\/pakosc-kalwaria.franciszkanie.net\/wp-content\/uploads\/2024\/12\/470551573_556366930552229_722062348880432858_n-461x1024.jpg 461w, https:\/\/pakosc-kalwaria.franciszkanie.net\/wp-content\/uploads\/2024\/12\/470551573_556366930552229_722062348880432858_n-692x1536.jpg 692w\" sizes=\"(max-width: 721px) 100vw, 721px\" \/> <img loading=\"lazy\" class=\"alignleft size-full wp-image-35564\" src=\"http:\/\/pakosc-kalwaria.franciszkanie.net\/wp-content\/uploads\/2024\/12\/470238071_556366877218901_5489148752020694674_n.jpg\" alt=\"\" width=\"721\" height=\"1600\" srcset=\"https:\/\/pakosc-kalwaria.franciszkanie.net\/wp-content\/uploads\/2024\/12\/470238071_556366877218901_5489148752020694674_n.jpg 721w, https:\/\/pakosc-kalwaria.franciszkanie.net\/wp-content\/uploads\/2024\/12\/470238071_556366877218901_5489148752020694674_n-135x300.jpg 135w, https:\/\/pakosc-kalwaria.franciszkanie.net\/wp-content\/uploads\/2024\/12\/470238071_556366877218901_5489148752020694674_n-461x1024.jpg 461w, https:\/\/pakosc-kalwaria.franciszkanie.net\/wp-content\/uploads\/2024\/12\/470238071_556366877218901_5489148752020694674_n-692x1536.jpg 692w\" sizes=\"(max-width: 721px) 100vw, 721px\" \/> <img loading=\"lazy\" class=\"alignleft size-full wp-image-35565\" src=\"http:\/\/pakosc-kalwaria.franciszkanie.net\/wp-content\/uploads\/2024\/12\/470674400_556366867218902_3496421225964759683_n.jpg\" alt=\"\" width=\"721\" height=\"1600\" srcset=\"https:\/\/pakosc-kalwaria.franciszkanie.net\/wp-content\/uploads\/2024\/12\/470674400_556366867218902_3496421225964759683_n.jpg 721w, https:\/\/pakosc-kalwaria.franciszkanie.net\/wp-content\/uploads\/2024\/12\/470674400_556366867218902_3496421225964759683_n-135x300.jpg 135w, https:\/\/pakosc-kalwaria.franciszkanie.net\/wp-content\/uploads\/2024\/12\/470674400_556366867218902_3496421225964759683_n-461x1024.jpg 461w, https:\/\/pakosc-kalwaria.franciszkanie.net\/wp-content\/uploads\/2024\/12\/470674400_556366867218902_3496421225964759683_n-692x1536.jpg 692w\" sizes=\"(max-width: 721px) 100vw, 721px\" \/> <img loading=\"lazy\" class=\"alignleft size-full wp-image-35566\" src=\"http:\/\/pakosc-kalwaria.franciszkanie.net\/wp-content\/uploads\/2024\/12\/470238644_556366800552242_5981319411391606532_n.jpg\" alt=\"\" width=\"721\" height=\"1600\" srcset=\"https:\/\/pakosc-kalwaria.franciszkanie.net\/wp-content\/uploads\/2024\/12\/470238644_556366800552242_5981319411391606532_n.jpg 721w, https:\/\/pakosc-kalwaria.franciszkanie.net\/wp-content\/uploads\/2024\/12\/470238644_556366800552242_5981319411391606532_n-135x300.jpg 135w, https:\/\/pakosc-kalwaria.franciszkanie.net\/wp-content\/uploads\/2024\/12\/470238644_556366800552242_5981319411391606532_n-461x1024.jpg 461w, https:\/\/pakosc-kalwaria.franciszkanie.net\/wp-content\/uploads\/2024\/12\/470238644_556366800552242_5981319411391606532_n-692x1536.jpg 692w\" sizes=\"(max-width: 721px) 100vw, 721px\" \/> <img loading=\"lazy\" class=\"alignleft size-full wp-image-35567\" src=\"http:\/\/pakosc-kalwaria.franciszkanie.net\/wp-content\/uploads\/2024\/12\/470210620_556366763885579_4815557574699372956_n.jpg\" alt=\"\" width=\"721\" height=\"1600\" srcset=\"https:\/\/pakosc-kalwaria.franciszkanie.net\/wp-content\/uploads\/2024\/12\/470210620_556366763885579_4815557574699372956_n.jpg 721w, https:\/\/pakosc-kalwaria.franciszkanie.net\/wp-content\/uploads\/2024\/12\/470210620_556366763885579_4815557574699372956_n-135x300.jpg 135w, https:\/\/pakosc-kalwaria.franciszkanie.net\/wp-content\/uploads\/2024\/12\/470210620_556366763885579_4815557574699372956_n-461x1024.jpg 461w, https:\/\/pakosc-kalwaria.franciszkanie.net\/wp-content\/uploads\/2024\/12\/470210620_556366763885579_4815557574699372956_n-692x1536.jpg 692w\" sizes=\"(max-width: 721px) 100vw, 721px\" \/> <img loading=\"lazy\" class=\"alignleft size-full wp-image-35568\" src=\"http:\/\/pakosc-kalwaria.franciszkanie.net\/wp-content\/uploads\/2024\/12\/470551575_556366727218916_5404938545107659910_n.jpg\" alt=\"\" width=\"721\" height=\"1600\" srcset=\"https:\/\/pakosc-kalwaria.franciszkanie.net\/wp-content\/uploads\/2024\/12\/470551575_556366727218916_5404938545107659910_n.jpg 721w, https:\/\/pakosc-kalwaria.franciszkanie.net\/wp-content\/uploads\/2024\/12\/470551575_556366727218916_5404938545107659910_n-135x300.jpg 135w, https:\/\/pakosc-kalwaria.franciszkanie.net\/wp-content\/uploads\/2024\/12\/470551575_556366727218916_5404938545107659910_n-461x1024.jpg 461w, https:\/\/pakosc-kalwaria.franciszkanie.net\/wp-content\/uploads\/2024\/12\/470551575_556366727218916_5404938545107659910_n-692x1536.jpg 692w\" sizes=\"(max-width: 721px) 100vw, 721px\" \/> <img loading=\"lazy\" class=\"alignleft size-full wp-image-35569\" src=\"http:\/\/pakosc-kalwaria.franciszkanie.net\/wp-content\/uploads\/2024\/12\/470698726_556366653885590_8867353187494330444_n.jpg\" alt=\"\" width=\"1600\" height=\"721\" srcset=\"https:\/\/pakosc-kalwaria.franciszkanie.net\/wp-content\/uploads\/2024\/12\/470698726_556366653885590_8867353187494330444_n.jpg 1600w, https:\/\/pakosc-kalwaria.franciszkanie.net\/wp-content\/uploads\/2024\/12\/470698726_556366653885590_8867353187494330444_n-300x135.jpg 300w, https:\/\/pakosc-kalwaria.franciszkanie.net\/wp-content\/uploads\/2024\/12\/470698726_556366653885590_8867353187494330444_n-1024x461.jpg 1024w, https:\/\/pakosc-kalwaria.franciszkanie.net\/wp-content\/uploads\/2024\/12\/470698726_556366653885590_8867353187494330444_n-768x346.jpg 768w, https:\/\/pakosc-kalwaria.franciszkanie.net\/wp-content\/uploads\/2024\/12\/470698726_556366653885590_8867353187494330444_n-1536x692.jpg 1536w\" sizes=\"(max-width: 1600px) 100vw, 1600px\" \/> <img loading=\"lazy\" class=\"alignleft size-full wp-image-35570\" src=\"http:\/\/pakosc-kalwaria.franciszkanie.net\/wp-content\/uploads\/2024\/12\/470644988_556366560552266_3614248625566601773_n.jpg\" alt=\"\" width=\"721\" height=\"1600\" srcset=\"https:\/\/pakosc-kalwaria.franciszkanie.net\/wp-content\/uploads\/2024\/12\/470644988_556366560552266_3614248625566601773_n.jpg 721w, https:\/\/pakosc-kalwaria.franciszkanie.net\/wp-content\/uploads\/2024\/12\/470644988_556366560552266_3614248625566601773_n-135x300.jpg 135w, https:\/\/pakosc-kalwaria.franciszkanie.net\/wp-content\/uploads\/2024\/12\/470644988_556366560552266_3614248625566601773_n-461x1024.jpg 461w, https:\/\/pakosc-kalwaria.franciszkanie.net\/wp-content\/uploads\/2024\/12\/470644988_556366560552266_3614248625566601773_n-692x1536.jpg 692w\" sizes=\"(max-width: 721px) 100vw, 721px\" \/> <img loading=\"lazy\" class=\"alignleft size-full wp-image-35571\" src=\"http:\/\/pakosc-kalwaria.franciszkanie.net\/wp-content\/uploads\/2024\/12\/470835303_556366490552273_6850614947405337600_n.jpg\" alt=\"\" width=\"1600\" height=\"721\" srcset=\"https:\/\/pakosc-kalwaria.franciszkanie.net\/wp-content\/uploads\/2024\/12\/470835303_556366490552273_6850614947405337600_n.jpg 1600w, https:\/\/pakosc-kalwaria.franciszkanie.net\/wp-content\/uploads\/2024\/12\/470835303_556366490552273_6850614947405337600_n-300x135.jpg 300w, https:\/\/pakosc-kalwaria.franciszkanie.net\/wp-content\/uploads\/2024\/12\/470835303_556366490552273_6850614947405337600_n-1024x461.jpg 1024w, https:\/\/pakosc-kalwaria.franciszkanie.net\/wp-content\/uploads\/2024\/12\/470835303_556366490552273_6850614947405337600_n-768x346.jpg 768w, https:\/\/pakosc-kalwaria.franciszkanie.net\/wp-content\/uploads\/2024\/12\/470835303_556366490552273_6850614947405337600_n-1536x692.jpg 1536w\" sizes=\"(max-width: 1600px) 100vw, 1600px\" \/> <img loading=\"lazy\" class=\"alignleft size-full wp-image-35572\" src=\"http:\/\/pakosc-kalwaria.franciszkanie.net\/wp-content\/uploads\/2024\/12\/470595344_556366407218948_4009972674714922293_n.jpg\" alt=\"\" width=\"1600\" height=\"721\" srcset=\"https:\/\/pakosc-kalwaria.franciszkanie.net\/wp-content\/uploads\/2024\/12\/470595344_556366407218948_4009972674714922293_n.jpg 1600w, https:\/\/pakosc-kalwaria.franciszkanie.net\/wp-content\/uploads\/2024\/12\/470595344_556366407218948_4009972674714922293_n-300x135.jpg 300w, https:\/\/pakosc-kalwaria.franciszkanie.net\/wp-content\/uploads\/2024\/12\/470595344_556366407218948_4009972674714922293_n-1024x461.jpg 1024w, https:\/\/pakosc-kalwaria.franciszkanie.net\/wp-content\/uploads\/2024\/12\/470595344_556366407218948_4009972674714922293_n-768x346.jpg 768w, https:\/\/pakosc-kalwaria.franciszkanie.net\/wp-content\/uploads\/2024\/12\/470595344_556366407218948_4009972674714922293_n-1536x692.jpg 1536w\" sizes=\"(max-width: 1600px) 100vw, 1600px\" \/><\/p>\n","protected":false},"excerpt":{"rendered":"<p>Niedziela Gaudette 15.12.2024r. \u2013 niedziela rado\u015bci, w naszej Parafii dodatkowym szcz\u0119\u015bciem oczekiwania na ponowne przyj\u015bcie Pana Jezusa by\u0142y ob\u0142\u00f3czyny. W szeregi naszych Ministrant\u00f3w oficjalnie zosta\u0142a przyj\u0119ta Kamila Cecelon. Cieszymy si\u0119, \u017ce w tak ma\u0142ej Parafii jak nasza mamy ju\u017c 21 Ministrant\u00f3w, kt\u00f3rzy ch\u0119tnie s\u0142u\u017c\u0105 ku chwale Pana. Nowej Ministrance \u017cyczymy wytrwa\u0142o\u015bci, wielu \u0142ask Bo\u017cych i &hellip;<\/p>\n","protected":false},"author":2,"featured_media":35567,"comment_status":"closed","ping_status":"closed","sticky":false,"template":"","format":"standard","meta":{"_mi_skip_tracking":false,"_exactmetrics_sitenote_active":false,"_exactmetrics_sitenote_note":"","_exactmetrics_sitenote_category":0},"categories":[1],"tags":[],"yoast_head":"<!-- This site is optimized with the Yoast SEO plugin v18.1 - https:\/\/yoast.com\/wordpress\/plugins\/seo\/ -->\n<title>Niedziela Gaudette 15.12.2024r. - Pako\u015b\u0107 \u2013 Kalwaria<\/title>\n<meta name=\"robots\" content=\"index, follow, max-snippet:-1, max-image-preview:large, max-video-preview:-1\" \/>\n<link rel=\"canonical\" href=\"https:\/\/pakosc-kalwaria.franciszkanie.net\/index.php\/2024\/12\/17\/niedziela-gaudette-15-12-2024r\/\" \/>\n<meta property=\"og:locale\" content=\"pl_PL\" \/>\n<meta property=\"og:type\" content=\"article\" \/>\n<meta property=\"og:title\" content=\"Niedziela Gaudette 15.12.2024r. - Pako\u015b\u0107 \u2013 Kalwaria\" \/>\n<meta property=\"og:description\" content=\"Niedziela Gaudette 15.12.2024r. \u2013 niedziela rado\u015bci, w naszej Parafii dodatkowym szcz\u0119\u015bciem oczekiwania na ponowne przyj\u015bcie Pana Jezusa by\u0142y ob\u0142\u00f3czyny. W szeregi naszych Ministrant\u00f3w oficjalnie zosta\u0142a przyj\u0119ta Kamila Cecelon. Cieszymy si\u0119, \u017ce w tak ma\u0142ej Parafii jak nasza mamy ju\u017c 21 Ministrant\u00f3w, kt\u00f3rzy ch\u0119tnie s\u0142u\u017c\u0105 ku chwale Pana. Nowej Ministrance \u017cyczymy wytrwa\u0142o\u015bci, wielu \u0142ask Bo\u017cych i &hellip;\" \/>\n<meta property=\"og:url\" content=\"https:\/\/pakosc-kalwaria.franciszkanie.net\/index.php\/2024\/12\/17\/niedziela-gaudette-15-12-2024r\/\" \/>\n<meta property=\"og:site_name\" content=\"Pako\u015b\u0107 \u2013 Kalwaria\" \/>\n<meta property=\"article:author\" content=\"https:\/\/www.facebook.com\/KalwariaPakosc\/\" \/>\n<meta property=\"article:published_time\" content=\"2024-12-17T11:46:45+00:00\" \/>\n<meta property=\"og:image\" content=\"http:\/\/pakosc-kalwaria.franciszkanie.net\/wp-content\/uploads\/2024\/12\/470210620_556366763885579_4815557574699372956_n.jpg\" \/>\n\t<meta property=\"og:image:width\" content=\"721\" \/>\n\t<meta property=\"og:image:height\" content=\"1600\" \/>\n\t<meta property=\"og:image:type\" content=\"image\/jpeg\" \/>\n<meta name=\"twitter:card\" content=\"summary\" \/>\n<meta name=\"twitter:label1\" content=\"Napisane przez\" \/>\n\t<meta name=\"twitter:data1\" content=\"pakosc-kalwaria\" \/>\n<script type=\"application\/ld+json\" class=\"yoast-schema-graph\">{\"@context\":\"https:\/\/schema.org\",\"@graph\":[{\"@type\":\"WebSite\",\"@id\":\"https:\/\/pakosc-kalwaria.franciszkanie.net\/#website\",\"url\":\"https:\/\/pakosc-kalwaria.franciszkanie.net\/\",\"name\":\"Pako\u015b\u0107 \u2013 Kalwaria\",\"description\":\"Parafia Rzymsko \u2013 Katolicka p.w. Pana Jezusa Ukrzy\u017cowanego i  Matki Bo\u017cej Bolesnej ul. Barci\u0144ska 60, 88\u2013170 Pako\u015b\u0107 \u2013 Kalwaria\",\"potentialAction\":[{\"@type\":\"SearchAction\",\"target\":{\"@type\":\"EntryPoint\",\"urlTemplate\":\"https:\/\/pakosc-kalwaria.franciszkanie.net\/?s={search_term_string}\"},\"query-input\":\"required name=search_term_string\"}],\"inLanguage\":\"pl-PL\"},{\"@type\":\"ImageObject\",\"@id\":\"https:\/\/pakosc-kalwaria.franciszkanie.net\/index.php\/2024\/12\/17\/niedziela-gaudette-15-12-2024r\/#primaryimage\",\"inLanguage\":\"pl-PL\",\"url\":\"https:\/\/pakosc-kalwaria.franciszkanie.net\/wp-content\/uploads\/2024\/12\/470210620_556366763885579_4815557574699372956_n.jpg\",\"contentUrl\":\"https:\/\/pakosc-kalwaria.franciszkanie.net\/wp-content\/uploads\/2024\/12\/470210620_556366763885579_4815557574699372956_n.jpg\",\"width\":721,\"height\":1600},{\"@type\":\"WebPage\",\"@id\":\"https:\/\/pakosc-kalwaria.franciszkanie.net\/index.php\/2024\/12\/17\/niedziela-gaudette-15-12-2024r\/#webpage\",\"url\":\"https:\/\/pakosc-kalwaria.franciszkanie.net\/index.php\/2024\/12\/17\/niedziela-gaudette-15-12-2024r\/\",\"name\":\"Niedziela Gaudette 15.12.2024r. - Pako\u015b\u0107 \u2013 Kalwaria\",\"isPartOf\":{\"@id\":\"https:\/\/pakosc-kalwaria.franciszkanie.net\/#website\"},\"primaryImageOfPage\":{\"@id\":\"https:\/\/pakosc-kalwaria.franciszkanie.net\/index.php\/2024\/12\/17\/niedziela-gaudette-15-12-2024r\/#primaryimage\"},\"datePublished\":\"2024-12-17T11:46:45+00:00\",\"dateModified\":\"2024-12-17T11:46:45+00:00\",\"author\":{\"@id\":\"https:\/\/pakosc-kalwaria.franciszkanie.net\/#\/schema\/person\/af10b943be0760709227d060eadcb2aa\"},\"breadcrumb\":{\"@id\":\"https:\/\/pakosc-kalwaria.franciszkanie.net\/index.php\/2024\/12\/17\/niedziela-gaudette-15-12-2024r\/#breadcrumb\"},\"inLanguage\":\"pl-PL\",\"potentialAction\":[{\"@type\":\"ReadAction\",\"target\":[\"https:\/\/pakosc-kalwaria.franciszkanie.net\/index.php\/2024\/12\/17\/niedziela-gaudette-15-12-2024r\/\"]}]},{\"@type\":\"BreadcrumbList\",\"@id\":\"https:\/\/pakosc-kalwaria.franciszkanie.net\/index.php\/2024\/12\/17\/niedziela-gaudette-15-12-2024r\/#breadcrumb\",\"itemListElement\":[{\"@type\":\"ListItem\",\"position\":1,\"name\":\"Strona g\u0142\u00f3wna\",\"item\":\"https:\/\/pakosc-kalwaria.franciszkanie.net\/\"},{\"@type\":\"ListItem\",\"position\":2,\"name\":\"Niedziela Gaudette 15.12.2024r.\"}]},{\"@type\":\"Person\",\"@id\":\"https:\/\/pakosc-kalwaria.franciszkanie.net\/#\/schema\/person\/af10b943be0760709227d060eadcb2aa\",\"name\":\"pakosc-kalwaria\",\"image\":{\"@type\":\"ImageObject\",\"@id\":\"https:\/\/pakosc-kalwaria.franciszkanie.net\/#personlogo\",\"inLanguage\":\"pl-PL\",\"url\":\"https:\/\/secure.gravatar.com\/avatar\/e7049d338b55eac6a0027ff3218b8d02?s=96&d=mm&r=g\",\"contentUrl\":\"https:\/\/secure.gravatar.com\/avatar\/e7049d338b55eac6a0027ff3218b8d02?s=96&d=mm&r=g\",\"caption\":\"pakosc-kalwaria\"},\"sameAs\":[\"https:\/\/www.facebook.com\/KalwariaPakosc\/\"],\"url\":\"https:\/\/pakosc-kalwaria.franciszkanie.net\/index.php\/author\/pakosc-kalwaria\/\"}]}<\/script>\n<!-- \/ Yoast SEO plugin. -->","yoast_head_json":{"title":"Niedziela Gaudette 15.12.2024r. - Pako\u015b\u0107 \u2013 Kalwaria","robots":{"index":"index","follow":"follow","max-snippet":"max-snippet:-1","max-image-preview":"max-image-preview:large","max-video-preview":"max-video-preview:-1"},"canonical":"https:\/\/pakosc-kalwaria.franciszkanie.net\/index.php\/2024\/12\/17\/niedziela-gaudette-15-12-2024r\/","og_locale":"pl_PL","og_type":"article","og_title":"Niedziela Gaudette 15.12.2024r. - Pako\u015b\u0107 \u2013 Kalwaria","og_description":"Niedziela Gaudette 15.12.2024r. \u2013 niedziela rado\u015bci, w naszej Parafii dodatkowym szcz\u0119\u015bciem oczekiwania na ponowne przyj\u015bcie Pana Jezusa by\u0142y ob\u0142\u00f3czyny. W szeregi naszych Ministrant\u00f3w oficjalnie zosta\u0142a przyj\u0119ta Kamila Cecelon. Cieszymy si\u0119, \u017ce w tak ma\u0142ej Parafii jak nasza mamy ju\u017c 21 Ministrant\u00f3w, kt\u00f3rzy ch\u0119tnie s\u0142u\u017c\u0105 ku chwale Pana. Nowej Ministrance \u017cyczymy wytrwa\u0142o\u015bci, wielu \u0142ask Bo\u017cych i &hellip;","og_url":"https:\/\/pakosc-kalwaria.franciszkanie.net\/index.php\/2024\/12\/17\/niedziela-gaudette-15-12-2024r\/","og_site_name":"Pako\u015b\u0107 \u2013 Kalwaria","article_author":"https:\/\/www.facebook.com\/KalwariaPakosc\/","article_published_time":"2024-12-17T11:46:45+00:00","og_image":[{"width":721,"height":1600,"url":"http:\/\/pakosc-kalwaria.franciszkanie.net\/wp-content\/uploads\/2024\/12\/470210620_556366763885579_4815557574699372956_n.jpg","type":"image\/jpeg"}],"twitter_card":"summary","twitter_misc":{"Napisane przez":"pakosc-kalwaria"},"schema":{"@context":"https:\/\/schema.org","@graph":[{"@type":"WebSite","@id":"https:\/\/pakosc-kalwaria.franciszkanie.net\/#website","url":"https:\/\/pakosc-kalwaria.franciszkanie.net\/","name":"Pako\u015b\u0107 \u2013 Kalwaria","description":"Parafia Rzymsko \u2013 Katolicka p.w. Pana Jezusa Ukrzy\u017cowanego i  Matki Bo\u017cej Bolesnej ul. Barci\u0144ska 60, 88\u2013170 Pako\u015b\u0107 \u2013 Kalwaria","potentialAction":[{"@type":"SearchAction","target":{"@type":"EntryPoint","urlTemplate":"https:\/\/pakosc-kalwaria.franciszkanie.net\/?s={search_term_string}"},"query-input":"required name=search_term_string"}],"inLanguage":"pl-PL"},{"@type":"ImageObject","@id":"https:\/\/pakosc-kalwaria.franciszkanie.net\/index.php\/2024\/12\/17\/niedziela-gaudette-15-12-2024r\/#primaryimage","inLanguage":"pl-PL","url":"https:\/\/pakosc-kalwaria.franciszkanie.net\/wp-content\/uploads\/2024\/12\/470210620_556366763885579_4815557574699372956_n.jpg","contentUrl":"https:\/\/pakosc-kalwaria.franciszkanie.net\/wp-content\/uploads\/2024\/12\/470210620_556366763885579_4815557574699372956_n.jpg","width":721,"height":1600},{"@type":"WebPage","@id":"https:\/\/pakosc-kalwaria.franciszkanie.net\/index.php\/2024\/12\/17\/niedziela-gaudette-15-12-2024r\/#webpage","url":"https:\/\/pakosc-kalwaria.franciszkanie.net\/index.php\/2024\/12\/17\/niedziela-gaudette-15-12-2024r\/","name":"Niedziela Gaudette 15.12.2024r. - Pako\u015b\u0107 \u2013 Kalwaria","isPartOf":{"@id":"https:\/\/pakosc-kalwaria.franciszkanie.net\/#website"},"primaryImageOfPage":{"@id":"https:\/\/pakosc-kalwaria.franciszkanie.net\/index.php\/2024\/12\/17\/niedziela-gaudette-15-12-2024r\/#primaryimage"},"datePublished":"2024-12-17T11:46:45+00:00","dateModified":"2024-12-17T11:46:45+00:00","author":{"@id":"https:\/\/pakosc-kalwaria.franciszkanie.net\/#\/schema\/person\/af10b943be0760709227d060eadcb2aa"},"breadcrumb":{"@id":"https:\/\/pakosc-kalwaria.franciszkanie.net\/index.php\/2024\/12\/17\/niedziela-gaudette-15-12-2024r\/#breadcrumb"},"inLanguage":"pl-PL","potentialAction":[{"@type":"ReadAction","target":["https:\/\/pakosc-kalwaria.franciszkanie.net\/index.php\/2024\/12\/17\/niedziela-gaudette-15-12-2024r\/"]}]},{"@type":"BreadcrumbList","@id":"https:\/\/pakosc-kalwaria.franciszkanie.net\/index.php\/2024\/12\/17\/niedziela-gaudette-15-12-2024r\/#breadcrumb","itemListElement":[{"@type":"ListItem","position":1,"name":"Strona g\u0142\u00f3wna","item":"https:\/\/pakosc-kalwaria.franciszkanie.net\/"},{"@type":"ListItem","position":2,"name":"Niedziela Gaudette 15.12.2024r."}]},{"@type":"Person","@id":"https:\/\/pakosc-kalwaria.franciszkanie.net\/#\/schema\/person\/af10b943be0760709227d060eadcb2aa","name":"pakosc-kalwaria","image":{"@type":"ImageObject","@id":"https:\/\/pakosc-kalwaria.franciszkanie.net\/#personlogo","inLanguage":"pl-PL","url":"https:\/\/secure.gravatar.com\/avatar\/e7049d338b55eac6a0027ff3218b8d02?s=96&d=mm&r=g","contentUrl":"https:\/\/secure.gravatar.com\/avatar\/e7049d338b55eac6a0027ff3218b8d02?s=96&d=mm&r=g","caption":"pakosc-kalwaria"},"sameAs":["https:\/\/www.facebook.com\/KalwariaPakosc\/"],"url":"https:\/\/pakosc-kalwaria.franciszkanie.net\/index.php\/author\/pakosc-kalwaria\/"}]}},"_links":{"self":[{"href":"https:\/\/pakosc-kalwaria.franciszkanie.net\/index.php\/wp-json\/wp\/v2\/posts\/35560"}],"collection":[{"href":"https:\/\/pakosc-kalwaria.franciszkanie.net\/index.php\/wp-json\/wp\/v2\/posts"}],"about":[{"href":"https:\/\/pakosc-kalwaria.franciszkanie.net\/index.php\/wp-json\/wp\/v2\/types\/post"}],"author":[{"embeddable":true,"href":"https:\/\/pakosc-kalwaria.franciszkanie.net\/index.php\/wp-json\/wp\/v2\/users\/2"}],"replies":[{"embeddable":true,"href":"https:\/\/pakosc-kalwaria.franciszkanie.net\/index.php\/wp-json\/wp\/v2\/comments?post=35560"}],"version-history":[{"count":1,"href":"https:\/\/pakosc-kalwaria.franciszkanie.net\/index.php\/wp-json\/wp\/v2\/posts\/35560\/revisions"}],"predecessor-version":[{"id":35573,"href":"https:\/\/pakosc-kalwaria.franciszkanie.net\/index.php\/wp-json\/wp\/v2\/posts\/35560\/revisions\/35573"}],"wp:featuredmedia":[{"embeddable":true,"href":"https:\/\/pakosc-kalwaria.franciszkanie.net\/index.php\/wp-json\/wp\/v2\/media\/35567"}],"wp:attachment":[{"href":"https:\/\/pakosc-kalwaria.franciszkanie.net\/index.php\/wp-json\/wp\/v2\/media?parent=35560"}],"wp:term":[{"taxonomy":"category","embeddable":true,"href":"https:\/\/pakosc-kalwaria.franciszkanie.net\/index.php\/wp-json\/wp\/v2\/categories?post=35560"},{"taxonomy":"post_tag","embeddable":true,"href":"https:\/\/pakosc-kalwaria.franciszkanie.net\/index.php\/wp-json\/wp\/v2\/tags?post=35560"}],"curies":[{"name":"wp","href":"https:\/\/api.w.org\/{rel}","templated":true}]}}