{"id":35693,"date":"2024-12-25T16:49:39","date_gmt":"2024-12-25T15:49:39","guid":{"rendered":"https:\/\/pakosc-kalwaria.franciszkanie.net\/?p=35693"},"modified":"2024-12-25T16:49:39","modified_gmt":"2024-12-25T15:49:39","slug":"szopka-bozonarodzeniowa-zlobek-eucharystyczny","status":"publish","type":"post","link":"https:\/\/pakosc-kalwaria.franciszkanie.net\/index.php\/2024\/12\/25\/szopka-bozonarodzeniowa-zlobek-eucharystyczny\/","title":{"rendered":"Szopka bo\u017conarodzeniowa? \u017b\u0142\u00f3bek Eucharystyczny?"},"content":{"rendered":"<div class=\"x11i5rnm xat24cr x1mh8g0r x1vvkbs xtlvy1s x126k92a\">\n<div dir=\"auto\">Ojciec dr Andrzej Hejnowicz OFMConv w swojej ksi\u0105\u017cce pt. \u015aw. Franciszek z Asy\u017cu Prawda i legendy wyja\u015bnia, \u017ce w 1223r. w Greccio Biedaczyna z Asy\u017cu chcia\u0142 \u201eukaza\u0107 ludziom bied\u0119 i uni\u017cenie Syna Bo\u017cego oraz \u0142\u0105czno\u015b\u0107 mi\u0119dzy narodzeniem w Betlejem a narodzeniem-przyj\u015bciem na \u015bwiat w ka\u017cdej Mszy \u015awi\u0119tej. O\u0142tarz, na kt\u00f3rym odprawia si\u0119 Msza \u015awi\u0119ta, to \u017c\u0142\u00f3b. Syn Bo\u017cy schodzi z Nieba na ziemi\u0119, czyli, jak w Betlejem tak i na o\u0142tarzu Jezus, B\u00f3g-Cz\u0142owiek przychodzi do nas. Tak wi\u0119c, je\u015bli chcemy m\u00f3wi\u0107 o \u017c\u0142\u00f3bku autorstwa \u015awi\u0119tego, to powinni\u015bmy m\u00f3wi\u0107 o \u2018\u017c\u0142\u00f3bku eucharystycznym\u2019, a nie o szopce bo\u017conarodzeniowej\u201d. \u015awi\u0119ty Franciszek, wymy\u015bli\u0142 scen\u0119 i sugesti\u0119 otoczenia by u\u0142atwi\u0107 spotkanie z Chrystusem sakramentalnym, dlatego w scenie tej nie by\u0142o \u017cadnej figury Dzieci\u0105tka Jezus, J\u00f3zefa i Maryi. By\u0142 prosty, pusty \u017c\u0142\u00f3b, siano, w\u00f3\u0142 i osio\u0142. \u015awi\u0119ty Franciszek poprosi\u0142 o zgod\u0119 wykonania scenki urz\u0119duj\u0105cego papie\u017ca, kt\u00f3ry wyrazi\u0142 sw\u0105 aprobat\u0119. Od tego czasu scena przygotowana przez \u015awi\u0119tego w Greccio sta\u0142a si\u0119 inspiracj\u0105 do powstawania szopek bo\u017conarodzeniowych w dzisiejszym znaczeniu, z figurkami Dzieci\u0105tka Jezus, Maryi i J\u00f3zefa, kt\u00f3re mia\u0142y zobrazowa\u0107 miejsce narodzin Jezusa Chrystusa, a tak\u017ce przedstawia\u0107 sceny z przybycia pasterzy, Trzech M\u0119drc\u00f3w oraz Gwiazd\u0119 Betlejemsk\u0105, kt\u00f3ra prowadzi\u0142a do miejsca narodzin Dzieci\u0105tka Jezus. Od czasu wydarze\u0144 w Greccio Ojcowie Franciszkanie kultywuj\u0105 tradycj\u0119 tworzenia \u017c\u0142\u00f3bk\u00f3w bo\u017conarodzeniowych, chc\u0105 by wszyscy wierni mieli mo\u017cliwo\u015b\u0107 odczucia wyj\u0105tkowo\u015bci tego wydarzenia.<\/div>\n<\/div>\n<div class=\"x11i5rnm xat24cr x1mh8g0r x1vvkbs xtlvy1s x126k92a\">\n<div dir=\"auto\">W tym roku w naszej Parafii powsta\u0142 pomys\u0142 by stworzy\u0107 szopk\u0119 bo\u017conarodzeniow\u0105, wykorzystuj\u0105c o\u0142tarz polowy, do kt\u00f3rej b\u0119d\u0105 mieli dost\u0119p wszyscy wierni oraz osoby, kt\u00f3re z r\u00f3\u017cnych przyczyn, przekona\u0144 i okoliczno\u015bci nie chodz\u0105 do ko\u015bcio\u0142a, by mogli zobaczy\u0107 wyj\u0105tkowo\u015b\u0107 Nocy Narodzenia Pa\u0144skiego, otworzy\u0107 swoje serce na Dzieci\u0105tko Jezus, kt\u00f3re ponownie przysz\u0142o na \u015bwiat by szerzy\u0107 mi\u0142o\u015b\u0107, dawa\u0107 nadziej\u0119 i umacnia\u0107 wiar\u0119. O\u0142tarz polowy da\u0142 mo\u017cliwo\u015b\u0107 wykonania du\u017cego \u017c\u0142\u00f3bka, kt\u00f3ry jest widoczny z daleka i nie ma mo\u017cliwo\u015bci min\u0105\u0107 go niezauwa\u017conym. Jest to miejsce gdzie mo\u017cna podej\u015b\u0107, pomodli\u0107 si\u0119, pomy\u015ble\u0107 nad swoim \u017cyciem.<\/div>\n<\/div>\n<div class=\"x11i5rnm xat24cr x1mh8g0r x1vvkbs xtlvy1s x126k92a\">\n<div dir=\"auto\">Zach\u0119camy wszystkich do odwiedzania naszego Pakoskiego Betlejem, a wszystkim pomys\u0142odawcom, darczy\u0144com, wykonawcom za po\u015bwi\u0119cony czas, przygotowanie, prac\u0119 i pe\u0142ne zaanga\u017cowanie z ca\u0142ego serca dzi\u0119kujemy, niech Dobry B\u00f3g zachowa Was w zdrowiu i szczerze Wam b\u0142ogos\u0142awi.<\/div>\n<\/div>\n<div dir=\"auto\"><img loading=\"lazy\" class=\"alignleft size-full wp-image-35694\" src=\"http:\/\/pakosc-kalwaria.franciszkanie.net\/wp-content\/uploads\/2024\/12\/DSC02394-1.jpg\" alt=\"\" width=\"2048\" height=\"1365\" srcset=\"https:\/\/pakosc-kalwaria.franciszkanie.net\/wp-content\/uploads\/2024\/12\/DSC02394-1.jpg 2048w, https:\/\/pakosc-kalwaria.franciszkanie.net\/wp-content\/uploads\/2024\/12\/DSC02394-1-300x200.jpg 300w, https:\/\/pakosc-kalwaria.franciszkanie.net\/wp-content\/uploads\/2024\/12\/DSC02394-1-1024x683.jpg 1024w, https:\/\/pakosc-kalwaria.franciszkanie.net\/wp-content\/uploads\/2024\/12\/DSC02394-1-768x512.jpg 768w, https:\/\/pakosc-kalwaria.franciszkanie.net\/wp-content\/uploads\/2024\/12\/DSC02394-1-1536x1024.jpg 1536w\" sizes=\"(max-width: 2048px) 100vw, 2048px\" \/> <img loading=\"lazy\" class=\"alignleft size-full wp-image-35695\" src=\"http:\/\/pakosc-kalwaria.franciszkanie.net\/wp-content\/uploads\/2024\/12\/DSC02396-Pano-1.jpg\" alt=\"\" width=\"2048\" height=\"748\" srcset=\"https:\/\/pakosc-kalwaria.franciszkanie.net\/wp-content\/uploads\/2024\/12\/DSC02396-Pano-1.jpg 2048w, https:\/\/pakosc-kalwaria.franciszkanie.net\/wp-content\/uploads\/2024\/12\/DSC02396-Pano-1-300x110.jpg 300w, https:\/\/pakosc-kalwaria.franciszkanie.net\/wp-content\/uploads\/2024\/12\/DSC02396-Pano-1-1024x374.jpg 1024w, https:\/\/pakosc-kalwaria.franciszkanie.net\/wp-content\/uploads\/2024\/12\/DSC02396-Pano-1-768x281.jpg 768w, https:\/\/pakosc-kalwaria.franciszkanie.net\/wp-content\/uploads\/2024\/12\/DSC02396-Pano-1-1536x561.jpg 1536w\" sizes=\"(max-width: 2048px) 100vw, 2048px\" \/> <img loading=\"lazy\" class=\"alignleft size-full wp-image-35696\" src=\"http:\/\/pakosc-kalwaria.franciszkanie.net\/wp-content\/uploads\/2024\/12\/DSC02400-1.jpg\" alt=\"\" width=\"2048\" height=\"1365\" srcset=\"https:\/\/pakosc-kalwaria.franciszkanie.net\/wp-content\/uploads\/2024\/12\/DSC02400-1.jpg 2048w, https:\/\/pakosc-kalwaria.franciszkanie.net\/wp-content\/uploads\/2024\/12\/DSC02400-1-300x200.jpg 300w, https:\/\/pakosc-kalwaria.franciszkanie.net\/wp-content\/uploads\/2024\/12\/DSC02400-1-1024x683.jpg 1024w, https:\/\/pakosc-kalwaria.franciszkanie.net\/wp-content\/uploads\/2024\/12\/DSC02400-1-768x512.jpg 768w, https:\/\/pakosc-kalwaria.franciszkanie.net\/wp-content\/uploads\/2024\/12\/DSC02400-1-1536x1024.jpg 1536w\" sizes=\"(max-width: 2048px) 100vw, 2048px\" \/> <img loading=\"lazy\" class=\"alignleft size-full wp-image-35697\" src=\"http:\/\/pakosc-kalwaria.franciszkanie.net\/wp-content\/uploads\/2024\/12\/DSC02401-1.jpg\" alt=\"\" width=\"2048\" height=\"1365\" srcset=\"https:\/\/pakosc-kalwaria.franciszkanie.net\/wp-content\/uploads\/2024\/12\/DSC02401-1.jpg 2048w, https:\/\/pakosc-kalwaria.franciszkanie.net\/wp-content\/uploads\/2024\/12\/DSC02401-1-300x200.jpg 300w, https:\/\/pakosc-kalwaria.franciszkanie.net\/wp-content\/uploads\/2024\/12\/DSC02401-1-1024x683.jpg 1024w, https:\/\/pakosc-kalwaria.franciszkanie.net\/wp-content\/uploads\/2024\/12\/DSC02401-1-768x512.jpg 768w, https:\/\/pakosc-kalwaria.franciszkanie.net\/wp-content\/uploads\/2024\/12\/DSC02401-1-1536x1024.jpg 1536w\" sizes=\"(max-width: 2048px) 100vw, 2048px\" \/><\/div>\n","protected":false},"excerpt":{"rendered":"<p>Ojciec dr Andrzej Hejnowicz OFMConv w swojej ksi\u0105\u017cce pt. \u015aw. Franciszek z Asy\u017cu Prawda i legendy wyja\u015bnia, \u017ce w 1223r. w Greccio Biedaczyna z Asy\u017cu chcia\u0142 \u201eukaza\u0107 ludziom bied\u0119 i uni\u017cenie Syna Bo\u017cego oraz \u0142\u0105czno\u015b\u0107 mi\u0119dzy narodzeniem w Betlejem a narodzeniem-przyj\u015bciem na \u015bwiat w ka\u017cdej Mszy \u015awi\u0119tej. O\u0142tarz, na kt\u00f3rym odprawia si\u0119 Msza \u015awi\u0119ta, to &hellip;<\/p>\n","protected":false},"author":2,"featured_media":35694,"comment_status":"closed","ping_status":"closed","sticky":false,"template":"","format":"standard","meta":{"_mi_skip_tracking":false,"_exactmetrics_sitenote_active":false,"_exactmetrics_sitenote_note":"","_exactmetrics_sitenote_category":0},"categories":[1],"tags":[],"yoast_head":"<!-- This site is optimized with the Yoast SEO plugin v18.1 - https:\/\/yoast.com\/wordpress\/plugins\/seo\/ -->\n<title>Szopka bo\u017conarodzeniowa? \u017b\u0142\u00f3bek Eucharystyczny? - Pako\u015b\u0107 \u2013 Kalwaria<\/title>\n<meta name=\"robots\" content=\"index, follow, max-snippet:-1, max-image-preview:large, max-video-preview:-1\" \/>\n<link rel=\"canonical\" href=\"https:\/\/pakosc-kalwaria.franciszkanie.net\/index.php\/2024\/12\/25\/szopka-bozonarodzeniowa-zlobek-eucharystyczny\/\" \/>\n<meta property=\"og:locale\" content=\"pl_PL\" \/>\n<meta property=\"og:type\" content=\"article\" \/>\n<meta property=\"og:title\" content=\"Szopka bo\u017conarodzeniowa? \u017b\u0142\u00f3bek Eucharystyczny? - Pako\u015b\u0107 \u2013 Kalwaria\" \/>\n<meta property=\"og:description\" content=\"Ojciec dr Andrzej Hejnowicz OFMConv w swojej ksi\u0105\u017cce pt. \u015aw. Franciszek z Asy\u017cu Prawda i legendy wyja\u015bnia, \u017ce w 1223r. w Greccio Biedaczyna z Asy\u017cu chcia\u0142 \u201eukaza\u0107 ludziom bied\u0119 i uni\u017cenie Syna Bo\u017cego oraz \u0142\u0105czno\u015b\u0107 mi\u0119dzy narodzeniem w Betlejem a narodzeniem-przyj\u015bciem na \u015bwiat w ka\u017cdej Mszy \u015awi\u0119tej. O\u0142tarz, na kt\u00f3rym odprawia si\u0119 Msza \u015awi\u0119ta, to &hellip;\" \/>\n<meta property=\"og:url\" content=\"https:\/\/pakosc-kalwaria.franciszkanie.net\/index.php\/2024\/12\/25\/szopka-bozonarodzeniowa-zlobek-eucharystyczny\/\" \/>\n<meta property=\"og:site_name\" content=\"Pako\u015b\u0107 \u2013 Kalwaria\" \/>\n<meta property=\"article:author\" content=\"https:\/\/www.facebook.com\/KalwariaPakosc\/\" \/>\n<meta property=\"article:published_time\" content=\"2024-12-25T15:49:39+00:00\" \/>\n<meta property=\"og:image\" content=\"http:\/\/pakosc-kalwaria.franciszkanie.net\/wp-content\/uploads\/2024\/12\/DSC02394-1.jpg\" \/>\n\t<meta property=\"og:image:width\" content=\"2048\" \/>\n\t<meta property=\"og:image:height\" content=\"1365\" \/>\n\t<meta property=\"og:image:type\" content=\"image\/jpeg\" \/>\n<meta name=\"twitter:card\" content=\"summary\" \/>\n<meta name=\"twitter:label1\" content=\"Napisane przez\" \/>\n\t<meta name=\"twitter:data1\" content=\"pakosc-kalwaria\" \/>\n\t<meta name=\"twitter:label2\" content=\"Szacowany czas czytania\" \/>\n\t<meta name=\"twitter:data2\" content=\"2 minuty\" \/>\n<script type=\"application\/ld+json\" class=\"yoast-schema-graph\">{\"@context\":\"https:\/\/schema.org\",\"@graph\":[{\"@type\":\"WebSite\",\"@id\":\"https:\/\/pakosc-kalwaria.franciszkanie.net\/#website\",\"url\":\"https:\/\/pakosc-kalwaria.franciszkanie.net\/\",\"name\":\"Pako\u015b\u0107 \u2013 Kalwaria\",\"description\":\"Parafia Rzymsko \u2013 Katolicka p.w. Pana Jezusa Ukrzy\u017cowanego i  Matki Bo\u017cej Bolesnej ul. Barci\u0144ska 60, 88\u2013170 Pako\u015b\u0107 \u2013 Kalwaria\",\"potentialAction\":[{\"@type\":\"SearchAction\",\"target\":{\"@type\":\"EntryPoint\",\"urlTemplate\":\"https:\/\/pakosc-kalwaria.franciszkanie.net\/?s={search_term_string}\"},\"query-input\":\"required name=search_term_string\"}],\"inLanguage\":\"pl-PL\"},{\"@type\":\"ImageObject\",\"@id\":\"https:\/\/pakosc-kalwaria.franciszkanie.net\/index.php\/2024\/12\/25\/szopka-bozonarodzeniowa-zlobek-eucharystyczny\/#primaryimage\",\"inLanguage\":\"pl-PL\",\"url\":\"https:\/\/pakosc-kalwaria.franciszkanie.net\/wp-content\/uploads\/2024\/12\/DSC02394-1.jpg\",\"contentUrl\":\"https:\/\/pakosc-kalwaria.franciszkanie.net\/wp-content\/uploads\/2024\/12\/DSC02394-1.jpg\",\"width\":2048,\"height\":1365},{\"@type\":\"WebPage\",\"@id\":\"https:\/\/pakosc-kalwaria.franciszkanie.net\/index.php\/2024\/12\/25\/szopka-bozonarodzeniowa-zlobek-eucharystyczny\/#webpage\",\"url\":\"https:\/\/pakosc-kalwaria.franciszkanie.net\/index.php\/2024\/12\/25\/szopka-bozonarodzeniowa-zlobek-eucharystyczny\/\",\"name\":\"Szopka bo\u017conarodzeniowa? \u017b\u0142\u00f3bek Eucharystyczny? - Pako\u015b\u0107 \u2013 Kalwaria\",\"isPartOf\":{\"@id\":\"https:\/\/pakosc-kalwaria.franciszkanie.net\/#website\"},\"primaryImageOfPage\":{\"@id\":\"https:\/\/pakosc-kalwaria.franciszkanie.net\/index.php\/2024\/12\/25\/szopka-bozonarodzeniowa-zlobek-eucharystyczny\/#primaryimage\"},\"datePublished\":\"2024-12-25T15:49:39+00:00\",\"dateModified\":\"2024-12-25T15:49:39+00:00\",\"author\":{\"@id\":\"https:\/\/pakosc-kalwaria.franciszkanie.net\/#\/schema\/person\/af10b943be0760709227d060eadcb2aa\"},\"breadcrumb\":{\"@id\":\"https:\/\/pakosc-kalwaria.franciszkanie.net\/index.php\/2024\/12\/25\/szopka-bozonarodzeniowa-zlobek-eucharystyczny\/#breadcrumb\"},\"inLanguage\":\"pl-PL\",\"potentialAction\":[{\"@type\":\"ReadAction\",\"target\":[\"https:\/\/pakosc-kalwaria.franciszkanie.net\/index.php\/2024\/12\/25\/szopka-bozonarodzeniowa-zlobek-eucharystyczny\/\"]}]},{\"@type\":\"BreadcrumbList\",\"@id\":\"https:\/\/pakosc-kalwaria.franciszkanie.net\/index.php\/2024\/12\/25\/szopka-bozonarodzeniowa-zlobek-eucharystyczny\/#breadcrumb\",\"itemListElement\":[{\"@type\":\"ListItem\",\"position\":1,\"name\":\"Strona g\u0142\u00f3wna\",\"item\":\"https:\/\/pakosc-kalwaria.franciszkanie.net\/\"},{\"@type\":\"ListItem\",\"position\":2,\"name\":\"Szopka bo\u017conarodzeniowa? \u017b\u0142\u00f3bek Eucharystyczny?\"}]},{\"@type\":\"Person\",\"@id\":\"https:\/\/pakosc-kalwaria.franciszkanie.net\/#\/schema\/person\/af10b943be0760709227d060eadcb2aa\",\"name\":\"pakosc-kalwaria\",\"image\":{\"@type\":\"ImageObject\",\"@id\":\"https:\/\/pakosc-kalwaria.franciszkanie.net\/#personlogo\",\"inLanguage\":\"pl-PL\",\"url\":\"https:\/\/secure.gravatar.com\/avatar\/e7049d338b55eac6a0027ff3218b8d02?s=96&d=mm&r=g\",\"contentUrl\":\"https:\/\/secure.gravatar.com\/avatar\/e7049d338b55eac6a0027ff3218b8d02?s=96&d=mm&r=g\",\"caption\":\"pakosc-kalwaria\"},\"sameAs\":[\"https:\/\/www.facebook.com\/KalwariaPakosc\/\"],\"url\":\"https:\/\/pakosc-kalwaria.franciszkanie.net\/index.php\/author\/pakosc-kalwaria\/\"}]}<\/script>\n<!-- \/ Yoast SEO plugin. -->","yoast_head_json":{"title":"Szopka bo\u017conarodzeniowa? \u017b\u0142\u00f3bek Eucharystyczny? - Pako\u015b\u0107 \u2013 Kalwaria","robots":{"index":"index","follow":"follow","max-snippet":"max-snippet:-1","max-image-preview":"max-image-preview:large","max-video-preview":"max-video-preview:-1"},"canonical":"https:\/\/pakosc-kalwaria.franciszkanie.net\/index.php\/2024\/12\/25\/szopka-bozonarodzeniowa-zlobek-eucharystyczny\/","og_locale":"pl_PL","og_type":"article","og_title":"Szopka bo\u017conarodzeniowa? \u017b\u0142\u00f3bek Eucharystyczny? - Pako\u015b\u0107 \u2013 Kalwaria","og_description":"Ojciec dr Andrzej Hejnowicz OFMConv w swojej ksi\u0105\u017cce pt. \u015aw. Franciszek z Asy\u017cu Prawda i legendy wyja\u015bnia, \u017ce w 1223r. w Greccio Biedaczyna z Asy\u017cu chcia\u0142 \u201eukaza\u0107 ludziom bied\u0119 i uni\u017cenie Syna Bo\u017cego oraz \u0142\u0105czno\u015b\u0107 mi\u0119dzy narodzeniem w Betlejem a narodzeniem-przyj\u015bciem na \u015bwiat w ka\u017cdej Mszy \u015awi\u0119tej. O\u0142tarz, na kt\u00f3rym odprawia si\u0119 Msza \u015awi\u0119ta, to &hellip;","og_url":"https:\/\/pakosc-kalwaria.franciszkanie.net\/index.php\/2024\/12\/25\/szopka-bozonarodzeniowa-zlobek-eucharystyczny\/","og_site_name":"Pako\u015b\u0107 \u2013 Kalwaria","article_author":"https:\/\/www.facebook.com\/KalwariaPakosc\/","article_published_time":"2024-12-25T15:49:39+00:00","og_image":[{"width":2048,"height":1365,"url":"http:\/\/pakosc-kalwaria.franciszkanie.net\/wp-content\/uploads\/2024\/12\/DSC02394-1.jpg","type":"image\/jpeg"}],"twitter_card":"summary","twitter_misc":{"Napisane przez":"pakosc-kalwaria","Szacowany czas czytania":"2 minuty"},"schema":{"@context":"https:\/\/schema.org","@graph":[{"@type":"WebSite","@id":"https:\/\/pakosc-kalwaria.franciszkanie.net\/#website","url":"https:\/\/pakosc-kalwaria.franciszkanie.net\/","name":"Pako\u015b\u0107 \u2013 Kalwaria","description":"Parafia Rzymsko \u2013 Katolicka p.w. Pana Jezusa Ukrzy\u017cowanego i  Matki Bo\u017cej Bolesnej ul. Barci\u0144ska 60, 88\u2013170 Pako\u015b\u0107 \u2013 Kalwaria","potentialAction":[{"@type":"SearchAction","target":{"@type":"EntryPoint","urlTemplate":"https:\/\/pakosc-kalwaria.franciszkanie.net\/?s={search_term_string}"},"query-input":"required name=search_term_string"}],"inLanguage":"pl-PL"},{"@type":"ImageObject","@id":"https:\/\/pakosc-kalwaria.franciszkanie.net\/index.php\/2024\/12\/25\/szopka-bozonarodzeniowa-zlobek-eucharystyczny\/#primaryimage","inLanguage":"pl-PL","url":"https:\/\/pakosc-kalwaria.franciszkanie.net\/wp-content\/uploads\/2024\/12\/DSC02394-1.jpg","contentUrl":"https:\/\/pakosc-kalwaria.franciszkanie.net\/wp-content\/uploads\/2024\/12\/DSC02394-1.jpg","width":2048,"height":1365},{"@type":"WebPage","@id":"https:\/\/pakosc-kalwaria.franciszkanie.net\/index.php\/2024\/12\/25\/szopka-bozonarodzeniowa-zlobek-eucharystyczny\/#webpage","url":"https:\/\/pakosc-kalwaria.franciszkanie.net\/index.php\/2024\/12\/25\/szopka-bozonarodzeniowa-zlobek-eucharystyczny\/","name":"Szopka bo\u017conarodzeniowa? \u017b\u0142\u00f3bek Eucharystyczny? - Pako\u015b\u0107 \u2013 Kalwaria","isPartOf":{"@id":"https:\/\/pakosc-kalwaria.franciszkanie.net\/#website"},"primaryImageOfPage":{"@id":"https:\/\/pakosc-kalwaria.franciszkanie.net\/index.php\/2024\/12\/25\/szopka-bozonarodzeniowa-zlobek-eucharystyczny\/#primaryimage"},"datePublished":"2024-12-25T15:49:39+00:00","dateModified":"2024-12-25T15:49:39+00:00","author":{"@id":"https:\/\/pakosc-kalwaria.franciszkanie.net\/#\/schema\/person\/af10b943be0760709227d060eadcb2aa"},"breadcrumb":{"@id":"https:\/\/pakosc-kalwaria.franciszkanie.net\/index.php\/2024\/12\/25\/szopka-bozonarodzeniowa-zlobek-eucharystyczny\/#breadcrumb"},"inLanguage":"pl-PL","potentialAction":[{"@type":"ReadAction","target":["https:\/\/pakosc-kalwaria.franciszkanie.net\/index.php\/2024\/12\/25\/szopka-bozonarodzeniowa-zlobek-eucharystyczny\/"]}]},{"@type":"BreadcrumbList","@id":"https:\/\/pakosc-kalwaria.franciszkanie.net\/index.php\/2024\/12\/25\/szopka-bozonarodzeniowa-zlobek-eucharystyczny\/#breadcrumb","itemListElement":[{"@type":"ListItem","position":1,"name":"Strona g\u0142\u00f3wna","item":"https:\/\/pakosc-kalwaria.franciszkanie.net\/"},{"@type":"ListItem","position":2,"name":"Szopka bo\u017conarodzeniowa? \u017b\u0142\u00f3bek Eucharystyczny?"}]},{"@type":"Person","@id":"https:\/\/pakosc-kalwaria.franciszkanie.net\/#\/schema\/person\/af10b943be0760709227d060eadcb2aa","name":"pakosc-kalwaria","image":{"@type":"ImageObject","@id":"https:\/\/pakosc-kalwaria.franciszkanie.net\/#personlogo","inLanguage":"pl-PL","url":"https:\/\/secure.gravatar.com\/avatar\/e7049d338b55eac6a0027ff3218b8d02?s=96&d=mm&r=g","contentUrl":"https:\/\/secure.gravatar.com\/avatar\/e7049d338b55eac6a0027ff3218b8d02?s=96&d=mm&r=g","caption":"pakosc-kalwaria"},"sameAs":["https:\/\/www.facebook.com\/KalwariaPakosc\/"],"url":"https:\/\/pakosc-kalwaria.franciszkanie.net\/index.php\/author\/pakosc-kalwaria\/"}]}},"_links":{"self":[{"href":"https:\/\/pakosc-kalwaria.franciszkanie.net\/index.php\/wp-json\/wp\/v2\/posts\/35693"}],"collection":[{"href":"https:\/\/pakosc-kalwaria.franciszkanie.net\/index.php\/wp-json\/wp\/v2\/posts"}],"about":[{"href":"https:\/\/pakosc-kalwaria.franciszkanie.net\/index.php\/wp-json\/wp\/v2\/types\/post"}],"author":[{"embeddable":true,"href":"https:\/\/pakosc-kalwaria.franciszkanie.net\/index.php\/wp-json\/wp\/v2\/users\/2"}],"replies":[{"embeddable":true,"href":"https:\/\/pakosc-kalwaria.franciszkanie.net\/index.php\/wp-json\/wp\/v2\/comments?post=35693"}],"version-history":[{"count":1,"href":"https:\/\/pakosc-kalwaria.franciszkanie.net\/index.php\/wp-json\/wp\/v2\/posts\/35693\/revisions"}],"predecessor-version":[{"id":35698,"href":"https:\/\/pakosc-kalwaria.franciszkanie.net\/index.php\/wp-json\/wp\/v2\/posts\/35693\/revisions\/35698"}],"wp:featuredmedia":[{"embeddable":true,"href":"https:\/\/pakosc-kalwaria.franciszkanie.net\/index.php\/wp-json\/wp\/v2\/media\/35694"}],"wp:attachment":[{"href":"https:\/\/pakosc-kalwaria.franciszkanie.net\/index.php\/wp-json\/wp\/v2\/media?parent=35693"}],"wp:term":[{"taxonomy":"category","embeddable":true,"href":"https:\/\/pakosc-kalwaria.franciszkanie.net\/index.php\/wp-json\/wp\/v2\/categories?post=35693"},{"taxonomy":"post_tag","embeddable":true,"href":"https:\/\/pakosc-kalwaria.franciszkanie.net\/index.php\/wp-json\/wp\/v2\/tags?post=35693"}],"curies":[{"name":"wp","href":"https:\/\/api.w.org\/{rel}","templated":true}]}}