{"id":35952,"date":"2025-02-05T17:27:49","date_gmt":"2025-02-05T16:27:49","guid":{"rendered":"https:\/\/pakosc-kalwaria.franciszkanie.net\/?p=35952"},"modified":"2025-02-05T17:27:49","modified_gmt":"2025-02-05T16:27:49","slug":"koncert-koled-i-poezji-z-zespolem-pierwiastek-z-pieciu","status":"publish","type":"post","link":"https:\/\/pakosc-kalwaria.franciszkanie.net\/index.php\/2025\/02\/05\/koncert-koled-i-poezji-z-zespolem-pierwiastek-z-pieciu\/","title":{"rendered":"Koncert kol\u0119d i poezji z zespo\u0142em Pierwiastek z Pi\u0119ciu"},"content":{"rendered":"<p>W sobotni wiecz\u00f3r 1 lutego w Cafe Francesco odby\u0142 si\u0119 koncert zespo\u0142u Pierwiastek z Pi\u0119ciu, kt\u00f3ry ju\u017c nie raz go\u015bci\u0142 w naszej parafii. Wydarzenie przyci\u0105gn\u0119\u0142o liczn\u0105 grup\u0119 parafian oraz sympatyk\u00f3w zespo\u0142u, tworz\u0105c wspania\u0142\u0105 atmosfer\u0119 pe\u0142n\u0105 rado\u015bci.<\/p>\n<p>Wyst\u0119p rozpocz\u0105\u0142 si\u0119 od \u015bpiewu kol\u0119d i pastora\u0142ek, kt\u00f3re by\u0142y ch\u0119tnie \u015bpiewane przez licznie zgromadzon\u0105 publiczno\u015b\u0107. \u015awi\u0105teczne melodie wype\u0142ni\u0142y Cafe i wprowadzi\u0142y wszystkich w doskona\u0142y nastr\u00f3j.<\/p>\n<p>Druga cz\u0119\u015b\u0107 koncertu przenios\u0142a nas w muzyczny \u015bwiat Starego Dobrego Ma\u0142\u017ce\u0144stwa oraz Wolnej Grupy Bukowina. Zesp\u00f3\u0142 wykona\u0142 utwory, kt\u00f3re wzrusza\u0142y i bawi\u0142y, a rado\u015b\u0107 p\u0142yn\u0105ca z muzyki by\u0142a widoczna na twarzach wszystkich uczestnik\u00f3w. Kulminacj\u0105 wieczoru by\u0142o wykonanie utworu &#8222;Bieszczadzkie Anio\u0142y,&#8221; kt\u00f3ry porwa\u0142 do \u015bpiewu wszystkich obecnych w Cafe. Ten wsp\u00f3lny moment na d\u0142ugo pozostanie w naszych sercach.<\/p>\n<p>Ogromnie dzi\u0119kujemy zespo\u0142owi Pierwiastek z Pi\u0119ciu za wspania\u0142y wyst\u0119p i niezapomniane chwile. Dzi\u0119kujemy wszystkim, kt\u00f3rzy przybyli, aby wsp\u00f3lnie sp\u0119dzi\u0107 ten wyj\u0105tkowy wiecz\u00f3r. Wasza obecno\u015b\u0107 i entuzjazm sprawi\u0142y, \u017ce koncert by\u0142 jeszcze bardziej wyj\u0105tkowy.<\/p>\n<p><img loading=\"lazy\" class=\"alignleft size-full wp-image-35953\" src=\"http:\/\/pakosc-kalwaria.franciszkanie.net\/wp-content\/uploads\/2025\/02\/1-1.jpg\" alt=\"\" width=\"1200\" height=\"1600\" srcset=\"https:\/\/pakosc-kalwaria.franciszkanie.net\/wp-content\/uploads\/2025\/02\/1-1.jpg 1200w, https:\/\/pakosc-kalwaria.franciszkanie.net\/wp-content\/uploads\/2025\/02\/1-1-225x300.jpg 225w, https:\/\/pakosc-kalwaria.franciszkanie.net\/wp-content\/uploads\/2025\/02\/1-1-768x1024.jpg 768w, https:\/\/pakosc-kalwaria.franciszkanie.net\/wp-content\/uploads\/2025\/02\/1-1-1152x1536.jpg 1152w\" sizes=\"(max-width: 1200px) 100vw, 1200px\" \/> <img loading=\"lazy\" class=\"alignleft size-full wp-image-35954\" src=\"http:\/\/pakosc-kalwaria.franciszkanie.net\/wp-content\/uploads\/2025\/02\/1-2.jpg\" alt=\"\" width=\"1600\" height=\"1200\" srcset=\"https:\/\/pakosc-kalwaria.franciszkanie.net\/wp-content\/uploads\/2025\/02\/1-2.jpg 1600w, https:\/\/pakosc-kalwaria.franciszkanie.net\/wp-content\/uploads\/2025\/02\/1-2-300x225.jpg 300w, https:\/\/pakosc-kalwaria.franciszkanie.net\/wp-content\/uploads\/2025\/02\/1-2-1024x768.jpg 1024w, https:\/\/pakosc-kalwaria.franciszkanie.net\/wp-content\/uploads\/2025\/02\/1-2-768x576.jpg 768w, https:\/\/pakosc-kalwaria.franciszkanie.net\/wp-content\/uploads\/2025\/02\/1-2-1536x1152.jpg 1536w, https:\/\/pakosc-kalwaria.franciszkanie.net\/wp-content\/uploads\/2025\/02\/1-2-418x315.jpg 418w\" sizes=\"(max-width: 1600px) 100vw, 1600px\" \/> <img loading=\"lazy\" class=\"alignleft size-full wp-image-35955\" src=\"http:\/\/pakosc-kalwaria.franciszkanie.net\/wp-content\/uploads\/2025\/02\/1-3.jpg\" alt=\"\" width=\"1200\" height=\"1600\" srcset=\"https:\/\/pakosc-kalwaria.franciszkanie.net\/wp-content\/uploads\/2025\/02\/1-3.jpg 1200w, https:\/\/pakosc-kalwaria.franciszkanie.net\/wp-content\/uploads\/2025\/02\/1-3-225x300.jpg 225w, https:\/\/pakosc-kalwaria.franciszkanie.net\/wp-content\/uploads\/2025\/02\/1-3-768x1024.jpg 768w, https:\/\/pakosc-kalwaria.franciszkanie.net\/wp-content\/uploads\/2025\/02\/1-3-1152x1536.jpg 1152w\" sizes=\"(max-width: 1200px) 100vw, 1200px\" \/> <img loading=\"lazy\" class=\"alignleft size-full wp-image-35956\" src=\"http:\/\/pakosc-kalwaria.franciszkanie.net\/wp-content\/uploads\/2025\/02\/1-4.jpg\" alt=\"\" width=\"1600\" height=\"1200\" srcset=\"https:\/\/pakosc-kalwaria.franciszkanie.net\/wp-content\/uploads\/2025\/02\/1-4.jpg 1600w, https:\/\/pakosc-kalwaria.franciszkanie.net\/wp-content\/uploads\/2025\/02\/1-4-300x225.jpg 300w, https:\/\/pakosc-kalwaria.franciszkanie.net\/wp-content\/uploads\/2025\/02\/1-4-1024x768.jpg 1024w, https:\/\/pakosc-kalwaria.franciszkanie.net\/wp-content\/uploads\/2025\/02\/1-4-768x576.jpg 768w, https:\/\/pakosc-kalwaria.franciszkanie.net\/wp-content\/uploads\/2025\/02\/1-4-1536x1152.jpg 1536w, https:\/\/pakosc-kalwaria.franciszkanie.net\/wp-content\/uploads\/2025\/02\/1-4-418x315.jpg 418w\" sizes=\"(max-width: 1600px) 100vw, 1600px\" \/> <img loading=\"lazy\" class=\"alignleft size-full wp-image-35957\" src=\"http:\/\/pakosc-kalwaria.franciszkanie.net\/wp-content\/uploads\/2025\/02\/1-5.jpg\" alt=\"\" width=\"1600\" height=\"1200\" srcset=\"https:\/\/pakosc-kalwaria.franciszkanie.net\/wp-content\/uploads\/2025\/02\/1-5.jpg 1600w, https:\/\/pakosc-kalwaria.franciszkanie.net\/wp-content\/uploads\/2025\/02\/1-5-300x225.jpg 300w, https:\/\/pakosc-kalwaria.franciszkanie.net\/wp-content\/uploads\/2025\/02\/1-5-1024x768.jpg 1024w, https:\/\/pakosc-kalwaria.franciszkanie.net\/wp-content\/uploads\/2025\/02\/1-5-768x576.jpg 768w, https:\/\/pakosc-kalwaria.franciszkanie.net\/wp-content\/uploads\/2025\/02\/1-5-1536x1152.jpg 1536w, https:\/\/pakosc-kalwaria.franciszkanie.net\/wp-content\/uploads\/2025\/02\/1-5-418x315.jpg 418w\" sizes=\"(max-width: 1600px) 100vw, 1600px\" \/> <img loading=\"lazy\" class=\"alignleft size-full wp-image-35958\" src=\"http:\/\/pakosc-kalwaria.franciszkanie.net\/wp-content\/uploads\/2025\/02\/1-6.jpg\" alt=\"\" width=\"1600\" height=\"1200\" srcset=\"https:\/\/pakosc-kalwaria.franciszkanie.net\/wp-content\/uploads\/2025\/02\/1-6.jpg 1600w, https:\/\/pakosc-kalwaria.franciszkanie.net\/wp-content\/uploads\/2025\/02\/1-6-300x225.jpg 300w, https:\/\/pakosc-kalwaria.franciszkanie.net\/wp-content\/uploads\/2025\/02\/1-6-1024x768.jpg 1024w, https:\/\/pakosc-kalwaria.franciszkanie.net\/wp-content\/uploads\/2025\/02\/1-6-768x576.jpg 768w, https:\/\/pakosc-kalwaria.franciszkanie.net\/wp-content\/uploads\/2025\/02\/1-6-1536x1152.jpg 1536w, https:\/\/pakosc-kalwaria.franciszkanie.net\/wp-content\/uploads\/2025\/02\/1-6-418x315.jpg 418w\" sizes=\"(max-width: 1600px) 100vw, 1600px\" \/> <img loading=\"lazy\" class=\"alignleft size-full wp-image-35959\" src=\"http:\/\/pakosc-kalwaria.franciszkanie.net\/wp-content\/uploads\/2025\/02\/1-7.jpg\" alt=\"\" width=\"1600\" height=\"1200\" srcset=\"https:\/\/pakosc-kalwaria.franciszkanie.net\/wp-content\/uploads\/2025\/02\/1-7.jpg 1600w, https:\/\/pakosc-kalwaria.franciszkanie.net\/wp-content\/uploads\/2025\/02\/1-7-300x225.jpg 300w, https:\/\/pakosc-kalwaria.franciszkanie.net\/wp-content\/uploads\/2025\/02\/1-7-1024x768.jpg 1024w, https:\/\/pakosc-kalwaria.franciszkanie.net\/wp-content\/uploads\/2025\/02\/1-7-768x576.jpg 768w, https:\/\/pakosc-kalwaria.franciszkanie.net\/wp-content\/uploads\/2025\/02\/1-7-1536x1152.jpg 1536w, https:\/\/pakosc-kalwaria.franciszkanie.net\/wp-content\/uploads\/2025\/02\/1-7-418x315.jpg 418w\" sizes=\"(max-width: 1600px) 100vw, 1600px\" \/> <img loading=\"lazy\" class=\"alignleft size-full wp-image-35960\" src=\"http:\/\/pakosc-kalwaria.franciszkanie.net\/wp-content\/uploads\/2025\/02\/1-8.jpg\" alt=\"\" width=\"1600\" height=\"1200\" srcset=\"https:\/\/pakosc-kalwaria.franciszkanie.net\/wp-content\/uploads\/2025\/02\/1-8.jpg 1600w, https:\/\/pakosc-kalwaria.franciszkanie.net\/wp-content\/uploads\/2025\/02\/1-8-300x225.jpg 300w, https:\/\/pakosc-kalwaria.franciszkanie.net\/wp-content\/uploads\/2025\/02\/1-8-1024x768.jpg 1024w, https:\/\/pakosc-kalwaria.franciszkanie.net\/wp-content\/uploads\/2025\/02\/1-8-768x576.jpg 768w, https:\/\/pakosc-kalwaria.franciszkanie.net\/wp-content\/uploads\/2025\/02\/1-8-1536x1152.jpg 1536w, https:\/\/pakosc-kalwaria.franciszkanie.net\/wp-content\/uploads\/2025\/02\/1-8-418x315.jpg 418w\" sizes=\"(max-width: 1600px) 100vw, 1600px\" \/><\/p>\n","protected":false},"excerpt":{"rendered":"<p>W sobotni wiecz\u00f3r 1 lutego w Cafe Francesco odby\u0142 si\u0119 koncert zespo\u0142u Pierwiastek z Pi\u0119ciu, kt\u00f3ry ju\u017c nie raz go\u015bci\u0142 w naszej parafii. Wydarzenie przyci\u0105gn\u0119\u0142o liczn\u0105 grup\u0119 parafian oraz sympatyk\u00f3w zespo\u0142u, tworz\u0105c wspania\u0142\u0105 atmosfer\u0119 pe\u0142n\u0105 rado\u015bci. Wyst\u0119p rozpocz\u0105\u0142 si\u0119 od \u015bpiewu kol\u0119d i pastora\u0142ek, kt\u00f3re by\u0142y ch\u0119tnie \u015bpiewane przez licznie zgromadzon\u0105 publiczno\u015b\u0107. \u015awi\u0105teczne melodie wype\u0142ni\u0142y &hellip;<\/p>\n","protected":false},"author":2,"featured_media":35959,"comment_status":"closed","ping_status":"closed","sticky":false,"template":"","format":"standard","meta":{"_mi_skip_tracking":false,"_exactmetrics_sitenote_active":false,"_exactmetrics_sitenote_note":"","_exactmetrics_sitenote_category":0},"categories":[13],"tags":[],"yoast_head":"<!-- This site is optimized with the Yoast SEO plugin v18.1 - https:\/\/yoast.com\/wordpress\/plugins\/seo\/ -->\n<title>Koncert kol\u0119d i poezji z zespo\u0142em Pierwiastek z Pi\u0119ciu - Pako\u015b\u0107 \u2013 Kalwaria<\/title>\n<meta name=\"robots\" content=\"index, follow, max-snippet:-1, max-image-preview:large, max-video-preview:-1\" \/>\n<link rel=\"canonical\" href=\"https:\/\/pakosc-kalwaria.franciszkanie.net\/index.php\/2025\/02\/05\/koncert-koled-i-poezji-z-zespolem-pierwiastek-z-pieciu\/\" \/>\n<meta property=\"og:locale\" content=\"pl_PL\" \/>\n<meta property=\"og:type\" content=\"article\" \/>\n<meta property=\"og:title\" content=\"Koncert kol\u0119d i poezji z zespo\u0142em Pierwiastek z Pi\u0119ciu - Pako\u015b\u0107 \u2013 Kalwaria\" \/>\n<meta property=\"og:description\" content=\"W sobotni wiecz\u00f3r 1 lutego w Cafe Francesco odby\u0142 si\u0119 koncert zespo\u0142u Pierwiastek z Pi\u0119ciu, kt\u00f3ry ju\u017c nie raz go\u015bci\u0142 w naszej parafii. Wydarzenie przyci\u0105gn\u0119\u0142o liczn\u0105 grup\u0119 parafian oraz sympatyk\u00f3w zespo\u0142u, tworz\u0105c wspania\u0142\u0105 atmosfer\u0119 pe\u0142n\u0105 rado\u015bci. Wyst\u0119p rozpocz\u0105\u0142 si\u0119 od \u015bpiewu kol\u0119d i pastora\u0142ek, kt\u00f3re by\u0142y ch\u0119tnie \u015bpiewane przez licznie zgromadzon\u0105 publiczno\u015b\u0107. \u015awi\u0105teczne melodie wype\u0142ni\u0142y &hellip;\" \/>\n<meta property=\"og:url\" content=\"https:\/\/pakosc-kalwaria.franciszkanie.net\/index.php\/2025\/02\/05\/koncert-koled-i-poezji-z-zespolem-pierwiastek-z-pieciu\/\" \/>\n<meta property=\"og:site_name\" content=\"Pako\u015b\u0107 \u2013 Kalwaria\" \/>\n<meta property=\"article:author\" content=\"https:\/\/www.facebook.com\/KalwariaPakosc\/\" \/>\n<meta property=\"article:published_time\" content=\"2025-02-05T16:27:49+00:00\" \/>\n<meta property=\"og:image\" content=\"http:\/\/pakosc-kalwaria.franciszkanie.net\/wp-content\/uploads\/2025\/02\/1-7.jpg\" \/>\n\t<meta property=\"og:image:width\" content=\"1600\" \/>\n\t<meta property=\"og:image:height\" content=\"1200\" \/>\n\t<meta property=\"og:image:type\" content=\"image\/jpeg\" \/>\n<meta name=\"twitter:card\" content=\"summary\" \/>\n<meta name=\"twitter:label1\" content=\"Napisane przez\" \/>\n\t<meta name=\"twitter:data1\" content=\"pakosc-kalwaria\" \/>\n\t<meta name=\"twitter:label2\" content=\"Szacowany czas czytania\" \/>\n\t<meta name=\"twitter:data2\" content=\"1 minuta\" \/>\n<script type=\"application\/ld+json\" class=\"yoast-schema-graph\">{\"@context\":\"https:\/\/schema.org\",\"@graph\":[{\"@type\":\"WebSite\",\"@id\":\"https:\/\/pakosc-kalwaria.franciszkanie.net\/#website\",\"url\":\"https:\/\/pakosc-kalwaria.franciszkanie.net\/\",\"name\":\"Pako\u015b\u0107 \u2013 Kalwaria\",\"description\":\"Parafia Rzymsko \u2013 Katolicka p.w. Pana Jezusa Ukrzy\u017cowanego i  Matki Bo\u017cej Bolesnej ul. Barci\u0144ska 60, 88\u2013170 Pako\u015b\u0107 \u2013 Kalwaria\",\"potentialAction\":[{\"@type\":\"SearchAction\",\"target\":{\"@type\":\"EntryPoint\",\"urlTemplate\":\"https:\/\/pakosc-kalwaria.franciszkanie.net\/?s={search_term_string}\"},\"query-input\":\"required name=search_term_string\"}],\"inLanguage\":\"pl-PL\"},{\"@type\":\"ImageObject\",\"@id\":\"https:\/\/pakosc-kalwaria.franciszkanie.net\/index.php\/2025\/02\/05\/koncert-koled-i-poezji-z-zespolem-pierwiastek-z-pieciu\/#primaryimage\",\"inLanguage\":\"pl-PL\",\"url\":\"https:\/\/pakosc-kalwaria.franciszkanie.net\/wp-content\/uploads\/2025\/02\/1-7.jpg\",\"contentUrl\":\"https:\/\/pakosc-kalwaria.franciszkanie.net\/wp-content\/uploads\/2025\/02\/1-7.jpg\",\"width\":1600,\"height\":1200},{\"@type\":\"WebPage\",\"@id\":\"https:\/\/pakosc-kalwaria.franciszkanie.net\/index.php\/2025\/02\/05\/koncert-koled-i-poezji-z-zespolem-pierwiastek-z-pieciu\/#webpage\",\"url\":\"https:\/\/pakosc-kalwaria.franciszkanie.net\/index.php\/2025\/02\/05\/koncert-koled-i-poezji-z-zespolem-pierwiastek-z-pieciu\/\",\"name\":\"Koncert kol\u0119d i poezji z zespo\u0142em Pierwiastek z Pi\u0119ciu - Pako\u015b\u0107 \u2013 Kalwaria\",\"isPartOf\":{\"@id\":\"https:\/\/pakosc-kalwaria.franciszkanie.net\/#website\"},\"primaryImageOfPage\":{\"@id\":\"https:\/\/pakosc-kalwaria.franciszkanie.net\/index.php\/2025\/02\/05\/koncert-koled-i-poezji-z-zespolem-pierwiastek-z-pieciu\/#primaryimage\"},\"datePublished\":\"2025-02-05T16:27:49+00:00\",\"dateModified\":\"2025-02-05T16:27:49+00:00\",\"author\":{\"@id\":\"https:\/\/pakosc-kalwaria.franciszkanie.net\/#\/schema\/person\/af10b943be0760709227d060eadcb2aa\"},\"breadcrumb\":{\"@id\":\"https:\/\/pakosc-kalwaria.franciszkanie.net\/index.php\/2025\/02\/05\/koncert-koled-i-poezji-z-zespolem-pierwiastek-z-pieciu\/#breadcrumb\"},\"inLanguage\":\"pl-PL\",\"potentialAction\":[{\"@type\":\"ReadAction\",\"target\":[\"https:\/\/pakosc-kalwaria.franciszkanie.net\/index.php\/2025\/02\/05\/koncert-koled-i-poezji-z-zespolem-pierwiastek-z-pieciu\/\"]}]},{\"@type\":\"BreadcrumbList\",\"@id\":\"https:\/\/pakosc-kalwaria.franciszkanie.net\/index.php\/2025\/02\/05\/koncert-koled-i-poezji-z-zespolem-pierwiastek-z-pieciu\/#breadcrumb\",\"itemListElement\":[{\"@type\":\"ListItem\",\"position\":1,\"name\":\"Strona g\u0142\u00f3wna\",\"item\":\"https:\/\/pakosc-kalwaria.franciszkanie.net\/\"},{\"@type\":\"ListItem\",\"position\":2,\"name\":\"Koncert kol\u0119d i poezji z zespo\u0142em Pierwiastek z Pi\u0119ciu\"}]},{\"@type\":\"Person\",\"@id\":\"https:\/\/pakosc-kalwaria.franciszkanie.net\/#\/schema\/person\/af10b943be0760709227d060eadcb2aa\",\"name\":\"pakosc-kalwaria\",\"image\":{\"@type\":\"ImageObject\",\"@id\":\"https:\/\/pakosc-kalwaria.franciszkanie.net\/#personlogo\",\"inLanguage\":\"pl-PL\",\"url\":\"https:\/\/secure.gravatar.com\/avatar\/e7049d338b55eac6a0027ff3218b8d02?s=96&d=mm&r=g\",\"contentUrl\":\"https:\/\/secure.gravatar.com\/avatar\/e7049d338b55eac6a0027ff3218b8d02?s=96&d=mm&r=g\",\"caption\":\"pakosc-kalwaria\"},\"sameAs\":[\"https:\/\/www.facebook.com\/KalwariaPakosc\/\"],\"url\":\"https:\/\/pakosc-kalwaria.franciszkanie.net\/index.php\/author\/pakosc-kalwaria\/\"}]}<\/script>\n<!-- \/ Yoast SEO plugin. -->","yoast_head_json":{"title":"Koncert kol\u0119d i poezji z zespo\u0142em Pierwiastek z Pi\u0119ciu - Pako\u015b\u0107 \u2013 Kalwaria","robots":{"index":"index","follow":"follow","max-snippet":"max-snippet:-1","max-image-preview":"max-image-preview:large","max-video-preview":"max-video-preview:-1"},"canonical":"https:\/\/pakosc-kalwaria.franciszkanie.net\/index.php\/2025\/02\/05\/koncert-koled-i-poezji-z-zespolem-pierwiastek-z-pieciu\/","og_locale":"pl_PL","og_type":"article","og_title":"Koncert kol\u0119d i poezji z zespo\u0142em Pierwiastek z Pi\u0119ciu - Pako\u015b\u0107 \u2013 Kalwaria","og_description":"W sobotni wiecz\u00f3r 1 lutego w Cafe Francesco odby\u0142 si\u0119 koncert zespo\u0142u Pierwiastek z Pi\u0119ciu, kt\u00f3ry ju\u017c nie raz go\u015bci\u0142 w naszej parafii. Wydarzenie przyci\u0105gn\u0119\u0142o liczn\u0105 grup\u0119 parafian oraz sympatyk\u00f3w zespo\u0142u, tworz\u0105c wspania\u0142\u0105 atmosfer\u0119 pe\u0142n\u0105 rado\u015bci. Wyst\u0119p rozpocz\u0105\u0142 si\u0119 od \u015bpiewu kol\u0119d i pastora\u0142ek, kt\u00f3re by\u0142y ch\u0119tnie \u015bpiewane przez licznie zgromadzon\u0105 publiczno\u015b\u0107. \u015awi\u0105teczne melodie wype\u0142ni\u0142y &hellip;","og_url":"https:\/\/pakosc-kalwaria.franciszkanie.net\/index.php\/2025\/02\/05\/koncert-koled-i-poezji-z-zespolem-pierwiastek-z-pieciu\/","og_site_name":"Pako\u015b\u0107 \u2013 Kalwaria","article_author":"https:\/\/www.facebook.com\/KalwariaPakosc\/","article_published_time":"2025-02-05T16:27:49+00:00","og_image":[{"width":1600,"height":1200,"url":"http:\/\/pakosc-kalwaria.franciszkanie.net\/wp-content\/uploads\/2025\/02\/1-7.jpg","type":"image\/jpeg"}],"twitter_card":"summary","twitter_misc":{"Napisane przez":"pakosc-kalwaria","Szacowany czas czytania":"1 minuta"},"schema":{"@context":"https:\/\/schema.org","@graph":[{"@type":"WebSite","@id":"https:\/\/pakosc-kalwaria.franciszkanie.net\/#website","url":"https:\/\/pakosc-kalwaria.franciszkanie.net\/","name":"Pako\u015b\u0107 \u2013 Kalwaria","description":"Parafia Rzymsko \u2013 Katolicka p.w. Pana Jezusa Ukrzy\u017cowanego i  Matki Bo\u017cej Bolesnej ul. Barci\u0144ska 60, 88\u2013170 Pako\u015b\u0107 \u2013 Kalwaria","potentialAction":[{"@type":"SearchAction","target":{"@type":"EntryPoint","urlTemplate":"https:\/\/pakosc-kalwaria.franciszkanie.net\/?s={search_term_string}"},"query-input":"required name=search_term_string"}],"inLanguage":"pl-PL"},{"@type":"ImageObject","@id":"https:\/\/pakosc-kalwaria.franciszkanie.net\/index.php\/2025\/02\/05\/koncert-koled-i-poezji-z-zespolem-pierwiastek-z-pieciu\/#primaryimage","inLanguage":"pl-PL","url":"https:\/\/pakosc-kalwaria.franciszkanie.net\/wp-content\/uploads\/2025\/02\/1-7.jpg","contentUrl":"https:\/\/pakosc-kalwaria.franciszkanie.net\/wp-content\/uploads\/2025\/02\/1-7.jpg","width":1600,"height":1200},{"@type":"WebPage","@id":"https:\/\/pakosc-kalwaria.franciszkanie.net\/index.php\/2025\/02\/05\/koncert-koled-i-poezji-z-zespolem-pierwiastek-z-pieciu\/#webpage","url":"https:\/\/pakosc-kalwaria.franciszkanie.net\/index.php\/2025\/02\/05\/koncert-koled-i-poezji-z-zespolem-pierwiastek-z-pieciu\/","name":"Koncert kol\u0119d i poezji z zespo\u0142em Pierwiastek z Pi\u0119ciu - Pako\u015b\u0107 \u2013 Kalwaria","isPartOf":{"@id":"https:\/\/pakosc-kalwaria.franciszkanie.net\/#website"},"primaryImageOfPage":{"@id":"https:\/\/pakosc-kalwaria.franciszkanie.net\/index.php\/2025\/02\/05\/koncert-koled-i-poezji-z-zespolem-pierwiastek-z-pieciu\/#primaryimage"},"datePublished":"2025-02-05T16:27:49+00:00","dateModified":"2025-02-05T16:27:49+00:00","author":{"@id":"https:\/\/pakosc-kalwaria.franciszkanie.net\/#\/schema\/person\/af10b943be0760709227d060eadcb2aa"},"breadcrumb":{"@id":"https:\/\/pakosc-kalwaria.franciszkanie.net\/index.php\/2025\/02\/05\/koncert-koled-i-poezji-z-zespolem-pierwiastek-z-pieciu\/#breadcrumb"},"inLanguage":"pl-PL","potentialAction":[{"@type":"ReadAction","target":["https:\/\/pakosc-kalwaria.franciszkanie.net\/index.php\/2025\/02\/05\/koncert-koled-i-poezji-z-zespolem-pierwiastek-z-pieciu\/"]}]},{"@type":"BreadcrumbList","@id":"https:\/\/pakosc-kalwaria.franciszkanie.net\/index.php\/2025\/02\/05\/koncert-koled-i-poezji-z-zespolem-pierwiastek-z-pieciu\/#breadcrumb","itemListElement":[{"@type":"ListItem","position":1,"name":"Strona g\u0142\u00f3wna","item":"https:\/\/pakosc-kalwaria.franciszkanie.net\/"},{"@type":"ListItem","position":2,"name":"Koncert kol\u0119d i poezji z zespo\u0142em Pierwiastek z Pi\u0119ciu"}]},{"@type":"Person","@id":"https:\/\/pakosc-kalwaria.franciszkanie.net\/#\/schema\/person\/af10b943be0760709227d060eadcb2aa","name":"pakosc-kalwaria","image":{"@type":"ImageObject","@id":"https:\/\/pakosc-kalwaria.franciszkanie.net\/#personlogo","inLanguage":"pl-PL","url":"https:\/\/secure.gravatar.com\/avatar\/e7049d338b55eac6a0027ff3218b8d02?s=96&d=mm&r=g","contentUrl":"https:\/\/secure.gravatar.com\/avatar\/e7049d338b55eac6a0027ff3218b8d02?s=96&d=mm&r=g","caption":"pakosc-kalwaria"},"sameAs":["https:\/\/www.facebook.com\/KalwariaPakosc\/"],"url":"https:\/\/pakosc-kalwaria.franciszkanie.net\/index.php\/author\/pakosc-kalwaria\/"}]}},"_links":{"self":[{"href":"https:\/\/pakosc-kalwaria.franciszkanie.net\/index.php\/wp-json\/wp\/v2\/posts\/35952"}],"collection":[{"href":"https:\/\/pakosc-kalwaria.franciszkanie.net\/index.php\/wp-json\/wp\/v2\/posts"}],"about":[{"href":"https:\/\/pakosc-kalwaria.franciszkanie.net\/index.php\/wp-json\/wp\/v2\/types\/post"}],"author":[{"embeddable":true,"href":"https:\/\/pakosc-kalwaria.franciszkanie.net\/index.php\/wp-json\/wp\/v2\/users\/2"}],"replies":[{"embeddable":true,"href":"https:\/\/pakosc-kalwaria.franciszkanie.net\/index.php\/wp-json\/wp\/v2\/comments?post=35952"}],"version-history":[{"count":1,"href":"https:\/\/pakosc-kalwaria.franciszkanie.net\/index.php\/wp-json\/wp\/v2\/posts\/35952\/revisions"}],"predecessor-version":[{"id":35961,"href":"https:\/\/pakosc-kalwaria.franciszkanie.net\/index.php\/wp-json\/wp\/v2\/posts\/35952\/revisions\/35961"}],"wp:featuredmedia":[{"embeddable":true,"href":"https:\/\/pakosc-kalwaria.franciszkanie.net\/index.php\/wp-json\/wp\/v2\/media\/35959"}],"wp:attachment":[{"href":"https:\/\/pakosc-kalwaria.franciszkanie.net\/index.php\/wp-json\/wp\/v2\/media?parent=35952"}],"wp:term":[{"taxonomy":"category","embeddable":true,"href":"https:\/\/pakosc-kalwaria.franciszkanie.net\/index.php\/wp-json\/wp\/v2\/categories?post=35952"},{"taxonomy":"post_tag","embeddable":true,"href":"https:\/\/pakosc-kalwaria.franciszkanie.net\/index.php\/wp-json\/wp\/v2\/tags?post=35952"}],"curies":[{"name":"wp","href":"https:\/\/api.w.org\/{rel}","templated":true}]}}