{"id":3667,"date":"2017-11-04T09:05:35","date_gmt":"2017-11-04T08:05:35","guid":{"rendered":"http:\/\/pakosc-kalwaria.franciszkanie.net\/?p=3667"},"modified":"2017-11-04T10:17:23","modified_gmt":"2017-11-04T09:17:23","slug":"ogloszenia-parafialne-xxxi-niedziela-zwykla","status":"publish","type":"post","link":"https:\/\/pakosc-kalwaria.franciszkanie.net\/index.php\/2017\/11\/04\/ogloszenia-parafialne-xxxi-niedziela-zwykla\/","title":{"rendered":"Og\u0142oszenia parafialne &#8211; XXXI Niedziela Zwyk\u0142a"},"content":{"rendered":"<p><span style=\"color: #ff0000;\"><strong><em><u>Dzisiaj (05.11.)<\/u><\/em><\/strong><\/span> <strong>&#8211; na Mszach \u015bw. aspersja, czyli pokropienie wod\u0105 \u015bwi\u0119con\u0105 i odnowienie przyrzecze\u0144 Chrztu \u015bw.<br \/>\n<span style=\"color: #ff0000;\">O 8.30 nabo\u017ce\u0144stwo, o 9.00 Msza \u015bw. za zmar\u0142ych polecanych w wypominkach.\u00a0\u00a0\u00a0\u00a0\u00a0\u00a0\u00a0\u00a0<\/span><\/strong><\/p>\n<p><strong><span style=\"color: #ff0000;\"><em><u>Do \u015brody (08.11.)<\/u><\/em><\/span> \u2013 \u00a0<span style=\"color: #ff0000;\">o 16.30 R\u00f3\u017caniec \u015bw. i o 17.00 Msza \u015bw. za zmar\u0142ych polecanych w wypominkach<\/span>. Serdecznie zapraszamy do wsp\u00f3lnej modlitwy.<\/strong><\/p>\n<p><strong><span style=\"color: #ff0000;\">Do 8 listopada<\/span> za pobo\u017cne nawiedzenie cmentarza i modlitw\u0119 za zmar\u0142ych, mo\u017cna zyska\u0107 jeszcze <span style=\"color: #ff0000;\">odpust zupe\u0142ny za dusze w czy\u015b\u0107cu cierpi\u0105ce<\/span>, pod zwyk\u0142ymi warunkami (stan \u0142aski u\u015bwi\u0119caj\u0105cej oraz brak przywi\u0105zania nawet do grzechu lekkiego po Spowiedzi \u015bw., przyj\u0119cie Komunii \u015bw., Ojcze nasz, Wierz\u0119 w Boga, modlitwa na intencje Ojca \u015awi\u0119tego).<\/strong><\/p>\n<p><strong><span style=\"color: #ff0000;\">Do ko\u0144ca roku<\/span> <span style=\"color: #ff0000;\">mo\u017cna sk\u0142ada\u0107 Wypominki roczne za zmar\u0142ych<\/span>, za kt\u00f3rych modli\u0107 si\u0119 b\u0119dziemy od 1 stycznia 2018r.,\u00a0 w ka\u017cd\u0105 niedziel\u0119 przed Msz\u0105 \u015aw. o 9.00 \u00a0oraz w I pi\u0105tki miesi\u0105ca w czasie Mszy \u015bw. o 17.00.<\/strong><\/p>\n<p><strong><span style=\"color: #ff0000;\"><em><u>W czwartek (09.11.)<\/u><\/em> <\/span>\u2013 \u015bwi\u0119to Po\u015bwi\u0119cenia Bazyliki na Lateranie.<br \/>\n<span style=\"color: #ff0000;\">Od 19.00 \u2013 20.00,<\/span> prze\u0142o\u017cona z pierwszego czwartku miesi\u0105ca, <span style=\"color: #ff0000;\">adoracja Naj\u015bwi\u0119tszego Sakramentu.<\/span> Na te adoracj\u0119 zapraszamy tak\u017ce m\u0142odzie\u017c.<br \/>\n<\/strong><\/p>\n<p><strong><span style=\"color: #ff0000;\"><em><u>W pi\u0105tek (10.11.)<\/u><\/em> \u2013 o 17.00 Msza \u015bw. w intencjach zbiorowych do Bo\u017cego Mi\u0142osierdzia<\/span>, kt\u00f3re mo\u017cna sk\u0142ada\u0107 do skarbonki lub w zakrystii.\u00a0\u00a0\u00a0\u00a0\u00a0\u00a0\u00a0\u00a0\u00a0\u00a0\u00a0 |<\/strong><\/p>\n<p><strong><span style=\"color: #ff0000;\"><em><u>W sobot\u0119 (11.11.)<\/u><\/em> \u2013 Narodowe \u015awi\u0119to Niepodleg\u0142o\u015bci.<\/span> W czasie Mszy \u015bw. o 17.00 modli\u0107 si\u0119 b\u0119dziemy za nasz\u0105 Ojczyzn\u0119 oraz za Polak\u00f3w w kraju i zagranic\u0105.<\/strong><\/p>\n<p><strong><span style=\"color: #ff0000;\"><em><u>W przysz\u0142\u0105 niedziel\u0119 (12.11.)<\/u><\/em> \u2013 IX Dzie\u0144 Solidarno\u015bci z Ko\u015bcio\u0142em Prze\u015bladowanym<\/span> i szczeg\u00f3lna modlitwa by ocali\u0107 chrze\u015bcijan na Bliskim Wschodzie. Zbi\u00f3rka do puszek na Pomoc Ko\u015bcio\u0142owi w Potrzebie.<\/strong><\/p>\n<p><strong>Pod ch\u00f3rem do nabycia czasopisma: \u201ePrzewodnik Katolicki\u201d, \u201eR\u00f3\u017caniec\u201d oraz \u00a0\u201eOla i Ja\u015b\u201d. Op\u0142aty za czasopisma sk\u0142adamy do skarbonki.<\/strong><\/p>\n<p><strong>Dzi\u0119kujemy wszystkim, kt\u00f3rzy uczestniczyli w pa\u017adzierniku w nabo\u017ce\u0144stwach r\u00f3\u017ca\u0144cowych w ko\u015bciele lub odmawiali r\u00f3\u017caniec w rodzinach. Zach\u0119camy do dalszego codziennego odmawiania R\u00f3\u017ca\u0144ca \u015bw. oraz do w\u0142\u0105czenia si\u0119 w \u017bywy R\u00f3\u017caniec w naszej parafii.<\/strong><\/p>\n<p><strong>Wyra\u017camy wdzi\u0119czno\u015b\u0107 za ka\u017cde Wasze duchowe i materialne wsparcie.<\/strong><br \/>\n<strong> Niech Dobry i Mi\u0142osierny B\u00f3g Wam i waszym Rodzinom obficie b\u0142ogos\u0142awi.<\/strong><\/p>\n<p><strong>Z darem modlitwy Bracia Mniejsi Franciszkanie z Pako\u015bci &#8211; Kalwarii\u00a0\u00a0\u00a0\u00a0\u00a0\u00a0\u00a0\u00a0\u00a0\u00a0\u00a0<\/strong><\/p>\n","protected":false},"excerpt":{"rendered":"<p>Dzisiaj (05.11.) &#8211; na Mszach \u015bw. aspersja, czyli pokropienie wod\u0105 \u015bwi\u0119con\u0105 i odnowienie przyrzecze\u0144 Chrztu \u015bw. O 8.30 nabo\u017ce\u0144stwo, o 9.00 Msza \u015bw. za zmar\u0142ych polecanych w wypominkach.\u00a0\u00a0\u00a0\u00a0\u00a0\u00a0\u00a0\u00a0 Do \u015brody (08.11.) \u2013 \u00a0o 16.30 R\u00f3\u017caniec \u015bw. i o 17.00 Msza \u015bw. za zmar\u0142ych polecanych w wypominkach. Serdecznie zapraszamy do wsp\u00f3lnej modlitwy. Do 8 listopada za &hellip;<\/p>\n","protected":false},"author":2,"featured_media":3499,"comment_status":"closed","ping_status":"open","sticky":false,"template":"","format":"standard","meta":{"_mi_skip_tracking":false,"_exactmetrics_sitenote_active":false,"_exactmetrics_sitenote_note":"","_exactmetrics_sitenote_category":0},"categories":[5],"tags":[],"yoast_head":"<!-- This site is optimized with the Yoast SEO plugin v18.1 - https:\/\/yoast.com\/wordpress\/plugins\/seo\/ -->\n<title>Og\u0142oszenia parafialne - XXXI Niedziela Zwyk\u0142a - Pako\u015b\u0107 \u2013 Kalwaria<\/title>\n<meta name=\"robots\" content=\"index, follow, max-snippet:-1, max-image-preview:large, max-video-preview:-1\" \/>\n<link rel=\"canonical\" href=\"https:\/\/pakosc-kalwaria.franciszkanie.net\/index.php\/2017\/11\/04\/ogloszenia-parafialne-xxxi-niedziela-zwykla\/\" \/>\n<meta property=\"og:locale\" content=\"pl_PL\" \/>\n<meta property=\"og:type\" content=\"article\" \/>\n<meta property=\"og:title\" content=\"Og\u0142oszenia parafialne - XXXI Niedziela Zwyk\u0142a - Pako\u015b\u0107 \u2013 Kalwaria\" \/>\n<meta property=\"og:description\" content=\"Dzisiaj (05.11.) &#8211; na Mszach \u015bw. aspersja, czyli pokropienie wod\u0105 \u015bwi\u0119con\u0105 i odnowienie przyrzecze\u0144 Chrztu \u015bw. O 8.30 nabo\u017ce\u0144stwo, o 9.00 Msza \u015bw. za zmar\u0142ych polecanych w wypominkach.\u00a0\u00a0\u00a0\u00a0\u00a0\u00a0\u00a0\u00a0 Do \u015brody (08.11.) \u2013 \u00a0o 16.30 R\u00f3\u017caniec \u015bw. i o 17.00 Msza \u015bw. za zmar\u0142ych polecanych w wypominkach. Serdecznie zapraszamy do wsp\u00f3lnej modlitwy. Do 8 listopada za &hellip;\" \/>\n<meta property=\"og:url\" content=\"https:\/\/pakosc-kalwaria.franciszkanie.net\/index.php\/2017\/11\/04\/ogloszenia-parafialne-xxxi-niedziela-zwykla\/\" \/>\n<meta property=\"og:site_name\" content=\"Pako\u015b\u0107 \u2013 Kalwaria\" \/>\n<meta property=\"article:author\" content=\"https:\/\/www.facebook.com\/KalwariaPakosc\/\" \/>\n<meta property=\"article:published_time\" content=\"2017-11-04T08:05:35+00:00\" \/>\n<meta property=\"article:modified_time\" content=\"2017-11-04T09:17:23+00:00\" \/>\n<meta property=\"og:image\" content=\"https:\/\/pakosc-kalwaria.franciszkanie.net\/wp-content\/uploads\/2017\/10\/300_300_productGfx_e17017db9942427219540dbf7e3e16f4.jpg\" \/>\n\t<meta property=\"og:image:width\" content=\"300\" \/>\n\t<meta property=\"og:image:height\" content=\"210\" \/>\n\t<meta property=\"og:image:type\" content=\"image\/jpeg\" \/>\n<meta name=\"twitter:card\" content=\"summary\" \/>\n<meta name=\"twitter:label1\" content=\"Napisane przez\" \/>\n\t<meta name=\"twitter:data1\" content=\"pakosc-kalwaria\" \/>\n\t<meta name=\"twitter:label2\" content=\"Szacowany czas czytania\" \/>\n\t<meta name=\"twitter:data2\" content=\"2 minuty\" \/>\n<script type=\"application\/ld+json\" class=\"yoast-schema-graph\">{\"@context\":\"https:\/\/schema.org\",\"@graph\":[{\"@type\":\"WebSite\",\"@id\":\"https:\/\/pakosc-kalwaria.franciszkanie.net\/#website\",\"url\":\"https:\/\/pakosc-kalwaria.franciszkanie.net\/\",\"name\":\"Pako\u015b\u0107 \u2013 Kalwaria\",\"description\":\"Parafia Rzymsko \u2013 Katolicka p.w. Pana Jezusa Ukrzy\u017cowanego i  Matki Bo\u017cej Bolesnej ul. Barci\u0144ska 60, 88\u2013170 Pako\u015b\u0107 \u2013 Kalwaria\",\"potentialAction\":[{\"@type\":\"SearchAction\",\"target\":{\"@type\":\"EntryPoint\",\"urlTemplate\":\"https:\/\/pakosc-kalwaria.franciszkanie.net\/?s={search_term_string}\"},\"query-input\":\"required name=search_term_string\"}],\"inLanguage\":\"pl-PL\"},{\"@type\":\"ImageObject\",\"@id\":\"https:\/\/pakosc-kalwaria.franciszkanie.net\/index.php\/2017\/11\/04\/ogloszenia-parafialne-xxxi-niedziela-zwykla\/#primaryimage\",\"inLanguage\":\"pl-PL\",\"url\":\"https:\/\/pakosc-kalwaria.franciszkanie.net\/wp-content\/uploads\/2017\/10\/300_300_productGfx_e17017db9942427219540dbf7e3e16f4.jpg\",\"contentUrl\":\"https:\/\/pakosc-kalwaria.franciszkanie.net\/wp-content\/uploads\/2017\/10\/300_300_productGfx_e17017db9942427219540dbf7e3e16f4.jpg\",\"width\":300,\"height\":210},{\"@type\":\"WebPage\",\"@id\":\"https:\/\/pakosc-kalwaria.franciszkanie.net\/index.php\/2017\/11\/04\/ogloszenia-parafialne-xxxi-niedziela-zwykla\/#webpage\",\"url\":\"https:\/\/pakosc-kalwaria.franciszkanie.net\/index.php\/2017\/11\/04\/ogloszenia-parafialne-xxxi-niedziela-zwykla\/\",\"name\":\"Og\u0142oszenia parafialne - XXXI Niedziela Zwyk\u0142a - Pako\u015b\u0107 \u2013 Kalwaria\",\"isPartOf\":{\"@id\":\"https:\/\/pakosc-kalwaria.franciszkanie.net\/#website\"},\"primaryImageOfPage\":{\"@id\":\"https:\/\/pakosc-kalwaria.franciszkanie.net\/index.php\/2017\/11\/04\/ogloszenia-parafialne-xxxi-niedziela-zwykla\/#primaryimage\"},\"datePublished\":\"2017-11-04T08:05:35+00:00\",\"dateModified\":\"2017-11-04T09:17:23+00:00\",\"author\":{\"@id\":\"https:\/\/pakosc-kalwaria.franciszkanie.net\/#\/schema\/person\/af10b943be0760709227d060eadcb2aa\"},\"breadcrumb\":{\"@id\":\"https:\/\/pakosc-kalwaria.franciszkanie.net\/index.php\/2017\/11\/04\/ogloszenia-parafialne-xxxi-niedziela-zwykla\/#breadcrumb\"},\"inLanguage\":\"pl-PL\",\"potentialAction\":[{\"@type\":\"ReadAction\",\"target\":[\"https:\/\/pakosc-kalwaria.franciszkanie.net\/index.php\/2017\/11\/04\/ogloszenia-parafialne-xxxi-niedziela-zwykla\/\"]}]},{\"@type\":\"BreadcrumbList\",\"@id\":\"https:\/\/pakosc-kalwaria.franciszkanie.net\/index.php\/2017\/11\/04\/ogloszenia-parafialne-xxxi-niedziela-zwykla\/#breadcrumb\",\"itemListElement\":[{\"@type\":\"ListItem\",\"position\":1,\"name\":\"Strona g\u0142\u00f3wna\",\"item\":\"https:\/\/pakosc-kalwaria.franciszkanie.net\/\"},{\"@type\":\"ListItem\",\"position\":2,\"name\":\"Og\u0142oszenia parafialne &#8211; XXXI Niedziela Zwyk\u0142a\"}]},{\"@type\":\"Person\",\"@id\":\"https:\/\/pakosc-kalwaria.franciszkanie.net\/#\/schema\/person\/af10b943be0760709227d060eadcb2aa\",\"name\":\"pakosc-kalwaria\",\"image\":{\"@type\":\"ImageObject\",\"@id\":\"https:\/\/pakosc-kalwaria.franciszkanie.net\/#personlogo\",\"inLanguage\":\"pl-PL\",\"url\":\"https:\/\/secure.gravatar.com\/avatar\/e7049d338b55eac6a0027ff3218b8d02?s=96&d=mm&r=g\",\"contentUrl\":\"https:\/\/secure.gravatar.com\/avatar\/e7049d338b55eac6a0027ff3218b8d02?s=96&d=mm&r=g\",\"caption\":\"pakosc-kalwaria\"},\"sameAs\":[\"https:\/\/www.facebook.com\/KalwariaPakosc\/\"],\"url\":\"https:\/\/pakosc-kalwaria.franciszkanie.net\/index.php\/author\/pakosc-kalwaria\/\"}]}<\/script>\n<!-- \/ Yoast SEO plugin. -->","yoast_head_json":{"title":"Og\u0142oszenia parafialne - XXXI Niedziela Zwyk\u0142a - Pako\u015b\u0107 \u2013 Kalwaria","robots":{"index":"index","follow":"follow","max-snippet":"max-snippet:-1","max-image-preview":"max-image-preview:large","max-video-preview":"max-video-preview:-1"},"canonical":"https:\/\/pakosc-kalwaria.franciszkanie.net\/index.php\/2017\/11\/04\/ogloszenia-parafialne-xxxi-niedziela-zwykla\/","og_locale":"pl_PL","og_type":"article","og_title":"Og\u0142oszenia parafialne - XXXI Niedziela Zwyk\u0142a - Pako\u015b\u0107 \u2013 Kalwaria","og_description":"Dzisiaj (05.11.) &#8211; na Mszach \u015bw. aspersja, czyli pokropienie wod\u0105 \u015bwi\u0119con\u0105 i odnowienie przyrzecze\u0144 Chrztu \u015bw. O 8.30 nabo\u017ce\u0144stwo, o 9.00 Msza \u015bw. za zmar\u0142ych polecanych w wypominkach.\u00a0\u00a0\u00a0\u00a0\u00a0\u00a0\u00a0\u00a0 Do \u015brody (08.11.) \u2013 \u00a0o 16.30 R\u00f3\u017caniec \u015bw. i o 17.00 Msza \u015bw. za zmar\u0142ych polecanych w wypominkach. Serdecznie zapraszamy do wsp\u00f3lnej modlitwy. Do 8 listopada za &hellip;","og_url":"https:\/\/pakosc-kalwaria.franciszkanie.net\/index.php\/2017\/11\/04\/ogloszenia-parafialne-xxxi-niedziela-zwykla\/","og_site_name":"Pako\u015b\u0107 \u2013 Kalwaria","article_author":"https:\/\/www.facebook.com\/KalwariaPakosc\/","article_published_time":"2017-11-04T08:05:35+00:00","article_modified_time":"2017-11-04T09:17:23+00:00","og_image":[{"width":300,"height":210,"url":"https:\/\/pakosc-kalwaria.franciszkanie.net\/wp-content\/uploads\/2017\/10\/300_300_productGfx_e17017db9942427219540dbf7e3e16f4.jpg","type":"image\/jpeg"}],"twitter_card":"summary","twitter_misc":{"Napisane przez":"pakosc-kalwaria","Szacowany czas czytania":"2 minuty"},"schema":{"@context":"https:\/\/schema.org","@graph":[{"@type":"WebSite","@id":"https:\/\/pakosc-kalwaria.franciszkanie.net\/#website","url":"https:\/\/pakosc-kalwaria.franciszkanie.net\/","name":"Pako\u015b\u0107 \u2013 Kalwaria","description":"Parafia Rzymsko \u2013 Katolicka p.w. Pana Jezusa Ukrzy\u017cowanego i  Matki Bo\u017cej Bolesnej ul. Barci\u0144ska 60, 88\u2013170 Pako\u015b\u0107 \u2013 Kalwaria","potentialAction":[{"@type":"SearchAction","target":{"@type":"EntryPoint","urlTemplate":"https:\/\/pakosc-kalwaria.franciszkanie.net\/?s={search_term_string}"},"query-input":"required name=search_term_string"}],"inLanguage":"pl-PL"},{"@type":"ImageObject","@id":"https:\/\/pakosc-kalwaria.franciszkanie.net\/index.php\/2017\/11\/04\/ogloszenia-parafialne-xxxi-niedziela-zwykla\/#primaryimage","inLanguage":"pl-PL","url":"https:\/\/pakosc-kalwaria.franciszkanie.net\/wp-content\/uploads\/2017\/10\/300_300_productGfx_e17017db9942427219540dbf7e3e16f4.jpg","contentUrl":"https:\/\/pakosc-kalwaria.franciszkanie.net\/wp-content\/uploads\/2017\/10\/300_300_productGfx_e17017db9942427219540dbf7e3e16f4.jpg","width":300,"height":210},{"@type":"WebPage","@id":"https:\/\/pakosc-kalwaria.franciszkanie.net\/index.php\/2017\/11\/04\/ogloszenia-parafialne-xxxi-niedziela-zwykla\/#webpage","url":"https:\/\/pakosc-kalwaria.franciszkanie.net\/index.php\/2017\/11\/04\/ogloszenia-parafialne-xxxi-niedziela-zwykla\/","name":"Og\u0142oszenia parafialne - XXXI Niedziela Zwyk\u0142a - Pako\u015b\u0107 \u2013 Kalwaria","isPartOf":{"@id":"https:\/\/pakosc-kalwaria.franciszkanie.net\/#website"},"primaryImageOfPage":{"@id":"https:\/\/pakosc-kalwaria.franciszkanie.net\/index.php\/2017\/11\/04\/ogloszenia-parafialne-xxxi-niedziela-zwykla\/#primaryimage"},"datePublished":"2017-11-04T08:05:35+00:00","dateModified":"2017-11-04T09:17:23+00:00","author":{"@id":"https:\/\/pakosc-kalwaria.franciszkanie.net\/#\/schema\/person\/af10b943be0760709227d060eadcb2aa"},"breadcrumb":{"@id":"https:\/\/pakosc-kalwaria.franciszkanie.net\/index.php\/2017\/11\/04\/ogloszenia-parafialne-xxxi-niedziela-zwykla\/#breadcrumb"},"inLanguage":"pl-PL","potentialAction":[{"@type":"ReadAction","target":["https:\/\/pakosc-kalwaria.franciszkanie.net\/index.php\/2017\/11\/04\/ogloszenia-parafialne-xxxi-niedziela-zwykla\/"]}]},{"@type":"BreadcrumbList","@id":"https:\/\/pakosc-kalwaria.franciszkanie.net\/index.php\/2017\/11\/04\/ogloszenia-parafialne-xxxi-niedziela-zwykla\/#breadcrumb","itemListElement":[{"@type":"ListItem","position":1,"name":"Strona g\u0142\u00f3wna","item":"https:\/\/pakosc-kalwaria.franciszkanie.net\/"},{"@type":"ListItem","position":2,"name":"Og\u0142oszenia parafialne &#8211; XXXI Niedziela Zwyk\u0142a"}]},{"@type":"Person","@id":"https:\/\/pakosc-kalwaria.franciszkanie.net\/#\/schema\/person\/af10b943be0760709227d060eadcb2aa","name":"pakosc-kalwaria","image":{"@type":"ImageObject","@id":"https:\/\/pakosc-kalwaria.franciszkanie.net\/#personlogo","inLanguage":"pl-PL","url":"https:\/\/secure.gravatar.com\/avatar\/e7049d338b55eac6a0027ff3218b8d02?s=96&d=mm&r=g","contentUrl":"https:\/\/secure.gravatar.com\/avatar\/e7049d338b55eac6a0027ff3218b8d02?s=96&d=mm&r=g","caption":"pakosc-kalwaria"},"sameAs":["https:\/\/www.facebook.com\/KalwariaPakosc\/"],"url":"https:\/\/pakosc-kalwaria.franciszkanie.net\/index.php\/author\/pakosc-kalwaria\/"}]}},"_links":{"self":[{"href":"https:\/\/pakosc-kalwaria.franciszkanie.net\/index.php\/wp-json\/wp\/v2\/posts\/3667"}],"collection":[{"href":"https:\/\/pakosc-kalwaria.franciszkanie.net\/index.php\/wp-json\/wp\/v2\/posts"}],"about":[{"href":"https:\/\/pakosc-kalwaria.franciszkanie.net\/index.php\/wp-json\/wp\/v2\/types\/post"}],"author":[{"embeddable":true,"href":"https:\/\/pakosc-kalwaria.franciszkanie.net\/index.php\/wp-json\/wp\/v2\/users\/2"}],"replies":[{"embeddable":true,"href":"https:\/\/pakosc-kalwaria.franciszkanie.net\/index.php\/wp-json\/wp\/v2\/comments?post=3667"}],"version-history":[{"count":3,"href":"https:\/\/pakosc-kalwaria.franciszkanie.net\/index.php\/wp-json\/wp\/v2\/posts\/3667\/revisions"}],"predecessor-version":[{"id":3675,"href":"https:\/\/pakosc-kalwaria.franciszkanie.net\/index.php\/wp-json\/wp\/v2\/posts\/3667\/revisions\/3675"}],"wp:featuredmedia":[{"embeddable":true,"href":"https:\/\/pakosc-kalwaria.franciszkanie.net\/index.php\/wp-json\/wp\/v2\/media\/3499"}],"wp:attachment":[{"href":"https:\/\/pakosc-kalwaria.franciszkanie.net\/index.php\/wp-json\/wp\/v2\/media?parent=3667"}],"wp:term":[{"taxonomy":"category","embeddable":true,"href":"https:\/\/pakosc-kalwaria.franciszkanie.net\/index.php\/wp-json\/wp\/v2\/categories?post=3667"},{"taxonomy":"post_tag","embeddable":true,"href":"https:\/\/pakosc-kalwaria.franciszkanie.net\/index.php\/wp-json\/wp\/v2\/tags?post=3667"}],"curies":[{"name":"wp","href":"https:\/\/api.w.org\/{rel}","templated":true}]}}