{"id":37105,"date":"2025-05-13T07:26:20","date_gmt":"2025-05-13T05:26:20","guid":{"rendered":"https:\/\/pakosc-kalwaria.franciszkanie.net\/?p=37105"},"modified":"2025-05-13T07:27:24","modified_gmt":"2025-05-13T05:27:24","slug":"tak-dla-religii-i-etyki-w-szkolach","status":"publish","type":"post","link":"https:\/\/pakosc-kalwaria.franciszkanie.net\/index.php\/2025\/05\/13\/tak-dla-religii-i-etyki-w-szkolach\/","title":{"rendered":"Tak dla religii i etyki w szko\u0142ach"},"content":{"rendered":"<div class=\"html-div xdj266r x11i5rnm xat24cr x1mh8g0r xexx8yu x4uap5 x18d9i69 xkhd6sd\" dir=\"auto\">\n<div class=\"html-div xdj266r x11i5rnm xat24cr x1mh8g0r xexx8yu x4uap5 x18d9i69 xkhd6sd\" data-ad-rendering-role=\"story_message\">\n<div id=\"\u00abrnp\u00bb\" class=\"x1l90r2v x1iorvi4 x1ye3gou xn6708d\" data-ad-comet-preview=\"message\" data-ad-preview=\"message\">\n<div class=\"x78zum5 xdt5ytf xz62fqu x16ldp7u\">\n<div class=\"xu06os2 x1ok221b\">\n<div class=\"xdj266r x11i5rnm xat24cr x1mh8g0r x1vvkbs x126k92a\">\n<div dir=\"auto\">Ju\u017c 11.05.2025r. zbierali\u015bmy podpisy przed ko\u015bcio\u0142em pod projektem ustawy, ale b\u0119dzie r\u00f3wnie\u017c szansa z\u0142o\u017cy\u0107 sw\u00f3j podpis w przysz\u0142\u0105 niedziel\u0119, pami\u0119tajmy wzi\u0105\u0107 ze sob\u0105 nr PESEL, mo\u017cemy wsp\u00f3lnie walczy\u0107 o edukacj\u0119 naszych dzieci. Zach\u0119camy do zapoznania si\u0119 ze szczeg\u00f3\u0142ami akcji.<\/div>\n<div dir=\"auto\"><\/div>\n<\/div>\n<div class=\"x11i5rnm xat24cr x1mh8g0r x1vvkbs xtlvy1s x126k92a\">\n<div dir=\"auto\">Razem dla warto\u015bci \u2013 wesprzyj Obywatelsk\u0105 Inicjatyw\u0119 Ustawodawcz\u0105!<\/div>\n<div dir=\"auto\">Zach\u0119camy do w\u0142\u0105czenia si\u0119 w inicjatyw\u0119, kt\u00f3ra ma na celu wprowadzenie zmian w systemie edukacji, obliguj\u0105c\u0105 do wyboru nauki religii lub etyki w szkole. Dwie godziny tygodniowo obowi\u0105zkowej etyki lub religii, a ocena wliczana do \u015bredniej \u2013 takie rozwi\u0105zania zawiera obywatelski projekt ustawy proponowany przez Stowarzyszenie Katechet\u00f3w \u015awieckich.<\/div>\n<\/div>\n<div class=\"x11i5rnm xat24cr x1mh8g0r x1vvkbs xtlvy1s x126k92a\">\n<div dir=\"auto\">Ka\u017cde dziecko zas\u0142uguje na mo\u017cliwo\u015b\u0107 rozwijania postaw moralnych ju\u017c od najm\u0142odszych lat. Dlatego zach\u0119camy do podpisania inicjatywy.<\/div>\n<\/div>\n<div class=\"x11i5rnm xat24cr x1mh8g0r x1vvkbs xtlvy1s x126k92a\">\n<div dir=\"auto\">Podpisy b\u0119dzie mo\u017cna z\u0142o\u017cy\u0107 przed ko\u015bcio\u0142em 18 maja (Niedziela) po ka\u017cdej Mszy \u015awi\u0119tej.<\/div>\n<div dir=\"auto\">Konferencja Episkopatu Polski podczas 400. Zebrania Plenarnego popar\u0142a obywatelski projekt \u201eUstawy o zmianie ustawy o systemie o\u015bwiaty oraz ustawy \u2013 Prawo o\u015bwiatowe\u201d, potocznie zwanej ,,Tak dla lekcji religii i etyki w szkole&#8221;.<\/div>\n<\/div>\n<div class=\"x11i5rnm xat24cr x1mh8g0r x1vvkbs xtlvy1s x126k92a\">\n<div dir=\"auto\">Tekst ustawy i informacje znajduj\u0105 si\u0119 na stronie <span class=\"html-span xdj266r x11i5rnm xat24cr x1mh8g0r xexx8yu x4uap5 x18d9i69 xkhd6sd x1hl2dhg x16tdsg8 x1vvkbs\"><a class=\"x1i10hfl xjbqb8w x1ejq31n xd10rxx x1sy0etr x17r0tee x972fbf xcfux6l x1qhh985 xm0m39n x9f619 x1ypdohk xt0psk2 xe8uvvx xdj266r x11i5rnm xat24cr x1mh8g0r xexx8yu x4uap5 x18d9i69 xkhd6sd x16tdsg8 x1hl2dhg xggy1nq x1a2a7pz xkrqix3 x1sur9pj x1fey0fg x1s688f\" tabindex=\"0\" role=\"link\" href=\"http:\/\/www.wartoscidlaprzyszlosci.pl\/?fbclid=IwZXh0bgNhZW0CMTAAYnJpZBEwSXNoWEtWemxXRWdRQ3o0OQEeKhnDN-CY3jyxcV_1qgXWu-3PazkIKu72mz7jX7Af4Y8ir_qD8y1tM28bm_w_aem_nKKSmVveOUZi3IpOorI8Rw\" target=\"_blank\" rel=\"nofollow noopener noreferrer\">www.wartoscidlaprzyszlosci.pl<\/a><\/span><\/div>\n<div dir=\"auto\">Ka\u017cda pe\u0142noletnia osoba posiadaj\u0105ca pe\u0142ni\u0119 praw publicznych mo\u017ce zbiera\u0107 podpisy pod obywatelsk\u0105 inicjatyw\u0105 ustawodawcz\u0105. Osoby uprawnione do podpisu- osoby powy\u017cej 18. roku \u017cycia.<\/div>\n<div dir=\"auto\"><img loading=\"lazy\" class=\"alignleft size-full wp-image-37107\" src=\"http:\/\/pakosc-kalwaria.franciszkanie.net\/wp-content\/uploads\/2025\/05\/497476230_662521433270111_2120829614623466954_n.jpg\" alt=\"\" width=\"1024\" height=\"2048\" srcset=\"https:\/\/pakosc-kalwaria.franciszkanie.net\/wp-content\/uploads\/2025\/05\/497476230_662521433270111_2120829614623466954_n.jpg 1024w, https:\/\/pakosc-kalwaria.franciszkanie.net\/wp-content\/uploads\/2025\/05\/497476230_662521433270111_2120829614623466954_n-150x300.jpg 150w, https:\/\/pakosc-kalwaria.franciszkanie.net\/wp-content\/uploads\/2025\/05\/497476230_662521433270111_2120829614623466954_n-512x1024.jpg 512w, https:\/\/pakosc-kalwaria.franciszkanie.net\/wp-content\/uploads\/2025\/05\/497476230_662521433270111_2120829614623466954_n-768x1536.jpg 768w\" sizes=\"(max-width: 1024px) 100vw, 1024px\" \/><\/div>\n<\/div>\n<\/div>\n<\/div>\n<\/div>\n<\/div>\n<\/div>\n","protected":false},"excerpt":{"rendered":"<p>Ju\u017c 11.05.2025r. zbierali\u015bmy podpisy przed ko\u015bcio\u0142em pod projektem ustawy, ale b\u0119dzie r\u00f3wnie\u017c szansa z\u0142o\u017cy\u0107 sw\u00f3j podpis w przysz\u0142\u0105 niedziel\u0119, pami\u0119tajmy wzi\u0105\u0107 ze sob\u0105 nr PESEL, mo\u017cemy wsp\u00f3lnie walczy\u0107 o edukacj\u0119 naszych dzieci. Zach\u0119camy do zapoznania si\u0119 ze szczeg\u00f3\u0142ami akcji. Razem dla warto\u015bci \u2013 wesprzyj Obywatelsk\u0105 Inicjatyw\u0119 Ustawodawcz\u0105! Zach\u0119camy do w\u0142\u0105czenia si\u0119 w inicjatyw\u0119, kt\u00f3ra ma &hellip;<\/p>\n","protected":false},"author":2,"featured_media":37107,"comment_status":"closed","ping_status":"closed","sticky":false,"template":"","format":"standard","meta":{"_mi_skip_tracking":false,"_exactmetrics_sitenote_active":false,"_exactmetrics_sitenote_note":"","_exactmetrics_sitenote_category":0},"categories":[5],"tags":[],"yoast_head":"<!-- This site is optimized with the Yoast SEO plugin v18.1 - https:\/\/yoast.com\/wordpress\/plugins\/seo\/ -->\n<title>Tak dla religii i etyki w szko\u0142ach - Pako\u015b\u0107 \u2013 Kalwaria<\/title>\n<meta name=\"robots\" content=\"index, follow, max-snippet:-1, max-image-preview:large, max-video-preview:-1\" \/>\n<link rel=\"canonical\" href=\"https:\/\/pakosc-kalwaria.franciszkanie.net\/index.php\/2025\/05\/13\/tak-dla-religii-i-etyki-w-szkolach\/\" \/>\n<meta property=\"og:locale\" content=\"pl_PL\" \/>\n<meta property=\"og:type\" content=\"article\" \/>\n<meta property=\"og:title\" content=\"Tak dla religii i etyki w szko\u0142ach - Pako\u015b\u0107 \u2013 Kalwaria\" \/>\n<meta property=\"og:description\" content=\"Ju\u017c 11.05.2025r. zbierali\u015bmy podpisy przed ko\u015bcio\u0142em pod projektem ustawy, ale b\u0119dzie r\u00f3wnie\u017c szansa z\u0142o\u017cy\u0107 sw\u00f3j podpis w przysz\u0142\u0105 niedziel\u0119, pami\u0119tajmy wzi\u0105\u0107 ze sob\u0105 nr PESEL, mo\u017cemy wsp\u00f3lnie walczy\u0107 o edukacj\u0119 naszych dzieci. Zach\u0119camy do zapoznania si\u0119 ze szczeg\u00f3\u0142ami akcji. Razem dla warto\u015bci \u2013 wesprzyj Obywatelsk\u0105 Inicjatyw\u0119 Ustawodawcz\u0105! Zach\u0119camy do w\u0142\u0105czenia si\u0119 w inicjatyw\u0119, kt\u00f3ra ma &hellip;\" \/>\n<meta property=\"og:url\" content=\"https:\/\/pakosc-kalwaria.franciszkanie.net\/index.php\/2025\/05\/13\/tak-dla-religii-i-etyki-w-szkolach\/\" \/>\n<meta property=\"og:site_name\" content=\"Pako\u015b\u0107 \u2013 Kalwaria\" \/>\n<meta property=\"article:author\" content=\"https:\/\/www.facebook.com\/KalwariaPakosc\/\" \/>\n<meta property=\"article:published_time\" content=\"2025-05-13T05:26:20+00:00\" \/>\n<meta property=\"article:modified_time\" content=\"2025-05-13T05:27:24+00:00\" \/>\n<meta property=\"og:image\" content=\"http:\/\/pakosc-kalwaria.franciszkanie.net\/wp-content\/uploads\/2025\/05\/497476230_662521433270111_2120829614623466954_n.jpg\" \/>\n\t<meta property=\"og:image:width\" content=\"1024\" \/>\n\t<meta property=\"og:image:height\" content=\"2048\" \/>\n\t<meta property=\"og:image:type\" content=\"image\/jpeg\" \/>\n<meta name=\"twitter:card\" content=\"summary\" \/>\n<meta name=\"twitter:label1\" content=\"Napisane przez\" \/>\n\t<meta name=\"twitter:data1\" content=\"pakosc-kalwaria\" \/>\n\t<meta name=\"twitter:label2\" content=\"Szacowany czas czytania\" \/>\n\t<meta name=\"twitter:data2\" content=\"1 minuta\" \/>\n<script type=\"application\/ld+json\" class=\"yoast-schema-graph\">{\"@context\":\"https:\/\/schema.org\",\"@graph\":[{\"@type\":\"WebSite\",\"@id\":\"https:\/\/pakosc-kalwaria.franciszkanie.net\/#website\",\"url\":\"https:\/\/pakosc-kalwaria.franciszkanie.net\/\",\"name\":\"Pako\u015b\u0107 \u2013 Kalwaria\",\"description\":\"Parafia Rzymsko \u2013 Katolicka p.w. Pana Jezusa Ukrzy\u017cowanego i  Matki Bo\u017cej Bolesnej ul. Barci\u0144ska 60, 88\u2013170 Pako\u015b\u0107 \u2013 Kalwaria\",\"potentialAction\":[{\"@type\":\"SearchAction\",\"target\":{\"@type\":\"EntryPoint\",\"urlTemplate\":\"https:\/\/pakosc-kalwaria.franciszkanie.net\/?s={search_term_string}\"},\"query-input\":\"required name=search_term_string\"}],\"inLanguage\":\"pl-PL\"},{\"@type\":\"ImageObject\",\"@id\":\"https:\/\/pakosc-kalwaria.franciszkanie.net\/index.php\/2025\/05\/13\/tak-dla-religii-i-etyki-w-szkolach\/#primaryimage\",\"inLanguage\":\"pl-PL\",\"url\":\"https:\/\/pakosc-kalwaria.franciszkanie.net\/wp-content\/uploads\/2025\/05\/497476230_662521433270111_2120829614623466954_n.jpg\",\"contentUrl\":\"https:\/\/pakosc-kalwaria.franciszkanie.net\/wp-content\/uploads\/2025\/05\/497476230_662521433270111_2120829614623466954_n.jpg\",\"width\":1024,\"height\":2048},{\"@type\":\"WebPage\",\"@id\":\"https:\/\/pakosc-kalwaria.franciszkanie.net\/index.php\/2025\/05\/13\/tak-dla-religii-i-etyki-w-szkolach\/#webpage\",\"url\":\"https:\/\/pakosc-kalwaria.franciszkanie.net\/index.php\/2025\/05\/13\/tak-dla-religii-i-etyki-w-szkolach\/\",\"name\":\"Tak dla religii i etyki w szko\u0142ach - Pako\u015b\u0107 \u2013 Kalwaria\",\"isPartOf\":{\"@id\":\"https:\/\/pakosc-kalwaria.franciszkanie.net\/#website\"},\"primaryImageOfPage\":{\"@id\":\"https:\/\/pakosc-kalwaria.franciszkanie.net\/index.php\/2025\/05\/13\/tak-dla-religii-i-etyki-w-szkolach\/#primaryimage\"},\"datePublished\":\"2025-05-13T05:26:20+00:00\",\"dateModified\":\"2025-05-13T05:27:24+00:00\",\"author\":{\"@id\":\"https:\/\/pakosc-kalwaria.franciszkanie.net\/#\/schema\/person\/af10b943be0760709227d060eadcb2aa\"},\"breadcrumb\":{\"@id\":\"https:\/\/pakosc-kalwaria.franciszkanie.net\/index.php\/2025\/05\/13\/tak-dla-religii-i-etyki-w-szkolach\/#breadcrumb\"},\"inLanguage\":\"pl-PL\",\"potentialAction\":[{\"@type\":\"ReadAction\",\"target\":[\"https:\/\/pakosc-kalwaria.franciszkanie.net\/index.php\/2025\/05\/13\/tak-dla-religii-i-etyki-w-szkolach\/\"]}]},{\"@type\":\"BreadcrumbList\",\"@id\":\"https:\/\/pakosc-kalwaria.franciszkanie.net\/index.php\/2025\/05\/13\/tak-dla-religii-i-etyki-w-szkolach\/#breadcrumb\",\"itemListElement\":[{\"@type\":\"ListItem\",\"position\":1,\"name\":\"Strona g\u0142\u00f3wna\",\"item\":\"https:\/\/pakosc-kalwaria.franciszkanie.net\/\"},{\"@type\":\"ListItem\",\"position\":2,\"name\":\"Tak dla religii i etyki w szko\u0142ach\"}]},{\"@type\":\"Person\",\"@id\":\"https:\/\/pakosc-kalwaria.franciszkanie.net\/#\/schema\/person\/af10b943be0760709227d060eadcb2aa\",\"name\":\"pakosc-kalwaria\",\"image\":{\"@type\":\"ImageObject\",\"@id\":\"https:\/\/pakosc-kalwaria.franciszkanie.net\/#personlogo\",\"inLanguage\":\"pl-PL\",\"url\":\"https:\/\/secure.gravatar.com\/avatar\/e7049d338b55eac6a0027ff3218b8d02?s=96&d=mm&r=g\",\"contentUrl\":\"https:\/\/secure.gravatar.com\/avatar\/e7049d338b55eac6a0027ff3218b8d02?s=96&d=mm&r=g\",\"caption\":\"pakosc-kalwaria\"},\"sameAs\":[\"https:\/\/www.facebook.com\/KalwariaPakosc\/\"],\"url\":\"https:\/\/pakosc-kalwaria.franciszkanie.net\/index.php\/author\/pakosc-kalwaria\/\"}]}<\/script>\n<!-- \/ Yoast SEO plugin. -->","yoast_head_json":{"title":"Tak dla religii i etyki w szko\u0142ach - Pako\u015b\u0107 \u2013 Kalwaria","robots":{"index":"index","follow":"follow","max-snippet":"max-snippet:-1","max-image-preview":"max-image-preview:large","max-video-preview":"max-video-preview:-1"},"canonical":"https:\/\/pakosc-kalwaria.franciszkanie.net\/index.php\/2025\/05\/13\/tak-dla-religii-i-etyki-w-szkolach\/","og_locale":"pl_PL","og_type":"article","og_title":"Tak dla religii i etyki w szko\u0142ach - Pako\u015b\u0107 \u2013 Kalwaria","og_description":"Ju\u017c 11.05.2025r. zbierali\u015bmy podpisy przed ko\u015bcio\u0142em pod projektem ustawy, ale b\u0119dzie r\u00f3wnie\u017c szansa z\u0142o\u017cy\u0107 sw\u00f3j podpis w przysz\u0142\u0105 niedziel\u0119, pami\u0119tajmy wzi\u0105\u0107 ze sob\u0105 nr PESEL, mo\u017cemy wsp\u00f3lnie walczy\u0107 o edukacj\u0119 naszych dzieci. Zach\u0119camy do zapoznania si\u0119 ze szczeg\u00f3\u0142ami akcji. Razem dla warto\u015bci \u2013 wesprzyj Obywatelsk\u0105 Inicjatyw\u0119 Ustawodawcz\u0105! Zach\u0119camy do w\u0142\u0105czenia si\u0119 w inicjatyw\u0119, kt\u00f3ra ma &hellip;","og_url":"https:\/\/pakosc-kalwaria.franciszkanie.net\/index.php\/2025\/05\/13\/tak-dla-religii-i-etyki-w-szkolach\/","og_site_name":"Pako\u015b\u0107 \u2013 Kalwaria","article_author":"https:\/\/www.facebook.com\/KalwariaPakosc\/","article_published_time":"2025-05-13T05:26:20+00:00","article_modified_time":"2025-05-13T05:27:24+00:00","og_image":[{"width":1024,"height":2048,"url":"http:\/\/pakosc-kalwaria.franciszkanie.net\/wp-content\/uploads\/2025\/05\/497476230_662521433270111_2120829614623466954_n.jpg","type":"image\/jpeg"}],"twitter_card":"summary","twitter_misc":{"Napisane przez":"pakosc-kalwaria","Szacowany czas czytania":"1 minuta"},"schema":{"@context":"https:\/\/schema.org","@graph":[{"@type":"WebSite","@id":"https:\/\/pakosc-kalwaria.franciszkanie.net\/#website","url":"https:\/\/pakosc-kalwaria.franciszkanie.net\/","name":"Pako\u015b\u0107 \u2013 Kalwaria","description":"Parafia Rzymsko \u2013 Katolicka p.w. Pana Jezusa Ukrzy\u017cowanego i  Matki Bo\u017cej Bolesnej ul. Barci\u0144ska 60, 88\u2013170 Pako\u015b\u0107 \u2013 Kalwaria","potentialAction":[{"@type":"SearchAction","target":{"@type":"EntryPoint","urlTemplate":"https:\/\/pakosc-kalwaria.franciszkanie.net\/?s={search_term_string}"},"query-input":"required name=search_term_string"}],"inLanguage":"pl-PL"},{"@type":"ImageObject","@id":"https:\/\/pakosc-kalwaria.franciszkanie.net\/index.php\/2025\/05\/13\/tak-dla-religii-i-etyki-w-szkolach\/#primaryimage","inLanguage":"pl-PL","url":"https:\/\/pakosc-kalwaria.franciszkanie.net\/wp-content\/uploads\/2025\/05\/497476230_662521433270111_2120829614623466954_n.jpg","contentUrl":"https:\/\/pakosc-kalwaria.franciszkanie.net\/wp-content\/uploads\/2025\/05\/497476230_662521433270111_2120829614623466954_n.jpg","width":1024,"height":2048},{"@type":"WebPage","@id":"https:\/\/pakosc-kalwaria.franciszkanie.net\/index.php\/2025\/05\/13\/tak-dla-religii-i-etyki-w-szkolach\/#webpage","url":"https:\/\/pakosc-kalwaria.franciszkanie.net\/index.php\/2025\/05\/13\/tak-dla-religii-i-etyki-w-szkolach\/","name":"Tak dla religii i etyki w szko\u0142ach - Pako\u015b\u0107 \u2013 Kalwaria","isPartOf":{"@id":"https:\/\/pakosc-kalwaria.franciszkanie.net\/#website"},"primaryImageOfPage":{"@id":"https:\/\/pakosc-kalwaria.franciszkanie.net\/index.php\/2025\/05\/13\/tak-dla-religii-i-etyki-w-szkolach\/#primaryimage"},"datePublished":"2025-05-13T05:26:20+00:00","dateModified":"2025-05-13T05:27:24+00:00","author":{"@id":"https:\/\/pakosc-kalwaria.franciszkanie.net\/#\/schema\/person\/af10b943be0760709227d060eadcb2aa"},"breadcrumb":{"@id":"https:\/\/pakosc-kalwaria.franciszkanie.net\/index.php\/2025\/05\/13\/tak-dla-religii-i-etyki-w-szkolach\/#breadcrumb"},"inLanguage":"pl-PL","potentialAction":[{"@type":"ReadAction","target":["https:\/\/pakosc-kalwaria.franciszkanie.net\/index.php\/2025\/05\/13\/tak-dla-religii-i-etyki-w-szkolach\/"]}]},{"@type":"BreadcrumbList","@id":"https:\/\/pakosc-kalwaria.franciszkanie.net\/index.php\/2025\/05\/13\/tak-dla-religii-i-etyki-w-szkolach\/#breadcrumb","itemListElement":[{"@type":"ListItem","position":1,"name":"Strona g\u0142\u00f3wna","item":"https:\/\/pakosc-kalwaria.franciszkanie.net\/"},{"@type":"ListItem","position":2,"name":"Tak dla religii i etyki w szko\u0142ach"}]},{"@type":"Person","@id":"https:\/\/pakosc-kalwaria.franciszkanie.net\/#\/schema\/person\/af10b943be0760709227d060eadcb2aa","name":"pakosc-kalwaria","image":{"@type":"ImageObject","@id":"https:\/\/pakosc-kalwaria.franciszkanie.net\/#personlogo","inLanguage":"pl-PL","url":"https:\/\/secure.gravatar.com\/avatar\/e7049d338b55eac6a0027ff3218b8d02?s=96&d=mm&r=g","contentUrl":"https:\/\/secure.gravatar.com\/avatar\/e7049d338b55eac6a0027ff3218b8d02?s=96&d=mm&r=g","caption":"pakosc-kalwaria"},"sameAs":["https:\/\/www.facebook.com\/KalwariaPakosc\/"],"url":"https:\/\/pakosc-kalwaria.franciszkanie.net\/index.php\/author\/pakosc-kalwaria\/"}]}},"_links":{"self":[{"href":"https:\/\/pakosc-kalwaria.franciszkanie.net\/index.php\/wp-json\/wp\/v2\/posts\/37105"}],"collection":[{"href":"https:\/\/pakosc-kalwaria.franciszkanie.net\/index.php\/wp-json\/wp\/v2\/posts"}],"about":[{"href":"https:\/\/pakosc-kalwaria.franciszkanie.net\/index.php\/wp-json\/wp\/v2\/types\/post"}],"author":[{"embeddable":true,"href":"https:\/\/pakosc-kalwaria.franciszkanie.net\/index.php\/wp-json\/wp\/v2\/users\/2"}],"replies":[{"embeddable":true,"href":"https:\/\/pakosc-kalwaria.franciszkanie.net\/index.php\/wp-json\/wp\/v2\/comments?post=37105"}],"version-history":[{"count":2,"href":"https:\/\/pakosc-kalwaria.franciszkanie.net\/index.php\/wp-json\/wp\/v2\/posts\/37105\/revisions"}],"predecessor-version":[{"id":37108,"href":"https:\/\/pakosc-kalwaria.franciszkanie.net\/index.php\/wp-json\/wp\/v2\/posts\/37105\/revisions\/37108"}],"wp:featuredmedia":[{"embeddable":true,"href":"https:\/\/pakosc-kalwaria.franciszkanie.net\/index.php\/wp-json\/wp\/v2\/media\/37107"}],"wp:attachment":[{"href":"https:\/\/pakosc-kalwaria.franciszkanie.net\/index.php\/wp-json\/wp\/v2\/media?parent=37105"}],"wp:term":[{"taxonomy":"category","embeddable":true,"href":"https:\/\/pakosc-kalwaria.franciszkanie.net\/index.php\/wp-json\/wp\/v2\/categories?post=37105"},{"taxonomy":"post_tag","embeddable":true,"href":"https:\/\/pakosc-kalwaria.franciszkanie.net\/index.php\/wp-json\/wp\/v2\/tags?post=37105"}],"curies":[{"name":"wp","href":"https:\/\/api.w.org\/{rel}","templated":true}]}}