{"id":37736,"date":"2025-08-27T21:09:42","date_gmt":"2025-08-27T19:09:42","guid":{"rendered":"https:\/\/pakosc-kalwaria.franciszkanie.net\/?p=37736"},"modified":"2025-08-27T21:09:42","modified_gmt":"2025-08-27T19:09:42","slug":"uroczystosc-najswietszej-maryi-panny-czestochowskiej-26-08-2025r","status":"publish","type":"post","link":"https:\/\/pakosc-kalwaria.franciszkanie.net\/index.php\/2025\/08\/27\/uroczystosc-najswietszej-maryi-panny-czestochowskiej-26-08-2025r\/","title":{"rendered":"Uroczysto\u015b\u0107 Naj\u015bwi\u0119tszej Maryi Panny Cz\u0119stochowskiej 26.08.2025r."},"content":{"rendered":"<p>W dniu 26.08.2025r. nasza Wsp\u00f3lnota Parafialna z rado\u015bci\u0105 obchodzi\u0142a Uroczysto\u015b\u0107 Naj\u015bwi\u0119tszej Maryi Panny Cz\u0119stochowskiej \u2014 Patronki Polski i duchowej Opiekunki narodu. To szczeg\u00f3lny dzie\u0144 dla R\u00f3\u017cy R\u00f3\u017ca\u0144cowej pw. Matki Bo\u017cej Cz\u0119stochowskiej, kt\u00f3ra tego dnia obchodzi swoje patronalne \u015bwi\u0119to. W atmosferze wdzi\u0119czno\u015bci, modlitwy i refleksji oddali\u015bmy ho\u0142d Tej, kt\u00f3ra nieustannie towarzyszy nam w codziennym pielgrzymowaniu. Jasna G\u00f3ra \u2014 duchowe serce naszej Ojczyzny \u2014 by\u0142a dzi\u015b obecna w naszych sercach i my\u015blach. Podczas homilii o. Leon przypomnia\u0142 histori\u0119 tego \u015bwi\u0119tego miejsca, wskazuj\u0105c na jego rol\u0119 jako \u017ar\u00f3d\u0142a nadziei i pokrzepienia. Podkre\u015bli\u0142, \u017ce prawdziwa pobo\u017cno\u015b\u0107 nie mo\u017ce ogranicza\u0107 si\u0119 do zewn\u0119trznych gest\u00f3w. Cytuj\u0105c \u015bw. Jana Paw\u0142a II, zach\u0119ca\u0142 do \u017cywej wiary, kt\u00f3ra wyra\u017ca si\u0119 w konkretnych czynach. Wiara bez uczynk\u00f3w jest martwa \u2014 przypomnia\u0142, wskazuj\u0105c na potrzeb\u0119 poznania Chrystusa, zrozumienia Jego nauki i wcielania jej w \u017cycie codzienne. Maryjna g\u0142\u0119bia to zaproszenie do obecno\u015bci w rodzinie, w relacjach, w decyzjach. Niech Maryja b\u0119dzie obecna w naszych domach jako Matka, Przewodniczka i Pocieszycielka \u2014 nie tylko w chwilach modlitwy, ale i w codziennych wyborach. Po uroczystej Eucharystii cz\u0142onkowie R\u00f3\u017cy R\u00f3\u017ca\u0144cowej zaprosili wszystkich parafian na wsp\u00f3lny pocz\u0119stunek do Cafe Francesco. W serdecznej atmosferze kontynuowano \u015bwi\u0119towanie, dziel\u0105c si\u0119 rado\u015bci\u0105, wspomnieniami i duchowym umocnieniem.<\/p>\n<p><img loading=\"lazy\" class=\"alignleft size-full wp-image-37737\" src=\"http:\/\/pakosc-kalwaria.franciszkanie.net\/wp-content\/uploads\/2025\/08\/6d797f5c-d3f4-4f73-91a2-076408967b69.jpg\" alt=\"\" width=\"1536\" height=\"2048\" srcset=\"https:\/\/pakosc-kalwaria.franciszkanie.net\/wp-content\/uploads\/2025\/08\/6d797f5c-d3f4-4f73-91a2-076408967b69.jpg 1536w, https:\/\/pakosc-kalwaria.franciszkanie.net\/wp-content\/uploads\/2025\/08\/6d797f5c-d3f4-4f73-91a2-076408967b69-225x300.jpg 225w, https:\/\/pakosc-kalwaria.franciszkanie.net\/wp-content\/uploads\/2025\/08\/6d797f5c-d3f4-4f73-91a2-076408967b69-768x1024.jpg 768w, https:\/\/pakosc-kalwaria.franciszkanie.net\/wp-content\/uploads\/2025\/08\/6d797f5c-d3f4-4f73-91a2-076408967b69-1152x1536.jpg 1152w\" sizes=\"(max-width: 1536px) 100vw, 1536px\" \/> <img loading=\"lazy\" class=\"alignleft size-full wp-image-37738\" src=\"http:\/\/pakosc-kalwaria.franciszkanie.net\/wp-content\/uploads\/2025\/08\/4b821f4f-915d-44e9-9685-613d9c7cd2d7.jpg\" alt=\"\" width=\"2048\" height=\"1838\" srcset=\"https:\/\/pakosc-kalwaria.franciszkanie.net\/wp-content\/uploads\/2025\/08\/4b821f4f-915d-44e9-9685-613d9c7cd2d7.jpg 2048w, https:\/\/pakosc-kalwaria.franciszkanie.net\/wp-content\/uploads\/2025\/08\/4b821f4f-915d-44e9-9685-613d9c7cd2d7-300x269.jpg 300w, https:\/\/pakosc-kalwaria.franciszkanie.net\/wp-content\/uploads\/2025\/08\/4b821f4f-915d-44e9-9685-613d9c7cd2d7-1024x919.jpg 1024w, https:\/\/pakosc-kalwaria.franciszkanie.net\/wp-content\/uploads\/2025\/08\/4b821f4f-915d-44e9-9685-613d9c7cd2d7-768x689.jpg 768w, https:\/\/pakosc-kalwaria.franciszkanie.net\/wp-content\/uploads\/2025\/08\/4b821f4f-915d-44e9-9685-613d9c7cd2d7-1536x1379.jpg 1536w\" sizes=\"(max-width: 2048px) 100vw, 2048px\" \/> <img loading=\"lazy\" class=\"alignleft size-full wp-image-37739\" src=\"http:\/\/pakosc-kalwaria.franciszkanie.net\/wp-content\/uploads\/2025\/08\/93e3eb49-abe6-4cf8-97e0-3193ca6ab64c.jpg\" alt=\"\" width=\"1536\" height=\"2048\" srcset=\"https:\/\/pakosc-kalwaria.franciszkanie.net\/wp-content\/uploads\/2025\/08\/93e3eb49-abe6-4cf8-97e0-3193ca6ab64c.jpg 1536w, https:\/\/pakosc-kalwaria.franciszkanie.net\/wp-content\/uploads\/2025\/08\/93e3eb49-abe6-4cf8-97e0-3193ca6ab64c-225x300.jpg 225w, https:\/\/pakosc-kalwaria.franciszkanie.net\/wp-content\/uploads\/2025\/08\/93e3eb49-abe6-4cf8-97e0-3193ca6ab64c-768x1024.jpg 768w, https:\/\/pakosc-kalwaria.franciszkanie.net\/wp-content\/uploads\/2025\/08\/93e3eb49-abe6-4cf8-97e0-3193ca6ab64c-1152x1536.jpg 1152w\" sizes=\"(max-width: 1536px) 100vw, 1536px\" \/> <img loading=\"lazy\" class=\"alignleft size-full wp-image-37740\" src=\"http:\/\/pakosc-kalwaria.franciszkanie.net\/wp-content\/uploads\/2025\/08\/f64a6776-80b6-46cb-bc15-6500be2629a2.jpg\" alt=\"\" width=\"1536\" height=\"2048\" srcset=\"https:\/\/pakosc-kalwaria.franciszkanie.net\/wp-content\/uploads\/2025\/08\/f64a6776-80b6-46cb-bc15-6500be2629a2.jpg 1536w, https:\/\/pakosc-kalwaria.franciszkanie.net\/wp-content\/uploads\/2025\/08\/f64a6776-80b6-46cb-bc15-6500be2629a2-225x300.jpg 225w, https:\/\/pakosc-kalwaria.franciszkanie.net\/wp-content\/uploads\/2025\/08\/f64a6776-80b6-46cb-bc15-6500be2629a2-768x1024.jpg 768w, https:\/\/pakosc-kalwaria.franciszkanie.net\/wp-content\/uploads\/2025\/08\/f64a6776-80b6-46cb-bc15-6500be2629a2-1152x1536.jpg 1152w\" sizes=\"(max-width: 1536px) 100vw, 1536px\" \/> <img loading=\"lazy\" class=\"alignleft size-full wp-image-37741\" src=\"http:\/\/pakosc-kalwaria.franciszkanie.net\/wp-content\/uploads\/2025\/08\/63a0b5a5-b475-41e0-9f9f-dc9423ef9615.jpg\" alt=\"\" width=\"1536\" height=\"2048\" srcset=\"https:\/\/pakosc-kalwaria.franciszkanie.net\/wp-content\/uploads\/2025\/08\/63a0b5a5-b475-41e0-9f9f-dc9423ef9615.jpg 1536w, https:\/\/pakosc-kalwaria.franciszkanie.net\/wp-content\/uploads\/2025\/08\/63a0b5a5-b475-41e0-9f9f-dc9423ef9615-225x300.jpg 225w, https:\/\/pakosc-kalwaria.franciszkanie.net\/wp-content\/uploads\/2025\/08\/63a0b5a5-b475-41e0-9f9f-dc9423ef9615-768x1024.jpg 768w, https:\/\/pakosc-kalwaria.franciszkanie.net\/wp-content\/uploads\/2025\/08\/63a0b5a5-b475-41e0-9f9f-dc9423ef9615-1152x1536.jpg 1152w\" sizes=\"(max-width: 1536px) 100vw, 1536px\" \/> <img loading=\"lazy\" class=\"alignleft size-full wp-image-37742\" src=\"http:\/\/pakosc-kalwaria.franciszkanie.net\/wp-content\/uploads\/2025\/08\/3bdf3f1b-2aeb-4055-8898-8b41ef6f8f7e.jpg\" alt=\"\" width=\"1536\" height=\"2048\" srcset=\"https:\/\/pakosc-kalwaria.franciszkanie.net\/wp-content\/uploads\/2025\/08\/3bdf3f1b-2aeb-4055-8898-8b41ef6f8f7e.jpg 1536w, https:\/\/pakosc-kalwaria.franciszkanie.net\/wp-content\/uploads\/2025\/08\/3bdf3f1b-2aeb-4055-8898-8b41ef6f8f7e-225x300.jpg 225w, https:\/\/pakosc-kalwaria.franciszkanie.net\/wp-content\/uploads\/2025\/08\/3bdf3f1b-2aeb-4055-8898-8b41ef6f8f7e-768x1024.jpg 768w, https:\/\/pakosc-kalwaria.franciszkanie.net\/wp-content\/uploads\/2025\/08\/3bdf3f1b-2aeb-4055-8898-8b41ef6f8f7e-1152x1536.jpg 1152w\" sizes=\"(max-width: 1536px) 100vw, 1536px\" \/> <img loading=\"lazy\" class=\"alignleft size-full wp-image-37743\" src=\"http:\/\/pakosc-kalwaria.franciszkanie.net\/wp-content\/uploads\/2025\/08\/8d164eaa-3f14-4b87-a7a9-e1f38756488d.jpg\" alt=\"\" width=\"1536\" height=\"2048\" srcset=\"https:\/\/pakosc-kalwaria.franciszkanie.net\/wp-content\/uploads\/2025\/08\/8d164eaa-3f14-4b87-a7a9-e1f38756488d.jpg 1536w, https:\/\/pakosc-kalwaria.franciszkanie.net\/wp-content\/uploads\/2025\/08\/8d164eaa-3f14-4b87-a7a9-e1f38756488d-225x300.jpg 225w, https:\/\/pakosc-kalwaria.franciszkanie.net\/wp-content\/uploads\/2025\/08\/8d164eaa-3f14-4b87-a7a9-e1f38756488d-768x1024.jpg 768w, https:\/\/pakosc-kalwaria.franciszkanie.net\/wp-content\/uploads\/2025\/08\/8d164eaa-3f14-4b87-a7a9-e1f38756488d-1152x1536.jpg 1152w\" sizes=\"(max-width: 1536px) 100vw, 1536px\" \/> <img loading=\"lazy\" class=\"alignleft size-full wp-image-37744\" src=\"http:\/\/pakosc-kalwaria.franciszkanie.net\/wp-content\/uploads\/2025\/08\/e8df3fae-d969-4103-b389-1a7e07dd7c15.jpg\" alt=\"\" width=\"1536\" height=\"2048\" srcset=\"https:\/\/pakosc-kalwaria.franciszkanie.net\/wp-content\/uploads\/2025\/08\/e8df3fae-d969-4103-b389-1a7e07dd7c15.jpg 1536w, https:\/\/pakosc-kalwaria.franciszkanie.net\/wp-content\/uploads\/2025\/08\/e8df3fae-d969-4103-b389-1a7e07dd7c15-225x300.jpg 225w, https:\/\/pakosc-kalwaria.franciszkanie.net\/wp-content\/uploads\/2025\/08\/e8df3fae-d969-4103-b389-1a7e07dd7c15-768x1024.jpg 768w, https:\/\/pakosc-kalwaria.franciszkanie.net\/wp-content\/uploads\/2025\/08\/e8df3fae-d969-4103-b389-1a7e07dd7c15-1152x1536.jpg 1152w\" sizes=\"(max-width: 1536px) 100vw, 1536px\" \/><\/p>\n","protected":false},"excerpt":{"rendered":"<p>W dniu 26.08.2025r. nasza Wsp\u00f3lnota Parafialna z rado\u015bci\u0105 obchodzi\u0142a Uroczysto\u015b\u0107 Naj\u015bwi\u0119tszej Maryi Panny Cz\u0119stochowskiej \u2014 Patronki Polski i duchowej Opiekunki narodu. To szczeg\u00f3lny dzie\u0144 dla R\u00f3\u017cy R\u00f3\u017ca\u0144cowej pw. Matki Bo\u017cej Cz\u0119stochowskiej, kt\u00f3ra tego dnia obchodzi swoje patronalne \u015bwi\u0119to. W atmosferze wdzi\u0119czno\u015bci, modlitwy i refleksji oddali\u015bmy ho\u0142d Tej, kt\u00f3ra nieustannie towarzyszy nam w codziennym pielgrzymowaniu. Jasna &hellip;<\/p>\n","protected":false},"author":2,"featured_media":37744,"comment_status":"closed","ping_status":"closed","sticky":false,"template":"","format":"standard","meta":{"_mi_skip_tracking":false,"_exactmetrics_sitenote_active":false,"_exactmetrics_sitenote_note":"","_exactmetrics_sitenote_category":0},"categories":[1],"tags":[],"yoast_head":"<!-- This site is optimized with the Yoast SEO plugin v18.1 - https:\/\/yoast.com\/wordpress\/plugins\/seo\/ -->\n<title>Uroczysto\u015b\u0107 Naj\u015bwi\u0119tszej Maryi Panny Cz\u0119stochowskiej 26.08.2025r. - Pako\u015b\u0107 \u2013 Kalwaria<\/title>\n<meta name=\"robots\" content=\"index, follow, max-snippet:-1, max-image-preview:large, max-video-preview:-1\" \/>\n<link rel=\"canonical\" href=\"https:\/\/pakosc-kalwaria.franciszkanie.net\/index.php\/2025\/08\/27\/uroczystosc-najswietszej-maryi-panny-czestochowskiej-26-08-2025r\/\" \/>\n<meta property=\"og:locale\" content=\"pl_PL\" \/>\n<meta property=\"og:type\" content=\"article\" \/>\n<meta property=\"og:title\" content=\"Uroczysto\u015b\u0107 Naj\u015bwi\u0119tszej Maryi Panny Cz\u0119stochowskiej 26.08.2025r. - Pako\u015b\u0107 \u2013 Kalwaria\" \/>\n<meta property=\"og:description\" content=\"W dniu 26.08.2025r. nasza Wsp\u00f3lnota Parafialna z rado\u015bci\u0105 obchodzi\u0142a Uroczysto\u015b\u0107 Naj\u015bwi\u0119tszej Maryi Panny Cz\u0119stochowskiej \u2014 Patronki Polski i duchowej Opiekunki narodu. To szczeg\u00f3lny dzie\u0144 dla R\u00f3\u017cy R\u00f3\u017ca\u0144cowej pw. Matki Bo\u017cej Cz\u0119stochowskiej, kt\u00f3ra tego dnia obchodzi swoje patronalne \u015bwi\u0119to. W atmosferze wdzi\u0119czno\u015bci, modlitwy i refleksji oddali\u015bmy ho\u0142d Tej, kt\u00f3ra nieustannie towarzyszy nam w codziennym pielgrzymowaniu. Jasna &hellip;\" \/>\n<meta property=\"og:url\" content=\"https:\/\/pakosc-kalwaria.franciszkanie.net\/index.php\/2025\/08\/27\/uroczystosc-najswietszej-maryi-panny-czestochowskiej-26-08-2025r\/\" \/>\n<meta property=\"og:site_name\" content=\"Pako\u015b\u0107 \u2013 Kalwaria\" \/>\n<meta property=\"article:author\" content=\"https:\/\/www.facebook.com\/KalwariaPakosc\/\" \/>\n<meta property=\"article:published_time\" content=\"2025-08-27T19:09:42+00:00\" \/>\n<meta property=\"og:image\" content=\"http:\/\/pakosc-kalwaria.franciszkanie.net\/wp-content\/uploads\/2025\/08\/e8df3fae-d969-4103-b389-1a7e07dd7c15.jpg\" \/>\n\t<meta property=\"og:image:width\" content=\"1536\" \/>\n\t<meta property=\"og:image:height\" content=\"2048\" \/>\n\t<meta property=\"og:image:type\" content=\"image\/jpeg\" \/>\n<meta name=\"twitter:card\" content=\"summary\" \/>\n<meta name=\"twitter:label1\" content=\"Napisane przez\" \/>\n\t<meta name=\"twitter:data1\" content=\"pakosc-kalwaria\" \/>\n\t<meta name=\"twitter:label2\" content=\"Szacowany czas czytania\" \/>\n\t<meta name=\"twitter:data2\" content=\"1 minuta\" \/>\n<script type=\"application\/ld+json\" class=\"yoast-schema-graph\">{\"@context\":\"https:\/\/schema.org\",\"@graph\":[{\"@type\":\"WebSite\",\"@id\":\"https:\/\/pakosc-kalwaria.franciszkanie.net\/#website\",\"url\":\"https:\/\/pakosc-kalwaria.franciszkanie.net\/\",\"name\":\"Pako\u015b\u0107 \u2013 Kalwaria\",\"description\":\"Parafia Rzymsko \u2013 Katolicka p.w. Pana Jezusa Ukrzy\u017cowanego i  Matki Bo\u017cej Bolesnej ul. Barci\u0144ska 60, 88\u2013170 Pako\u015b\u0107 \u2013 Kalwaria\",\"potentialAction\":[{\"@type\":\"SearchAction\",\"target\":{\"@type\":\"EntryPoint\",\"urlTemplate\":\"https:\/\/pakosc-kalwaria.franciszkanie.net\/?s={search_term_string}\"},\"query-input\":\"required name=search_term_string\"}],\"inLanguage\":\"pl-PL\"},{\"@type\":\"ImageObject\",\"@id\":\"https:\/\/pakosc-kalwaria.franciszkanie.net\/index.php\/2025\/08\/27\/uroczystosc-najswietszej-maryi-panny-czestochowskiej-26-08-2025r\/#primaryimage\",\"inLanguage\":\"pl-PL\",\"url\":\"https:\/\/pakosc-kalwaria.franciszkanie.net\/wp-content\/uploads\/2025\/08\/e8df3fae-d969-4103-b389-1a7e07dd7c15.jpg\",\"contentUrl\":\"https:\/\/pakosc-kalwaria.franciszkanie.net\/wp-content\/uploads\/2025\/08\/e8df3fae-d969-4103-b389-1a7e07dd7c15.jpg\",\"width\":1536,\"height\":2048},{\"@type\":\"WebPage\",\"@id\":\"https:\/\/pakosc-kalwaria.franciszkanie.net\/index.php\/2025\/08\/27\/uroczystosc-najswietszej-maryi-panny-czestochowskiej-26-08-2025r\/#webpage\",\"url\":\"https:\/\/pakosc-kalwaria.franciszkanie.net\/index.php\/2025\/08\/27\/uroczystosc-najswietszej-maryi-panny-czestochowskiej-26-08-2025r\/\",\"name\":\"Uroczysto\u015b\u0107 Naj\u015bwi\u0119tszej Maryi Panny Cz\u0119stochowskiej 26.08.2025r. - Pako\u015b\u0107 \u2013 Kalwaria\",\"isPartOf\":{\"@id\":\"https:\/\/pakosc-kalwaria.franciszkanie.net\/#website\"},\"primaryImageOfPage\":{\"@id\":\"https:\/\/pakosc-kalwaria.franciszkanie.net\/index.php\/2025\/08\/27\/uroczystosc-najswietszej-maryi-panny-czestochowskiej-26-08-2025r\/#primaryimage\"},\"datePublished\":\"2025-08-27T19:09:42+00:00\",\"dateModified\":\"2025-08-27T19:09:42+00:00\",\"author\":{\"@id\":\"https:\/\/pakosc-kalwaria.franciszkanie.net\/#\/schema\/person\/af10b943be0760709227d060eadcb2aa\"},\"breadcrumb\":{\"@id\":\"https:\/\/pakosc-kalwaria.franciszkanie.net\/index.php\/2025\/08\/27\/uroczystosc-najswietszej-maryi-panny-czestochowskiej-26-08-2025r\/#breadcrumb\"},\"inLanguage\":\"pl-PL\",\"potentialAction\":[{\"@type\":\"ReadAction\",\"target\":[\"https:\/\/pakosc-kalwaria.franciszkanie.net\/index.php\/2025\/08\/27\/uroczystosc-najswietszej-maryi-panny-czestochowskiej-26-08-2025r\/\"]}]},{\"@type\":\"BreadcrumbList\",\"@id\":\"https:\/\/pakosc-kalwaria.franciszkanie.net\/index.php\/2025\/08\/27\/uroczystosc-najswietszej-maryi-panny-czestochowskiej-26-08-2025r\/#breadcrumb\",\"itemListElement\":[{\"@type\":\"ListItem\",\"position\":1,\"name\":\"Strona g\u0142\u00f3wna\",\"item\":\"https:\/\/pakosc-kalwaria.franciszkanie.net\/\"},{\"@type\":\"ListItem\",\"position\":2,\"name\":\"Uroczysto\u015b\u0107 Naj\u015bwi\u0119tszej Maryi Panny Cz\u0119stochowskiej 26.08.2025r.\"}]},{\"@type\":\"Person\",\"@id\":\"https:\/\/pakosc-kalwaria.franciszkanie.net\/#\/schema\/person\/af10b943be0760709227d060eadcb2aa\",\"name\":\"pakosc-kalwaria\",\"image\":{\"@type\":\"ImageObject\",\"@id\":\"https:\/\/pakosc-kalwaria.franciszkanie.net\/#personlogo\",\"inLanguage\":\"pl-PL\",\"url\":\"https:\/\/secure.gravatar.com\/avatar\/e7049d338b55eac6a0027ff3218b8d02?s=96&d=mm&r=g\",\"contentUrl\":\"https:\/\/secure.gravatar.com\/avatar\/e7049d338b55eac6a0027ff3218b8d02?s=96&d=mm&r=g\",\"caption\":\"pakosc-kalwaria\"},\"sameAs\":[\"https:\/\/www.facebook.com\/KalwariaPakosc\/\"],\"url\":\"https:\/\/pakosc-kalwaria.franciszkanie.net\/index.php\/author\/pakosc-kalwaria\/\"}]}<\/script>\n<!-- \/ Yoast SEO plugin. -->","yoast_head_json":{"title":"Uroczysto\u015b\u0107 Naj\u015bwi\u0119tszej Maryi Panny Cz\u0119stochowskiej 26.08.2025r. - Pako\u015b\u0107 \u2013 Kalwaria","robots":{"index":"index","follow":"follow","max-snippet":"max-snippet:-1","max-image-preview":"max-image-preview:large","max-video-preview":"max-video-preview:-1"},"canonical":"https:\/\/pakosc-kalwaria.franciszkanie.net\/index.php\/2025\/08\/27\/uroczystosc-najswietszej-maryi-panny-czestochowskiej-26-08-2025r\/","og_locale":"pl_PL","og_type":"article","og_title":"Uroczysto\u015b\u0107 Naj\u015bwi\u0119tszej Maryi Panny Cz\u0119stochowskiej 26.08.2025r. - Pako\u015b\u0107 \u2013 Kalwaria","og_description":"W dniu 26.08.2025r. nasza Wsp\u00f3lnota Parafialna z rado\u015bci\u0105 obchodzi\u0142a Uroczysto\u015b\u0107 Naj\u015bwi\u0119tszej Maryi Panny Cz\u0119stochowskiej \u2014 Patronki Polski i duchowej Opiekunki narodu. To szczeg\u00f3lny dzie\u0144 dla R\u00f3\u017cy R\u00f3\u017ca\u0144cowej pw. Matki Bo\u017cej Cz\u0119stochowskiej, kt\u00f3ra tego dnia obchodzi swoje patronalne \u015bwi\u0119to. W atmosferze wdzi\u0119czno\u015bci, modlitwy i refleksji oddali\u015bmy ho\u0142d Tej, kt\u00f3ra nieustannie towarzyszy nam w codziennym pielgrzymowaniu. Jasna &hellip;","og_url":"https:\/\/pakosc-kalwaria.franciszkanie.net\/index.php\/2025\/08\/27\/uroczystosc-najswietszej-maryi-panny-czestochowskiej-26-08-2025r\/","og_site_name":"Pako\u015b\u0107 \u2013 Kalwaria","article_author":"https:\/\/www.facebook.com\/KalwariaPakosc\/","article_published_time":"2025-08-27T19:09:42+00:00","og_image":[{"width":1536,"height":2048,"url":"http:\/\/pakosc-kalwaria.franciszkanie.net\/wp-content\/uploads\/2025\/08\/e8df3fae-d969-4103-b389-1a7e07dd7c15.jpg","type":"image\/jpeg"}],"twitter_card":"summary","twitter_misc":{"Napisane przez":"pakosc-kalwaria","Szacowany czas czytania":"1 minuta"},"schema":{"@context":"https:\/\/schema.org","@graph":[{"@type":"WebSite","@id":"https:\/\/pakosc-kalwaria.franciszkanie.net\/#website","url":"https:\/\/pakosc-kalwaria.franciszkanie.net\/","name":"Pako\u015b\u0107 \u2013 Kalwaria","description":"Parafia Rzymsko \u2013 Katolicka p.w. Pana Jezusa Ukrzy\u017cowanego i  Matki Bo\u017cej Bolesnej ul. Barci\u0144ska 60, 88\u2013170 Pako\u015b\u0107 \u2013 Kalwaria","potentialAction":[{"@type":"SearchAction","target":{"@type":"EntryPoint","urlTemplate":"https:\/\/pakosc-kalwaria.franciszkanie.net\/?s={search_term_string}"},"query-input":"required name=search_term_string"}],"inLanguage":"pl-PL"},{"@type":"ImageObject","@id":"https:\/\/pakosc-kalwaria.franciszkanie.net\/index.php\/2025\/08\/27\/uroczystosc-najswietszej-maryi-panny-czestochowskiej-26-08-2025r\/#primaryimage","inLanguage":"pl-PL","url":"https:\/\/pakosc-kalwaria.franciszkanie.net\/wp-content\/uploads\/2025\/08\/e8df3fae-d969-4103-b389-1a7e07dd7c15.jpg","contentUrl":"https:\/\/pakosc-kalwaria.franciszkanie.net\/wp-content\/uploads\/2025\/08\/e8df3fae-d969-4103-b389-1a7e07dd7c15.jpg","width":1536,"height":2048},{"@type":"WebPage","@id":"https:\/\/pakosc-kalwaria.franciszkanie.net\/index.php\/2025\/08\/27\/uroczystosc-najswietszej-maryi-panny-czestochowskiej-26-08-2025r\/#webpage","url":"https:\/\/pakosc-kalwaria.franciszkanie.net\/index.php\/2025\/08\/27\/uroczystosc-najswietszej-maryi-panny-czestochowskiej-26-08-2025r\/","name":"Uroczysto\u015b\u0107 Naj\u015bwi\u0119tszej Maryi Panny Cz\u0119stochowskiej 26.08.2025r. - Pako\u015b\u0107 \u2013 Kalwaria","isPartOf":{"@id":"https:\/\/pakosc-kalwaria.franciszkanie.net\/#website"},"primaryImageOfPage":{"@id":"https:\/\/pakosc-kalwaria.franciszkanie.net\/index.php\/2025\/08\/27\/uroczystosc-najswietszej-maryi-panny-czestochowskiej-26-08-2025r\/#primaryimage"},"datePublished":"2025-08-27T19:09:42+00:00","dateModified":"2025-08-27T19:09:42+00:00","author":{"@id":"https:\/\/pakosc-kalwaria.franciszkanie.net\/#\/schema\/person\/af10b943be0760709227d060eadcb2aa"},"breadcrumb":{"@id":"https:\/\/pakosc-kalwaria.franciszkanie.net\/index.php\/2025\/08\/27\/uroczystosc-najswietszej-maryi-panny-czestochowskiej-26-08-2025r\/#breadcrumb"},"inLanguage":"pl-PL","potentialAction":[{"@type":"ReadAction","target":["https:\/\/pakosc-kalwaria.franciszkanie.net\/index.php\/2025\/08\/27\/uroczystosc-najswietszej-maryi-panny-czestochowskiej-26-08-2025r\/"]}]},{"@type":"BreadcrumbList","@id":"https:\/\/pakosc-kalwaria.franciszkanie.net\/index.php\/2025\/08\/27\/uroczystosc-najswietszej-maryi-panny-czestochowskiej-26-08-2025r\/#breadcrumb","itemListElement":[{"@type":"ListItem","position":1,"name":"Strona g\u0142\u00f3wna","item":"https:\/\/pakosc-kalwaria.franciszkanie.net\/"},{"@type":"ListItem","position":2,"name":"Uroczysto\u015b\u0107 Naj\u015bwi\u0119tszej Maryi Panny Cz\u0119stochowskiej 26.08.2025r."}]},{"@type":"Person","@id":"https:\/\/pakosc-kalwaria.franciszkanie.net\/#\/schema\/person\/af10b943be0760709227d060eadcb2aa","name":"pakosc-kalwaria","image":{"@type":"ImageObject","@id":"https:\/\/pakosc-kalwaria.franciszkanie.net\/#personlogo","inLanguage":"pl-PL","url":"https:\/\/secure.gravatar.com\/avatar\/e7049d338b55eac6a0027ff3218b8d02?s=96&d=mm&r=g","contentUrl":"https:\/\/secure.gravatar.com\/avatar\/e7049d338b55eac6a0027ff3218b8d02?s=96&d=mm&r=g","caption":"pakosc-kalwaria"},"sameAs":["https:\/\/www.facebook.com\/KalwariaPakosc\/"],"url":"https:\/\/pakosc-kalwaria.franciszkanie.net\/index.php\/author\/pakosc-kalwaria\/"}]}},"_links":{"self":[{"href":"https:\/\/pakosc-kalwaria.franciszkanie.net\/index.php\/wp-json\/wp\/v2\/posts\/37736"}],"collection":[{"href":"https:\/\/pakosc-kalwaria.franciszkanie.net\/index.php\/wp-json\/wp\/v2\/posts"}],"about":[{"href":"https:\/\/pakosc-kalwaria.franciszkanie.net\/index.php\/wp-json\/wp\/v2\/types\/post"}],"author":[{"embeddable":true,"href":"https:\/\/pakosc-kalwaria.franciszkanie.net\/index.php\/wp-json\/wp\/v2\/users\/2"}],"replies":[{"embeddable":true,"href":"https:\/\/pakosc-kalwaria.franciszkanie.net\/index.php\/wp-json\/wp\/v2\/comments?post=37736"}],"version-history":[{"count":1,"href":"https:\/\/pakosc-kalwaria.franciszkanie.net\/index.php\/wp-json\/wp\/v2\/posts\/37736\/revisions"}],"predecessor-version":[{"id":37745,"href":"https:\/\/pakosc-kalwaria.franciszkanie.net\/index.php\/wp-json\/wp\/v2\/posts\/37736\/revisions\/37745"}],"wp:featuredmedia":[{"embeddable":true,"href":"https:\/\/pakosc-kalwaria.franciszkanie.net\/index.php\/wp-json\/wp\/v2\/media\/37744"}],"wp:attachment":[{"href":"https:\/\/pakosc-kalwaria.franciszkanie.net\/index.php\/wp-json\/wp\/v2\/media?parent=37736"}],"wp:term":[{"taxonomy":"category","embeddable":true,"href":"https:\/\/pakosc-kalwaria.franciszkanie.net\/index.php\/wp-json\/wp\/v2\/categories?post=37736"},{"taxonomy":"post_tag","embeddable":true,"href":"https:\/\/pakosc-kalwaria.franciszkanie.net\/index.php\/wp-json\/wp\/v2\/tags?post=37736"}],"curies":[{"name":"wp","href":"https:\/\/api.w.org\/{rel}","templated":true}]}}