{"id":3835,"date":"2018-01-12T09:30:14","date_gmt":"2018-01-12T08:30:14","guid":{"rendered":"http:\/\/pakosc-kalwaria.franciszkanie.net\/?p=3835"},"modified":"2018-01-17T20:29:02","modified_gmt":"2018-01-17T19:29:02","slug":"program-duszpasterski-2017-2019","status":"publish","type":"post","link":"https:\/\/pakosc-kalwaria.franciszkanie.net\/index.php\/2018\/01\/12\/program-duszpasterski-2017-2019\/","title":{"rendered":"Program duszpasterski 2018 &#8211; 2019"},"content":{"rendered":"<p><strong>Komisja Duszpasterstwa Konferencji Episkopatu Polski\u00a0 opracowa\u0142a dwuletni program (2018-2019).<\/strong> \u00a0Celem nowego programu, kt\u00f3ry wszed\u0142 w \u017cycie w pierwsz\u0105 niedziel\u0119 Adwentu, jest odkrycie Osoby Ducha \u015awi\u0119tego, otwarcie si\u0119 na Jego dzia\u0142anie oraz refleksja nad sakramentem bierzmowania i jego skutkami. Temat ilustruj\u0105 s\u0142owa <strong>\u201eDuch, kt\u00f3ry umacnia mi\u0142o\u015b\u0107\u201d<\/strong>, zaczerpni\u0119te z Drugiej Modlitwy Eucharystycznej o Tajemnicy Pojednania.<\/p>\n<p>Program duszpasterski uwzgl\u0119dnia przypadaj\u0105ce w tym roku rocznice wa\u017cnych wydarze\u0144 historycznych, w tym 100. rocznic\u0119 odzyskania przez Polsk\u0119 niepodleg\u0142o\u015bci (11 listopada) i 450. rocznic\u0119 \u015bmierci \u015bw. Stanis\u0142awa Kostki (15 sierpnia).<\/p>\n<p><strong><span style=\"color: #ff0000;\">ROK 2018<\/span><br \/>\n<\/strong>Tematyka: Odkrywanie Osoby i dar\u00f3w Ducha \u015awi\u0119tego<br \/>\nHas\u0142o: <strong>\u201eJeste\u015bmy nape\u0142nieni Duchem \u015awi\u0119tym\u201d<\/strong> (por. Dz 2,4)<br \/>\nSymbol: <strong>olej krzy\u017cma<\/strong> \u2013 namaszczenie i na\u0142o\u017cenie r\u0105k<\/p>\n<p><strong><span style=\"color: #ff0000;\">ROK 2019<\/span><br \/>\n<\/strong>Tematyka: Misja w mocy Bo\u017cego Ducha<br \/>\nHas\u0142o: <strong>\u201eW mocy Bo\u017cego Ducha\u201d<br \/>\n<\/strong>Symbol: <strong>j\u0119zyki ognia<\/strong><\/p>\n<p><strong><span style=\"color: #ff0000;\">Rok 1 \u2013 <\/span><\/strong><em><strong><span style=\"color: #ff0000;\">Odkrywanie Osoby i dar\u00f3w Ducha \u015awi\u0119tego<\/span><\/strong><br \/>\n<\/em>Zasadniczym zadaniem pierwszego roku realizacji Programu duszpasterskiego b\u0119dzie <strong>odkrywanie Osoby Ducha \u015awi\u0119tego oraz Jego dar\u00f3w<\/strong>. Uwaga zostanie skierowana r\u00f3wnie\u017c na skutki bierzmowania, z uwzgl\u0119dnieniem ich zastosowania w procesie dochodzenia do szeroko rozumianej dojrza\u0142o\u015bci chrze\u015bcija\u0144skiej, jak r\u00f3wnie\u017c na potrzeb\u0119 budowania i wspierania \u015brodowiska wzrostu wiary. W\u015br\u00f3d zada\u0144 tego etapu na szczeg\u00f3ln\u0105 uwag\u0119 zas\u0142uguje troska o odnowienie w sobie Bo\u017cego synostwa, odkrywanie w\u0142asnej to\u017csamo\u015bci chrze\u015bcija\u0144skiej, zrozumienie wagi osobistego wyboru Chrystusa, \u015bci\u015blejsze zjednoczenia z Nim oraz odkrywanie parafii jako wsp\u00f3lnoty rozwoju i dojrzewania wiary.<\/p>\n<p><strong><span style=\"color: #ff0000;\">Rok 2 \u2013 <\/span><em><span style=\"color: #ff0000;\">Misja w mocy Bo\u017cego Ducha<\/span><br \/>\n<\/em><\/strong>Tre\u015bci drugiego roku realizacji Programu duszpasterskiego maj\u0105 doprowadzi\u0107 wiernych do <strong>poznania Ko\u015bcio\u0142a <\/strong>w zupe\u0142nie nowym \u2013 by\u0107 mo\u017ce nieznanym jeszcze \u2013 \u015bwietle. Program zachowuje, zgodnie z przyj\u0119t\u0105 wcze\u015bniej metodologi\u0105, podzia\u0142 na cztery zasadnicze cele: ewangelizacyjny, inicjacyjny, formacyjny i spo\u0142eczny.<\/p>\n<p>Poszczeg\u00f3lnym etapom realizacji Programu duszpasterskiego b\u0119d\u0105 towarzyszy\u0142y konkretne zadania.<\/p>\n<p><span style=\"color: #ff0000;\"><strong>Cztery g\u0142\u00f3wne cele programu duszpasterskiego<\/strong><\/span><\/p>\n<p><span style=\"color: #ff0000;\"><strong>Cel ewangelizacyjny<\/strong><\/span> z jednej strony akcentuje r\u00f3\u017cne formy przepowiadania: g\u0142oszenie S\u0142owa Bo\u017cego, katecheza, czy rekolekcje ewangelizacyjne lub kerygmatyczne. Z drugiej strony zauwa\u017cono piln\u0105 potrzeb\u0119 towarzyszenia wierz\u0105cym w ich odkrywaniu i rozwijaniu dar\u00f3w Ducha \u015awi\u0119tego, wysi\u0142ki formacyjne na r\u00f3\u017cnych poziomach \u017cycia parafialnego oraz \u201epromowanie \u015brodowisk wzrostu i dojrzewania wiary\u201d.<\/p>\n<p><span style=\"color: #ff0000;\"><strong>Cel inicjacyjny <\/strong><\/span>\u00a0programu polega\u0107 ma m.in. na ukazywaniu zwi\u0105zku miedzy chrztem, bierzmowaniem i Eucharysti\u0105, podkre\u015bleniu znaczenia osobistego wyboru Jezusa Chrystusa i odkrywaniu przynale\u017cno\u015bci do Ko\u015bcio\u0142a. Istotne w tym kontek\u015bcie ma by\u0107 wskazywanie na rol\u0119 \u015bwiadectwa os\u00f3b \u015bwieckich jako przyk\u0142ad\u00f3w osobistego prze\u017cywania relacji z Bogiem.<\/p>\n<p><span style=\"color: #ff0000;\"><strong>Cel formacyjny<\/strong><\/span> ma by\u0107 realizowany przede wszystkim przez podejmowanie duszpasterskich wysi\u0142k\u00f3w w parafii na rzecz dalszej formacji os\u00f3b bierzmowanych oraz przybli\u017canie wiernym Ko\u015bcio\u0142a jako wsp\u00f3lnoty, kt\u00f3r\u0105 kieruje i umacnia Duch \u015awi\u0119ty.<\/p>\n<p><span style=\"color: #ff0000;\"><strong>Cel spo\u0142eczny<\/strong><\/span> nowego programu duszpasterskiego ma by\u0107 widoczny poprzez ukazywanie wiernym dar\u00f3w Ducha \u015awi\u0119tego w r\u00f3\u017cnych dziedzinach troski o dobro wsp\u00f3lne: od pracy charytatywnej po \u017cycie polityczne, a tak\u017ce w ramach s\u0142u\u017cby na rzecz wsp\u00f3lnoty parafialnej.<\/p>\n<p><strong><span style=\"color: #ff0000;\">Tematyce programu duszpasterskiego na rok 2017-2018 b\u0119d\u0105 towarzyszy\u0107 s\u0142owa \u201eJeste\u015bmy nape\u0142nieni Duchem \u015awi\u0119tym\u201d.<\/span><\/strong> Bierzmowanie jest dla ka\u017cdego chrze\u015bcijanina darem i zadaniem. Refleksja nad sakramentem Ducha \u015awi\u0119tego wydaje si\u0119 by\u0107 potrzeb\u0105 chwili, zwa\u017cywszy na fakt, \u017ce coraz wi\u0119cej m\u0142odzie\u017cy rezygnuje z przyj\u0119cia tego sakramentu, a znaczna jej cz\u0119\u015b\u0107 przyjmuje go z bardzo ma\u0142\u0105 \u015bwiadomo\u015bci\u0105.<\/p>\n<p><strong>Intencj\u0105 programu nie jest jednak tylko \u201ezainteresowanie\u201d m\u0142odzie\u017cy tematem bierzmowania.<\/strong> Jest to bowiem sakrament, kt\u00f3ry \u201ezamar\u0142\u201d w wielu osobach doros\u0142ych. Nale\u017cy pom\u00f3c osobom ochrzczonym odkry\u0107 dar Ducha \u015awi\u0119tego, udzielony im przez samego Jezusa w sakramencie bierzmowania oraz ukaza\u0107 fakt, \u017ce Duch \u015awi\u0119ty, sam b\u0119d\u0105c darem Zmartwychwsta\u0142ego, r\u00f3wnie\u017c przynosi z sob\u0105 dary. Dzi\u0119ki piecz\u0119ci Ducha, otrzymywan\u0105 w sakramencie bierzmowania, chrze\u015bcijanin osi\u0105ga pe\u0142ni\u0119 swej to\u017csamo\u015bci i staje si\u0119 \u015bwiadomy swego pos\u0142annictwa w Ko\u015bciele i \u015bwiecie.<\/p>\n","protected":false},"excerpt":{"rendered":"<p>Komisja Duszpasterstwa Konferencji Episkopatu Polski\u00a0 opracowa\u0142a dwuletni program (2018-2019). \u00a0Celem nowego programu, kt\u00f3ry wszed\u0142 w \u017cycie w pierwsz\u0105 niedziel\u0119 Adwentu, jest odkrycie Osoby Ducha \u015awi\u0119tego, otwarcie si\u0119 na Jego dzia\u0142anie oraz refleksja nad sakramentem bierzmowania i jego skutkami. Temat ilustruj\u0105 s\u0142owa \u201eDuch, kt\u00f3ry umacnia mi\u0142o\u015b\u0107\u201d, zaczerpni\u0119te z Drugiej Modlitwy Eucharystycznej o Tajemnicy Pojednania. Program duszpasterski &hellip;<\/p>\n","protected":false},"author":2,"featured_media":3836,"comment_status":"closed","ping_status":"open","sticky":false,"template":"","format":"standard","meta":{"_mi_skip_tracking":false,"_exactmetrics_sitenote_active":false,"_exactmetrics_sitenote_note":"","_exactmetrics_sitenote_category":0},"categories":[5,1],"tags":[],"yoast_head":"<!-- This site is optimized with the Yoast SEO plugin v18.1 - https:\/\/yoast.com\/wordpress\/plugins\/seo\/ -->\n<title>Program duszpasterski 2018 - 2019 - Pako\u015b\u0107 \u2013 Kalwaria<\/title>\n<meta name=\"robots\" content=\"index, follow, max-snippet:-1, max-image-preview:large, max-video-preview:-1\" \/>\n<link rel=\"canonical\" href=\"https:\/\/pakosc-kalwaria.franciszkanie.net\/index.php\/2018\/01\/12\/program-duszpasterski-2017-2019\/\" \/>\n<meta property=\"og:locale\" content=\"pl_PL\" \/>\n<meta property=\"og:type\" content=\"article\" \/>\n<meta property=\"og:title\" content=\"Program duszpasterski 2018 - 2019 - Pako\u015b\u0107 \u2013 Kalwaria\" \/>\n<meta property=\"og:description\" content=\"Komisja Duszpasterstwa Konferencji Episkopatu Polski\u00a0 opracowa\u0142a dwuletni program (2018-2019). \u00a0Celem nowego programu, kt\u00f3ry wszed\u0142 w \u017cycie w pierwsz\u0105 niedziel\u0119 Adwentu, jest odkrycie Osoby Ducha \u015awi\u0119tego, otwarcie si\u0119 na Jego dzia\u0142anie oraz refleksja nad sakramentem bierzmowania i jego skutkami. Temat ilustruj\u0105 s\u0142owa \u201eDuch, kt\u00f3ry umacnia mi\u0142o\u015b\u0107\u201d, zaczerpni\u0119te z Drugiej Modlitwy Eucharystycznej o Tajemnicy Pojednania. Program duszpasterski &hellip;\" \/>\n<meta property=\"og:url\" content=\"https:\/\/pakosc-kalwaria.franciszkanie.net\/index.php\/2018\/01\/12\/program-duszpasterski-2017-2019\/\" \/>\n<meta property=\"og:site_name\" content=\"Pako\u015b\u0107 \u2013 Kalwaria\" \/>\n<meta property=\"article:author\" content=\"https:\/\/www.facebook.com\/KalwariaPakosc\/\" \/>\n<meta property=\"article:published_time\" content=\"2018-01-12T08:30:14+00:00\" \/>\n<meta property=\"article:modified_time\" content=\"2018-01-17T19:29:02+00:00\" \/>\n<meta property=\"og:image\" content=\"https:\/\/pakosc-kalwaria.franciszkanie.net\/wp-content\/uploads\/2017\/11\/ec4f7f285a9891efccf6649a7b8d3b6b.jpg\" \/>\n\t<meta property=\"og:image:width\" content=\"300\" \/>\n\t<meta property=\"og:image:height\" content=\"300\" \/>\n\t<meta property=\"og:image:type\" content=\"image\/jpeg\" \/>\n<meta name=\"twitter:card\" content=\"summary\" \/>\n<meta name=\"twitter:label1\" content=\"Napisane przez\" \/>\n\t<meta name=\"twitter:data1\" content=\"pakosc-kalwaria\" \/>\n\t<meta name=\"twitter:label2\" content=\"Szacowany czas czytania\" \/>\n\t<meta name=\"twitter:data2\" content=\"3 minuty\" \/>\n<script type=\"application\/ld+json\" class=\"yoast-schema-graph\">{\"@context\":\"https:\/\/schema.org\",\"@graph\":[{\"@type\":\"WebSite\",\"@id\":\"https:\/\/pakosc-kalwaria.franciszkanie.net\/#website\",\"url\":\"https:\/\/pakosc-kalwaria.franciszkanie.net\/\",\"name\":\"Pako\u015b\u0107 \u2013 Kalwaria\",\"description\":\"Parafia Rzymsko \u2013 Katolicka p.w. Pana Jezusa Ukrzy\u017cowanego i  Matki Bo\u017cej Bolesnej ul. Barci\u0144ska 60, 88\u2013170 Pako\u015b\u0107 \u2013 Kalwaria\",\"potentialAction\":[{\"@type\":\"SearchAction\",\"target\":{\"@type\":\"EntryPoint\",\"urlTemplate\":\"https:\/\/pakosc-kalwaria.franciszkanie.net\/?s={search_term_string}\"},\"query-input\":\"required name=search_term_string\"}],\"inLanguage\":\"pl-PL\"},{\"@type\":\"ImageObject\",\"@id\":\"https:\/\/pakosc-kalwaria.franciszkanie.net\/index.php\/2018\/01\/12\/program-duszpasterski-2017-2019\/#primaryimage\",\"inLanguage\":\"pl-PL\",\"url\":\"https:\/\/pakosc-kalwaria.franciszkanie.net\/wp-content\/uploads\/2017\/11\/ec4f7f285a9891efccf6649a7b8d3b6b.jpg\",\"contentUrl\":\"https:\/\/pakosc-kalwaria.franciszkanie.net\/wp-content\/uploads\/2017\/11\/ec4f7f285a9891efccf6649a7b8d3b6b.jpg\",\"width\":300,\"height\":300},{\"@type\":\"WebPage\",\"@id\":\"https:\/\/pakosc-kalwaria.franciszkanie.net\/index.php\/2018\/01\/12\/program-duszpasterski-2017-2019\/#webpage\",\"url\":\"https:\/\/pakosc-kalwaria.franciszkanie.net\/index.php\/2018\/01\/12\/program-duszpasterski-2017-2019\/\",\"name\":\"Program duszpasterski 2018 - 2019 - Pako\u015b\u0107 \u2013 Kalwaria\",\"isPartOf\":{\"@id\":\"https:\/\/pakosc-kalwaria.franciszkanie.net\/#website\"},\"primaryImageOfPage\":{\"@id\":\"https:\/\/pakosc-kalwaria.franciszkanie.net\/index.php\/2018\/01\/12\/program-duszpasterski-2017-2019\/#primaryimage\"},\"datePublished\":\"2018-01-12T08:30:14+00:00\",\"dateModified\":\"2018-01-17T19:29:02+00:00\",\"author\":{\"@id\":\"https:\/\/pakosc-kalwaria.franciszkanie.net\/#\/schema\/person\/af10b943be0760709227d060eadcb2aa\"},\"breadcrumb\":{\"@id\":\"https:\/\/pakosc-kalwaria.franciszkanie.net\/index.php\/2018\/01\/12\/program-duszpasterski-2017-2019\/#breadcrumb\"},\"inLanguage\":\"pl-PL\",\"potentialAction\":[{\"@type\":\"ReadAction\",\"target\":[\"https:\/\/pakosc-kalwaria.franciszkanie.net\/index.php\/2018\/01\/12\/program-duszpasterski-2017-2019\/\"]}]},{\"@type\":\"BreadcrumbList\",\"@id\":\"https:\/\/pakosc-kalwaria.franciszkanie.net\/index.php\/2018\/01\/12\/program-duszpasterski-2017-2019\/#breadcrumb\",\"itemListElement\":[{\"@type\":\"ListItem\",\"position\":1,\"name\":\"Strona g\u0142\u00f3wna\",\"item\":\"https:\/\/pakosc-kalwaria.franciszkanie.net\/\"},{\"@type\":\"ListItem\",\"position\":2,\"name\":\"Program duszpasterski 2018 &#8211; 2019\"}]},{\"@type\":\"Person\",\"@id\":\"https:\/\/pakosc-kalwaria.franciszkanie.net\/#\/schema\/person\/af10b943be0760709227d060eadcb2aa\",\"name\":\"pakosc-kalwaria\",\"image\":{\"@type\":\"ImageObject\",\"@id\":\"https:\/\/pakosc-kalwaria.franciszkanie.net\/#personlogo\",\"inLanguage\":\"pl-PL\",\"url\":\"https:\/\/secure.gravatar.com\/avatar\/e7049d338b55eac6a0027ff3218b8d02?s=96&d=mm&r=g\",\"contentUrl\":\"https:\/\/secure.gravatar.com\/avatar\/e7049d338b55eac6a0027ff3218b8d02?s=96&d=mm&r=g\",\"caption\":\"pakosc-kalwaria\"},\"sameAs\":[\"https:\/\/www.facebook.com\/KalwariaPakosc\/\"],\"url\":\"https:\/\/pakosc-kalwaria.franciszkanie.net\/index.php\/author\/pakosc-kalwaria\/\"}]}<\/script>\n<!-- \/ Yoast SEO plugin. -->","yoast_head_json":{"title":"Program duszpasterski 2018 - 2019 - Pako\u015b\u0107 \u2013 Kalwaria","robots":{"index":"index","follow":"follow","max-snippet":"max-snippet:-1","max-image-preview":"max-image-preview:large","max-video-preview":"max-video-preview:-1"},"canonical":"https:\/\/pakosc-kalwaria.franciszkanie.net\/index.php\/2018\/01\/12\/program-duszpasterski-2017-2019\/","og_locale":"pl_PL","og_type":"article","og_title":"Program duszpasterski 2018 - 2019 - Pako\u015b\u0107 \u2013 Kalwaria","og_description":"Komisja Duszpasterstwa Konferencji Episkopatu Polski\u00a0 opracowa\u0142a dwuletni program (2018-2019). \u00a0Celem nowego programu, kt\u00f3ry wszed\u0142 w \u017cycie w pierwsz\u0105 niedziel\u0119 Adwentu, jest odkrycie Osoby Ducha \u015awi\u0119tego, otwarcie si\u0119 na Jego dzia\u0142anie oraz refleksja nad sakramentem bierzmowania i jego skutkami. Temat ilustruj\u0105 s\u0142owa \u201eDuch, kt\u00f3ry umacnia mi\u0142o\u015b\u0107\u201d, zaczerpni\u0119te z Drugiej Modlitwy Eucharystycznej o Tajemnicy Pojednania. Program duszpasterski &hellip;","og_url":"https:\/\/pakosc-kalwaria.franciszkanie.net\/index.php\/2018\/01\/12\/program-duszpasterski-2017-2019\/","og_site_name":"Pako\u015b\u0107 \u2013 Kalwaria","article_author":"https:\/\/www.facebook.com\/KalwariaPakosc\/","article_published_time":"2018-01-12T08:30:14+00:00","article_modified_time":"2018-01-17T19:29:02+00:00","og_image":[{"width":300,"height":300,"url":"https:\/\/pakosc-kalwaria.franciszkanie.net\/wp-content\/uploads\/2017\/11\/ec4f7f285a9891efccf6649a7b8d3b6b.jpg","type":"image\/jpeg"}],"twitter_card":"summary","twitter_misc":{"Napisane przez":"pakosc-kalwaria","Szacowany czas czytania":"3 minuty"},"schema":{"@context":"https:\/\/schema.org","@graph":[{"@type":"WebSite","@id":"https:\/\/pakosc-kalwaria.franciszkanie.net\/#website","url":"https:\/\/pakosc-kalwaria.franciszkanie.net\/","name":"Pako\u015b\u0107 \u2013 Kalwaria","description":"Parafia Rzymsko \u2013 Katolicka p.w. Pana Jezusa Ukrzy\u017cowanego i  Matki Bo\u017cej Bolesnej ul. Barci\u0144ska 60, 88\u2013170 Pako\u015b\u0107 \u2013 Kalwaria","potentialAction":[{"@type":"SearchAction","target":{"@type":"EntryPoint","urlTemplate":"https:\/\/pakosc-kalwaria.franciszkanie.net\/?s={search_term_string}"},"query-input":"required name=search_term_string"}],"inLanguage":"pl-PL"},{"@type":"ImageObject","@id":"https:\/\/pakosc-kalwaria.franciszkanie.net\/index.php\/2018\/01\/12\/program-duszpasterski-2017-2019\/#primaryimage","inLanguage":"pl-PL","url":"https:\/\/pakosc-kalwaria.franciszkanie.net\/wp-content\/uploads\/2017\/11\/ec4f7f285a9891efccf6649a7b8d3b6b.jpg","contentUrl":"https:\/\/pakosc-kalwaria.franciszkanie.net\/wp-content\/uploads\/2017\/11\/ec4f7f285a9891efccf6649a7b8d3b6b.jpg","width":300,"height":300},{"@type":"WebPage","@id":"https:\/\/pakosc-kalwaria.franciszkanie.net\/index.php\/2018\/01\/12\/program-duszpasterski-2017-2019\/#webpage","url":"https:\/\/pakosc-kalwaria.franciszkanie.net\/index.php\/2018\/01\/12\/program-duszpasterski-2017-2019\/","name":"Program duszpasterski 2018 - 2019 - Pako\u015b\u0107 \u2013 Kalwaria","isPartOf":{"@id":"https:\/\/pakosc-kalwaria.franciszkanie.net\/#website"},"primaryImageOfPage":{"@id":"https:\/\/pakosc-kalwaria.franciszkanie.net\/index.php\/2018\/01\/12\/program-duszpasterski-2017-2019\/#primaryimage"},"datePublished":"2018-01-12T08:30:14+00:00","dateModified":"2018-01-17T19:29:02+00:00","author":{"@id":"https:\/\/pakosc-kalwaria.franciszkanie.net\/#\/schema\/person\/af10b943be0760709227d060eadcb2aa"},"breadcrumb":{"@id":"https:\/\/pakosc-kalwaria.franciszkanie.net\/index.php\/2018\/01\/12\/program-duszpasterski-2017-2019\/#breadcrumb"},"inLanguage":"pl-PL","potentialAction":[{"@type":"ReadAction","target":["https:\/\/pakosc-kalwaria.franciszkanie.net\/index.php\/2018\/01\/12\/program-duszpasterski-2017-2019\/"]}]},{"@type":"BreadcrumbList","@id":"https:\/\/pakosc-kalwaria.franciszkanie.net\/index.php\/2018\/01\/12\/program-duszpasterski-2017-2019\/#breadcrumb","itemListElement":[{"@type":"ListItem","position":1,"name":"Strona g\u0142\u00f3wna","item":"https:\/\/pakosc-kalwaria.franciszkanie.net\/"},{"@type":"ListItem","position":2,"name":"Program duszpasterski 2018 &#8211; 2019"}]},{"@type":"Person","@id":"https:\/\/pakosc-kalwaria.franciszkanie.net\/#\/schema\/person\/af10b943be0760709227d060eadcb2aa","name":"pakosc-kalwaria","image":{"@type":"ImageObject","@id":"https:\/\/pakosc-kalwaria.franciszkanie.net\/#personlogo","inLanguage":"pl-PL","url":"https:\/\/secure.gravatar.com\/avatar\/e7049d338b55eac6a0027ff3218b8d02?s=96&d=mm&r=g","contentUrl":"https:\/\/secure.gravatar.com\/avatar\/e7049d338b55eac6a0027ff3218b8d02?s=96&d=mm&r=g","caption":"pakosc-kalwaria"},"sameAs":["https:\/\/www.facebook.com\/KalwariaPakosc\/"],"url":"https:\/\/pakosc-kalwaria.franciszkanie.net\/index.php\/author\/pakosc-kalwaria\/"}]}},"_links":{"self":[{"href":"https:\/\/pakosc-kalwaria.franciszkanie.net\/index.php\/wp-json\/wp\/v2\/posts\/3835"}],"collection":[{"href":"https:\/\/pakosc-kalwaria.franciszkanie.net\/index.php\/wp-json\/wp\/v2\/posts"}],"about":[{"href":"https:\/\/pakosc-kalwaria.franciszkanie.net\/index.php\/wp-json\/wp\/v2\/types\/post"}],"author":[{"embeddable":true,"href":"https:\/\/pakosc-kalwaria.franciszkanie.net\/index.php\/wp-json\/wp\/v2\/users\/2"}],"replies":[{"embeddable":true,"href":"https:\/\/pakosc-kalwaria.franciszkanie.net\/index.php\/wp-json\/wp\/v2\/comments?post=3835"}],"version-history":[{"count":5,"href":"https:\/\/pakosc-kalwaria.franciszkanie.net\/index.php\/wp-json\/wp\/v2\/posts\/3835\/revisions"}],"predecessor-version":[{"id":4373,"href":"https:\/\/pakosc-kalwaria.franciszkanie.net\/index.php\/wp-json\/wp\/v2\/posts\/3835\/revisions\/4373"}],"wp:featuredmedia":[{"embeddable":true,"href":"https:\/\/pakosc-kalwaria.franciszkanie.net\/index.php\/wp-json\/wp\/v2\/media\/3836"}],"wp:attachment":[{"href":"https:\/\/pakosc-kalwaria.franciszkanie.net\/index.php\/wp-json\/wp\/v2\/media?parent=3835"}],"wp:term":[{"taxonomy":"category","embeddable":true,"href":"https:\/\/pakosc-kalwaria.franciszkanie.net\/index.php\/wp-json\/wp\/v2\/categories?post=3835"},{"taxonomy":"post_tag","embeddable":true,"href":"https:\/\/pakosc-kalwaria.franciszkanie.net\/index.php\/wp-json\/wp\/v2\/tags?post=3835"}],"curies":[{"name":"wp","href":"https:\/\/api.w.org\/{rel}","templated":true}]}}