{"id":38681,"date":"2025-11-17T08:39:23","date_gmt":"2025-11-17T07:39:23","guid":{"rendered":"https:\/\/pakosc-kalwaria.franciszkanie.net\/?p=38681"},"modified":"2025-11-17T08:39:23","modified_gmt":"2025-11-17T07:39:23","slug":"dzien-formacji-dzieci-i-mlodziezy-09-11-2025r","status":"publish","type":"post","link":"https:\/\/pakosc-kalwaria.franciszkanie.net\/index.php\/2025\/11\/17\/dzien-formacji-dzieci-i-mlodziezy-09-11-2025r\/","title":{"rendered":"Dzie\u0144 formacji dzieci i m\u0142odzie\u017cy 09.11.2025r."},"content":{"rendered":"<p>W niedziel\u0119 9.11.2025r. w naszej Wsp\u00f3lnocie Parafialnej prze\u017cywali\u015bmy dzie\u0144 formacji dzieci i m\u0142odzie\u017cy przygotowuj\u0105cych si\u0119 do przyj\u0119cia sakrament\u00f3w \u015bwietych. Po nauce katechetycznej w ko\u015bciele w czasie Mszy \u015awi\u0119tej w tematyce prawdy wiary o Tr\u00f3jcy \u015awi\u0119tej, odby\u0142o si\u0119 spotkanie w ramach formacji ludzkiej w sali im. Jana Paw\u0142a II. Tematem spotkania by\u0142o &#8222;emocje-wr\u00f3g czy przyjaciel&#8221;. Wyk\u0142ad i warsztat dla m\u0142odzie\u017cy poprowadzi\u0142a Pani Danuta Ka\u017amierczak, natomiast dla m\u0142odszych s\u0142uchaczy warsztaty poprowadzi\u0142a Pani El\u017cbieta Sikora. Dzi\u0119kujemy m\u0142odzie\u017cy i dzieciom za uczestniczenie w warsztatach, a w szczeg\u00f3lno\u015bci z ca\u0142ego serca dzi\u0119kujemy Pani Danucie i Pani El\u017cbiecie za profesjonalne zapoznanie dzieci i m\u0142odzie\u017cy z tematyk\u0105 emocji w \u017cyciu cz\u0142owieka, za po\u015bwi\u0119cony czas, przygotowanie i motywacj\u0119 do dalszego rozwoju. Niech Pan B\u00f3g Wam szczerze b\u0142ogos\u0142awi, a Matka Bo\u017ca otacza swoj\u0105 opiek\u0105.<\/p>\n<p><img loading=\"lazy\" class=\"alignleft size-full wp-image-38682\" src=\"http:\/\/pakosc-kalwaria.franciszkanie.net\/wp-content\/uploads\/2025\/11\/579412804_811060021749584_8530783546212649022_n.jpg\" alt=\"\" width=\"1200\" height=\"1600\" srcset=\"https:\/\/pakosc-kalwaria.franciszkanie.net\/wp-content\/uploads\/2025\/11\/579412804_811060021749584_8530783546212649022_n.jpg 1200w, https:\/\/pakosc-kalwaria.franciszkanie.net\/wp-content\/uploads\/2025\/11\/579412804_811060021749584_8530783546212649022_n-225x300.jpg 225w, https:\/\/pakosc-kalwaria.franciszkanie.net\/wp-content\/uploads\/2025\/11\/579412804_811060021749584_8530783546212649022_n-768x1024.jpg 768w, https:\/\/pakosc-kalwaria.franciszkanie.net\/wp-content\/uploads\/2025\/11\/579412804_811060021749584_8530783546212649022_n-1152x1536.jpg 1152w\" sizes=\"(max-width: 1200px) 100vw, 1200px\" \/> <img loading=\"lazy\" class=\"alignleft size-full wp-image-38683\" src=\"http:\/\/pakosc-kalwaria.franciszkanie.net\/wp-content\/uploads\/2025\/11\/579501106_811059801749606_3461256355858751442_n.jpg\" alt=\"\" width=\"1200\" height=\"1600\" srcset=\"https:\/\/pakosc-kalwaria.franciszkanie.net\/wp-content\/uploads\/2025\/11\/579501106_811059801749606_3461256355858751442_n.jpg 1200w, https:\/\/pakosc-kalwaria.franciszkanie.net\/wp-content\/uploads\/2025\/11\/579501106_811059801749606_3461256355858751442_n-225x300.jpg 225w, https:\/\/pakosc-kalwaria.franciszkanie.net\/wp-content\/uploads\/2025\/11\/579501106_811059801749606_3461256355858751442_n-768x1024.jpg 768w, https:\/\/pakosc-kalwaria.franciszkanie.net\/wp-content\/uploads\/2025\/11\/579501106_811059801749606_3461256355858751442_n-1152x1536.jpg 1152w\" sizes=\"(max-width: 1200px) 100vw, 1200px\" \/> <img loading=\"lazy\" class=\"alignleft size-full wp-image-38684\" src=\"http:\/\/pakosc-kalwaria.franciszkanie.net\/wp-content\/uploads\/2025\/11\/580832403_811059895082930_2524949490688527415_n.jpg\" alt=\"\" width=\"1200\" height=\"1600\" srcset=\"https:\/\/pakosc-kalwaria.franciszkanie.net\/wp-content\/uploads\/2025\/11\/580832403_811059895082930_2524949490688527415_n.jpg 1200w, https:\/\/pakosc-kalwaria.franciszkanie.net\/wp-content\/uploads\/2025\/11\/580832403_811059895082930_2524949490688527415_n-225x300.jpg 225w, https:\/\/pakosc-kalwaria.franciszkanie.net\/wp-content\/uploads\/2025\/11\/580832403_811059895082930_2524949490688527415_n-768x1024.jpg 768w, https:\/\/pakosc-kalwaria.franciszkanie.net\/wp-content\/uploads\/2025\/11\/580832403_811059895082930_2524949490688527415_n-1152x1536.jpg 1152w\" sizes=\"(max-width: 1200px) 100vw, 1200px\" \/> <img loading=\"lazy\" class=\"alignleft size-full wp-image-38685\" src=\"http:\/\/pakosc-kalwaria.franciszkanie.net\/wp-content\/uploads\/2025\/11\/580921684_811059958416257_3852838131539442378_n.jpg\" alt=\"\" width=\"1600\" height=\"1200\" srcset=\"https:\/\/pakosc-kalwaria.franciszkanie.net\/wp-content\/uploads\/2025\/11\/580921684_811059958416257_3852838131539442378_n.jpg 1600w, https:\/\/pakosc-kalwaria.franciszkanie.net\/wp-content\/uploads\/2025\/11\/580921684_811059958416257_3852838131539442378_n-300x225.jpg 300w, https:\/\/pakosc-kalwaria.franciszkanie.net\/wp-content\/uploads\/2025\/11\/580921684_811059958416257_3852838131539442378_n-1024x768.jpg 1024w, https:\/\/pakosc-kalwaria.franciszkanie.net\/wp-content\/uploads\/2025\/11\/580921684_811059958416257_3852838131539442378_n-768x576.jpg 768w, https:\/\/pakosc-kalwaria.franciszkanie.net\/wp-content\/uploads\/2025\/11\/580921684_811059958416257_3852838131539442378_n-1536x1152.jpg 1536w, https:\/\/pakosc-kalwaria.franciszkanie.net\/wp-content\/uploads\/2025\/11\/580921684_811059958416257_3852838131539442378_n-418x315.jpg 418w\" sizes=\"(max-width: 1600px) 100vw, 1600px\" \/> <img loading=\"lazy\" class=\"alignleft size-full wp-image-38686\" src=\"http:\/\/pakosc-kalwaria.franciszkanie.net\/wp-content\/uploads\/2025\/11\/581083469_811059755082944_4799589198263791602_n.jpg\" alt=\"\" width=\"1200\" height=\"1600\" srcset=\"https:\/\/pakosc-kalwaria.franciszkanie.net\/wp-content\/uploads\/2025\/11\/581083469_811059755082944_4799589198263791602_n.jpg 1200w, https:\/\/pakosc-kalwaria.franciszkanie.net\/wp-content\/uploads\/2025\/11\/581083469_811059755082944_4799589198263791602_n-225x300.jpg 225w, https:\/\/pakosc-kalwaria.franciszkanie.net\/wp-content\/uploads\/2025\/11\/581083469_811059755082944_4799589198263791602_n-768x1024.jpg 768w, https:\/\/pakosc-kalwaria.franciszkanie.net\/wp-content\/uploads\/2025\/11\/581083469_811059755082944_4799589198263791602_n-1152x1536.jpg 1152w\" sizes=\"(max-width: 1200px) 100vw, 1200px\" \/> <img loading=\"lazy\" class=\"alignleft size-full wp-image-38687\" src=\"http:\/\/pakosc-kalwaria.franciszkanie.net\/wp-content\/uploads\/2025\/11\/582017557_811059838416269_6391754920190145175_n.jpg\" alt=\"\" width=\"1200\" height=\"1600\" srcset=\"https:\/\/pakosc-kalwaria.franciszkanie.net\/wp-content\/uploads\/2025\/11\/582017557_811059838416269_6391754920190145175_n.jpg 1200w, https:\/\/pakosc-kalwaria.franciszkanie.net\/wp-content\/uploads\/2025\/11\/582017557_811059838416269_6391754920190145175_n-225x300.jpg 225w, https:\/\/pakosc-kalwaria.franciszkanie.net\/wp-content\/uploads\/2025\/11\/582017557_811059838416269_6391754920190145175_n-768x1024.jpg 768w, https:\/\/pakosc-kalwaria.franciszkanie.net\/wp-content\/uploads\/2025\/11\/582017557_811059838416269_6391754920190145175_n-1152x1536.jpg 1152w\" sizes=\"(max-width: 1200px) 100vw, 1200px\" \/><\/p>\n","protected":false},"excerpt":{"rendered":"<p>W niedziel\u0119 9.11.2025r. w naszej Wsp\u00f3lnocie Parafialnej prze\u017cywali\u015bmy dzie\u0144 formacji dzieci i m\u0142odzie\u017cy przygotowuj\u0105cych si\u0119 do przyj\u0119cia sakrament\u00f3w \u015bwietych. Po nauce katechetycznej w ko\u015bciele w czasie Mszy \u015awi\u0119tej w tematyce prawdy wiary o Tr\u00f3jcy \u015awi\u0119tej, odby\u0142o si\u0119 spotkanie w ramach formacji ludzkiej w sali im. Jana Paw\u0142a II. Tematem spotkania by\u0142o &#8222;emocje-wr\u00f3g czy przyjaciel&#8221;. Wyk\u0142ad &hellip;<\/p>\n","protected":false},"author":2,"featured_media":38682,"comment_status":"closed","ping_status":"closed","sticky":false,"template":"","format":"standard","meta":{"_mi_skip_tracking":false,"_exactmetrics_sitenote_active":false,"_exactmetrics_sitenote_note":"","_exactmetrics_sitenote_category":0},"categories":[1],"tags":[],"yoast_head":"<!-- This site is optimized with the Yoast SEO plugin v18.1 - https:\/\/yoast.com\/wordpress\/plugins\/seo\/ -->\n<title>Dzie\u0144 formacji dzieci i m\u0142odzie\u017cy 09.11.2025r. - Pako\u015b\u0107 \u2013 Kalwaria<\/title>\n<meta name=\"robots\" content=\"index, follow, max-snippet:-1, max-image-preview:large, max-video-preview:-1\" \/>\n<link rel=\"canonical\" href=\"https:\/\/pakosc-kalwaria.franciszkanie.net\/index.php\/2025\/11\/17\/dzien-formacji-dzieci-i-mlodziezy-09-11-2025r\/\" \/>\n<meta property=\"og:locale\" content=\"pl_PL\" \/>\n<meta property=\"og:type\" content=\"article\" \/>\n<meta property=\"og:title\" content=\"Dzie\u0144 formacji dzieci i m\u0142odzie\u017cy 09.11.2025r. - Pako\u015b\u0107 \u2013 Kalwaria\" \/>\n<meta property=\"og:description\" content=\"W niedziel\u0119 9.11.2025r. w naszej Wsp\u00f3lnocie Parafialnej prze\u017cywali\u015bmy dzie\u0144 formacji dzieci i m\u0142odzie\u017cy przygotowuj\u0105cych si\u0119 do przyj\u0119cia sakrament\u00f3w \u015bwietych. Po nauce katechetycznej w ko\u015bciele w czasie Mszy \u015awi\u0119tej w tematyce prawdy wiary o Tr\u00f3jcy \u015awi\u0119tej, odby\u0142o si\u0119 spotkanie w ramach formacji ludzkiej w sali im. Jana Paw\u0142a II. Tematem spotkania by\u0142o &#8222;emocje-wr\u00f3g czy przyjaciel&#8221;. Wyk\u0142ad &hellip;\" \/>\n<meta property=\"og:url\" content=\"https:\/\/pakosc-kalwaria.franciszkanie.net\/index.php\/2025\/11\/17\/dzien-formacji-dzieci-i-mlodziezy-09-11-2025r\/\" \/>\n<meta property=\"og:site_name\" content=\"Pako\u015b\u0107 \u2013 Kalwaria\" \/>\n<meta property=\"article:author\" content=\"https:\/\/www.facebook.com\/KalwariaPakosc\/\" \/>\n<meta property=\"article:published_time\" content=\"2025-11-17T07:39:23+00:00\" \/>\n<meta property=\"og:image\" content=\"http:\/\/pakosc-kalwaria.franciszkanie.net\/wp-content\/uploads\/2025\/11\/579412804_811060021749584_8530783546212649022_n.jpg\" \/>\n\t<meta property=\"og:image:width\" content=\"1200\" \/>\n\t<meta property=\"og:image:height\" content=\"1600\" \/>\n\t<meta property=\"og:image:type\" content=\"image\/jpeg\" \/>\n<meta name=\"twitter:card\" content=\"summary\" \/>\n<meta name=\"twitter:label1\" content=\"Napisane przez\" \/>\n\t<meta name=\"twitter:data1\" content=\"pakosc-kalwaria\" \/>\n\t<meta name=\"twitter:label2\" content=\"Szacowany czas czytania\" \/>\n\t<meta name=\"twitter:data2\" content=\"1 minuta\" \/>\n<script type=\"application\/ld+json\" class=\"yoast-schema-graph\">{\"@context\":\"https:\/\/schema.org\",\"@graph\":[{\"@type\":\"WebSite\",\"@id\":\"https:\/\/pakosc-kalwaria.franciszkanie.net\/#website\",\"url\":\"https:\/\/pakosc-kalwaria.franciszkanie.net\/\",\"name\":\"Pako\u015b\u0107 \u2013 Kalwaria\",\"description\":\"Parafia Rzymsko \u2013 Katolicka p.w. Pana Jezusa Ukrzy\u017cowanego i  Matki Bo\u017cej Bolesnej ul. Barci\u0144ska 60, 88\u2013170 Pako\u015b\u0107 \u2013 Kalwaria\",\"potentialAction\":[{\"@type\":\"SearchAction\",\"target\":{\"@type\":\"EntryPoint\",\"urlTemplate\":\"https:\/\/pakosc-kalwaria.franciszkanie.net\/?s={search_term_string}\"},\"query-input\":\"required name=search_term_string\"}],\"inLanguage\":\"pl-PL\"},{\"@type\":\"ImageObject\",\"@id\":\"https:\/\/pakosc-kalwaria.franciszkanie.net\/index.php\/2025\/11\/17\/dzien-formacji-dzieci-i-mlodziezy-09-11-2025r\/#primaryimage\",\"inLanguage\":\"pl-PL\",\"url\":\"https:\/\/pakosc-kalwaria.franciszkanie.net\/wp-content\/uploads\/2025\/11\/579412804_811060021749584_8530783546212649022_n.jpg\",\"contentUrl\":\"https:\/\/pakosc-kalwaria.franciszkanie.net\/wp-content\/uploads\/2025\/11\/579412804_811060021749584_8530783546212649022_n.jpg\",\"width\":1200,\"height\":1600},{\"@type\":\"WebPage\",\"@id\":\"https:\/\/pakosc-kalwaria.franciszkanie.net\/index.php\/2025\/11\/17\/dzien-formacji-dzieci-i-mlodziezy-09-11-2025r\/#webpage\",\"url\":\"https:\/\/pakosc-kalwaria.franciszkanie.net\/index.php\/2025\/11\/17\/dzien-formacji-dzieci-i-mlodziezy-09-11-2025r\/\",\"name\":\"Dzie\u0144 formacji dzieci i m\u0142odzie\u017cy 09.11.2025r. - Pako\u015b\u0107 \u2013 Kalwaria\",\"isPartOf\":{\"@id\":\"https:\/\/pakosc-kalwaria.franciszkanie.net\/#website\"},\"primaryImageOfPage\":{\"@id\":\"https:\/\/pakosc-kalwaria.franciszkanie.net\/index.php\/2025\/11\/17\/dzien-formacji-dzieci-i-mlodziezy-09-11-2025r\/#primaryimage\"},\"datePublished\":\"2025-11-17T07:39:23+00:00\",\"dateModified\":\"2025-11-17T07:39:23+00:00\",\"author\":{\"@id\":\"https:\/\/pakosc-kalwaria.franciszkanie.net\/#\/schema\/person\/af10b943be0760709227d060eadcb2aa\"},\"breadcrumb\":{\"@id\":\"https:\/\/pakosc-kalwaria.franciszkanie.net\/index.php\/2025\/11\/17\/dzien-formacji-dzieci-i-mlodziezy-09-11-2025r\/#breadcrumb\"},\"inLanguage\":\"pl-PL\",\"potentialAction\":[{\"@type\":\"ReadAction\",\"target\":[\"https:\/\/pakosc-kalwaria.franciszkanie.net\/index.php\/2025\/11\/17\/dzien-formacji-dzieci-i-mlodziezy-09-11-2025r\/\"]}]},{\"@type\":\"BreadcrumbList\",\"@id\":\"https:\/\/pakosc-kalwaria.franciszkanie.net\/index.php\/2025\/11\/17\/dzien-formacji-dzieci-i-mlodziezy-09-11-2025r\/#breadcrumb\",\"itemListElement\":[{\"@type\":\"ListItem\",\"position\":1,\"name\":\"Strona g\u0142\u00f3wna\",\"item\":\"https:\/\/pakosc-kalwaria.franciszkanie.net\/\"},{\"@type\":\"ListItem\",\"position\":2,\"name\":\"Dzie\u0144 formacji dzieci i m\u0142odzie\u017cy 09.11.2025r.\"}]},{\"@type\":\"Person\",\"@id\":\"https:\/\/pakosc-kalwaria.franciszkanie.net\/#\/schema\/person\/af10b943be0760709227d060eadcb2aa\",\"name\":\"pakosc-kalwaria\",\"image\":{\"@type\":\"ImageObject\",\"@id\":\"https:\/\/pakosc-kalwaria.franciszkanie.net\/#personlogo\",\"inLanguage\":\"pl-PL\",\"url\":\"https:\/\/secure.gravatar.com\/avatar\/e7049d338b55eac6a0027ff3218b8d02?s=96&d=mm&r=g\",\"contentUrl\":\"https:\/\/secure.gravatar.com\/avatar\/e7049d338b55eac6a0027ff3218b8d02?s=96&d=mm&r=g\",\"caption\":\"pakosc-kalwaria\"},\"sameAs\":[\"https:\/\/www.facebook.com\/KalwariaPakosc\/\"],\"url\":\"https:\/\/pakosc-kalwaria.franciszkanie.net\/index.php\/author\/pakosc-kalwaria\/\"}]}<\/script>\n<!-- \/ Yoast SEO plugin. -->","yoast_head_json":{"title":"Dzie\u0144 formacji dzieci i m\u0142odzie\u017cy 09.11.2025r. - Pako\u015b\u0107 \u2013 Kalwaria","robots":{"index":"index","follow":"follow","max-snippet":"max-snippet:-1","max-image-preview":"max-image-preview:large","max-video-preview":"max-video-preview:-1"},"canonical":"https:\/\/pakosc-kalwaria.franciszkanie.net\/index.php\/2025\/11\/17\/dzien-formacji-dzieci-i-mlodziezy-09-11-2025r\/","og_locale":"pl_PL","og_type":"article","og_title":"Dzie\u0144 formacji dzieci i m\u0142odzie\u017cy 09.11.2025r. - Pako\u015b\u0107 \u2013 Kalwaria","og_description":"W niedziel\u0119 9.11.2025r. w naszej Wsp\u00f3lnocie Parafialnej prze\u017cywali\u015bmy dzie\u0144 formacji dzieci i m\u0142odzie\u017cy przygotowuj\u0105cych si\u0119 do przyj\u0119cia sakrament\u00f3w \u015bwietych. Po nauce katechetycznej w ko\u015bciele w czasie Mszy \u015awi\u0119tej w tematyce prawdy wiary o Tr\u00f3jcy \u015awi\u0119tej, odby\u0142o si\u0119 spotkanie w ramach formacji ludzkiej w sali im. Jana Paw\u0142a II. Tematem spotkania by\u0142o &#8222;emocje-wr\u00f3g czy przyjaciel&#8221;. Wyk\u0142ad &hellip;","og_url":"https:\/\/pakosc-kalwaria.franciszkanie.net\/index.php\/2025\/11\/17\/dzien-formacji-dzieci-i-mlodziezy-09-11-2025r\/","og_site_name":"Pako\u015b\u0107 \u2013 Kalwaria","article_author":"https:\/\/www.facebook.com\/KalwariaPakosc\/","article_published_time":"2025-11-17T07:39:23+00:00","og_image":[{"width":1200,"height":1600,"url":"http:\/\/pakosc-kalwaria.franciszkanie.net\/wp-content\/uploads\/2025\/11\/579412804_811060021749584_8530783546212649022_n.jpg","type":"image\/jpeg"}],"twitter_card":"summary","twitter_misc":{"Napisane przez":"pakosc-kalwaria","Szacowany czas czytania":"1 minuta"},"schema":{"@context":"https:\/\/schema.org","@graph":[{"@type":"WebSite","@id":"https:\/\/pakosc-kalwaria.franciszkanie.net\/#website","url":"https:\/\/pakosc-kalwaria.franciszkanie.net\/","name":"Pako\u015b\u0107 \u2013 Kalwaria","description":"Parafia Rzymsko \u2013 Katolicka p.w. Pana Jezusa Ukrzy\u017cowanego i  Matki Bo\u017cej Bolesnej ul. Barci\u0144ska 60, 88\u2013170 Pako\u015b\u0107 \u2013 Kalwaria","potentialAction":[{"@type":"SearchAction","target":{"@type":"EntryPoint","urlTemplate":"https:\/\/pakosc-kalwaria.franciszkanie.net\/?s={search_term_string}"},"query-input":"required name=search_term_string"}],"inLanguage":"pl-PL"},{"@type":"ImageObject","@id":"https:\/\/pakosc-kalwaria.franciszkanie.net\/index.php\/2025\/11\/17\/dzien-formacji-dzieci-i-mlodziezy-09-11-2025r\/#primaryimage","inLanguage":"pl-PL","url":"https:\/\/pakosc-kalwaria.franciszkanie.net\/wp-content\/uploads\/2025\/11\/579412804_811060021749584_8530783546212649022_n.jpg","contentUrl":"https:\/\/pakosc-kalwaria.franciszkanie.net\/wp-content\/uploads\/2025\/11\/579412804_811060021749584_8530783546212649022_n.jpg","width":1200,"height":1600},{"@type":"WebPage","@id":"https:\/\/pakosc-kalwaria.franciszkanie.net\/index.php\/2025\/11\/17\/dzien-formacji-dzieci-i-mlodziezy-09-11-2025r\/#webpage","url":"https:\/\/pakosc-kalwaria.franciszkanie.net\/index.php\/2025\/11\/17\/dzien-formacji-dzieci-i-mlodziezy-09-11-2025r\/","name":"Dzie\u0144 formacji dzieci i m\u0142odzie\u017cy 09.11.2025r. - Pako\u015b\u0107 \u2013 Kalwaria","isPartOf":{"@id":"https:\/\/pakosc-kalwaria.franciszkanie.net\/#website"},"primaryImageOfPage":{"@id":"https:\/\/pakosc-kalwaria.franciszkanie.net\/index.php\/2025\/11\/17\/dzien-formacji-dzieci-i-mlodziezy-09-11-2025r\/#primaryimage"},"datePublished":"2025-11-17T07:39:23+00:00","dateModified":"2025-11-17T07:39:23+00:00","author":{"@id":"https:\/\/pakosc-kalwaria.franciszkanie.net\/#\/schema\/person\/af10b943be0760709227d060eadcb2aa"},"breadcrumb":{"@id":"https:\/\/pakosc-kalwaria.franciszkanie.net\/index.php\/2025\/11\/17\/dzien-formacji-dzieci-i-mlodziezy-09-11-2025r\/#breadcrumb"},"inLanguage":"pl-PL","potentialAction":[{"@type":"ReadAction","target":["https:\/\/pakosc-kalwaria.franciszkanie.net\/index.php\/2025\/11\/17\/dzien-formacji-dzieci-i-mlodziezy-09-11-2025r\/"]}]},{"@type":"BreadcrumbList","@id":"https:\/\/pakosc-kalwaria.franciszkanie.net\/index.php\/2025\/11\/17\/dzien-formacji-dzieci-i-mlodziezy-09-11-2025r\/#breadcrumb","itemListElement":[{"@type":"ListItem","position":1,"name":"Strona g\u0142\u00f3wna","item":"https:\/\/pakosc-kalwaria.franciszkanie.net\/"},{"@type":"ListItem","position":2,"name":"Dzie\u0144 formacji dzieci i m\u0142odzie\u017cy 09.11.2025r."}]},{"@type":"Person","@id":"https:\/\/pakosc-kalwaria.franciszkanie.net\/#\/schema\/person\/af10b943be0760709227d060eadcb2aa","name":"pakosc-kalwaria","image":{"@type":"ImageObject","@id":"https:\/\/pakosc-kalwaria.franciszkanie.net\/#personlogo","inLanguage":"pl-PL","url":"https:\/\/secure.gravatar.com\/avatar\/e7049d338b55eac6a0027ff3218b8d02?s=96&d=mm&r=g","contentUrl":"https:\/\/secure.gravatar.com\/avatar\/e7049d338b55eac6a0027ff3218b8d02?s=96&d=mm&r=g","caption":"pakosc-kalwaria"},"sameAs":["https:\/\/www.facebook.com\/KalwariaPakosc\/"],"url":"https:\/\/pakosc-kalwaria.franciszkanie.net\/index.php\/author\/pakosc-kalwaria\/"}]}},"_links":{"self":[{"href":"https:\/\/pakosc-kalwaria.franciszkanie.net\/index.php\/wp-json\/wp\/v2\/posts\/38681"}],"collection":[{"href":"https:\/\/pakosc-kalwaria.franciszkanie.net\/index.php\/wp-json\/wp\/v2\/posts"}],"about":[{"href":"https:\/\/pakosc-kalwaria.franciszkanie.net\/index.php\/wp-json\/wp\/v2\/types\/post"}],"author":[{"embeddable":true,"href":"https:\/\/pakosc-kalwaria.franciszkanie.net\/index.php\/wp-json\/wp\/v2\/users\/2"}],"replies":[{"embeddable":true,"href":"https:\/\/pakosc-kalwaria.franciszkanie.net\/index.php\/wp-json\/wp\/v2\/comments?post=38681"}],"version-history":[{"count":1,"href":"https:\/\/pakosc-kalwaria.franciszkanie.net\/index.php\/wp-json\/wp\/v2\/posts\/38681\/revisions"}],"predecessor-version":[{"id":38688,"href":"https:\/\/pakosc-kalwaria.franciszkanie.net\/index.php\/wp-json\/wp\/v2\/posts\/38681\/revisions\/38688"}],"wp:featuredmedia":[{"embeddable":true,"href":"https:\/\/pakosc-kalwaria.franciszkanie.net\/index.php\/wp-json\/wp\/v2\/media\/38682"}],"wp:attachment":[{"href":"https:\/\/pakosc-kalwaria.franciszkanie.net\/index.php\/wp-json\/wp\/v2\/media?parent=38681"}],"wp:term":[{"taxonomy":"category","embeddable":true,"href":"https:\/\/pakosc-kalwaria.franciszkanie.net\/index.php\/wp-json\/wp\/v2\/categories?post=38681"},{"taxonomy":"post_tag","embeddable":true,"href":"https:\/\/pakosc-kalwaria.franciszkanie.net\/index.php\/wp-json\/wp\/v2\/tags?post=38681"}],"curies":[{"name":"wp","href":"https:\/\/api.w.org\/{rel}","templated":true}]}}