{"id":3878,"date":"2017-12-21T11:45:53","date_gmt":"2017-12-21T10:45:53","guid":{"rendered":"http:\/\/pakosc-kalwaria.franciszkanie.net\/?p=3878"},"modified":"2017-12-24T19:15:31","modified_gmt":"2017-12-24T18:15:31","slug":"nowenna-dzieciatka-jezus-2","status":"publish","type":"post","link":"https:\/\/pakosc-kalwaria.franciszkanie.net\/index.php\/2017\/12\/21\/nowenna-dzieciatka-jezus-2\/","title":{"rendered":"Nowenna do Dzieci\u0105tka Jezus"},"content":{"rendered":"<p><span style=\"color: #ff0000;\"><strong>Od 16 grudnia do\u00a0 Wigilii Bo\u017cego Narodzenia.<\/strong><\/span><\/p>\n<p><strong>Rozpocz\u0119cie:<br \/>\nBo\u017ce, wejrzyj ku wspomo\u017ceniu memu.<\/strong><br \/>\nPanie, po\u015bpiesz ku ratunkowi memu.<br \/>\n<strong>Chwa\u0142a Ojcu i Synowi i Duchowi \u015awi\u0119temu\u2026<\/strong><br \/>\nJak by\u0142a na pocz\u0105tku\u2026<\/p>\n<p><strong>M\u00f3dlmy si\u0119:<br \/>\n<\/strong>Maryjo, Niepokalana Bo\u017ca Rodzicielko, spraw, aby modlitwy nasze sta\u0142y si\u0119 mi\u0142e Bo\u017cemu Dzieci\u0105tku. Niech nam uprosz\u0105 dobre przygotowanie si\u0119 na spotkanie z Nim przez g\u0142\u0119bok\u0105 wiar\u0119 i wolno\u015b\u0107 od grzechu.<strong><br \/>\n<\/strong><\/p>\n<p><strong><br \/>\nDzie\u0144 pierwszy, (16 grudnia)<\/strong><strong><br \/>\n<\/strong>Szopa betlejemska\u2026 Niewiele ma z ni\u0105 wsp\u00f3lnego ozdobna szopka spad choinki. B\u00f3g-Cz\u0142owiek, Pan wszystkiego rodzi\u0142 si\u0119 w ca\u0142kowitym ub\u00f3stwie. A ty urz\u0105dzasz si\u0119 na tym \u015bwiecie tak, jakby\u015b zapomnia\u0142, \u017ce jeste\u015b w drodze\u2026<\/p>\n<p><strong>Dzie\u0144 drugi, (17 grudnia)<br \/>\n<\/strong>Ub\u00f3stwo, a tak\u017ce ozi\u0119b\u0142o\u015b\u0107 ludzkich serc niepowstrzymany S\u0142owa Bo\u017cego przed przyj\u015bciem na ziemi\u0119. A ty, co czynisz, aby by\u0142o Panu lepiej dzisiejszym \u015bwiecie\u2026, w tobie?&#8230;<\/p>\n<p><strong>Dzie\u0144 trzeci, (18 grudnia)<br \/>\n<\/strong>R\u0119ce Bo\u017cej Dzieciny wyci\u0105ga\u0142y si\u0119 ze \u017c\u0142\u00f3bka z mi\u0142o\u015bci\u0105 do Matki, do wszystkich ludzi. D\u0142onie Jezusa zawsze s\u0105 otwarte, zw\u0142aszcza dla chorych, opuszczonych, upad\u0142ych, smutnych. Czy rozumiesz ten gest swojego Pana, czy na\u015bladujesz Go? \u2026<\/p>\n<p><strong>Dzie\u0144 czwarty, (19 grudnia)<br \/>\n<\/strong>U\u015bmiech dziecka \u2013 to dla matki nagroda za codzienny trud. Prze\u015bliczny musia\u0142 by\u0107 u\u015bmiech Bo\u017cego Dzieci\u0105tka do Jego Niepokalanej Matki. Czy darzysz drugiego cz\u0142owieka, jako brata, bezinteresownym u\u015bmiechem \u017cyczliwo\u015bci? \u2026<\/p>\n<p><strong>Dzie\u0144 pi\u0105ty, (20 grudnia)<br \/>\n<\/strong>Serce \u2013 symbol mi\u0142o\u015bci. Dzieci\u0119 Jezus kocha\u0142o ka\u017cdego cz\u0142owieka bez wyj\u0105tku od pierwszych chwil \u017cycia. Czy umiesz tak post\u0119powa\u0107? M\u00f3wi tw\u00f3j Pan: <em>Przykazanie nowe daj\u0119 wam, aby\u015bcie si\u0119 wzajemnie mi\u0142owali. <\/em>(J 13, 34)\u2026<\/p>\n<p><strong>Dzie\u0144 sz\u00f3sty, (21 grudnia)<br \/>\n<\/strong>Prze\u015bladowanie to nie nowa rzecz. Ucieczka przed Herodem do Egiptu by\u0142a przykra dla \u015awi\u0119tej Rodziny. Bo\u017cy plan spe\u0142nia si\u0119 w trudach i cierpieniu. Nale\u017ca\u0142o tylko ufa\u0107. A ty, dlaczego nie ufasz Bogu w trudno\u015bciach? \u2026<\/p>\n<p><strong>Dzie\u0144 si\u00f3dmy, (22 grudnia)<br \/>\n<\/strong>Ludzka nieczu\u0142o\u015b\u0107! Bo\u017ce Dzieci\u0119 do\u015bwiadczy\u0142o jej tak\u017ce. Czy ty, b\u0119d\u0105c chrze\u015bcijaninem, masz otwarte serce na potrzeby i troski innych? \u2026<\/p>\n<p><strong>Dzie\u0144 \u00f3smy, (23 grudnia)<br \/>\n<\/strong>Dewiza Dzieci\u0105tka Jezus: <em>Moim pokarmem jest pe\u0142ni\u0107 wol\u0119 Tego, kt\u00f3ry Mnie pos\u0142a\u0142, <\/em>i wykona\u0107 Jego dzie\u0142o (J 4, 34). A jaka jest twoja dewiza \u017cyciowa? \u2026<\/p>\n<p><strong>Dzie\u0144 dziewi\u0105ty, (24 grudnia)<\/strong><br \/>\n<em>Chwa\u0142a na wysoko\u015bci Bogu, a na ziemi pok\u00f3j ludziom dobrej woli<\/em> (\u0141k 2, 14) \u2013 tak \u015bpiewali Anio\u0142owie nad stajenk\u0105 <em>ko\u0142ysk\u0105 <\/em>w Betlejem. \u2013 Czy ty jeste\u015b cz\u0142owiekiem dobrej woli? \u2026<\/p>\n<p><strong>Wezwania:<\/strong><br \/>\nBoskie Dzieci\u0105tko, Synu Ojca w niebie, <strong>b\u0105d\u017a uwielbione!<\/strong><strong><br \/>\n<\/strong>Boskie Dzieci\u0105tko, Synu Niepokalanej Matki, <strong>b\u0105d\u017a uwielbione!<\/strong><strong><br \/>\n<\/strong>Boskie Dzieci\u0105tko, oczekiwanie Ludu Bo\u017cego,\u00a0 <strong>b\u0105d\u017a uwielbione!<\/strong><strong><br \/>\n<\/strong>Boskie Dzieci\u0105tko, nadziejo grzesznik\u00f3w, <strong>b\u0105d\u017a uwielbione!<\/strong><strong><br \/>\n<\/strong>Boskie Dzieci\u0105tko, \u017ar\u00f3d\u0142o pokoju i mi\u0142o\u015bci, <strong>b\u0105d\u017a uwielbione!<\/strong><\/p>\n<p><strong>Chwa\u0142a Ojcu i Synowi i Duchowi \u015awi\u0119temu\u2026<\/strong>(3 razy)<strong><br \/>\n<\/strong><br \/>\n<strong>A S\u0142owo cia\u0142em si\u0119 sta\u0142o<\/strong><br \/>\nI zamieszka\u0142o mi\u0119dzy nami.<\/p>\n<p><strong>M\u00f3dlmy si\u0119:<br \/>\n<\/strong>Bo\u017ce, Ojcze Przedwieczny, Tw\u00f3j Syn ukaza\u0142 \u015bwiatu wz\u00f3r cz\u0142owiecze\u0144stwa, staj\u0105c si\u0119 bratem naszym w ludzie kij naturze; spraw, aby\u015bmy si\u0119 odnowili wewn\u0119trznie moc\u0105 Jego \u0142aski. Przez Chrystusa Pana naszego. <strong>Amen. <\/strong><\/p>\n","protected":false},"excerpt":{"rendered":"<p>Od 16 grudnia do\u00a0 Wigilii Bo\u017cego Narodzenia. Rozpocz\u0119cie: Bo\u017ce, wejrzyj ku wspomo\u017ceniu memu. Panie, po\u015bpiesz ku ratunkowi memu. Chwa\u0142a Ojcu i Synowi i Duchowi \u015awi\u0119temu\u2026 Jak by\u0142a na pocz\u0105tku\u2026 M\u00f3dlmy si\u0119: Maryjo, Niepokalana Bo\u017ca Rodzicielko, spraw, aby modlitwy nasze sta\u0142y si\u0119 mi\u0142e Bo\u017cemu Dzieci\u0105tku. Niech nam uprosz\u0105 dobre przygotowanie si\u0119 na spotkanie z Nim przez &hellip;<\/p>\n","protected":false},"author":2,"featured_media":3881,"comment_status":"closed","ping_status":"open","sticky":false,"template":"","format":"standard","meta":{"_mi_skip_tracking":false,"_exactmetrics_sitenote_active":false,"_exactmetrics_sitenote_note":"","_exactmetrics_sitenote_category":0},"categories":[6,1],"tags":[],"yoast_head":"<!-- This site is optimized with the Yoast SEO plugin v18.1 - https:\/\/yoast.com\/wordpress\/plugins\/seo\/ -->\n<title>Nowenna do Dzieci\u0105tka Jezus - Pako\u015b\u0107 \u2013 Kalwaria<\/title>\n<meta name=\"robots\" content=\"index, follow, max-snippet:-1, max-image-preview:large, max-video-preview:-1\" \/>\n<link rel=\"canonical\" href=\"https:\/\/pakosc-kalwaria.franciszkanie.net\/index.php\/2017\/12\/21\/nowenna-dzieciatka-jezus-2\/\" \/>\n<meta property=\"og:locale\" content=\"pl_PL\" \/>\n<meta property=\"og:type\" content=\"article\" \/>\n<meta property=\"og:title\" content=\"Nowenna do Dzieci\u0105tka Jezus - Pako\u015b\u0107 \u2013 Kalwaria\" \/>\n<meta property=\"og:description\" content=\"Od 16 grudnia do\u00a0 Wigilii Bo\u017cego Narodzenia. Rozpocz\u0119cie: Bo\u017ce, wejrzyj ku wspomo\u017ceniu memu. Panie, po\u015bpiesz ku ratunkowi memu. Chwa\u0142a Ojcu i Synowi i Duchowi \u015awi\u0119temu\u2026 Jak by\u0142a na pocz\u0105tku\u2026 M\u00f3dlmy si\u0119: Maryjo, Niepokalana Bo\u017ca Rodzicielko, spraw, aby modlitwy nasze sta\u0142y si\u0119 mi\u0142e Bo\u017cemu Dzieci\u0105tku. Niech nam uprosz\u0105 dobre przygotowanie si\u0119 na spotkanie z Nim przez &hellip;\" \/>\n<meta property=\"og:url\" content=\"https:\/\/pakosc-kalwaria.franciszkanie.net\/index.php\/2017\/12\/21\/nowenna-dzieciatka-jezus-2\/\" \/>\n<meta property=\"og:site_name\" content=\"Pako\u015b\u0107 \u2013 Kalwaria\" \/>\n<meta property=\"article:author\" content=\"https:\/\/www.facebook.com\/KalwariaPakosc\/\" \/>\n<meta property=\"article:published_time\" content=\"2017-12-21T10:45:53+00:00\" \/>\n<meta property=\"article:modified_time\" content=\"2017-12-24T18:15:31+00:00\" \/>\n<meta property=\"og:image\" content=\"https:\/\/pakosc-kalwaria.franciszkanie.net\/wp-content\/uploads\/2017\/12\/dzieciatko-200x150.jpg\" \/>\n\t<meta property=\"og:image:width\" content=\"300\" \/>\n\t<meta property=\"og:image:height\" content=\"225\" \/>\n\t<meta property=\"og:image:type\" content=\"image\/jpeg\" \/>\n<meta name=\"twitter:card\" content=\"summary\" \/>\n<meta name=\"twitter:label1\" content=\"Napisane przez\" \/>\n\t<meta name=\"twitter:data1\" content=\"pakosc-kalwaria\" \/>\n\t<meta name=\"twitter:label2\" content=\"Szacowany czas czytania\" \/>\n\t<meta name=\"twitter:data2\" content=\"3 minuty\" \/>\n<script type=\"application\/ld+json\" class=\"yoast-schema-graph\">{\"@context\":\"https:\/\/schema.org\",\"@graph\":[{\"@type\":\"WebSite\",\"@id\":\"https:\/\/pakosc-kalwaria.franciszkanie.net\/#website\",\"url\":\"https:\/\/pakosc-kalwaria.franciszkanie.net\/\",\"name\":\"Pako\u015b\u0107 \u2013 Kalwaria\",\"description\":\"Parafia Rzymsko \u2013 Katolicka p.w. Pana Jezusa Ukrzy\u017cowanego i  Matki Bo\u017cej Bolesnej ul. Barci\u0144ska 60, 88\u2013170 Pako\u015b\u0107 \u2013 Kalwaria\",\"potentialAction\":[{\"@type\":\"SearchAction\",\"target\":{\"@type\":\"EntryPoint\",\"urlTemplate\":\"https:\/\/pakosc-kalwaria.franciszkanie.net\/?s={search_term_string}\"},\"query-input\":\"required name=search_term_string\"}],\"inLanguage\":\"pl-PL\"},{\"@type\":\"ImageObject\",\"@id\":\"https:\/\/pakosc-kalwaria.franciszkanie.net\/index.php\/2017\/12\/21\/nowenna-dzieciatka-jezus-2\/#primaryimage\",\"inLanguage\":\"pl-PL\",\"url\":\"https:\/\/pakosc-kalwaria.franciszkanie.net\/wp-content\/uploads\/2017\/12\/dzieciatko-200x150.jpg\",\"contentUrl\":\"https:\/\/pakosc-kalwaria.franciszkanie.net\/wp-content\/uploads\/2017\/12\/dzieciatko-200x150.jpg\",\"width\":300,\"height\":225},{\"@type\":\"WebPage\",\"@id\":\"https:\/\/pakosc-kalwaria.franciszkanie.net\/index.php\/2017\/12\/21\/nowenna-dzieciatka-jezus-2\/#webpage\",\"url\":\"https:\/\/pakosc-kalwaria.franciszkanie.net\/index.php\/2017\/12\/21\/nowenna-dzieciatka-jezus-2\/\",\"name\":\"Nowenna do Dzieci\u0105tka Jezus - Pako\u015b\u0107 \u2013 Kalwaria\",\"isPartOf\":{\"@id\":\"https:\/\/pakosc-kalwaria.franciszkanie.net\/#website\"},\"primaryImageOfPage\":{\"@id\":\"https:\/\/pakosc-kalwaria.franciszkanie.net\/index.php\/2017\/12\/21\/nowenna-dzieciatka-jezus-2\/#primaryimage\"},\"datePublished\":\"2017-12-21T10:45:53+00:00\",\"dateModified\":\"2017-12-24T18:15:31+00:00\",\"author\":{\"@id\":\"https:\/\/pakosc-kalwaria.franciszkanie.net\/#\/schema\/person\/af10b943be0760709227d060eadcb2aa\"},\"breadcrumb\":{\"@id\":\"https:\/\/pakosc-kalwaria.franciszkanie.net\/index.php\/2017\/12\/21\/nowenna-dzieciatka-jezus-2\/#breadcrumb\"},\"inLanguage\":\"pl-PL\",\"potentialAction\":[{\"@type\":\"ReadAction\",\"target\":[\"https:\/\/pakosc-kalwaria.franciszkanie.net\/index.php\/2017\/12\/21\/nowenna-dzieciatka-jezus-2\/\"]}]},{\"@type\":\"BreadcrumbList\",\"@id\":\"https:\/\/pakosc-kalwaria.franciszkanie.net\/index.php\/2017\/12\/21\/nowenna-dzieciatka-jezus-2\/#breadcrumb\",\"itemListElement\":[{\"@type\":\"ListItem\",\"position\":1,\"name\":\"Strona g\u0142\u00f3wna\",\"item\":\"https:\/\/pakosc-kalwaria.franciszkanie.net\/\"},{\"@type\":\"ListItem\",\"position\":2,\"name\":\"Nowenna do Dzieci\u0105tka Jezus\"}]},{\"@type\":\"Person\",\"@id\":\"https:\/\/pakosc-kalwaria.franciszkanie.net\/#\/schema\/person\/af10b943be0760709227d060eadcb2aa\",\"name\":\"pakosc-kalwaria\",\"image\":{\"@type\":\"ImageObject\",\"@id\":\"https:\/\/pakosc-kalwaria.franciszkanie.net\/#personlogo\",\"inLanguage\":\"pl-PL\",\"url\":\"https:\/\/secure.gravatar.com\/avatar\/e7049d338b55eac6a0027ff3218b8d02?s=96&d=mm&r=g\",\"contentUrl\":\"https:\/\/secure.gravatar.com\/avatar\/e7049d338b55eac6a0027ff3218b8d02?s=96&d=mm&r=g\",\"caption\":\"pakosc-kalwaria\"},\"sameAs\":[\"https:\/\/www.facebook.com\/KalwariaPakosc\/\"],\"url\":\"https:\/\/pakosc-kalwaria.franciszkanie.net\/index.php\/author\/pakosc-kalwaria\/\"}]}<\/script>\n<!-- \/ Yoast SEO plugin. -->","yoast_head_json":{"title":"Nowenna do Dzieci\u0105tka Jezus - Pako\u015b\u0107 \u2013 Kalwaria","robots":{"index":"index","follow":"follow","max-snippet":"max-snippet:-1","max-image-preview":"max-image-preview:large","max-video-preview":"max-video-preview:-1"},"canonical":"https:\/\/pakosc-kalwaria.franciszkanie.net\/index.php\/2017\/12\/21\/nowenna-dzieciatka-jezus-2\/","og_locale":"pl_PL","og_type":"article","og_title":"Nowenna do Dzieci\u0105tka Jezus - Pako\u015b\u0107 \u2013 Kalwaria","og_description":"Od 16 grudnia do\u00a0 Wigilii Bo\u017cego Narodzenia. Rozpocz\u0119cie: Bo\u017ce, wejrzyj ku wspomo\u017ceniu memu. Panie, po\u015bpiesz ku ratunkowi memu. Chwa\u0142a Ojcu i Synowi i Duchowi \u015awi\u0119temu\u2026 Jak by\u0142a na pocz\u0105tku\u2026 M\u00f3dlmy si\u0119: Maryjo, Niepokalana Bo\u017ca Rodzicielko, spraw, aby modlitwy nasze sta\u0142y si\u0119 mi\u0142e Bo\u017cemu Dzieci\u0105tku. Niech nam uprosz\u0105 dobre przygotowanie si\u0119 na spotkanie z Nim przez &hellip;","og_url":"https:\/\/pakosc-kalwaria.franciszkanie.net\/index.php\/2017\/12\/21\/nowenna-dzieciatka-jezus-2\/","og_site_name":"Pako\u015b\u0107 \u2013 Kalwaria","article_author":"https:\/\/www.facebook.com\/KalwariaPakosc\/","article_published_time":"2017-12-21T10:45:53+00:00","article_modified_time":"2017-12-24T18:15:31+00:00","og_image":[{"width":300,"height":225,"url":"https:\/\/pakosc-kalwaria.franciszkanie.net\/wp-content\/uploads\/2017\/12\/dzieciatko-200x150.jpg","type":"image\/jpeg"}],"twitter_card":"summary","twitter_misc":{"Napisane przez":"pakosc-kalwaria","Szacowany czas czytania":"3 minuty"},"schema":{"@context":"https:\/\/schema.org","@graph":[{"@type":"WebSite","@id":"https:\/\/pakosc-kalwaria.franciszkanie.net\/#website","url":"https:\/\/pakosc-kalwaria.franciszkanie.net\/","name":"Pako\u015b\u0107 \u2013 Kalwaria","description":"Parafia Rzymsko \u2013 Katolicka p.w. Pana Jezusa Ukrzy\u017cowanego i  Matki Bo\u017cej Bolesnej ul. Barci\u0144ska 60, 88\u2013170 Pako\u015b\u0107 \u2013 Kalwaria","potentialAction":[{"@type":"SearchAction","target":{"@type":"EntryPoint","urlTemplate":"https:\/\/pakosc-kalwaria.franciszkanie.net\/?s={search_term_string}"},"query-input":"required name=search_term_string"}],"inLanguage":"pl-PL"},{"@type":"ImageObject","@id":"https:\/\/pakosc-kalwaria.franciszkanie.net\/index.php\/2017\/12\/21\/nowenna-dzieciatka-jezus-2\/#primaryimage","inLanguage":"pl-PL","url":"https:\/\/pakosc-kalwaria.franciszkanie.net\/wp-content\/uploads\/2017\/12\/dzieciatko-200x150.jpg","contentUrl":"https:\/\/pakosc-kalwaria.franciszkanie.net\/wp-content\/uploads\/2017\/12\/dzieciatko-200x150.jpg","width":300,"height":225},{"@type":"WebPage","@id":"https:\/\/pakosc-kalwaria.franciszkanie.net\/index.php\/2017\/12\/21\/nowenna-dzieciatka-jezus-2\/#webpage","url":"https:\/\/pakosc-kalwaria.franciszkanie.net\/index.php\/2017\/12\/21\/nowenna-dzieciatka-jezus-2\/","name":"Nowenna do Dzieci\u0105tka Jezus - Pako\u015b\u0107 \u2013 Kalwaria","isPartOf":{"@id":"https:\/\/pakosc-kalwaria.franciszkanie.net\/#website"},"primaryImageOfPage":{"@id":"https:\/\/pakosc-kalwaria.franciszkanie.net\/index.php\/2017\/12\/21\/nowenna-dzieciatka-jezus-2\/#primaryimage"},"datePublished":"2017-12-21T10:45:53+00:00","dateModified":"2017-12-24T18:15:31+00:00","author":{"@id":"https:\/\/pakosc-kalwaria.franciszkanie.net\/#\/schema\/person\/af10b943be0760709227d060eadcb2aa"},"breadcrumb":{"@id":"https:\/\/pakosc-kalwaria.franciszkanie.net\/index.php\/2017\/12\/21\/nowenna-dzieciatka-jezus-2\/#breadcrumb"},"inLanguage":"pl-PL","potentialAction":[{"@type":"ReadAction","target":["https:\/\/pakosc-kalwaria.franciszkanie.net\/index.php\/2017\/12\/21\/nowenna-dzieciatka-jezus-2\/"]}]},{"@type":"BreadcrumbList","@id":"https:\/\/pakosc-kalwaria.franciszkanie.net\/index.php\/2017\/12\/21\/nowenna-dzieciatka-jezus-2\/#breadcrumb","itemListElement":[{"@type":"ListItem","position":1,"name":"Strona g\u0142\u00f3wna","item":"https:\/\/pakosc-kalwaria.franciszkanie.net\/"},{"@type":"ListItem","position":2,"name":"Nowenna do Dzieci\u0105tka Jezus"}]},{"@type":"Person","@id":"https:\/\/pakosc-kalwaria.franciszkanie.net\/#\/schema\/person\/af10b943be0760709227d060eadcb2aa","name":"pakosc-kalwaria","image":{"@type":"ImageObject","@id":"https:\/\/pakosc-kalwaria.franciszkanie.net\/#personlogo","inLanguage":"pl-PL","url":"https:\/\/secure.gravatar.com\/avatar\/e7049d338b55eac6a0027ff3218b8d02?s=96&d=mm&r=g","contentUrl":"https:\/\/secure.gravatar.com\/avatar\/e7049d338b55eac6a0027ff3218b8d02?s=96&d=mm&r=g","caption":"pakosc-kalwaria"},"sameAs":["https:\/\/www.facebook.com\/KalwariaPakosc\/"],"url":"https:\/\/pakosc-kalwaria.franciszkanie.net\/index.php\/author\/pakosc-kalwaria\/"}]}},"_links":{"self":[{"href":"https:\/\/pakosc-kalwaria.franciszkanie.net\/index.php\/wp-json\/wp\/v2\/posts\/3878"}],"collection":[{"href":"https:\/\/pakosc-kalwaria.franciszkanie.net\/index.php\/wp-json\/wp\/v2\/posts"}],"about":[{"href":"https:\/\/pakosc-kalwaria.franciszkanie.net\/index.php\/wp-json\/wp\/v2\/types\/post"}],"author":[{"embeddable":true,"href":"https:\/\/pakosc-kalwaria.franciszkanie.net\/index.php\/wp-json\/wp\/v2\/users\/2"}],"replies":[{"embeddable":true,"href":"https:\/\/pakosc-kalwaria.franciszkanie.net\/index.php\/wp-json\/wp\/v2\/comments?post=3878"}],"version-history":[{"count":2,"href":"https:\/\/pakosc-kalwaria.franciszkanie.net\/index.php\/wp-json\/wp\/v2\/posts\/3878\/revisions"}],"predecessor-version":[{"id":4065,"href":"https:\/\/pakosc-kalwaria.franciszkanie.net\/index.php\/wp-json\/wp\/v2\/posts\/3878\/revisions\/4065"}],"wp:featuredmedia":[{"embeddable":true,"href":"https:\/\/pakosc-kalwaria.franciszkanie.net\/index.php\/wp-json\/wp\/v2\/media\/3881"}],"wp:attachment":[{"href":"https:\/\/pakosc-kalwaria.franciszkanie.net\/index.php\/wp-json\/wp\/v2\/media?parent=3878"}],"wp:term":[{"taxonomy":"category","embeddable":true,"href":"https:\/\/pakosc-kalwaria.franciszkanie.net\/index.php\/wp-json\/wp\/v2\/categories?post=3878"},{"taxonomy":"post_tag","embeddable":true,"href":"https:\/\/pakosc-kalwaria.franciszkanie.net\/index.php\/wp-json\/wp\/v2\/tags?post=3878"}],"curies":[{"name":"wp","href":"https:\/\/api.w.org\/{rel}","templated":true}]}}