{"id":395,"date":"2016-09-28T11:40:22","date_gmt":"2016-09-28T09:40:22","guid":{"rendered":"http:\/\/pakosc-kalwaria.franciszkanie.net\/?p=395"},"modified":"2016-09-30T13:52:21","modified_gmt":"2016-09-30T11:52:21","slug":"zywy-rozaniec","status":"publish","type":"post","link":"https:\/\/pakosc-kalwaria.franciszkanie.net\/index.php\/2016\/09\/28\/zywy-rozaniec\/","title":{"rendered":"\u017bywy R\u00f3\u017caniec"},"content":{"rendered":"<p><span style=\"color: #000000;\"><strong>W naszej Parafii zach\u0119camy do w\u0142\u0105czenia si\u0119 do \u017bywego R\u00f3\u017ca\u0144ca. Ka\u017cda R\u00f3\u017ca R\u00f3\u017ca\u0144cowa powinna liczy\u0107 20 os\u00f3b. Osoby pragn\u0105ce wst\u0105pi\u0107 do \u017bywego R\u00f3\u017ca\u0144ca w naszej Parafii,<\/strong> z<strong>ar\u00f3wno kobiety jak i m\u0119\u017cczy\u017ani mog\u0105 zg\u0142asza\u0107 si\u0119 w zakrystii lub w kancelarii parafialnej. Odpowiednie deklaracje znajduj\u0105 na stoliku pod ch\u00f3rem.<\/strong><br \/>\n<\/span><\/p>\n<p><span style=\"color: #000000;\"><strong><span style=\"color: #ff0000;\">Obowi\u0105zki w \u017bywym R\u00f3\u017ca\u0144cu:<\/span><u><br \/>\n<\/u>&#8211; codzienne odmawianie i rozwa\u017canie jednej dziesi\u0105tki r\u00f3\u017ca\u0144ca \u015bw.<\/strong><\/span><br \/>\n<span style=\"color: #000000;\"> &#8211; raz w miesi\u0105cu wymiana tajemnic r\u00f3\u017ca\u0144cowych w ko\u015bciele (osoby chore w domu)<\/span><br \/>\n<span style=\"color: #000000;\"> &#8211; udzia\u0142 raz w miesi\u0105cu w Mszach \u015bw. w intencji \u017bywego R\u00f3\u017ca\u0144ca<\/span><br \/>\n<span style=\"color: #000000;\"> &#8211; cz\u0119ste przyst\u0119powanie do sakrament\u00f3w: Spowiedzi \u015bw. i Komunii \u015bw.<\/span><br \/>\n<span style=\"color: #000000;\"> &#8211; rozszerzanie czci Maryi przyk\u0142adem \u017cycia i dzia\u0142alno\u015bci\u0105 apostolsk\u0105<\/span><br \/>\n<span style=\"color: #000000;\"> &#8211; udzia\u0142 w odpustach i procesjach maryjnych<\/span><br \/>\n<span style=\"color: #000000;\"> &#8211; udziale w pogrzebie cz\u0142onka \u017bywego R\u00f3\u017ca\u0144ca.<\/span><br \/>\n<span style=\"color: #000000;\"> <strong><u><br \/>\n<\/u><span style=\"color: #ff0000;\">Cz\u0142onkowie \u017bywego R\u00f3\u017ca\u0144ca mog\u0105 zyska\u0107 \u0142aski odpust zupe\u0142ny pod zwyk\u0142ymi warunkami w dniu:<\/span><\/strong><u><br \/>\n<\/u>&#8211; przyj\u0119cia do \u017bywego R\u00f3\u017ca\u0144ca<\/span><br \/>\n<span style=\"color: #000000;\"> &#8211; Bo\u017cego Narodzenia (25.12)<\/span><br \/>\n<span style=\"color: #000000;\"> &#8211; Ofiarowania Pa\u0144skiego (2.02)<\/span><br \/>\n<span style=\"color: #000000;\"> &#8211; Zwiastowania NMP (25.03)<\/span><br \/>\n<span style=\"color: #000000;\"> &#8211; Zmartwychwstania Pa\u0144skiego<\/span><br \/>\n<span style=\"color: #000000;\"> &#8211; Wniebowzi\u0119cia NMP (15.08)<\/span><br \/>\n<span style=\"color: #000000;\"> &#8211; Kr\u00f3lowej R\u00f3\u017ca\u0144ca \u015bw. (7.10)<\/span><br \/>\n<span style=\"color: #000000;\"> &#8211; Niepokalanego Pocz\u0119cia NMP (8.12)<\/span><br \/>\n<span style=\"color: #000000;\"><strong><br \/>\n\u017bywy R\u00f3\u017caniec<\/strong> \u2013 to mi\u0119dzynarodowy ruch religijny za\u0142o\u017cony w XIX w. przez Pauline &#8211; Marie Jaricot. Ma charakter modlitewny, a jego celem jest wspomaganie misji.<\/span><\/p>\n<p><strong>\u017bywy R\u00f3\u017caniec&#8221; jest zorganizowan\u0105 wsp\u00f3lnot\u0105 os\u00f3b, kt\u00f3re modl\u0105 si\u0119 codziennie na r\u00f3\u017ca\u0144cu.<\/strong> Organizacja ta odpowiada kszta\u0142towi samej modlitwy r\u00f3\u017ca\u0144cowej, kt\u00f3ra polega na rozwa\u017caniu 20 tajemnic z \u017cycia Jezusa i Maryi przy jednoczesnym odmawianiu przy ka\u017cdej tajemnicy jednego &#8222;Ojcze nasz&#8221; 10 &#8222;Zdrowa\u015b Maryjo&#8221; i jednego &#8222;Chwa\u0142a Ojcu&#8221;.<\/p>\n<p><span style=\"color: #000000;\"><span style=\"color: #ff0000;\"><strong>Uczestnictwo <\/strong><strong>w \u017bywym R\u00f3\u017ca\u0144cu polega na przynale\u017cno\u015bci do grupy zwanej R\u00f3\u017c\u0105.<\/strong><\/span> Pierwotnie r\u00f3\u017ca liczy\u0142a 15 os\u00f3b, obecnie za\u015b \u2013 po modyfikacji R\u00f3\u017ca\u0144ca przez \u015bw. Jana Paw\u0142a II \u2013 liczy 20 os\u00f3b.<br \/>\n<\/span><span style=\"color: #000000;\"><br \/>\nKa\u017cda osoba z R\u00f3\u017cy przez miesi\u0105c odmawia jedn\u0105 z tajemnic r\u00f3\u017ca\u0144cowych <\/span><span style=\"color: #000000;\"> Koniecznie jednak t\u0119, kt\u00f3ra zostaje powierzona do rozwa\u017cania i odmawiania raz w miesi\u0105cu, przy &#8222;zmianie tajemnic&#8221;. Przy tej zmianie, co miesi\u0105c, wszystkim cz\u0142onkom przydziela si\u0119 nowe tajemnice do odmawiania, w taki jednak spos\u00f3b, aby w jednej &#8222;\u017bywej R\u00f3\u017cy&#8221; by\u0142y ka\u017cdego dnia odm\u00f3wione wszystkie tajemnice w sumie dwadzie\u015bcia. Tak wi\u0119c, nawet, gdy poszczeg\u00f3lni cz\u0142onkowie &#8222;\u017bywej R\u00f3\u017cy&#8221; odmawiaj\u0105 dziennie tylko jedn\u0105 tajemnic\u0119, to w ca\u0142ej R\u00f3\u017cy rozwa\u017cany jest ca\u0142y r\u00f3\u017caniec, czyli wszystkie cz\u0119\u015bci i tajemnice.<\/span><\/p>\n<p><span style=\"color: #000000;\">Bardzo istotne jest r\u00f3wnie\u017c to, \u017ce wszyscy cz\u0142onkowie R\u00f3\u017cy modl\u0105 si\u0119 w tej samej intencji, kt\u00f3ra jest r\u00f3wnie\u017c zmieniana co miesi\u0105c.<br \/>\n<\/span><br \/>\n<strong>\u00a0\u201eOdmawiajcie codziennie R\u00f3\u017caniec\u201d (Matka Bo\u017ca)<\/strong><br \/>\n<strong>Deklaracja Przyst\u0105pienia do \u017bywego R\u00f3\u017ca\u0144ca<\/strong><\/p>\n<p>Ja\u2026\u2026\u2026\u2026\u2026\u2026\u2026\u2026\u2026\u2026\u2026\u2026\u2026\u2026\u2026\u2026\u2026\u2026\u2026 ur. \u2026\u2026\u2026\u2026\u2026\u2026\u2026\u2026.<\/p>\n<p>Zamieszka\u0142y(a)\u2026\u2026\u2026\u2026\u2026\u2026\u2026\u2026\u2026\u2026\u2026\u2026\u2026\u2026\u2026\u2026\u2026\u2026\u2026\u2026\u2026\u2026\u2026..<br \/>\nadres<\/p>\n<p>Parafia\u2026\u2026\u2026\u2026\u2026\u2026\u2026\u2026\u2026\u2026\u2026\u2026\u2026\u2026\u2026\u2026\u2026\u2026\u2026\u2026\u2026\u2026\u2026\u2026\u2026&#8230;&#8230;<\/p>\n<p>Tel. \u2026\u2026\u2026\u2026\u2026\u2026\u2026\u2026\u2026\u2026\u2026\u2026\u2026\u2026<\/p>\n<p><strong>Prosz\u0119 o przyj\u0119cie do \u017bywego R\u00f3\u017ca\u0144ca w parafii<br \/>\npw. Jezusa Ukrzy\u017cowanego i MB Bolesnej w Pako\u015bci \u2013 Kalwarii<\/strong><\/p>\n<p><strong><u>Zobowi\u0105zuj\u0119 si\u0119 do:<br \/>\n<\/u><\/strong>&#8211; codziennego odmawiania dziesi\u0105tki R\u00f3\u017ca\u0144ca \u015bw.<br \/>\n&#8211; comiesi\u0119cznej wymiany tajemnic r\u00f3\u017ca\u0144cowych w ko\u015bciele<br \/>\n(osoby chore w domu)<br \/>\n&#8211; systematycznego udzia\u0142u w Mszach \u015bw. w intencji \u017cyj\u0105cych<br \/>\ni zmar\u0142ych cz\u0142onk\u00f3w \u017bywego R\u00f3\u017ca\u0144ca<br \/>\n&#8211; cz\u0119stego przyst\u0119powania do sakrament\u00f3w Pokuty i Eucharystii,<br \/>\nszczeg\u00f3lnie z okazji uroczysto\u015bci i \u015bwi\u0105t maryjnych oraz pierwszych<br \/>\nsob\u00f3t miesi\u0105ca<br \/>\n&#8211; rozszerzania czci Maryi przyk\u0142adem \u017cycia i dzia\u0142alno\u015bci\u0105 apostolsk\u0105<br \/>\n&#8211; udzia\u0142u w odpustach i procesjach maryjnych<\/p>\n<p>\u2026\u2026\u2026.\u2026\u2026\u2026\u2026\u2026\u2026\u2026\u2026\u2026\u2026\u2026\u2026\u2026..<br \/>\nczytelny podpis<\/p>\n<p>\u2026\u2026\u2026\u2026\u2026\u2026\u2026\u2026\u2026\u2026\u2026\u2026\u2026\u00a0\u00a0\u00a0\u00a0\u00a0\u00a0\u00a0\u00a0\u00a0\u00a0\u00a0\u00a0\u00a0\u00a0\u00a0\u00a0\u00a0\u00a0\u00a0\u00a0\u00a0\u00a0 \u2026\u2026\u2026\u2026.\u2026\u2026\u2026\u2026\u2026\u2026\u2026\u2026\u2026\u2026<br \/>\npodpis Ks. Dyrektora\u00a0\u00a0\u00a0\u00a0\u00a0\u00a0\u00a0\u00a0\u00a0\u00a0\u00a0\u00a0\u00a0\u00a0\u00a0\u00a0\u00a0\u00a0 \u00a0\u00a0\u00a0\u00a0\u00a0\u00a0\u00a0\u00a0\u00a0\u00a0 podpis Przewodnicz\u0105cego<\/p>\n","protected":false},"excerpt":{"rendered":"<p>W naszej Parafii zach\u0119camy do w\u0142\u0105czenia si\u0119 do \u017bywego R\u00f3\u017ca\u0144ca. Ka\u017cda R\u00f3\u017ca R\u00f3\u017ca\u0144cowa powinna liczy\u0107 20 os\u00f3b. Osoby pragn\u0105ce wst\u0105pi\u0107 do \u017bywego R\u00f3\u017ca\u0144ca w naszej Parafii, zar\u00f3wno kobiety jak i m\u0119\u017cczy\u017ani mog\u0105 zg\u0142asza\u0107 si\u0119 w zakrystii lub w kancelarii parafialnej. Odpowiednie deklaracje znajduj\u0105 na stoliku pod ch\u00f3rem. Obowi\u0105zki w \u017bywym R\u00f3\u017ca\u0144cu: &#8211; codzienne odmawianie i &hellip;<\/p>\n","protected":false},"author":2,"featured_media":392,"comment_status":"closed","ping_status":"open","sticky":false,"template":"","format":"standard","meta":{"_mi_skip_tracking":false,"_exactmetrics_sitenote_active":false,"_exactmetrics_sitenote_note":"","_exactmetrics_sitenote_category":0},"categories":[10],"tags":[],"yoast_head":"<!-- This site is optimized with the Yoast SEO plugin v18.1 - https:\/\/yoast.com\/wordpress\/plugins\/seo\/ -->\n<title>\u017bywy R\u00f3\u017caniec - Pako\u015b\u0107 \u2013 Kalwaria<\/title>\n<meta name=\"robots\" content=\"index, follow, max-snippet:-1, max-image-preview:large, max-video-preview:-1\" \/>\n<link rel=\"canonical\" href=\"https:\/\/pakosc-kalwaria.franciszkanie.net\/index.php\/2016\/09\/28\/zywy-rozaniec\/\" \/>\n<meta property=\"og:locale\" content=\"pl_PL\" \/>\n<meta property=\"og:type\" content=\"article\" \/>\n<meta property=\"og:title\" content=\"\u017bywy R\u00f3\u017caniec - Pako\u015b\u0107 \u2013 Kalwaria\" \/>\n<meta property=\"og:description\" content=\"W naszej Parafii zach\u0119camy do w\u0142\u0105czenia si\u0119 do \u017bywego R\u00f3\u017ca\u0144ca. Ka\u017cda R\u00f3\u017ca R\u00f3\u017ca\u0144cowa powinna liczy\u0107 20 os\u00f3b. Osoby pragn\u0105ce wst\u0105pi\u0107 do \u017bywego R\u00f3\u017ca\u0144ca w naszej Parafii, zar\u00f3wno kobiety jak i m\u0119\u017cczy\u017ani mog\u0105 zg\u0142asza\u0107 si\u0119 w zakrystii lub w kancelarii parafialnej. Odpowiednie deklaracje znajduj\u0105 na stoliku pod ch\u00f3rem. Obowi\u0105zki w \u017bywym R\u00f3\u017ca\u0144cu: &#8211; codzienne odmawianie i &hellip;\" \/>\n<meta property=\"og:url\" content=\"https:\/\/pakosc-kalwaria.franciszkanie.net\/index.php\/2016\/09\/28\/zywy-rozaniec\/\" \/>\n<meta property=\"og:site_name\" content=\"Pako\u015b\u0107 \u2013 Kalwaria\" \/>\n<meta property=\"article:author\" content=\"https:\/\/www.facebook.com\/KalwariaPakosc\/\" \/>\n<meta property=\"article:published_time\" content=\"2016-09-28T09:40:22+00:00\" \/>\n<meta property=\"article:modified_time\" content=\"2016-09-30T11:52:21+00:00\" \/>\n<meta property=\"og:image\" content=\"https:\/\/pakosc-kalwaria.franciszkanie.net\/wp-content\/uploads\/2016\/08\/logo-Zywego-Rozanca.jpg\" \/>\n\t<meta property=\"og:image:width\" content=\"221\" \/>\n\t<meta property=\"og:image:height\" content=\"228\" \/>\n\t<meta property=\"og:image:type\" content=\"image\/jpeg\" \/>\n<meta name=\"twitter:card\" content=\"summary\" \/>\n<meta name=\"twitter:label1\" content=\"Napisane przez\" \/>\n\t<meta name=\"twitter:data1\" content=\"pakosc-kalwaria\" \/>\n\t<meta name=\"twitter:label2\" content=\"Szacowany czas czytania\" \/>\n\t<meta name=\"twitter:data2\" content=\"3 minuty\" \/>\n<script type=\"application\/ld+json\" class=\"yoast-schema-graph\">{\"@context\":\"https:\/\/schema.org\",\"@graph\":[{\"@type\":\"WebSite\",\"@id\":\"https:\/\/pakosc-kalwaria.franciszkanie.net\/#website\",\"url\":\"https:\/\/pakosc-kalwaria.franciszkanie.net\/\",\"name\":\"Pako\u015b\u0107 \u2013 Kalwaria\",\"description\":\"Parafia Rzymsko \u2013 Katolicka p.w. Pana Jezusa Ukrzy\u017cowanego i  Matki Bo\u017cej Bolesnej ul. Barci\u0144ska 60, 88\u2013170 Pako\u015b\u0107 \u2013 Kalwaria\",\"potentialAction\":[{\"@type\":\"SearchAction\",\"target\":{\"@type\":\"EntryPoint\",\"urlTemplate\":\"https:\/\/pakosc-kalwaria.franciszkanie.net\/?s={search_term_string}\"},\"query-input\":\"required name=search_term_string\"}],\"inLanguage\":\"pl-PL\"},{\"@type\":\"ImageObject\",\"@id\":\"https:\/\/pakosc-kalwaria.franciszkanie.net\/index.php\/2016\/09\/28\/zywy-rozaniec\/#primaryimage\",\"inLanguage\":\"pl-PL\",\"url\":\"https:\/\/pakosc-kalwaria.franciszkanie.net\/wp-content\/uploads\/2016\/08\/logo-Zywego-Rozanca.jpg\",\"contentUrl\":\"https:\/\/pakosc-kalwaria.franciszkanie.net\/wp-content\/uploads\/2016\/08\/logo-Zywego-Rozanca.jpg\",\"width\":221,\"height\":228},{\"@type\":\"WebPage\",\"@id\":\"https:\/\/pakosc-kalwaria.franciszkanie.net\/index.php\/2016\/09\/28\/zywy-rozaniec\/#webpage\",\"url\":\"https:\/\/pakosc-kalwaria.franciszkanie.net\/index.php\/2016\/09\/28\/zywy-rozaniec\/\",\"name\":\"\u017bywy R\u00f3\u017caniec - Pako\u015b\u0107 \u2013 Kalwaria\",\"isPartOf\":{\"@id\":\"https:\/\/pakosc-kalwaria.franciszkanie.net\/#website\"},\"primaryImageOfPage\":{\"@id\":\"https:\/\/pakosc-kalwaria.franciszkanie.net\/index.php\/2016\/09\/28\/zywy-rozaniec\/#primaryimage\"},\"datePublished\":\"2016-09-28T09:40:22+00:00\",\"dateModified\":\"2016-09-30T11:52:21+00:00\",\"author\":{\"@id\":\"https:\/\/pakosc-kalwaria.franciszkanie.net\/#\/schema\/person\/af10b943be0760709227d060eadcb2aa\"},\"breadcrumb\":{\"@id\":\"https:\/\/pakosc-kalwaria.franciszkanie.net\/index.php\/2016\/09\/28\/zywy-rozaniec\/#breadcrumb\"},\"inLanguage\":\"pl-PL\",\"potentialAction\":[{\"@type\":\"ReadAction\",\"target\":[\"https:\/\/pakosc-kalwaria.franciszkanie.net\/index.php\/2016\/09\/28\/zywy-rozaniec\/\"]}]},{\"@type\":\"BreadcrumbList\",\"@id\":\"https:\/\/pakosc-kalwaria.franciszkanie.net\/index.php\/2016\/09\/28\/zywy-rozaniec\/#breadcrumb\",\"itemListElement\":[{\"@type\":\"ListItem\",\"position\":1,\"name\":\"Strona g\u0142\u00f3wna\",\"item\":\"https:\/\/pakosc-kalwaria.franciszkanie.net\/\"},{\"@type\":\"ListItem\",\"position\":2,\"name\":\"\u017bywy R\u00f3\u017caniec\"}]},{\"@type\":\"Person\",\"@id\":\"https:\/\/pakosc-kalwaria.franciszkanie.net\/#\/schema\/person\/af10b943be0760709227d060eadcb2aa\",\"name\":\"pakosc-kalwaria\",\"image\":{\"@type\":\"ImageObject\",\"@id\":\"https:\/\/pakosc-kalwaria.franciszkanie.net\/#personlogo\",\"inLanguage\":\"pl-PL\",\"url\":\"https:\/\/secure.gravatar.com\/avatar\/e7049d338b55eac6a0027ff3218b8d02?s=96&d=mm&r=g\",\"contentUrl\":\"https:\/\/secure.gravatar.com\/avatar\/e7049d338b55eac6a0027ff3218b8d02?s=96&d=mm&r=g\",\"caption\":\"pakosc-kalwaria\"},\"sameAs\":[\"https:\/\/www.facebook.com\/KalwariaPakosc\/\"],\"url\":\"https:\/\/pakosc-kalwaria.franciszkanie.net\/index.php\/author\/pakosc-kalwaria\/\"}]}<\/script>\n<!-- \/ Yoast SEO plugin. -->","yoast_head_json":{"title":"\u017bywy R\u00f3\u017caniec - Pako\u015b\u0107 \u2013 Kalwaria","robots":{"index":"index","follow":"follow","max-snippet":"max-snippet:-1","max-image-preview":"max-image-preview:large","max-video-preview":"max-video-preview:-1"},"canonical":"https:\/\/pakosc-kalwaria.franciszkanie.net\/index.php\/2016\/09\/28\/zywy-rozaniec\/","og_locale":"pl_PL","og_type":"article","og_title":"\u017bywy R\u00f3\u017caniec - Pako\u015b\u0107 \u2013 Kalwaria","og_description":"W naszej Parafii zach\u0119camy do w\u0142\u0105czenia si\u0119 do \u017bywego R\u00f3\u017ca\u0144ca. Ka\u017cda R\u00f3\u017ca R\u00f3\u017ca\u0144cowa powinna liczy\u0107 20 os\u00f3b. Osoby pragn\u0105ce wst\u0105pi\u0107 do \u017bywego R\u00f3\u017ca\u0144ca w naszej Parafii, zar\u00f3wno kobiety jak i m\u0119\u017cczy\u017ani mog\u0105 zg\u0142asza\u0107 si\u0119 w zakrystii lub w kancelarii parafialnej. Odpowiednie deklaracje znajduj\u0105 na stoliku pod ch\u00f3rem. Obowi\u0105zki w \u017bywym R\u00f3\u017ca\u0144cu: &#8211; codzienne odmawianie i &hellip;","og_url":"https:\/\/pakosc-kalwaria.franciszkanie.net\/index.php\/2016\/09\/28\/zywy-rozaniec\/","og_site_name":"Pako\u015b\u0107 \u2013 Kalwaria","article_author":"https:\/\/www.facebook.com\/KalwariaPakosc\/","article_published_time":"2016-09-28T09:40:22+00:00","article_modified_time":"2016-09-30T11:52:21+00:00","og_image":[{"width":221,"height":228,"url":"https:\/\/pakosc-kalwaria.franciszkanie.net\/wp-content\/uploads\/2016\/08\/logo-Zywego-Rozanca.jpg","type":"image\/jpeg"}],"twitter_card":"summary","twitter_misc":{"Napisane przez":"pakosc-kalwaria","Szacowany czas czytania":"3 minuty"},"schema":{"@context":"https:\/\/schema.org","@graph":[{"@type":"WebSite","@id":"https:\/\/pakosc-kalwaria.franciszkanie.net\/#website","url":"https:\/\/pakosc-kalwaria.franciszkanie.net\/","name":"Pako\u015b\u0107 \u2013 Kalwaria","description":"Parafia Rzymsko \u2013 Katolicka p.w. Pana Jezusa Ukrzy\u017cowanego i  Matki Bo\u017cej Bolesnej ul. Barci\u0144ska 60, 88\u2013170 Pako\u015b\u0107 \u2013 Kalwaria","potentialAction":[{"@type":"SearchAction","target":{"@type":"EntryPoint","urlTemplate":"https:\/\/pakosc-kalwaria.franciszkanie.net\/?s={search_term_string}"},"query-input":"required name=search_term_string"}],"inLanguage":"pl-PL"},{"@type":"ImageObject","@id":"https:\/\/pakosc-kalwaria.franciszkanie.net\/index.php\/2016\/09\/28\/zywy-rozaniec\/#primaryimage","inLanguage":"pl-PL","url":"https:\/\/pakosc-kalwaria.franciszkanie.net\/wp-content\/uploads\/2016\/08\/logo-Zywego-Rozanca.jpg","contentUrl":"https:\/\/pakosc-kalwaria.franciszkanie.net\/wp-content\/uploads\/2016\/08\/logo-Zywego-Rozanca.jpg","width":221,"height":228},{"@type":"WebPage","@id":"https:\/\/pakosc-kalwaria.franciszkanie.net\/index.php\/2016\/09\/28\/zywy-rozaniec\/#webpage","url":"https:\/\/pakosc-kalwaria.franciszkanie.net\/index.php\/2016\/09\/28\/zywy-rozaniec\/","name":"\u017bywy R\u00f3\u017caniec - Pako\u015b\u0107 \u2013 Kalwaria","isPartOf":{"@id":"https:\/\/pakosc-kalwaria.franciszkanie.net\/#website"},"primaryImageOfPage":{"@id":"https:\/\/pakosc-kalwaria.franciszkanie.net\/index.php\/2016\/09\/28\/zywy-rozaniec\/#primaryimage"},"datePublished":"2016-09-28T09:40:22+00:00","dateModified":"2016-09-30T11:52:21+00:00","author":{"@id":"https:\/\/pakosc-kalwaria.franciszkanie.net\/#\/schema\/person\/af10b943be0760709227d060eadcb2aa"},"breadcrumb":{"@id":"https:\/\/pakosc-kalwaria.franciszkanie.net\/index.php\/2016\/09\/28\/zywy-rozaniec\/#breadcrumb"},"inLanguage":"pl-PL","potentialAction":[{"@type":"ReadAction","target":["https:\/\/pakosc-kalwaria.franciszkanie.net\/index.php\/2016\/09\/28\/zywy-rozaniec\/"]}]},{"@type":"BreadcrumbList","@id":"https:\/\/pakosc-kalwaria.franciszkanie.net\/index.php\/2016\/09\/28\/zywy-rozaniec\/#breadcrumb","itemListElement":[{"@type":"ListItem","position":1,"name":"Strona g\u0142\u00f3wna","item":"https:\/\/pakosc-kalwaria.franciszkanie.net\/"},{"@type":"ListItem","position":2,"name":"\u017bywy R\u00f3\u017caniec"}]},{"@type":"Person","@id":"https:\/\/pakosc-kalwaria.franciszkanie.net\/#\/schema\/person\/af10b943be0760709227d060eadcb2aa","name":"pakosc-kalwaria","image":{"@type":"ImageObject","@id":"https:\/\/pakosc-kalwaria.franciszkanie.net\/#personlogo","inLanguage":"pl-PL","url":"https:\/\/secure.gravatar.com\/avatar\/e7049d338b55eac6a0027ff3218b8d02?s=96&d=mm&r=g","contentUrl":"https:\/\/secure.gravatar.com\/avatar\/e7049d338b55eac6a0027ff3218b8d02?s=96&d=mm&r=g","caption":"pakosc-kalwaria"},"sameAs":["https:\/\/www.facebook.com\/KalwariaPakosc\/"],"url":"https:\/\/pakosc-kalwaria.franciszkanie.net\/index.php\/author\/pakosc-kalwaria\/"}]}},"_links":{"self":[{"href":"https:\/\/pakosc-kalwaria.franciszkanie.net\/index.php\/wp-json\/wp\/v2\/posts\/395"}],"collection":[{"href":"https:\/\/pakosc-kalwaria.franciszkanie.net\/index.php\/wp-json\/wp\/v2\/posts"}],"about":[{"href":"https:\/\/pakosc-kalwaria.franciszkanie.net\/index.php\/wp-json\/wp\/v2\/types\/post"}],"author":[{"embeddable":true,"href":"https:\/\/pakosc-kalwaria.franciszkanie.net\/index.php\/wp-json\/wp\/v2\/users\/2"}],"replies":[{"embeddable":true,"href":"https:\/\/pakosc-kalwaria.franciszkanie.net\/index.php\/wp-json\/wp\/v2\/comments?post=395"}],"version-history":[{"count":4,"href":"https:\/\/pakosc-kalwaria.franciszkanie.net\/index.php\/wp-json\/wp\/v2\/posts\/395\/revisions"}],"predecessor-version":[{"id":638,"href":"https:\/\/pakosc-kalwaria.franciszkanie.net\/index.php\/wp-json\/wp\/v2\/posts\/395\/revisions\/638"}],"wp:featuredmedia":[{"embeddable":true,"href":"https:\/\/pakosc-kalwaria.franciszkanie.net\/index.php\/wp-json\/wp\/v2\/media\/392"}],"wp:attachment":[{"href":"https:\/\/pakosc-kalwaria.franciszkanie.net\/index.php\/wp-json\/wp\/v2\/media?parent=395"}],"wp:term":[{"taxonomy":"category","embeddable":true,"href":"https:\/\/pakosc-kalwaria.franciszkanie.net\/index.php\/wp-json\/wp\/v2\/categories?post=395"},{"taxonomy":"post_tag","embeddable":true,"href":"https:\/\/pakosc-kalwaria.franciszkanie.net\/index.php\/wp-json\/wp\/v2\/tags?post=395"}],"curies":[{"name":"wp","href":"https:\/\/api.w.org\/{rel}","templated":true}]}}