{"id":4021,"date":"2018-01-12T07:00:08","date_gmt":"2018-01-12T06:00:08","guid":{"rendered":"http:\/\/pakosc-kalwaria.franciszkanie.net\/?p=4021"},"modified":"2018-01-16T10:20:45","modified_gmt":"2018-01-16T09:20:45","slug":"koledowe-odwiedziny-duszpasterskie-naszej-parafii","status":"publish","type":"post","link":"https:\/\/pakosc-kalwaria.franciszkanie.net\/index.php\/2018\/01\/12\/koledowe-odwiedziny-duszpasterskie-naszej-parafii\/","title":{"rendered":"Dodatkowa kol\u0119da &#8211; 16 stycznia"},"content":{"rendered":"<p><strong><span style=\"color: #ff0000;\">Kol\u0119da dodatkowa &#8211; we wtorek 16 stycznia od godz. 16.00 <span style=\"color: #000000;\">&#8211; dla tych, kt\u00f3rzy nie mogli przyj\u0105\u0107 kol\u0119d\u0119 w wyznaczonym terminie. Zg\u0142oszenia przyjmujemy w biurze parafialnym lub w zakrystii.<\/span><\/span><\/strong><\/p>\n<p><strong><span style=\"color: #ff0000;\">Kol\u0119d\u0119 rozpoczynamy w soboty o 10.00, w niedziele o 14.00, w pozosta\u0142e dni tygodnia o 16.00.<\/span><\/strong><\/p>\n<p><strong><span style=\"text-decoration: underline;\">Czwartek \u2013 28 grudnia 2017r. &#8211; od 16.00<\/span><\/strong><br \/>\nul. Rad\u0142owska 42, 44, Rad\u0142owo 1 \u2013 8a<\/p>\n<p><strong><u>Pi\u0105tek\u00a0 \u2013 29 grudnia 2017r. &#8211; od 16.00<\/u><\/strong><br \/>\nul. Cmentarna 1 \u2013 25, Rad\u0142owo 111, 112<\/p>\n<p><strong><span style=\"color: #008000;\"><u>Sobota \u2013 30 grudnia 2017r. &#8211; od 10.00<\/u><\/span><br \/>\n<\/strong>ul. Rad\u0142owska 33 &#8211; 37,\u00a0 Rad\u0142owo 109, 8 \u2013 21<\/p>\n<p><strong><u>Wtorek\u00a0 \u2013 02 stycznia 2018r. &#8211; od 16.00<br \/>\n<\/u><\/strong>ul. Barci\u0144ska 24 \u2013 58<\/p>\n<p><strong><u>\u015aroda \u2013 03 stycznia 2018r. &#8211; od 16.00<br \/>\n<\/u><\/strong>ul. Pa\u0142ucka i ul. 21 Stycznia, 1- 30<\/p>\n<p><strong><u>Czwartek \u2013 04 stycznia 2018r. &#8211; od 16.00<br \/>\n<\/u><\/strong>ul. Przybyszewskiego 33 &#8211; 29; 1- 30<\/p>\n<p><strong><u>Pi\u0105tek \u2013 05 stycznia 2018r. &#8211; od 16.00<\/u><\/strong><br \/>\nul. 600-lecia i ul. Kasprowicza<\/p>\n<p><strong><u><span style=\"color: #ff0000;\">Sobota &#8211;\u00a0 06 stycznia 2018r. &#8211; od 14.00<\/span><br \/>\n<\/u><\/strong>ul. Wyszy\u0144skiego 1 \u2013 55 (nieparzyste)<\/p>\n<p><span style=\"color: #ff0000;\"><strong><u>Niedziela \u2013 07 stycznia 2018r. &#8211; od 14.00<\/u><\/strong><\/span><br \/>\nul. Wyszy\u0144skiego 2\u00a0 \u2013 50 (parzyste)<\/p>\n<p><strong><u>Poniedzia\u0142ek &#8211; 08 stycznia 2017r. &#8211; od 16.00<br \/>\n<\/u><\/strong>ul. Wyszy\u0144skiego 52 \u2013 98 (parzyste i nieparzyste)<br \/>\n<strong><u><br \/>\nWtorek \u2013 09 stycznia 2018r. &#8211; od 16.00<br \/>\n<\/u><\/strong>ul. Dzia\u0142y\u0144skich, ul. Ks. Kurzawskiego, ul. Szenica<\/p>\n<p><strong><u>\u015aroda &#8211; 10 stycznia 2018r. &#8211; od 16.00<br \/>\n<\/u><\/strong>Ludkowo 41 &#8211; 51, ul. Miele\u0144ska 17 \u2013 33, ul. Ks. K\u0119sickiego 1- 12<\/p>\n<p><strong><u>Czwartek &#8211; 11 stycznia 2018r. &#8211; od 16.00<br \/>\n<\/u><\/strong>ul. Krzy\u017canowskiego\u00a0 2a \u2013 30<br \/>\n<strong><u><br \/>\nPi\u0105tek &#8211; 12 stycznia 2018r. &#8211; od 16.00<br \/>\n<\/u><\/strong>Ludkowo Parcele 14 \u2013 1<\/p>\n<p><strong><u><span style=\"color: #008000;\">Sobota \u00a0&#8211; 13 stycznia 2018r. &#8211; od 10.00<\/span><br \/>\n<\/u><\/strong>Mielno, Zalesie Barci\u0144skie (Bor\u00f3wnia)<\/p>\n<p><strong><u><span style=\"color: #ff0000;\">Niedziela \u00a0&#8211; 14 stycznia 2018r. &#8211; od 14.00<\/span><br \/>\n<\/u><\/strong>Ludkowo Pa\u0142ac, Ludkowo Sp\u00f3\u0142dzielnia 27 \u2013 39<\/p>\n<p><u><strong>Poniedzia\u0142ek \u00a0&#8211; 15 stycznia 2018r. &#8211; od 16.00<\/strong><br \/>\n<\/u>Ludkowo \u017bwirownia 16 \u2013 23<\/p>\n<p><strong><span style=\"color: #ff0000;\">Prosimy o obecno\u015b\u0107 w domu,<\/span> o wsp\u00f3ln\u0105 modlitw\u0119 oraz o przygotowanie na stole krzy\u017ca, \u015bwiec, wody \u015bwi\u0119conej i Pisma \u015bw., a dzieci i m\u0142odzie\u017c szkoln\u0105 r\u00f3wnie\u017c zeszyt\u00f3w z religii.<br \/>\n<span style=\"color: #ff0000;\">Woda \u015bwi\u0119cona<\/span> znajduje si\u0119 w zakrystii lub mo\u017cna poprosi\u0107 kap\u0142ana o po\u015bwi\u0119cenie wody w domu.<br \/>\n<span style=\"color: #ff0000;\">Ofiary sk\u0142adane w czasie kol\u0119dy<\/span> b\u0119d\u0105 przeznaczone na remont naszego ko\u015bcio\u0142a (odwodnienie, elektryka, malowanie). Bardzo liczymy na ofiarno\u015b\u0107 naszych Parafian oraz za ka\u017cd\u0105 ofiar\u0119 z\u0142o\u017con\u0105 na ten cel wyra\u017camy z serca p\u0142yn\u0105ce: &#8222;B\u00f3g zap\u0142a\u0107&#8221;! Zapewniamy o wdzi\u0119cznej modlitwie w naszym klasztorze i ko\u015bciele. \u00a0\u00a0\u00a0\u00a0\u00a0\u00a0\u00a0\u00a0\u00a0\u00a0\u00a0\u00a0\u00a0\u00a0\u00a0\u00a0\u00a0\u00a0\u00a0\u00a0\u00a0\u00a0\u00a0\u00a0\u00a0\u00a0\u00a0\u00a0\u00a0 <\/strong><strong><br \/>\n<\/strong><\/p>\n","protected":false},"excerpt":{"rendered":"<p>Kol\u0119da dodatkowa &#8211; we wtorek 16 stycznia od godz. 16.00 &#8211; dla tych, kt\u00f3rzy nie mogli przyj\u0105\u0107 kol\u0119d\u0119 w wyznaczonym terminie. Zg\u0142oszenia przyjmujemy w biurze parafialnym lub w zakrystii. Kol\u0119d\u0119 rozpoczynamy w soboty o 10.00, w niedziele o 14.00, w pozosta\u0142e dni tygodnia o 16.00. Czwartek \u2013 28 grudnia 2017r. &#8211; od 16.00 ul. Rad\u0142owska &hellip;<\/p>\n","protected":false},"author":2,"featured_media":4220,"comment_status":"closed","ping_status":"open","sticky":false,"template":"","format":"standard","meta":{"_mi_skip_tracking":false,"_exactmetrics_sitenote_active":false,"_exactmetrics_sitenote_note":"","_exactmetrics_sitenote_category":0},"categories":[5,1],"tags":[],"yoast_head":"<!-- This site is optimized with the Yoast SEO plugin v18.1 - https:\/\/yoast.com\/wordpress\/plugins\/seo\/ -->\n<title>Dodatkowa kol\u0119da - 16 stycznia - Pako\u015b\u0107 \u2013 Kalwaria<\/title>\n<meta name=\"robots\" content=\"index, follow, max-snippet:-1, max-image-preview:large, max-video-preview:-1\" \/>\n<link rel=\"canonical\" href=\"https:\/\/pakosc-kalwaria.franciszkanie.net\/index.php\/2018\/01\/12\/koledowe-odwiedziny-duszpasterskie-naszej-parafii\/\" \/>\n<meta property=\"og:locale\" content=\"pl_PL\" \/>\n<meta property=\"og:type\" content=\"article\" \/>\n<meta property=\"og:title\" content=\"Dodatkowa kol\u0119da - 16 stycznia - Pako\u015b\u0107 \u2013 Kalwaria\" \/>\n<meta property=\"og:description\" content=\"Kol\u0119da dodatkowa &#8211; we wtorek 16 stycznia od godz. 16.00 &#8211; dla tych, kt\u00f3rzy nie mogli przyj\u0105\u0107 kol\u0119d\u0119 w wyznaczonym terminie. Zg\u0142oszenia przyjmujemy w biurze parafialnym lub w zakrystii. Kol\u0119d\u0119 rozpoczynamy w soboty o 10.00, w niedziele o 14.00, w pozosta\u0142e dni tygodnia o 16.00. Czwartek \u2013 28 grudnia 2017r. &#8211; od 16.00 ul. Rad\u0142owska &hellip;\" \/>\n<meta property=\"og:url\" content=\"https:\/\/pakosc-kalwaria.franciszkanie.net\/index.php\/2018\/01\/12\/koledowe-odwiedziny-duszpasterskie-naszej-parafii\/\" \/>\n<meta property=\"og:site_name\" content=\"Pako\u015b\u0107 \u2013 Kalwaria\" \/>\n<meta property=\"article:author\" content=\"https:\/\/www.facebook.com\/KalwariaPakosc\/\" \/>\n<meta property=\"article:published_time\" content=\"2018-01-12T06:00:08+00:00\" \/>\n<meta property=\"article:modified_time\" content=\"2018-01-16T09:20:45+00:00\" \/>\n<meta property=\"og:image\" content=\"https:\/\/pakosc-kalwaria.franciszkanie.net\/wp-content\/uploads\/2017\/12\/koleda-1.jpg\" \/>\n\t<meta property=\"og:image:width\" content=\"350\" \/>\n\t<meta property=\"og:image:height\" content=\"233\" \/>\n\t<meta property=\"og:image:type\" content=\"image\/jpeg\" \/>\n<meta name=\"twitter:card\" content=\"summary\" \/>\n<meta name=\"twitter:label1\" content=\"Napisane przez\" \/>\n\t<meta name=\"twitter:data1\" content=\"pakosc-kalwaria\" \/>\n\t<meta name=\"twitter:label2\" content=\"Szacowany czas czytania\" \/>\n\t<meta name=\"twitter:data2\" content=\"2 minuty\" \/>\n<script type=\"application\/ld+json\" class=\"yoast-schema-graph\">{\"@context\":\"https:\/\/schema.org\",\"@graph\":[{\"@type\":\"WebSite\",\"@id\":\"https:\/\/pakosc-kalwaria.franciszkanie.net\/#website\",\"url\":\"https:\/\/pakosc-kalwaria.franciszkanie.net\/\",\"name\":\"Pako\u015b\u0107 \u2013 Kalwaria\",\"description\":\"Parafia Rzymsko \u2013 Katolicka p.w. Pana Jezusa Ukrzy\u017cowanego i  Matki Bo\u017cej Bolesnej ul. Barci\u0144ska 60, 88\u2013170 Pako\u015b\u0107 \u2013 Kalwaria\",\"potentialAction\":[{\"@type\":\"SearchAction\",\"target\":{\"@type\":\"EntryPoint\",\"urlTemplate\":\"https:\/\/pakosc-kalwaria.franciszkanie.net\/?s={search_term_string}\"},\"query-input\":\"required name=search_term_string\"}],\"inLanguage\":\"pl-PL\"},{\"@type\":\"ImageObject\",\"@id\":\"https:\/\/pakosc-kalwaria.franciszkanie.net\/index.php\/2018\/01\/12\/koledowe-odwiedziny-duszpasterskie-naszej-parafii\/#primaryimage\",\"inLanguage\":\"pl-PL\",\"url\":\"https:\/\/pakosc-kalwaria.franciszkanie.net\/wp-content\/uploads\/2017\/12\/koleda-1.jpg\",\"contentUrl\":\"https:\/\/pakosc-kalwaria.franciszkanie.net\/wp-content\/uploads\/2017\/12\/koleda-1.jpg\",\"width\":350,\"height\":233},{\"@type\":\"WebPage\",\"@id\":\"https:\/\/pakosc-kalwaria.franciszkanie.net\/index.php\/2018\/01\/12\/koledowe-odwiedziny-duszpasterskie-naszej-parafii\/#webpage\",\"url\":\"https:\/\/pakosc-kalwaria.franciszkanie.net\/index.php\/2018\/01\/12\/koledowe-odwiedziny-duszpasterskie-naszej-parafii\/\",\"name\":\"Dodatkowa kol\u0119da - 16 stycznia - Pako\u015b\u0107 \u2013 Kalwaria\",\"isPartOf\":{\"@id\":\"https:\/\/pakosc-kalwaria.franciszkanie.net\/#website\"},\"primaryImageOfPage\":{\"@id\":\"https:\/\/pakosc-kalwaria.franciszkanie.net\/index.php\/2018\/01\/12\/koledowe-odwiedziny-duszpasterskie-naszej-parafii\/#primaryimage\"},\"datePublished\":\"2018-01-12T06:00:08+00:00\",\"dateModified\":\"2018-01-16T09:20:45+00:00\",\"author\":{\"@id\":\"https:\/\/pakosc-kalwaria.franciszkanie.net\/#\/schema\/person\/af10b943be0760709227d060eadcb2aa\"},\"breadcrumb\":{\"@id\":\"https:\/\/pakosc-kalwaria.franciszkanie.net\/index.php\/2018\/01\/12\/koledowe-odwiedziny-duszpasterskie-naszej-parafii\/#breadcrumb\"},\"inLanguage\":\"pl-PL\",\"potentialAction\":[{\"@type\":\"ReadAction\",\"target\":[\"https:\/\/pakosc-kalwaria.franciszkanie.net\/index.php\/2018\/01\/12\/koledowe-odwiedziny-duszpasterskie-naszej-parafii\/\"]}]},{\"@type\":\"BreadcrumbList\",\"@id\":\"https:\/\/pakosc-kalwaria.franciszkanie.net\/index.php\/2018\/01\/12\/koledowe-odwiedziny-duszpasterskie-naszej-parafii\/#breadcrumb\",\"itemListElement\":[{\"@type\":\"ListItem\",\"position\":1,\"name\":\"Strona g\u0142\u00f3wna\",\"item\":\"https:\/\/pakosc-kalwaria.franciszkanie.net\/\"},{\"@type\":\"ListItem\",\"position\":2,\"name\":\"Dodatkowa kol\u0119da &#8211; 16 stycznia\"}]},{\"@type\":\"Person\",\"@id\":\"https:\/\/pakosc-kalwaria.franciszkanie.net\/#\/schema\/person\/af10b943be0760709227d060eadcb2aa\",\"name\":\"pakosc-kalwaria\",\"image\":{\"@type\":\"ImageObject\",\"@id\":\"https:\/\/pakosc-kalwaria.franciszkanie.net\/#personlogo\",\"inLanguage\":\"pl-PL\",\"url\":\"https:\/\/secure.gravatar.com\/avatar\/e7049d338b55eac6a0027ff3218b8d02?s=96&d=mm&r=g\",\"contentUrl\":\"https:\/\/secure.gravatar.com\/avatar\/e7049d338b55eac6a0027ff3218b8d02?s=96&d=mm&r=g\",\"caption\":\"pakosc-kalwaria\"},\"sameAs\":[\"https:\/\/www.facebook.com\/KalwariaPakosc\/\"],\"url\":\"https:\/\/pakosc-kalwaria.franciszkanie.net\/index.php\/author\/pakosc-kalwaria\/\"}]}<\/script>\n<!-- \/ Yoast SEO plugin. -->","yoast_head_json":{"title":"Dodatkowa kol\u0119da - 16 stycznia - Pako\u015b\u0107 \u2013 Kalwaria","robots":{"index":"index","follow":"follow","max-snippet":"max-snippet:-1","max-image-preview":"max-image-preview:large","max-video-preview":"max-video-preview:-1"},"canonical":"https:\/\/pakosc-kalwaria.franciszkanie.net\/index.php\/2018\/01\/12\/koledowe-odwiedziny-duszpasterskie-naszej-parafii\/","og_locale":"pl_PL","og_type":"article","og_title":"Dodatkowa kol\u0119da - 16 stycznia - Pako\u015b\u0107 \u2013 Kalwaria","og_description":"Kol\u0119da dodatkowa &#8211; we wtorek 16 stycznia od godz. 16.00 &#8211; dla tych, kt\u00f3rzy nie mogli przyj\u0105\u0107 kol\u0119d\u0119 w wyznaczonym terminie. Zg\u0142oszenia przyjmujemy w biurze parafialnym lub w zakrystii. Kol\u0119d\u0119 rozpoczynamy w soboty o 10.00, w niedziele o 14.00, w pozosta\u0142e dni tygodnia o 16.00. Czwartek \u2013 28 grudnia 2017r. &#8211; od 16.00 ul. Rad\u0142owska &hellip;","og_url":"https:\/\/pakosc-kalwaria.franciszkanie.net\/index.php\/2018\/01\/12\/koledowe-odwiedziny-duszpasterskie-naszej-parafii\/","og_site_name":"Pako\u015b\u0107 \u2013 Kalwaria","article_author":"https:\/\/www.facebook.com\/KalwariaPakosc\/","article_published_time":"2018-01-12T06:00:08+00:00","article_modified_time":"2018-01-16T09:20:45+00:00","og_image":[{"width":350,"height":233,"url":"https:\/\/pakosc-kalwaria.franciszkanie.net\/wp-content\/uploads\/2017\/12\/koleda-1.jpg","type":"image\/jpeg"}],"twitter_card":"summary","twitter_misc":{"Napisane przez":"pakosc-kalwaria","Szacowany czas czytania":"2 minuty"},"schema":{"@context":"https:\/\/schema.org","@graph":[{"@type":"WebSite","@id":"https:\/\/pakosc-kalwaria.franciszkanie.net\/#website","url":"https:\/\/pakosc-kalwaria.franciszkanie.net\/","name":"Pako\u015b\u0107 \u2013 Kalwaria","description":"Parafia Rzymsko \u2013 Katolicka p.w. Pana Jezusa Ukrzy\u017cowanego i  Matki Bo\u017cej Bolesnej ul. Barci\u0144ska 60, 88\u2013170 Pako\u015b\u0107 \u2013 Kalwaria","potentialAction":[{"@type":"SearchAction","target":{"@type":"EntryPoint","urlTemplate":"https:\/\/pakosc-kalwaria.franciszkanie.net\/?s={search_term_string}"},"query-input":"required name=search_term_string"}],"inLanguage":"pl-PL"},{"@type":"ImageObject","@id":"https:\/\/pakosc-kalwaria.franciszkanie.net\/index.php\/2018\/01\/12\/koledowe-odwiedziny-duszpasterskie-naszej-parafii\/#primaryimage","inLanguage":"pl-PL","url":"https:\/\/pakosc-kalwaria.franciszkanie.net\/wp-content\/uploads\/2017\/12\/koleda-1.jpg","contentUrl":"https:\/\/pakosc-kalwaria.franciszkanie.net\/wp-content\/uploads\/2017\/12\/koleda-1.jpg","width":350,"height":233},{"@type":"WebPage","@id":"https:\/\/pakosc-kalwaria.franciszkanie.net\/index.php\/2018\/01\/12\/koledowe-odwiedziny-duszpasterskie-naszej-parafii\/#webpage","url":"https:\/\/pakosc-kalwaria.franciszkanie.net\/index.php\/2018\/01\/12\/koledowe-odwiedziny-duszpasterskie-naszej-parafii\/","name":"Dodatkowa kol\u0119da - 16 stycznia - Pako\u015b\u0107 \u2013 Kalwaria","isPartOf":{"@id":"https:\/\/pakosc-kalwaria.franciszkanie.net\/#website"},"primaryImageOfPage":{"@id":"https:\/\/pakosc-kalwaria.franciszkanie.net\/index.php\/2018\/01\/12\/koledowe-odwiedziny-duszpasterskie-naszej-parafii\/#primaryimage"},"datePublished":"2018-01-12T06:00:08+00:00","dateModified":"2018-01-16T09:20:45+00:00","author":{"@id":"https:\/\/pakosc-kalwaria.franciszkanie.net\/#\/schema\/person\/af10b943be0760709227d060eadcb2aa"},"breadcrumb":{"@id":"https:\/\/pakosc-kalwaria.franciszkanie.net\/index.php\/2018\/01\/12\/koledowe-odwiedziny-duszpasterskie-naszej-parafii\/#breadcrumb"},"inLanguage":"pl-PL","potentialAction":[{"@type":"ReadAction","target":["https:\/\/pakosc-kalwaria.franciszkanie.net\/index.php\/2018\/01\/12\/koledowe-odwiedziny-duszpasterskie-naszej-parafii\/"]}]},{"@type":"BreadcrumbList","@id":"https:\/\/pakosc-kalwaria.franciszkanie.net\/index.php\/2018\/01\/12\/koledowe-odwiedziny-duszpasterskie-naszej-parafii\/#breadcrumb","itemListElement":[{"@type":"ListItem","position":1,"name":"Strona g\u0142\u00f3wna","item":"https:\/\/pakosc-kalwaria.franciszkanie.net\/"},{"@type":"ListItem","position":2,"name":"Dodatkowa kol\u0119da &#8211; 16 stycznia"}]},{"@type":"Person","@id":"https:\/\/pakosc-kalwaria.franciszkanie.net\/#\/schema\/person\/af10b943be0760709227d060eadcb2aa","name":"pakosc-kalwaria","image":{"@type":"ImageObject","@id":"https:\/\/pakosc-kalwaria.franciszkanie.net\/#personlogo","inLanguage":"pl-PL","url":"https:\/\/secure.gravatar.com\/avatar\/e7049d338b55eac6a0027ff3218b8d02?s=96&d=mm&r=g","contentUrl":"https:\/\/secure.gravatar.com\/avatar\/e7049d338b55eac6a0027ff3218b8d02?s=96&d=mm&r=g","caption":"pakosc-kalwaria"},"sameAs":["https:\/\/www.facebook.com\/KalwariaPakosc\/"],"url":"https:\/\/pakosc-kalwaria.franciszkanie.net\/index.php\/author\/pakosc-kalwaria\/"}]}},"_links":{"self":[{"href":"https:\/\/pakosc-kalwaria.franciszkanie.net\/index.php\/wp-json\/wp\/v2\/posts\/4021"}],"collection":[{"href":"https:\/\/pakosc-kalwaria.franciszkanie.net\/index.php\/wp-json\/wp\/v2\/posts"}],"about":[{"href":"https:\/\/pakosc-kalwaria.franciszkanie.net\/index.php\/wp-json\/wp\/v2\/types\/post"}],"author":[{"embeddable":true,"href":"https:\/\/pakosc-kalwaria.franciszkanie.net\/index.php\/wp-json\/wp\/v2\/users\/2"}],"replies":[{"embeddable":true,"href":"https:\/\/pakosc-kalwaria.franciszkanie.net\/index.php\/wp-json\/wp\/v2\/comments?post=4021"}],"version-history":[{"count":12,"href":"https:\/\/pakosc-kalwaria.franciszkanie.net\/index.php\/wp-json\/wp\/v2\/posts\/4021\/revisions"}],"predecessor-version":[{"id":4343,"href":"https:\/\/pakosc-kalwaria.franciszkanie.net\/index.php\/wp-json\/wp\/v2\/posts\/4021\/revisions\/4343"}],"wp:featuredmedia":[{"embeddable":true,"href":"https:\/\/pakosc-kalwaria.franciszkanie.net\/index.php\/wp-json\/wp\/v2\/media\/4220"}],"wp:attachment":[{"href":"https:\/\/pakosc-kalwaria.franciszkanie.net\/index.php\/wp-json\/wp\/v2\/media?parent=4021"}],"wp:term":[{"taxonomy":"category","embeddable":true,"href":"https:\/\/pakosc-kalwaria.franciszkanie.net\/index.php\/wp-json\/wp\/v2\/categories?post=4021"},{"taxonomy":"post_tag","embeddable":true,"href":"https:\/\/pakosc-kalwaria.franciszkanie.net\/index.php\/wp-json\/wp\/v2\/tags?post=4021"}],"curies":[{"name":"wp","href":"https:\/\/api.w.org\/{rel}","templated":true}]}}