{"id":4244,"date":"2018-01-03T18:15:09","date_gmt":"2018-01-03T17:15:09","guid":{"rendered":"http:\/\/pakosc-kalwaria.franciszkanie.net\/?p=4244"},"modified":"2018-01-05T23:50:13","modified_gmt":"2018-01-05T22:50:13","slug":"intencje-mszalne-31-12-2017-07-01-2018","status":"publish","type":"post","link":"https:\/\/pakosc-kalwaria.franciszkanie.net\/index.php\/2018\/01\/03\/intencje-mszalne-31-12-2017-07-01-2018\/","title":{"rendered":"Intencje mszalne 31.12.2017 &#8211; 07.01.2018"},"content":{"rendered":"<p><span style=\"color: #ff0000;\"><strong><em><u>Niedziela &#8211;\u00a0 31.12.2017r. <\/u><\/em><\/strong><\/span><strong><em><span style=\"color: #ff0000;\">\u2013 \u015awi\u0119to \u015awi\u0119tej Rodziny Jezusa, Maryi i J\u00f3zefa<\/span><br \/>\n<\/em><\/strong><span style=\"color: #ff0000;\"><strong>9.00<\/strong><\/span><strong>\u00a0 \u00a0 1\/ Za + Henryka Wiertel \u2013 int. od Reni, Basi i Danki z rodzinami<br \/>\n2\/ Za + Kazimierza Kasprzaka \u2013 int. od siostry Czes\u0142awy z m\u0119\u017cem<br \/>\n<span style=\"color: #ff0000;\">11.00 1\/ Dzi\u0119kczynna za 2017r. w intencji Parafian i Dobrodziej\u00f3w oraz naszego Klasztoru i Wsp\u00f3lnoty zakonne<\/span><br \/>\n2\/ Za + Bogus\u0142awa Lewandowskiego \u2013 int. od rodziny Fedde<\/strong><\/p>\n<p><span style=\"color: #ff0000;\"><strong><em><u><br \/>\nPoniedzia\u0142ek\u00a0 &#8211;\u00a0 01.01.2018r. <\/u><\/em><\/strong><strong><em>\u2013 Uroczysto\u015b\u0107 \u015awi\u0119tej Bo\u017cej Rodzicielki \u2013 Nowy Rok<br \/>\n<\/em><\/strong><strong>9.00\u00a0 \u00a0 1\/ Za Parafian i Dobrodziej\u00f3w<br \/>\n2\/ O Bo\u017ce b\u0142ogos\u0142awie\u0144stwo i opiek\u0119 Matki Bo\u017cej Bolesnej w Nowym Roku 2018 dla naszej Parafii i Klasztoru<\/strong><\/span><strong><br \/>\n11.00 1\/ Za + Adel\u0119 Rzeszutek w 3 r. \u015bmierci<br \/>\n2\/ Za + Jadwig\u0119 Bubnowsk\u0105 (1) \u2013 gregorianka<\/strong><\/p>\n<p><span style=\"color: #0000ff;\"><strong><em><u>Wtorek\u00a0 &#8211;\u00a0 02.01.2018r. <\/u><\/em><\/strong><\/span><strong><em><span style=\"color: #0000ff;\">\u2013 wspomnienie \u015awi\u0119tych \u00a0Bazylego Wielkiego i Grzegorza z Nazjanzu, biskup\u00f3w i doktor\u00f3w Ko\u015bcio\u0142a<\/span><br \/>\n<\/em><\/strong><strong>17.00\u00a0 1\/ Za ++ rodzic\u00f3w Aniel\u0119 i Stanis\u0142awa Miotk \u2013 o rado\u015b\u0107 Nieba<br \/>\n2\/ Za + Jadwig\u0119 Bubnowsk\u0105 (2)<\/strong><\/p>\n<p><span style=\"color: #0000ff;\"><strong><em><u>\u015aroda\u2013 03.01.2018r.<\/u><\/em><\/strong><\/span><strong><em><span style=\"color: #0000ff;\"> \u2013 wspomnienie Naj\u015bwi\u0119tszego \u00a0Imienia Jezus<\/span><br \/>\n<\/em><\/strong><strong>17.00\u00a0 1\/ Za ++ rodzic\u00f3w Helen\u0119 i J\u00f3zefa Szlas, braci Edmunda, Czes\u0142awa i Henryka<br \/>\n2\/ Za + Jadwig\u0119 Bubnowsk\u0105 (3)<\/strong><\/p>\n<p><span style=\"color: #0000ff;\"><strong><em><u>Czwartek \u00a0&#8211; 04.01.2018r. <\/u><\/em><\/strong><\/span><strong><em><span style=\"color: #ff0000;\">\u2013 Pierwszy Czwartek Miesi\u0105ca<\/span><br \/>\n<\/em><\/strong><span style=\"color: #ff0000;\"><strong>17.00\u00a0 1\/<\/strong><\/span><strong><span style=\"color: #ff0000;\"> O nowe powo\u0142ania kap\u0142a\u0144skie i zakonne oraz za ministrant\u00f3w i ich Rodziny\u00a0\u00a0<\/span><br \/>\n2\/ Za + Jadwig\u0119 Bubnowsk\u0105 (4)<\/strong><\/p>\n<p><span style=\"color: #0000ff;\"><strong><em><u>Pi\u0105tek \u00a0&#8211; \u00a005.01.2018r<\/u><\/em><\/strong><strong><em>. <\/em><\/strong><\/span><strong><em><span style=\"color: #ff0000;\">\u2013 Pierwszy Pi\u0105tek Miesi\u0105ca<\/span><br \/>\n<\/em><\/strong><strong><span style=\"color: #ff0000;\">17.00 1\/ W intencjach zbiorowych do Bo\u017cego Mi\u0142osierdzia oraz za zmar\u0142ych polecanych w rocznych wypominkach<\/span><br \/>\n<\/strong><strong>2\/ <\/strong><strong>Za + Jadwig\u0119 Bubnowsk\u0105 (5)<\/strong><\/p>\n<p><span style=\"color: #ff0000;\"><strong><em><u>Sobota \u2013 06.01.2018r.<\/u><\/em><\/strong><strong><em> \u2013 Uroczysto\u015b\u0107 Objawienia Pa\u0144skiego (Trzech Kr\u00f3li) &#8211; Pierwsza Sobota Miesi\u0105ca<br \/>\n<\/em><\/strong><strong>9.00\u00a0 \u00a0 1\/ W intencji \u017bywego R\u00f3\u017ca\u0144ca<\/strong><\/span><strong><br \/>\n2\/ Za ++ Franciszk\u0119 i J\u00f3zefa D\u0105browskich oraz za ++ ich dzieci<br \/>\n<span style=\"color: #ff0000;\">11.00 1\/ W intencji Misji i Misjonarzy<\/span><br \/>\n2\/ Za + Jadwig\u0119 Bubnowsk\u0105 (6)<br \/>\n<\/strong><br \/>\n<strong><span style=\"color: #ff0000;\"><em><u>Niedziela Chrztu Pa\u0144skiego &#8211;\u00a0 07.01.2018r. <\/u><\/em><\/span><em><u><br \/>\n<\/u><\/em><\/strong><strong><span style=\"color: #ff0000;\">9.00\u00a0<\/span> \u00a0 1\/ Za + Mieczys\u0142awa Stec oraz ++ z rodzin Stec i Kapica<br \/>\n2\/ Za + Jadwig\u0119 Bubnowsk\u0105 (7)|<br \/>\n<span style=\"color: #ff0000;\">11.00<\/span> 1\/ Za ++ Antonin\u0119 i W\u0142adys\u0142awa Dajczak<br \/>\n2\/ Za + Andrzeja Tulibackiego oraz za dusze w czy\u015b\u0107cu cierpi\u0105ce<br \/>\n<\/strong><\/p>\n","protected":false},"excerpt":{"rendered":"<p>Niedziela &#8211;\u00a0 31.12.2017r. \u2013 \u015awi\u0119to \u015awi\u0119tej Rodziny Jezusa, Maryi i J\u00f3zefa 9.00\u00a0 \u00a0 1\/ Za + Henryka Wiertel \u2013 int. od Reni, Basi i Danki z rodzinami 2\/ Za + Kazimierza Kasprzaka \u2013 int. od siostry Czes\u0142awy z m\u0119\u017cem 11.00 1\/ Dzi\u0119kczynna za 2017r. w intencji Parafian i Dobrodziej\u00f3w oraz naszego Klasztoru i Wsp\u00f3lnoty zakonne &hellip;<\/p>\n","protected":false},"author":2,"featured_media":4011,"comment_status":"closed","ping_status":"open","sticky":false,"template":"","format":"standard","meta":{"_mi_skip_tracking":false,"_exactmetrics_sitenote_active":false,"_exactmetrics_sitenote_note":"","_exactmetrics_sitenote_category":0},"categories":[6],"tags":[],"yoast_head":"<!-- This site is optimized with the Yoast SEO plugin v18.1 - https:\/\/yoast.com\/wordpress\/plugins\/seo\/ -->\n<title>Intencje mszalne 31.12.2017 - 07.01.2018 - Pako\u015b\u0107 \u2013 Kalwaria<\/title>\n<meta name=\"robots\" content=\"index, follow, max-snippet:-1, max-image-preview:large, max-video-preview:-1\" \/>\n<link rel=\"canonical\" href=\"https:\/\/pakosc-kalwaria.franciszkanie.net\/index.php\/2018\/01\/03\/intencje-mszalne-31-12-2017-07-01-2018\/\" \/>\n<meta property=\"og:locale\" content=\"pl_PL\" \/>\n<meta property=\"og:type\" content=\"article\" \/>\n<meta property=\"og:title\" content=\"Intencje mszalne 31.12.2017 - 07.01.2018 - Pako\u015b\u0107 \u2013 Kalwaria\" \/>\n<meta property=\"og:description\" content=\"Niedziela &#8211;\u00a0 31.12.2017r. \u2013 \u015awi\u0119to \u015awi\u0119tej Rodziny Jezusa, Maryi i J\u00f3zefa 9.00\u00a0 \u00a0 1\/ Za + Henryka Wiertel \u2013 int. od Reni, Basi i Danki z rodzinami 2\/ Za + Kazimierza Kasprzaka \u2013 int. od siostry Czes\u0142awy z m\u0119\u017cem 11.00 1\/ Dzi\u0119kczynna za 2017r. w intencji Parafian i Dobrodziej\u00f3w oraz naszego Klasztoru i Wsp\u00f3lnoty zakonne &hellip;\" \/>\n<meta property=\"og:url\" content=\"https:\/\/pakosc-kalwaria.franciszkanie.net\/index.php\/2018\/01\/03\/intencje-mszalne-31-12-2017-07-01-2018\/\" \/>\n<meta property=\"og:site_name\" content=\"Pako\u015b\u0107 \u2013 Kalwaria\" \/>\n<meta property=\"article:author\" content=\"https:\/\/www.facebook.com\/KalwariaPakosc\/\" \/>\n<meta property=\"article:published_time\" content=\"2018-01-03T17:15:09+00:00\" \/>\n<meta property=\"article:modified_time\" content=\"2018-01-05T22:50:13+00:00\" \/>\n<meta property=\"og:image\" content=\"https:\/\/pakosc-kalwaria.franciszkanie.net\/wp-content\/uploads\/2017\/12\/Rok-2018-Intencje-mszlane.jpg\" \/>\n\t<meta property=\"og:image:width\" content=\"300\" \/>\n\t<meta property=\"og:image:height\" content=\"246\" \/>\n\t<meta property=\"og:image:type\" content=\"image\/jpeg\" \/>\n<meta name=\"twitter:card\" content=\"summary\" \/>\n<meta name=\"twitter:label1\" content=\"Napisane przez\" \/>\n\t<meta name=\"twitter:data1\" content=\"pakosc-kalwaria\" \/>\n\t<meta name=\"twitter:label2\" content=\"Szacowany czas czytania\" \/>\n\t<meta name=\"twitter:data2\" content=\"1 minuta\" \/>\n<script type=\"application\/ld+json\" class=\"yoast-schema-graph\">{\"@context\":\"https:\/\/schema.org\",\"@graph\":[{\"@type\":\"WebSite\",\"@id\":\"https:\/\/pakosc-kalwaria.franciszkanie.net\/#website\",\"url\":\"https:\/\/pakosc-kalwaria.franciszkanie.net\/\",\"name\":\"Pako\u015b\u0107 \u2013 Kalwaria\",\"description\":\"Parafia Rzymsko \u2013 Katolicka p.w. Pana Jezusa Ukrzy\u017cowanego i  Matki Bo\u017cej Bolesnej ul. Barci\u0144ska 60, 88\u2013170 Pako\u015b\u0107 \u2013 Kalwaria\",\"potentialAction\":[{\"@type\":\"SearchAction\",\"target\":{\"@type\":\"EntryPoint\",\"urlTemplate\":\"https:\/\/pakosc-kalwaria.franciszkanie.net\/?s={search_term_string}\"},\"query-input\":\"required name=search_term_string\"}],\"inLanguage\":\"pl-PL\"},{\"@type\":\"ImageObject\",\"@id\":\"https:\/\/pakosc-kalwaria.franciszkanie.net\/index.php\/2018\/01\/03\/intencje-mszalne-31-12-2017-07-01-2018\/#primaryimage\",\"inLanguage\":\"pl-PL\",\"url\":\"https:\/\/pakosc-kalwaria.franciszkanie.net\/wp-content\/uploads\/2017\/12\/Rok-2018-Intencje-mszlane.jpg\",\"contentUrl\":\"https:\/\/pakosc-kalwaria.franciszkanie.net\/wp-content\/uploads\/2017\/12\/Rok-2018-Intencje-mszlane.jpg\",\"width\":300,\"height\":246},{\"@type\":\"WebPage\",\"@id\":\"https:\/\/pakosc-kalwaria.franciszkanie.net\/index.php\/2018\/01\/03\/intencje-mszalne-31-12-2017-07-01-2018\/#webpage\",\"url\":\"https:\/\/pakosc-kalwaria.franciszkanie.net\/index.php\/2018\/01\/03\/intencje-mszalne-31-12-2017-07-01-2018\/\",\"name\":\"Intencje mszalne 31.12.2017 - 07.01.2018 - Pako\u015b\u0107 \u2013 Kalwaria\",\"isPartOf\":{\"@id\":\"https:\/\/pakosc-kalwaria.franciszkanie.net\/#website\"},\"primaryImageOfPage\":{\"@id\":\"https:\/\/pakosc-kalwaria.franciszkanie.net\/index.php\/2018\/01\/03\/intencje-mszalne-31-12-2017-07-01-2018\/#primaryimage\"},\"datePublished\":\"2018-01-03T17:15:09+00:00\",\"dateModified\":\"2018-01-05T22:50:13+00:00\",\"author\":{\"@id\":\"https:\/\/pakosc-kalwaria.franciszkanie.net\/#\/schema\/person\/af10b943be0760709227d060eadcb2aa\"},\"breadcrumb\":{\"@id\":\"https:\/\/pakosc-kalwaria.franciszkanie.net\/index.php\/2018\/01\/03\/intencje-mszalne-31-12-2017-07-01-2018\/#breadcrumb\"},\"inLanguage\":\"pl-PL\",\"potentialAction\":[{\"@type\":\"ReadAction\",\"target\":[\"https:\/\/pakosc-kalwaria.franciszkanie.net\/index.php\/2018\/01\/03\/intencje-mszalne-31-12-2017-07-01-2018\/\"]}]},{\"@type\":\"BreadcrumbList\",\"@id\":\"https:\/\/pakosc-kalwaria.franciszkanie.net\/index.php\/2018\/01\/03\/intencje-mszalne-31-12-2017-07-01-2018\/#breadcrumb\",\"itemListElement\":[{\"@type\":\"ListItem\",\"position\":1,\"name\":\"Strona g\u0142\u00f3wna\",\"item\":\"https:\/\/pakosc-kalwaria.franciszkanie.net\/\"},{\"@type\":\"ListItem\",\"position\":2,\"name\":\"Intencje mszalne 31.12.2017 &#8211; 07.01.2018\"}]},{\"@type\":\"Person\",\"@id\":\"https:\/\/pakosc-kalwaria.franciszkanie.net\/#\/schema\/person\/af10b943be0760709227d060eadcb2aa\",\"name\":\"pakosc-kalwaria\",\"image\":{\"@type\":\"ImageObject\",\"@id\":\"https:\/\/pakosc-kalwaria.franciszkanie.net\/#personlogo\",\"inLanguage\":\"pl-PL\",\"url\":\"https:\/\/secure.gravatar.com\/avatar\/e7049d338b55eac6a0027ff3218b8d02?s=96&d=mm&r=g\",\"contentUrl\":\"https:\/\/secure.gravatar.com\/avatar\/e7049d338b55eac6a0027ff3218b8d02?s=96&d=mm&r=g\",\"caption\":\"pakosc-kalwaria\"},\"sameAs\":[\"https:\/\/www.facebook.com\/KalwariaPakosc\/\"],\"url\":\"https:\/\/pakosc-kalwaria.franciszkanie.net\/index.php\/author\/pakosc-kalwaria\/\"}]}<\/script>\n<!-- \/ Yoast SEO plugin. -->","yoast_head_json":{"title":"Intencje mszalne 31.12.2017 - 07.01.2018 - Pako\u015b\u0107 \u2013 Kalwaria","robots":{"index":"index","follow":"follow","max-snippet":"max-snippet:-1","max-image-preview":"max-image-preview:large","max-video-preview":"max-video-preview:-1"},"canonical":"https:\/\/pakosc-kalwaria.franciszkanie.net\/index.php\/2018\/01\/03\/intencje-mszalne-31-12-2017-07-01-2018\/","og_locale":"pl_PL","og_type":"article","og_title":"Intencje mszalne 31.12.2017 - 07.01.2018 - Pako\u015b\u0107 \u2013 Kalwaria","og_description":"Niedziela &#8211;\u00a0 31.12.2017r. \u2013 \u015awi\u0119to \u015awi\u0119tej Rodziny Jezusa, Maryi i J\u00f3zefa 9.00\u00a0 \u00a0 1\/ Za + Henryka Wiertel \u2013 int. od Reni, Basi i Danki z rodzinami 2\/ Za + Kazimierza Kasprzaka \u2013 int. od siostry Czes\u0142awy z m\u0119\u017cem 11.00 1\/ Dzi\u0119kczynna za 2017r. w intencji Parafian i Dobrodziej\u00f3w oraz naszego Klasztoru i Wsp\u00f3lnoty zakonne &hellip;","og_url":"https:\/\/pakosc-kalwaria.franciszkanie.net\/index.php\/2018\/01\/03\/intencje-mszalne-31-12-2017-07-01-2018\/","og_site_name":"Pako\u015b\u0107 \u2013 Kalwaria","article_author":"https:\/\/www.facebook.com\/KalwariaPakosc\/","article_published_time":"2018-01-03T17:15:09+00:00","article_modified_time":"2018-01-05T22:50:13+00:00","og_image":[{"width":300,"height":246,"url":"https:\/\/pakosc-kalwaria.franciszkanie.net\/wp-content\/uploads\/2017\/12\/Rok-2018-Intencje-mszlane.jpg","type":"image\/jpeg"}],"twitter_card":"summary","twitter_misc":{"Napisane przez":"pakosc-kalwaria","Szacowany czas czytania":"1 minuta"},"schema":{"@context":"https:\/\/schema.org","@graph":[{"@type":"WebSite","@id":"https:\/\/pakosc-kalwaria.franciszkanie.net\/#website","url":"https:\/\/pakosc-kalwaria.franciszkanie.net\/","name":"Pako\u015b\u0107 \u2013 Kalwaria","description":"Parafia Rzymsko \u2013 Katolicka p.w. Pana Jezusa Ukrzy\u017cowanego i  Matki Bo\u017cej Bolesnej ul. Barci\u0144ska 60, 88\u2013170 Pako\u015b\u0107 \u2013 Kalwaria","potentialAction":[{"@type":"SearchAction","target":{"@type":"EntryPoint","urlTemplate":"https:\/\/pakosc-kalwaria.franciszkanie.net\/?s={search_term_string}"},"query-input":"required name=search_term_string"}],"inLanguage":"pl-PL"},{"@type":"ImageObject","@id":"https:\/\/pakosc-kalwaria.franciszkanie.net\/index.php\/2018\/01\/03\/intencje-mszalne-31-12-2017-07-01-2018\/#primaryimage","inLanguage":"pl-PL","url":"https:\/\/pakosc-kalwaria.franciszkanie.net\/wp-content\/uploads\/2017\/12\/Rok-2018-Intencje-mszlane.jpg","contentUrl":"https:\/\/pakosc-kalwaria.franciszkanie.net\/wp-content\/uploads\/2017\/12\/Rok-2018-Intencje-mszlane.jpg","width":300,"height":246},{"@type":"WebPage","@id":"https:\/\/pakosc-kalwaria.franciszkanie.net\/index.php\/2018\/01\/03\/intencje-mszalne-31-12-2017-07-01-2018\/#webpage","url":"https:\/\/pakosc-kalwaria.franciszkanie.net\/index.php\/2018\/01\/03\/intencje-mszalne-31-12-2017-07-01-2018\/","name":"Intencje mszalne 31.12.2017 - 07.01.2018 - Pako\u015b\u0107 \u2013 Kalwaria","isPartOf":{"@id":"https:\/\/pakosc-kalwaria.franciszkanie.net\/#website"},"primaryImageOfPage":{"@id":"https:\/\/pakosc-kalwaria.franciszkanie.net\/index.php\/2018\/01\/03\/intencje-mszalne-31-12-2017-07-01-2018\/#primaryimage"},"datePublished":"2018-01-03T17:15:09+00:00","dateModified":"2018-01-05T22:50:13+00:00","author":{"@id":"https:\/\/pakosc-kalwaria.franciszkanie.net\/#\/schema\/person\/af10b943be0760709227d060eadcb2aa"},"breadcrumb":{"@id":"https:\/\/pakosc-kalwaria.franciszkanie.net\/index.php\/2018\/01\/03\/intencje-mszalne-31-12-2017-07-01-2018\/#breadcrumb"},"inLanguage":"pl-PL","potentialAction":[{"@type":"ReadAction","target":["https:\/\/pakosc-kalwaria.franciszkanie.net\/index.php\/2018\/01\/03\/intencje-mszalne-31-12-2017-07-01-2018\/"]}]},{"@type":"BreadcrumbList","@id":"https:\/\/pakosc-kalwaria.franciszkanie.net\/index.php\/2018\/01\/03\/intencje-mszalne-31-12-2017-07-01-2018\/#breadcrumb","itemListElement":[{"@type":"ListItem","position":1,"name":"Strona g\u0142\u00f3wna","item":"https:\/\/pakosc-kalwaria.franciszkanie.net\/"},{"@type":"ListItem","position":2,"name":"Intencje mszalne 31.12.2017 &#8211; 07.01.2018"}]},{"@type":"Person","@id":"https:\/\/pakosc-kalwaria.franciszkanie.net\/#\/schema\/person\/af10b943be0760709227d060eadcb2aa","name":"pakosc-kalwaria","image":{"@type":"ImageObject","@id":"https:\/\/pakosc-kalwaria.franciszkanie.net\/#personlogo","inLanguage":"pl-PL","url":"https:\/\/secure.gravatar.com\/avatar\/e7049d338b55eac6a0027ff3218b8d02?s=96&d=mm&r=g","contentUrl":"https:\/\/secure.gravatar.com\/avatar\/e7049d338b55eac6a0027ff3218b8d02?s=96&d=mm&r=g","caption":"pakosc-kalwaria"},"sameAs":["https:\/\/www.facebook.com\/KalwariaPakosc\/"],"url":"https:\/\/pakosc-kalwaria.franciszkanie.net\/index.php\/author\/pakosc-kalwaria\/"}]}},"_links":{"self":[{"href":"https:\/\/pakosc-kalwaria.franciszkanie.net\/index.php\/wp-json\/wp\/v2\/posts\/4244"}],"collection":[{"href":"https:\/\/pakosc-kalwaria.franciszkanie.net\/index.php\/wp-json\/wp\/v2\/posts"}],"about":[{"href":"https:\/\/pakosc-kalwaria.franciszkanie.net\/index.php\/wp-json\/wp\/v2\/types\/post"}],"author":[{"embeddable":true,"href":"https:\/\/pakosc-kalwaria.franciszkanie.net\/index.php\/wp-json\/wp\/v2\/users\/2"}],"replies":[{"embeddable":true,"href":"https:\/\/pakosc-kalwaria.franciszkanie.net\/index.php\/wp-json\/wp\/v2\/comments?post=4244"}],"version-history":[{"count":4,"href":"https:\/\/pakosc-kalwaria.franciszkanie.net\/index.php\/wp-json\/wp\/v2\/posts\/4244\/revisions"}],"predecessor-version":[{"id":4273,"href":"https:\/\/pakosc-kalwaria.franciszkanie.net\/index.php\/wp-json\/wp\/v2\/posts\/4244\/revisions\/4273"}],"wp:featuredmedia":[{"embeddable":true,"href":"https:\/\/pakosc-kalwaria.franciszkanie.net\/index.php\/wp-json\/wp\/v2\/media\/4011"}],"wp:attachment":[{"href":"https:\/\/pakosc-kalwaria.franciszkanie.net\/index.php\/wp-json\/wp\/v2\/media?parent=4244"}],"wp:term":[{"taxonomy":"category","embeddable":true,"href":"https:\/\/pakosc-kalwaria.franciszkanie.net\/index.php\/wp-json\/wp\/v2\/categories?post=4244"},{"taxonomy":"post_tag","embeddable":true,"href":"https:\/\/pakosc-kalwaria.franciszkanie.net\/index.php\/wp-json\/wp\/v2\/tags?post=4244"}],"curies":[{"name":"wp","href":"https:\/\/api.w.org\/{rel}","templated":true}]}}