{"id":4249,"date":"2017-12-28T09:05:55","date_gmt":"2017-12-28T08:05:55","guid":{"rendered":"http:\/\/pakosc-kalwaria.franciszkanie.net\/?p=4249"},"modified":"2018-01-03T15:23:00","modified_gmt":"2018-01-03T14:23:00","slug":"ogloszenia-duszpasterskie-swieto-swietej-rodziny-jezusa-maryi-jozefa","status":"publish","type":"post","link":"https:\/\/pakosc-kalwaria.franciszkanie.net\/index.php\/2017\/12\/28\/ogloszenia-duszpasterskie-swieto-swietej-rodziny-jezusa-maryi-jozefa\/","title":{"rendered":"Og\u0142oszenia duszpasterskie &#8211; \u015awi\u0119to \u015awi\u0119tej Rodziny Jezusa, Maryi i J\u00f3zefa."},"content":{"rendered":"<p><span style=\"color: #ff0000;\"><strong>31.12.2017 &#8211; 07.01.2018r.<br \/>\n<\/strong><\/span><strong><span style=\"color: #ff0000;\"><em><u>Dzisiaj (31.12.)<\/u><\/em> \u2013 \u015bwi\u0119to \u015awi\u0119tej Rodziny Jezusa, Maryi i J\u00f3zefa. Msze \u015bw. o 9.00 i 11.00.<\/span><br \/>\nW czasie Mszy \u015bw. <span style=\"color: #ff0000;\">odnowienie \u015alub\u00f3w Ma\u0142\u017ce\u0144skich,<\/span> a po Mszy \u015bw. <span style=\"color: #ff0000;\">b\u0142ogos\u0142awie\u0144stwo Rodzin.<\/span> Serdecznie zapraszamy. Do nabycia obrazy MB Podg\u00f3rskiej Niepokalanej Kr\u00f3lowej Rodzin z Sanktuarium w Toruniu na Podg\u00f3rzu. Zach\u0119camy do modlitwy za Ma\u0142\u017ce\u0144stwa i Rodziny.<\/strong><\/p>\n<p><strong><span style=\"color: #ff0000;\">Po Mszy \u015bw. o 11.00 nabo\u017ce\u0144stwo na zako\u0144czenie Roku 2017r<\/span>., za kt\u00f3re mo\u017cna zyska\u0107 odpust zupe\u0142ny pod zwyk\u0142ymi warunkami.<\/strong><\/p>\n<p><strong><span style=\"color: #ff0000;\"><em><u>W poniedzia\u0142ek \u00a0(01.01.)<\/u><\/em> \u2013 uroczysto\u015b\u0107 \u015awi\u0119tej Bo\u017cej Rodzicielki Maryi i rozpocz\u0119cie Nowego Roku 2018r.<\/span> Msze \u015bw. o 9.00 i 11.00. O 9.00 Msza \u015bw. w intencji naszej Parafii i Klasztoru o Bo\u017ce b\u0142ogos\u0142awie\u0144stwo i opiek\u0119 MB Bolesnej w Nowym Roku 2018r.<\/strong><\/p>\n<p><strong><span style=\"color: #0000ff;\"><em><u>W pierwsz\u0105 \u015brod\u0119 (03.01.)<\/u><\/em> <\/span>\u2013 wspomnienie Naj\u015bwi\u0119tszego Imienia Jezus.<\/strong><br \/>\n<strong> Przed po\u0142udniem <span style=\"color: #ff0000;\">odwiedziny Chorych z Komuni\u0105 \u015bw.<\/span><\/strong><\/p>\n<p><strong><span style=\"color: #ff0000;\"><u>W tym tygodniu przypadaj\u0105 Comiesi\u0119czne Dni Odnowy Wewn\u0119trznej.<\/u><\/span> Zach\u0119camy do co miesi\u0119cznej Spowiedzi \u015bw. i Komunii \u015bw. pierwszopi\u0105tkowej. Spowied\u017a \u015bw. w te dni od 16.30.<\/strong><\/p>\n<p><span style=\"color: #ff0000;\"><strong><em><u>W pierwszy czwartek (04.01.)<\/u><\/em><\/strong><\/span><strong> \u2013 o 17.00<\/strong><strong> Msza \u015bw. o nowe powo\u0142ania kap\u0142a\u0144skie i zakonne oraz za ministrant\u00f3w i ich Rodziny. <span style=\"color: #ff0000;\">Komunia \u015bw. udzielana jest pod dwoma postaciami.<\/span><br \/>\n<span style=\"color: #ff0000;\">Od 19.00 \u2013 20.00 adoracja Naj\u015bwi\u0119tszego Sakramentu<\/span> (\u201eGodzina \u015awi\u0119ta\u201d) z okazj\u0105 do Spowiedzi \u015bw.<\/strong><\/p>\n<p><strong><span style=\"color: #ff0000;\"><em><u>W pierwszy pi\u0105tek (05.01.)<\/u><\/em><\/span> \u2013 o 17.00 Msza \u015bw. i nabo\u017ce\u0144stwo ku czci Naj\u015bwi\u0119tszego Serca Pana Jezusa.<\/strong><\/p>\n<p><strong><span style=\"color: #ff0000;\"><em><u>W pierwsz\u0105 sobot\u0119\u00a0 (06.01.)<\/u><\/em> \u2013 uroczysto\u015b\u0107 Objawienia Pa\u0144skiego (Trzech Kr\u00f3li). \u00a0<\/span><\/strong><br \/>\n<strong> Msze \u015bw. o 9.00 i 11.00. Na ka\u017cdej Mszy \u015bw. po\u015bwi\u0119cenie kredy, kadzid\u0142a i mirry.<\/strong><br \/>\n<strong> <span style=\"color: #ff0000;\">W czasie Mszy \u015bw. o 11.00 po\u015bwi\u0119cenie modlitewnik\u00f3w dzieciom klas III<\/span> przygotowuj\u0105cym si\u0119 do Pierwszej Komunii \u015bw. w naszej Parafii. Dzieci zapraszamy wraz z rodzicami.<\/strong><br \/>\n<strong> <span style=\"color: #ff0000;\">O 8.30 R\u00f3\u017caniec \u015bw. wynagradzaj\u0105cych Niepokalanemu Sercu Maryi. O 9.00 Msza \u015bw. w intencji \u017bywego R\u00f3\u017ca\u0144ca.<\/span> Po Mszy \u015bw. 15-to minutowe rozwa\u017canie tajemnic r\u00f3\u017ca\u0144cowych w ramach nabo\u017ce\u0144stwa Pierwszych Sob\u00f3t Miesi\u0105ca Serdecznie czcicieli Matki Bo\u017cej zapraszamy!<\/strong><br \/>\n<strong> W styczniu \u017bywy R\u00f3\u017caniec modli si\u0119 wed\u0142ug Zestawu nr 14.<\/strong><\/p>\n<p><strong><span style=\"color: #ff0000;\"><em><u>W przysz\u0142\u0105 niedziel\u0119 (07.01.)<\/u><\/em> \u2013 \u015awi\u0119to Chrztu Pa\u0144skiego.<\/span> Msze \u015bw. o 9.00 i 11.00 po\u0142\u0105czone z aspersj\u0105 i odnowieniem Przyrzecze\u0144 Chrztu \u015bw.<\/strong><\/p>\n<p><strong>Mo\u017cna jeszcze sk\u0142ada\u0107 <span style=\"color: #ff0000;\">Wypominki roczne za zmar\u0142ych,<\/span> za kt\u00f3rych modlimy si\u0119 w ka\u017cd\u0105 niedziel\u0119 przed Msz\u0105 \u015aw. o 9.00 \u00a0oraz w Pierwsze Pi\u0105tki Miesi\u0105ca w czasie Mszy \u015bw. o 17.00.<\/strong><\/p>\n<p><strong><span style=\"color: #ff0000;\">W pi\u0105tek 5 stycznia o 19.00 w ko\u015bciele pw. \u015bw. Bonawentury w Pako\u015bci koncert kol\u0119d w wykonaniu ELENI,<\/span> na kt\u00f3ry zapraszaj\u0105 O\u015brodek Kultury i Turystyki oraz Bracia Mniejsi Franciszkanie z Pako\u015bci. Wst\u0119p wolny.<\/strong><\/p>\n<p><span style=\"color: #ff0000;\"><strong><span style=\"color: #ff0000;\">Trwaj\u0105 w naszej Parafii<\/span><\/strong> <\/span><strong><span style=\"color: #ff0000;\">Duszpasterskie odwiedziny kol\u0119dowe. Kol\u0119d\u0119 rozpoczynamy w soboty o 10.00, w niedziele o 14.00, w pozosta\u0142e dni tygodnia o 16.00.<\/span><br \/>\nProsimy o obecno\u015b\u0107 w domu, o wsp\u00f3ln\u0105 modlitw\u0119 oraz o przygotowanie na stole krzy\u017ca, \u015bwiec, wody \u015bwi\u0119conej i Pisma \u015bw., a dzieci i m\u0142odzie\u017c szkoln\u0105 r\u00f3wnie\u017c zeszyt\u00f3w z religii.<br \/>\nWoda \u015bwi\u0119cona znajduje si\u0119 w zakrystii lub mo\u017cna poprosi\u0107 kap\u0142ana o po\u015bwi\u0119cenie wody w domu.<br \/>\nOfiary sk\u0142adane w czasie kol\u0119dy b\u0119d\u0105 przeznaczone na dalsz\u0105 renowacj\u0119 naszego kalwaryjskiego ko\u015bcio\u0142a (odwodnienie, elektryka, malowanie) oraz na przygotowanie salki parafialnej w naszych gospodarczych zabudowaniach. Liczymy na ofiarno\u015b\u0107 naszych Parafian oraz za ka\u017cd\u0105 ofiar\u0119 z\u0142o\u017con\u0105 na ten cel wyra\u017camy z serca p\u0142yn\u0105ce: &#8222;B\u00f3g zap\u0142a\u0107&#8221;!<br \/>\nPlan kol\u0119dy jest podany w gablotce i na naszej stronie internetowej.<\/strong><\/p>\n<p><strong>W Biurze parafialnym mo\u017cna zamawia\u0107 i rezerwowa\u0107 <span style=\"color: #ff0000;\">intencje mszalne na 2018r.\u00a0\u00a0\u00a0\u00a0\u00a0<\/span><\/strong><\/p>\n<p><strong>Pod ch\u00f3rem do nabycia czasopisma: \u201ePrzewodnik Katolicki\u201d oraz \u201eOla i Ja\u015b\u201d.<\/strong><\/p>\n<p><strong>Wyra\u017camy wdzi\u0119czno\u015b\u0107 za ka\u017cd\u0105 Wasz\u0105 modlitw\u0119 oraz za z\u0142o\u017cone dzisiaj ofiary.<\/strong><br \/>\n<strong> Niech b\u0142ogos\u0142awie\u0144stwo Mi\u0142osiernego Boga i nieustanna opieka Matki Bo\u017cej Bolesnej umacniaj\u0105 Wasz\u0105 mi\u0142o\u015b\u0107 w ma\u0142\u017ce\u0144stwach i w rodzinach.<\/strong><\/p>\n<p><strong>Z darem modlitwy Bracia Mniejsi Franciszkanie z Pako\u015bci &#8211; Kalwarii\u00a0 <\/strong><\/p>\n","protected":false},"excerpt":{"rendered":"<p>31.12.2017 &#8211; 07.01.2018r. Dzisiaj (31.12.) \u2013 \u015bwi\u0119to \u015awi\u0119tej Rodziny Jezusa, Maryi i J\u00f3zefa. Msze \u015bw. o 9.00 i 11.00. W czasie Mszy \u015bw. odnowienie \u015alub\u00f3w Ma\u0142\u017ce\u0144skich, a po Mszy \u015bw. b\u0142ogos\u0142awie\u0144stwo Rodzin. Serdecznie zapraszamy. Do nabycia obrazy MB Podg\u00f3rskiej Niepokalanej Kr\u00f3lowej Rodzin z Sanktuarium w Toruniu na Podg\u00f3rzu. Zach\u0119camy do modlitwy za Ma\u0142\u017ce\u0144stwa i Rodziny. &hellip;<\/p>\n","protected":false},"author":2,"featured_media":4250,"comment_status":"closed","ping_status":"open","sticky":false,"template":"","format":"standard","meta":{"_mi_skip_tracking":false,"_exactmetrics_sitenote_active":false,"_exactmetrics_sitenote_note":"","_exactmetrics_sitenote_category":0},"categories":[5],"tags":[],"yoast_head":"<!-- This site is optimized with the Yoast SEO plugin v18.1 - https:\/\/yoast.com\/wordpress\/plugins\/seo\/ -->\n<title>Og\u0142oszenia duszpasterskie - \u015awi\u0119to \u015awi\u0119tej Rodziny Jezusa, Maryi i J\u00f3zefa. - Pako\u015b\u0107 \u2013 Kalwaria<\/title>\n<meta name=\"robots\" content=\"index, follow, max-snippet:-1, max-image-preview:large, max-video-preview:-1\" \/>\n<link rel=\"canonical\" href=\"https:\/\/pakosc-kalwaria.franciszkanie.net\/index.php\/2017\/12\/28\/ogloszenia-duszpasterskie-swieto-swietej-rodziny-jezusa-maryi-jozefa\/\" \/>\n<meta property=\"og:locale\" content=\"pl_PL\" \/>\n<meta property=\"og:type\" content=\"article\" \/>\n<meta property=\"og:title\" content=\"Og\u0142oszenia duszpasterskie - \u015awi\u0119to \u015awi\u0119tej Rodziny Jezusa, Maryi i J\u00f3zefa. - Pako\u015b\u0107 \u2013 Kalwaria\" \/>\n<meta property=\"og:description\" content=\"31.12.2017 &#8211; 07.01.2018r. Dzisiaj (31.12.) \u2013 \u015bwi\u0119to \u015awi\u0119tej Rodziny Jezusa, Maryi i J\u00f3zefa. Msze \u015bw. o 9.00 i 11.00. W czasie Mszy \u015bw. odnowienie \u015alub\u00f3w Ma\u0142\u017ce\u0144skich, a po Mszy \u015bw. b\u0142ogos\u0142awie\u0144stwo Rodzin. Serdecznie zapraszamy. Do nabycia obrazy MB Podg\u00f3rskiej Niepokalanej Kr\u00f3lowej Rodzin z Sanktuarium w Toruniu na Podg\u00f3rzu. Zach\u0119camy do modlitwy za Ma\u0142\u017ce\u0144stwa i Rodziny. &hellip;\" \/>\n<meta property=\"og:url\" content=\"https:\/\/pakosc-kalwaria.franciszkanie.net\/index.php\/2017\/12\/28\/ogloszenia-duszpasterskie-swieto-swietej-rodziny-jezusa-maryi-jozefa\/\" \/>\n<meta property=\"og:site_name\" content=\"Pako\u015b\u0107 \u2013 Kalwaria\" \/>\n<meta property=\"article:author\" content=\"https:\/\/www.facebook.com\/KalwariaPakosc\/\" \/>\n<meta property=\"article:published_time\" content=\"2017-12-28T08:05:55+00:00\" \/>\n<meta property=\"article:modified_time\" content=\"2018-01-03T14:23:00+00:00\" \/>\n<meta property=\"og:image\" content=\"https:\/\/pakosc-kalwaria.franciszkanie.net\/wp-content\/uploads\/2017\/12\/Swieta-rodzina-1.jpg\" \/>\n\t<meta property=\"og:image:width\" content=\"300\" \/>\n\t<meta property=\"og:image:height\" content=\"219\" \/>\n\t<meta property=\"og:image:type\" content=\"image\/jpeg\" \/>\n<meta name=\"twitter:card\" content=\"summary\" \/>\n<meta name=\"twitter:label1\" content=\"Napisane przez\" \/>\n\t<meta name=\"twitter:data1\" content=\"pakosc-kalwaria\" \/>\n\t<meta name=\"twitter:label2\" content=\"Szacowany czas czytania\" \/>\n\t<meta name=\"twitter:data2\" content=\"3 minuty\" \/>\n<script type=\"application\/ld+json\" class=\"yoast-schema-graph\">{\"@context\":\"https:\/\/schema.org\",\"@graph\":[{\"@type\":\"WebSite\",\"@id\":\"https:\/\/pakosc-kalwaria.franciszkanie.net\/#website\",\"url\":\"https:\/\/pakosc-kalwaria.franciszkanie.net\/\",\"name\":\"Pako\u015b\u0107 \u2013 Kalwaria\",\"description\":\"Parafia Rzymsko \u2013 Katolicka p.w. Pana Jezusa Ukrzy\u017cowanego i  Matki Bo\u017cej Bolesnej ul. Barci\u0144ska 60, 88\u2013170 Pako\u015b\u0107 \u2013 Kalwaria\",\"potentialAction\":[{\"@type\":\"SearchAction\",\"target\":{\"@type\":\"EntryPoint\",\"urlTemplate\":\"https:\/\/pakosc-kalwaria.franciszkanie.net\/?s={search_term_string}\"},\"query-input\":\"required name=search_term_string\"}],\"inLanguage\":\"pl-PL\"},{\"@type\":\"ImageObject\",\"@id\":\"https:\/\/pakosc-kalwaria.franciszkanie.net\/index.php\/2017\/12\/28\/ogloszenia-duszpasterskie-swieto-swietej-rodziny-jezusa-maryi-jozefa\/#primaryimage\",\"inLanguage\":\"pl-PL\",\"url\":\"https:\/\/pakosc-kalwaria.franciszkanie.net\/wp-content\/uploads\/2017\/12\/Swieta-rodzina-1.jpg\",\"contentUrl\":\"https:\/\/pakosc-kalwaria.franciszkanie.net\/wp-content\/uploads\/2017\/12\/Swieta-rodzina-1.jpg\",\"width\":300,\"height\":219},{\"@type\":\"WebPage\",\"@id\":\"https:\/\/pakosc-kalwaria.franciszkanie.net\/index.php\/2017\/12\/28\/ogloszenia-duszpasterskie-swieto-swietej-rodziny-jezusa-maryi-jozefa\/#webpage\",\"url\":\"https:\/\/pakosc-kalwaria.franciszkanie.net\/index.php\/2017\/12\/28\/ogloszenia-duszpasterskie-swieto-swietej-rodziny-jezusa-maryi-jozefa\/\",\"name\":\"Og\u0142oszenia duszpasterskie - \u015awi\u0119to \u015awi\u0119tej Rodziny Jezusa, Maryi i J\u00f3zefa. - Pako\u015b\u0107 \u2013 Kalwaria\",\"isPartOf\":{\"@id\":\"https:\/\/pakosc-kalwaria.franciszkanie.net\/#website\"},\"primaryImageOfPage\":{\"@id\":\"https:\/\/pakosc-kalwaria.franciszkanie.net\/index.php\/2017\/12\/28\/ogloszenia-duszpasterskie-swieto-swietej-rodziny-jezusa-maryi-jozefa\/#primaryimage\"},\"datePublished\":\"2017-12-28T08:05:55+00:00\",\"dateModified\":\"2018-01-03T14:23:00+00:00\",\"author\":{\"@id\":\"https:\/\/pakosc-kalwaria.franciszkanie.net\/#\/schema\/person\/af10b943be0760709227d060eadcb2aa\"},\"breadcrumb\":{\"@id\":\"https:\/\/pakosc-kalwaria.franciszkanie.net\/index.php\/2017\/12\/28\/ogloszenia-duszpasterskie-swieto-swietej-rodziny-jezusa-maryi-jozefa\/#breadcrumb\"},\"inLanguage\":\"pl-PL\",\"potentialAction\":[{\"@type\":\"ReadAction\",\"target\":[\"https:\/\/pakosc-kalwaria.franciszkanie.net\/index.php\/2017\/12\/28\/ogloszenia-duszpasterskie-swieto-swietej-rodziny-jezusa-maryi-jozefa\/\"]}]},{\"@type\":\"BreadcrumbList\",\"@id\":\"https:\/\/pakosc-kalwaria.franciszkanie.net\/index.php\/2017\/12\/28\/ogloszenia-duszpasterskie-swieto-swietej-rodziny-jezusa-maryi-jozefa\/#breadcrumb\",\"itemListElement\":[{\"@type\":\"ListItem\",\"position\":1,\"name\":\"Strona g\u0142\u00f3wna\",\"item\":\"https:\/\/pakosc-kalwaria.franciszkanie.net\/\"},{\"@type\":\"ListItem\",\"position\":2,\"name\":\"Og\u0142oszenia duszpasterskie &#8211; \u015awi\u0119to \u015awi\u0119tej Rodziny Jezusa, Maryi i J\u00f3zefa.\"}]},{\"@type\":\"Person\",\"@id\":\"https:\/\/pakosc-kalwaria.franciszkanie.net\/#\/schema\/person\/af10b943be0760709227d060eadcb2aa\",\"name\":\"pakosc-kalwaria\",\"image\":{\"@type\":\"ImageObject\",\"@id\":\"https:\/\/pakosc-kalwaria.franciszkanie.net\/#personlogo\",\"inLanguage\":\"pl-PL\",\"url\":\"https:\/\/secure.gravatar.com\/avatar\/e7049d338b55eac6a0027ff3218b8d02?s=96&d=mm&r=g\",\"contentUrl\":\"https:\/\/secure.gravatar.com\/avatar\/e7049d338b55eac6a0027ff3218b8d02?s=96&d=mm&r=g\",\"caption\":\"pakosc-kalwaria\"},\"sameAs\":[\"https:\/\/www.facebook.com\/KalwariaPakosc\/\"],\"url\":\"https:\/\/pakosc-kalwaria.franciszkanie.net\/index.php\/author\/pakosc-kalwaria\/\"}]}<\/script>\n<!-- \/ Yoast SEO plugin. -->","yoast_head_json":{"title":"Og\u0142oszenia duszpasterskie - \u015awi\u0119to \u015awi\u0119tej Rodziny Jezusa, Maryi i J\u00f3zefa. - Pako\u015b\u0107 \u2013 Kalwaria","robots":{"index":"index","follow":"follow","max-snippet":"max-snippet:-1","max-image-preview":"max-image-preview:large","max-video-preview":"max-video-preview:-1"},"canonical":"https:\/\/pakosc-kalwaria.franciszkanie.net\/index.php\/2017\/12\/28\/ogloszenia-duszpasterskie-swieto-swietej-rodziny-jezusa-maryi-jozefa\/","og_locale":"pl_PL","og_type":"article","og_title":"Og\u0142oszenia duszpasterskie - \u015awi\u0119to \u015awi\u0119tej Rodziny Jezusa, Maryi i J\u00f3zefa. - Pako\u015b\u0107 \u2013 Kalwaria","og_description":"31.12.2017 &#8211; 07.01.2018r. Dzisiaj (31.12.) \u2013 \u015bwi\u0119to \u015awi\u0119tej Rodziny Jezusa, Maryi i J\u00f3zefa. Msze \u015bw. o 9.00 i 11.00. W czasie Mszy \u015bw. odnowienie \u015alub\u00f3w Ma\u0142\u017ce\u0144skich, a po Mszy \u015bw. b\u0142ogos\u0142awie\u0144stwo Rodzin. Serdecznie zapraszamy. Do nabycia obrazy MB Podg\u00f3rskiej Niepokalanej Kr\u00f3lowej Rodzin z Sanktuarium w Toruniu na Podg\u00f3rzu. Zach\u0119camy do modlitwy za Ma\u0142\u017ce\u0144stwa i Rodziny. &hellip;","og_url":"https:\/\/pakosc-kalwaria.franciszkanie.net\/index.php\/2017\/12\/28\/ogloszenia-duszpasterskie-swieto-swietej-rodziny-jezusa-maryi-jozefa\/","og_site_name":"Pako\u015b\u0107 \u2013 Kalwaria","article_author":"https:\/\/www.facebook.com\/KalwariaPakosc\/","article_published_time":"2017-12-28T08:05:55+00:00","article_modified_time":"2018-01-03T14:23:00+00:00","og_image":[{"width":300,"height":219,"url":"https:\/\/pakosc-kalwaria.franciszkanie.net\/wp-content\/uploads\/2017\/12\/Swieta-rodzina-1.jpg","type":"image\/jpeg"}],"twitter_card":"summary","twitter_misc":{"Napisane przez":"pakosc-kalwaria","Szacowany czas czytania":"3 minuty"},"schema":{"@context":"https:\/\/schema.org","@graph":[{"@type":"WebSite","@id":"https:\/\/pakosc-kalwaria.franciszkanie.net\/#website","url":"https:\/\/pakosc-kalwaria.franciszkanie.net\/","name":"Pako\u015b\u0107 \u2013 Kalwaria","description":"Parafia Rzymsko \u2013 Katolicka p.w. Pana Jezusa Ukrzy\u017cowanego i  Matki Bo\u017cej Bolesnej ul. Barci\u0144ska 60, 88\u2013170 Pako\u015b\u0107 \u2013 Kalwaria","potentialAction":[{"@type":"SearchAction","target":{"@type":"EntryPoint","urlTemplate":"https:\/\/pakosc-kalwaria.franciszkanie.net\/?s={search_term_string}"},"query-input":"required name=search_term_string"}],"inLanguage":"pl-PL"},{"@type":"ImageObject","@id":"https:\/\/pakosc-kalwaria.franciszkanie.net\/index.php\/2017\/12\/28\/ogloszenia-duszpasterskie-swieto-swietej-rodziny-jezusa-maryi-jozefa\/#primaryimage","inLanguage":"pl-PL","url":"https:\/\/pakosc-kalwaria.franciszkanie.net\/wp-content\/uploads\/2017\/12\/Swieta-rodzina-1.jpg","contentUrl":"https:\/\/pakosc-kalwaria.franciszkanie.net\/wp-content\/uploads\/2017\/12\/Swieta-rodzina-1.jpg","width":300,"height":219},{"@type":"WebPage","@id":"https:\/\/pakosc-kalwaria.franciszkanie.net\/index.php\/2017\/12\/28\/ogloszenia-duszpasterskie-swieto-swietej-rodziny-jezusa-maryi-jozefa\/#webpage","url":"https:\/\/pakosc-kalwaria.franciszkanie.net\/index.php\/2017\/12\/28\/ogloszenia-duszpasterskie-swieto-swietej-rodziny-jezusa-maryi-jozefa\/","name":"Og\u0142oszenia duszpasterskie - \u015awi\u0119to \u015awi\u0119tej Rodziny Jezusa, Maryi i J\u00f3zefa. - Pako\u015b\u0107 \u2013 Kalwaria","isPartOf":{"@id":"https:\/\/pakosc-kalwaria.franciszkanie.net\/#website"},"primaryImageOfPage":{"@id":"https:\/\/pakosc-kalwaria.franciszkanie.net\/index.php\/2017\/12\/28\/ogloszenia-duszpasterskie-swieto-swietej-rodziny-jezusa-maryi-jozefa\/#primaryimage"},"datePublished":"2017-12-28T08:05:55+00:00","dateModified":"2018-01-03T14:23:00+00:00","author":{"@id":"https:\/\/pakosc-kalwaria.franciszkanie.net\/#\/schema\/person\/af10b943be0760709227d060eadcb2aa"},"breadcrumb":{"@id":"https:\/\/pakosc-kalwaria.franciszkanie.net\/index.php\/2017\/12\/28\/ogloszenia-duszpasterskie-swieto-swietej-rodziny-jezusa-maryi-jozefa\/#breadcrumb"},"inLanguage":"pl-PL","potentialAction":[{"@type":"ReadAction","target":["https:\/\/pakosc-kalwaria.franciszkanie.net\/index.php\/2017\/12\/28\/ogloszenia-duszpasterskie-swieto-swietej-rodziny-jezusa-maryi-jozefa\/"]}]},{"@type":"BreadcrumbList","@id":"https:\/\/pakosc-kalwaria.franciszkanie.net\/index.php\/2017\/12\/28\/ogloszenia-duszpasterskie-swieto-swietej-rodziny-jezusa-maryi-jozefa\/#breadcrumb","itemListElement":[{"@type":"ListItem","position":1,"name":"Strona g\u0142\u00f3wna","item":"https:\/\/pakosc-kalwaria.franciszkanie.net\/"},{"@type":"ListItem","position":2,"name":"Og\u0142oszenia duszpasterskie &#8211; \u015awi\u0119to \u015awi\u0119tej Rodziny Jezusa, Maryi i J\u00f3zefa."}]},{"@type":"Person","@id":"https:\/\/pakosc-kalwaria.franciszkanie.net\/#\/schema\/person\/af10b943be0760709227d060eadcb2aa","name":"pakosc-kalwaria","image":{"@type":"ImageObject","@id":"https:\/\/pakosc-kalwaria.franciszkanie.net\/#personlogo","inLanguage":"pl-PL","url":"https:\/\/secure.gravatar.com\/avatar\/e7049d338b55eac6a0027ff3218b8d02?s=96&d=mm&r=g","contentUrl":"https:\/\/secure.gravatar.com\/avatar\/e7049d338b55eac6a0027ff3218b8d02?s=96&d=mm&r=g","caption":"pakosc-kalwaria"},"sameAs":["https:\/\/www.facebook.com\/KalwariaPakosc\/"],"url":"https:\/\/pakosc-kalwaria.franciszkanie.net\/index.php\/author\/pakosc-kalwaria\/"}]}},"_links":{"self":[{"href":"https:\/\/pakosc-kalwaria.franciszkanie.net\/index.php\/wp-json\/wp\/v2\/posts\/4249"}],"collection":[{"href":"https:\/\/pakosc-kalwaria.franciszkanie.net\/index.php\/wp-json\/wp\/v2\/posts"}],"about":[{"href":"https:\/\/pakosc-kalwaria.franciszkanie.net\/index.php\/wp-json\/wp\/v2\/types\/post"}],"author":[{"embeddable":true,"href":"https:\/\/pakosc-kalwaria.franciszkanie.net\/index.php\/wp-json\/wp\/v2\/users\/2"}],"replies":[{"embeddable":true,"href":"https:\/\/pakosc-kalwaria.franciszkanie.net\/index.php\/wp-json\/wp\/v2\/comments?post=4249"}],"version-history":[{"count":5,"href":"https:\/\/pakosc-kalwaria.franciszkanie.net\/index.php\/wp-json\/wp\/v2\/posts\/4249\/revisions"}],"predecessor-version":[{"id":4305,"href":"https:\/\/pakosc-kalwaria.franciszkanie.net\/index.php\/wp-json\/wp\/v2\/posts\/4249\/revisions\/4305"}],"wp:featuredmedia":[{"embeddable":true,"href":"https:\/\/pakosc-kalwaria.franciszkanie.net\/index.php\/wp-json\/wp\/v2\/media\/4250"}],"wp:attachment":[{"href":"https:\/\/pakosc-kalwaria.franciszkanie.net\/index.php\/wp-json\/wp\/v2\/media?parent=4249"}],"wp:term":[{"taxonomy":"category","embeddable":true,"href":"https:\/\/pakosc-kalwaria.franciszkanie.net\/index.php\/wp-json\/wp\/v2\/categories?post=4249"},{"taxonomy":"post_tag","embeddable":true,"href":"https:\/\/pakosc-kalwaria.franciszkanie.net\/index.php\/wp-json\/wp\/v2\/tags?post=4249"}],"curies":[{"name":"wp","href":"https:\/\/api.w.org\/{rel}","templated":true}]}}