{"id":4274,"date":"2018-01-02T20:00:41","date_gmt":"2018-01-02T19:00:41","guid":{"rendered":"http:\/\/pakosc-kalwaria.franciszkanie.net\/?p=4274"},"modified":"2018-01-02T20:13:45","modified_gmt":"2018-01-02T19:13:45","slug":"zyczenia-na-rok-2018","status":"publish","type":"post","link":"https:\/\/pakosc-kalwaria.franciszkanie.net\/index.php\/2018\/01\/02\/zyczenia-na-rok-2018\/","title":{"rendered":"\u017byczenia na Rok 2018"},"content":{"rendered":"<p><strong><span style=\"color: #ff0000;\">Ka\u017cdego dnia 2018 Roku b\u0105d\u017a na co dzie\u0144 cz\u0142owiekiem pe\u0142nym mi\u0142o\u015bci, dobra i pokoju. Aby tak si\u0119 sta\u0142o warto na pocz\u0105tku Nowego Roku zrobi\u0107 cztery postanowienia:<\/span><br \/>\n1\/ Codziennie b\u0119d\u0119 si\u0119 modli\u0142<\/strong> nie tylko za siebie, ale tak\u017ce za moj\u0105 rodzin\u0119 i wszystkich ludzi na \u015bwiecie.<br \/>\n<strong>2\/ Nigdy w niedziel\u0119 i \u015bwi\u0119ta nie opuszcz\u0119 Mszy \u015bw<\/strong>., dobrowolnie i z w\u0142asnej winy.<br \/>\n<strong>3\/ B\u0119d\u0119 cz\u0119sto przyst\u0119powa\u0142 do Spowiedzi \u015bw., i jak najcz\u0119\u015bciej do Komunii \u015bw<\/strong>., mo\u017ce w\u0142a\u015bnie z okazji Pierwszego Pi\u0105tku Miesi\u0105ca czy Pierwszej Soboty\u00a0 Miesi\u0105ca.<br \/>\n<strong>4\/ Ka\u017cdego dnia zrobi\u0119 co\u015b dobrego<\/strong> dla mojej rodziny i dla bli\u017anich, kt\u00f3rych spotkam. Nie musi to by\u0107 zaraz jaki\u015b wielki czyn. <strong>Niech to b\u0119dzie na pocz\u0105tku codziennie dobre s\u0142owo<\/strong> skierowane do \u017cony, do m\u0119\u017ca, do dzieci, do rodzic\u00f3w, do wsp\u00f3\u0142pracownik\u00f3w, do s\u0105siad\u00f3w\u2026 <strong>A z dobrego s\u0142owa zrodz\u0105 si\u0119 tak\u017ce dobre uczynki<\/strong>.\u00a0\u00a0\u00a0\u00a0\u00a0\u00a0\u00a0 <strong><br \/>\nGdy postaramy si\u0119 wype\u0142ni\u0107 te noworoczne postanowienia \u2013 to Rok 2018, b\u0119dzie dla nas dobrym i szcz\u0119\u015bliwym, a Maryja Bo\u017ca Rodzicielka b\u0119dzie mia\u0142a nas i nasze Rodziny w swojej szczeg\u00f3lnej opiece.<\/strong><\/p>\n<p><strong><span style=\"color: #ff0000;\">Niech spe\u0142niaj\u0105 si\u0119 tak\u017ce w Nowym Roku \u017cyczenia \u00a0wypowiedziane przed laty przez \u015bw. Jana Paw\u0142a II:<\/span> \u201eSercami waszymi niech rz\u0105dzi pok\u00f3j Chrystusowy\u2026. Pok\u00f3j bowiem jest znakiem mi\u0142o\u015bci, jest jej potwierdzeniem w \u017cyciu rodziny. Pok\u00f3j jest dobrem ludzkich serc. Jest oparciem dla codziennego trudu. Pok\u00f3j jest oparciem, jakie znajduj\u0105 w sobie wzajemnie \u017cona i m\u0105\u017c i jakie dzieci znajduj\u0105 w rodzicach, a rodzice w dzieciach\u201d.<\/strong><\/p>\n<p><strong>Tego Wam \u017cycz\u0105 zapewniaj\u0105c o codziennej modlitwie<\/strong><br \/>\n<strong> Bracia Mniejsi Franciszkanie z Pako\u015bci &#8211; Kalwarii \u00a0\u00a0\u00a0\u00a0\u00a0\u00a0\u00a0<\/strong><\/p>\n","protected":false},"excerpt":{"rendered":"<p>Ka\u017cdego dnia 2018 Roku b\u0105d\u017a na co dzie\u0144 cz\u0142owiekiem pe\u0142nym mi\u0142o\u015bci, dobra i pokoju. Aby tak si\u0119 sta\u0142o warto na pocz\u0105tku Nowego Roku zrobi\u0107 cztery postanowienia: 1\/ Codziennie b\u0119d\u0119 si\u0119 modli\u0142 nie tylko za siebie, ale tak\u017ce za moj\u0105 rodzin\u0119 i wszystkich ludzi na \u015bwiecie. 2\/ Nigdy w niedziel\u0119 i \u015bwi\u0119ta nie opuszcz\u0119 Mszy \u015bw., &hellip;<\/p>\n","protected":false},"author":2,"featured_media":4280,"comment_status":"closed","ping_status":"open","sticky":false,"template":"","format":"standard","meta":{"_mi_skip_tracking":false,"_exactmetrics_sitenote_active":false,"_exactmetrics_sitenote_note":"","_exactmetrics_sitenote_category":0},"categories":[5,1],"tags":[],"yoast_head":"<!-- This site is optimized with the Yoast SEO plugin v18.1 - https:\/\/yoast.com\/wordpress\/plugins\/seo\/ -->\n<title>\u017byczenia na Rok 2018 - Pako\u015b\u0107 \u2013 Kalwaria<\/title>\n<meta name=\"robots\" content=\"index, follow, max-snippet:-1, max-image-preview:large, max-video-preview:-1\" \/>\n<link rel=\"canonical\" href=\"https:\/\/pakosc-kalwaria.franciszkanie.net\/index.php\/2018\/01\/02\/zyczenia-na-rok-2018\/\" \/>\n<meta property=\"og:locale\" content=\"pl_PL\" \/>\n<meta property=\"og:type\" content=\"article\" \/>\n<meta property=\"og:title\" content=\"\u017byczenia na Rok 2018 - Pako\u015b\u0107 \u2013 Kalwaria\" \/>\n<meta property=\"og:description\" content=\"Ka\u017cdego dnia 2018 Roku b\u0105d\u017a na co dzie\u0144 cz\u0142owiekiem pe\u0142nym mi\u0142o\u015bci, dobra i pokoju. Aby tak si\u0119 sta\u0142o warto na pocz\u0105tku Nowego Roku zrobi\u0107 cztery postanowienia: 1\/ Codziennie b\u0119d\u0119 si\u0119 modli\u0142 nie tylko za siebie, ale tak\u017ce za moj\u0105 rodzin\u0119 i wszystkich ludzi na \u015bwiecie. 2\/ Nigdy w niedziel\u0119 i \u015bwi\u0119ta nie opuszcz\u0119 Mszy \u015bw., &hellip;\" \/>\n<meta property=\"og:url\" content=\"https:\/\/pakosc-kalwaria.franciszkanie.net\/index.php\/2018\/01\/02\/zyczenia-na-rok-2018\/\" \/>\n<meta property=\"og:site_name\" content=\"Pako\u015b\u0107 \u2013 Kalwaria\" \/>\n<meta property=\"article:author\" content=\"https:\/\/www.facebook.com\/KalwariaPakosc\/\" \/>\n<meta property=\"article:published_time\" content=\"2018-01-02T19:00:41+00:00\" \/>\n<meta property=\"article:modified_time\" content=\"2018-01-02T19:13:45+00:00\" \/>\n<meta property=\"og:image\" content=\"https:\/\/pakosc-kalwaria.franciszkanie.net\/wp-content\/uploads\/2018\/01\/294832_nowy-tlo-niebieskie-rok-2018.jpg\" \/>\n\t<meta property=\"og:image:width\" content=\"320\" \/>\n\t<meta property=\"og:image:height\" content=\"179\" \/>\n\t<meta property=\"og:image:type\" content=\"image\/jpeg\" \/>\n<meta name=\"twitter:card\" content=\"summary\" \/>\n<meta name=\"twitter:label1\" content=\"Napisane przez\" \/>\n\t<meta name=\"twitter:data1\" content=\"pakosc-kalwaria\" \/>\n\t<meta name=\"twitter:label2\" content=\"Szacowany czas czytania\" \/>\n\t<meta name=\"twitter:data2\" content=\"1 minuta\" \/>\n<script type=\"application\/ld+json\" class=\"yoast-schema-graph\">{\"@context\":\"https:\/\/schema.org\",\"@graph\":[{\"@type\":\"WebSite\",\"@id\":\"https:\/\/pakosc-kalwaria.franciszkanie.net\/#website\",\"url\":\"https:\/\/pakosc-kalwaria.franciszkanie.net\/\",\"name\":\"Pako\u015b\u0107 \u2013 Kalwaria\",\"description\":\"Parafia Rzymsko \u2013 Katolicka p.w. Pana Jezusa Ukrzy\u017cowanego i  Matki Bo\u017cej Bolesnej ul. Barci\u0144ska 60, 88\u2013170 Pako\u015b\u0107 \u2013 Kalwaria\",\"potentialAction\":[{\"@type\":\"SearchAction\",\"target\":{\"@type\":\"EntryPoint\",\"urlTemplate\":\"https:\/\/pakosc-kalwaria.franciszkanie.net\/?s={search_term_string}\"},\"query-input\":\"required name=search_term_string\"}],\"inLanguage\":\"pl-PL\"},{\"@type\":\"ImageObject\",\"@id\":\"https:\/\/pakosc-kalwaria.franciszkanie.net\/index.php\/2018\/01\/02\/zyczenia-na-rok-2018\/#primaryimage\",\"inLanguage\":\"pl-PL\",\"url\":\"https:\/\/pakosc-kalwaria.franciszkanie.net\/wp-content\/uploads\/2018\/01\/294832_nowy-tlo-niebieskie-rok-2018.jpg\",\"contentUrl\":\"https:\/\/pakosc-kalwaria.franciszkanie.net\/wp-content\/uploads\/2018\/01\/294832_nowy-tlo-niebieskie-rok-2018.jpg\",\"width\":320,\"height\":179},{\"@type\":\"WebPage\",\"@id\":\"https:\/\/pakosc-kalwaria.franciszkanie.net\/index.php\/2018\/01\/02\/zyczenia-na-rok-2018\/#webpage\",\"url\":\"https:\/\/pakosc-kalwaria.franciszkanie.net\/index.php\/2018\/01\/02\/zyczenia-na-rok-2018\/\",\"name\":\"\u017byczenia na Rok 2018 - Pako\u015b\u0107 \u2013 Kalwaria\",\"isPartOf\":{\"@id\":\"https:\/\/pakosc-kalwaria.franciszkanie.net\/#website\"},\"primaryImageOfPage\":{\"@id\":\"https:\/\/pakosc-kalwaria.franciszkanie.net\/index.php\/2018\/01\/02\/zyczenia-na-rok-2018\/#primaryimage\"},\"datePublished\":\"2018-01-02T19:00:41+00:00\",\"dateModified\":\"2018-01-02T19:13:45+00:00\",\"author\":{\"@id\":\"https:\/\/pakosc-kalwaria.franciszkanie.net\/#\/schema\/person\/af10b943be0760709227d060eadcb2aa\"},\"breadcrumb\":{\"@id\":\"https:\/\/pakosc-kalwaria.franciszkanie.net\/index.php\/2018\/01\/02\/zyczenia-na-rok-2018\/#breadcrumb\"},\"inLanguage\":\"pl-PL\",\"potentialAction\":[{\"@type\":\"ReadAction\",\"target\":[\"https:\/\/pakosc-kalwaria.franciszkanie.net\/index.php\/2018\/01\/02\/zyczenia-na-rok-2018\/\"]}]},{\"@type\":\"BreadcrumbList\",\"@id\":\"https:\/\/pakosc-kalwaria.franciszkanie.net\/index.php\/2018\/01\/02\/zyczenia-na-rok-2018\/#breadcrumb\",\"itemListElement\":[{\"@type\":\"ListItem\",\"position\":1,\"name\":\"Strona g\u0142\u00f3wna\",\"item\":\"https:\/\/pakosc-kalwaria.franciszkanie.net\/\"},{\"@type\":\"ListItem\",\"position\":2,\"name\":\"\u017byczenia na Rok 2018\"}]},{\"@type\":\"Person\",\"@id\":\"https:\/\/pakosc-kalwaria.franciszkanie.net\/#\/schema\/person\/af10b943be0760709227d060eadcb2aa\",\"name\":\"pakosc-kalwaria\",\"image\":{\"@type\":\"ImageObject\",\"@id\":\"https:\/\/pakosc-kalwaria.franciszkanie.net\/#personlogo\",\"inLanguage\":\"pl-PL\",\"url\":\"https:\/\/secure.gravatar.com\/avatar\/e7049d338b55eac6a0027ff3218b8d02?s=96&d=mm&r=g\",\"contentUrl\":\"https:\/\/secure.gravatar.com\/avatar\/e7049d338b55eac6a0027ff3218b8d02?s=96&d=mm&r=g\",\"caption\":\"pakosc-kalwaria\"},\"sameAs\":[\"https:\/\/www.facebook.com\/KalwariaPakosc\/\"],\"url\":\"https:\/\/pakosc-kalwaria.franciszkanie.net\/index.php\/author\/pakosc-kalwaria\/\"}]}<\/script>\n<!-- \/ Yoast SEO plugin. -->","yoast_head_json":{"title":"\u017byczenia na Rok 2018 - Pako\u015b\u0107 \u2013 Kalwaria","robots":{"index":"index","follow":"follow","max-snippet":"max-snippet:-1","max-image-preview":"max-image-preview:large","max-video-preview":"max-video-preview:-1"},"canonical":"https:\/\/pakosc-kalwaria.franciszkanie.net\/index.php\/2018\/01\/02\/zyczenia-na-rok-2018\/","og_locale":"pl_PL","og_type":"article","og_title":"\u017byczenia na Rok 2018 - Pako\u015b\u0107 \u2013 Kalwaria","og_description":"Ka\u017cdego dnia 2018 Roku b\u0105d\u017a na co dzie\u0144 cz\u0142owiekiem pe\u0142nym mi\u0142o\u015bci, dobra i pokoju. Aby tak si\u0119 sta\u0142o warto na pocz\u0105tku Nowego Roku zrobi\u0107 cztery postanowienia: 1\/ Codziennie b\u0119d\u0119 si\u0119 modli\u0142 nie tylko za siebie, ale tak\u017ce za moj\u0105 rodzin\u0119 i wszystkich ludzi na \u015bwiecie. 2\/ Nigdy w niedziel\u0119 i \u015bwi\u0119ta nie opuszcz\u0119 Mszy \u015bw., &hellip;","og_url":"https:\/\/pakosc-kalwaria.franciszkanie.net\/index.php\/2018\/01\/02\/zyczenia-na-rok-2018\/","og_site_name":"Pako\u015b\u0107 \u2013 Kalwaria","article_author":"https:\/\/www.facebook.com\/KalwariaPakosc\/","article_published_time":"2018-01-02T19:00:41+00:00","article_modified_time":"2018-01-02T19:13:45+00:00","og_image":[{"width":320,"height":179,"url":"https:\/\/pakosc-kalwaria.franciszkanie.net\/wp-content\/uploads\/2018\/01\/294832_nowy-tlo-niebieskie-rok-2018.jpg","type":"image\/jpeg"}],"twitter_card":"summary","twitter_misc":{"Napisane przez":"pakosc-kalwaria","Szacowany czas czytania":"1 minuta"},"schema":{"@context":"https:\/\/schema.org","@graph":[{"@type":"WebSite","@id":"https:\/\/pakosc-kalwaria.franciszkanie.net\/#website","url":"https:\/\/pakosc-kalwaria.franciszkanie.net\/","name":"Pako\u015b\u0107 \u2013 Kalwaria","description":"Parafia Rzymsko \u2013 Katolicka p.w. Pana Jezusa Ukrzy\u017cowanego i  Matki Bo\u017cej Bolesnej ul. Barci\u0144ska 60, 88\u2013170 Pako\u015b\u0107 \u2013 Kalwaria","potentialAction":[{"@type":"SearchAction","target":{"@type":"EntryPoint","urlTemplate":"https:\/\/pakosc-kalwaria.franciszkanie.net\/?s={search_term_string}"},"query-input":"required name=search_term_string"}],"inLanguage":"pl-PL"},{"@type":"ImageObject","@id":"https:\/\/pakosc-kalwaria.franciszkanie.net\/index.php\/2018\/01\/02\/zyczenia-na-rok-2018\/#primaryimage","inLanguage":"pl-PL","url":"https:\/\/pakosc-kalwaria.franciszkanie.net\/wp-content\/uploads\/2018\/01\/294832_nowy-tlo-niebieskie-rok-2018.jpg","contentUrl":"https:\/\/pakosc-kalwaria.franciszkanie.net\/wp-content\/uploads\/2018\/01\/294832_nowy-tlo-niebieskie-rok-2018.jpg","width":320,"height":179},{"@type":"WebPage","@id":"https:\/\/pakosc-kalwaria.franciszkanie.net\/index.php\/2018\/01\/02\/zyczenia-na-rok-2018\/#webpage","url":"https:\/\/pakosc-kalwaria.franciszkanie.net\/index.php\/2018\/01\/02\/zyczenia-na-rok-2018\/","name":"\u017byczenia na Rok 2018 - Pako\u015b\u0107 \u2013 Kalwaria","isPartOf":{"@id":"https:\/\/pakosc-kalwaria.franciszkanie.net\/#website"},"primaryImageOfPage":{"@id":"https:\/\/pakosc-kalwaria.franciszkanie.net\/index.php\/2018\/01\/02\/zyczenia-na-rok-2018\/#primaryimage"},"datePublished":"2018-01-02T19:00:41+00:00","dateModified":"2018-01-02T19:13:45+00:00","author":{"@id":"https:\/\/pakosc-kalwaria.franciszkanie.net\/#\/schema\/person\/af10b943be0760709227d060eadcb2aa"},"breadcrumb":{"@id":"https:\/\/pakosc-kalwaria.franciszkanie.net\/index.php\/2018\/01\/02\/zyczenia-na-rok-2018\/#breadcrumb"},"inLanguage":"pl-PL","potentialAction":[{"@type":"ReadAction","target":["https:\/\/pakosc-kalwaria.franciszkanie.net\/index.php\/2018\/01\/02\/zyczenia-na-rok-2018\/"]}]},{"@type":"BreadcrumbList","@id":"https:\/\/pakosc-kalwaria.franciszkanie.net\/index.php\/2018\/01\/02\/zyczenia-na-rok-2018\/#breadcrumb","itemListElement":[{"@type":"ListItem","position":1,"name":"Strona g\u0142\u00f3wna","item":"https:\/\/pakosc-kalwaria.franciszkanie.net\/"},{"@type":"ListItem","position":2,"name":"\u017byczenia na Rok 2018"}]},{"@type":"Person","@id":"https:\/\/pakosc-kalwaria.franciszkanie.net\/#\/schema\/person\/af10b943be0760709227d060eadcb2aa","name":"pakosc-kalwaria","image":{"@type":"ImageObject","@id":"https:\/\/pakosc-kalwaria.franciszkanie.net\/#personlogo","inLanguage":"pl-PL","url":"https:\/\/secure.gravatar.com\/avatar\/e7049d338b55eac6a0027ff3218b8d02?s=96&d=mm&r=g","contentUrl":"https:\/\/secure.gravatar.com\/avatar\/e7049d338b55eac6a0027ff3218b8d02?s=96&d=mm&r=g","caption":"pakosc-kalwaria"},"sameAs":["https:\/\/www.facebook.com\/KalwariaPakosc\/"],"url":"https:\/\/pakosc-kalwaria.franciszkanie.net\/index.php\/author\/pakosc-kalwaria\/"}]}},"_links":{"self":[{"href":"https:\/\/pakosc-kalwaria.franciszkanie.net\/index.php\/wp-json\/wp\/v2\/posts\/4274"}],"collection":[{"href":"https:\/\/pakosc-kalwaria.franciszkanie.net\/index.php\/wp-json\/wp\/v2\/posts"}],"about":[{"href":"https:\/\/pakosc-kalwaria.franciszkanie.net\/index.php\/wp-json\/wp\/v2\/types\/post"}],"author":[{"embeddable":true,"href":"https:\/\/pakosc-kalwaria.franciszkanie.net\/index.php\/wp-json\/wp\/v2\/users\/2"}],"replies":[{"embeddable":true,"href":"https:\/\/pakosc-kalwaria.franciszkanie.net\/index.php\/wp-json\/wp\/v2\/comments?post=4274"}],"version-history":[{"count":4,"href":"https:\/\/pakosc-kalwaria.franciszkanie.net\/index.php\/wp-json\/wp\/v2\/posts\/4274\/revisions"}],"predecessor-version":[{"id":4282,"href":"https:\/\/pakosc-kalwaria.franciszkanie.net\/index.php\/wp-json\/wp\/v2\/posts\/4274\/revisions\/4282"}],"wp:featuredmedia":[{"embeddable":true,"href":"https:\/\/pakosc-kalwaria.franciszkanie.net\/index.php\/wp-json\/wp\/v2\/media\/4280"}],"wp:attachment":[{"href":"https:\/\/pakosc-kalwaria.franciszkanie.net\/index.php\/wp-json\/wp\/v2\/media?parent=4274"}],"wp:term":[{"taxonomy":"category","embeddable":true,"href":"https:\/\/pakosc-kalwaria.franciszkanie.net\/index.php\/wp-json\/wp\/v2\/categories?post=4274"},{"taxonomy":"post_tag","embeddable":true,"href":"https:\/\/pakosc-kalwaria.franciszkanie.net\/index.php\/wp-json\/wp\/v2\/tags?post=4274"}],"curies":[{"name":"wp","href":"https:\/\/api.w.org\/{rel}","templated":true}]}}