{"id":4310,"date":"2018-01-05T19:43:45","date_gmt":"2018-01-05T18:43:45","guid":{"rendered":"http:\/\/pakosc-kalwaria.franciszkanie.net\/?p=4310"},"modified":"2018-01-05T19:43:45","modified_gmt":"2018-01-05T18:43:45","slug":"swietego-stanislawa-kostki","status":"publish","type":"post","link":"https:\/\/pakosc-kalwaria.franciszkanie.net\/index.php\/2018\/01\/05\/swietego-stanislawa-kostki\/","title":{"rendered":"Rok \u015awi\u0119tego Stanis\u0142awa Kostki"},"content":{"rendered":"<p><strong>W uroczysto\u015b\u0107 Objawienia Pa\u0144skiego 6 stycznia w diecezji p\u0142ockiej zainaugurowany zostanie Rok \u015awi\u0119tego Stanis\u0142awa Kostki, kt\u00f3ry jest patronem dzieci i m\u0142odzie\u017cy, a tak\u017ce Polski. Biskupi podczas 377. Zebrania Plenarnego w Lublinie po\u015bwi\u0119cili mu rok 2018 w zwi\u0105zku z 450-leciem jego \u015bmierci i 100. rocznic\u0105 odzyskania przez Polsk\u0119 niepodleg\u0142o\u015bci.<\/strong><\/p>\n<p>W ci\u0105gu ca\u0142ego roku 2018 w Ko\u015bciele p\u0142ockim odb\u0119dzie si\u0119 wiele wydarze\u0144, upami\u0119tniaj\u0105cych posta\u0107 \u015bw. Stanis\u0142awa Kostki, kt\u00f3ry \u017cy\u0142 na mazowieckiej ziemi: urodzi\u0142 si\u0119 28 pa\u017adziernika 1550 r. w Rostkowie, a ochrzczony zosta\u0142 w parafii \u015bw. Wojciecha w Przasnyszu. Zmar\u0142 15 sierpnia 1568 r. w Rzymie. Obecnie jest to g\u0142\u00f3wny patron diecezji p\u0142ockiej. Wybrany zosta\u0142 oficjalny wizerunek \u015awi\u0119tego, promowany w 2018 roku (autorstwa El\u017cbiety Hoffmann), powsta\u0142o tak\u017ce logo roku.<\/p>\n<p>Obchody ku czci \u015bw. Stanis\u0142awa Kostki zainaugurowane zostan\u0105 w diecezji p\u0142ockiej w uroczysto\u015b\u0107 Objawienia Pa\u0144skiego 6 stycznia, podczas Mszy \u015bw. ze specjalnymi nabo\u017ce\u0144stwami oraz towarzysz\u0105cymi im Orszakami Trzech Kr\u00f3li. Ponadto w ci\u0105gu ca\u0142ego roku ka\u017cdego 18 dnia miesi\u0105ca (18 wrze\u015bnia przypada wspomnienie liturgiczne \u015bw. Stanis\u0142awa Kostki) w parafiach sprawowane b\u0119d\u0105 nabo\u017ce\u0144stwa ku jego czci.<\/p>\n<p>W niedziel\u0119 14 stycznia w ko\u015bcio\u0142ach w ca\u0142ej Polsce odczytany zostanie List Pasterski Episkopatu Polski na Rok \u015awi\u0119tego Stanis\u0142awa Kostki. W kolejnych miesi\u0105cach zaplanowano m.in. peregrynacj\u0119 relikwii \u015awi\u0119tego, wyznaczono szesna\u015bcie miejsc \u015bwi\u0119tych, w kt\u00f3rych mo\u017cna otrzyma\u0107 odpust zupe\u0142ny, wystaw\u0119 tematyczn\u0105 w Muzeum Diecezjalnym, wydanie okoliczno\u015bciowego albumu, zjazd szk\u00f3\u0142 nosz\u0105cych imi\u0119 \u015bw. Stanis\u0142awa Kostki, promocj\u0119 film\u00f3w dedykowanych \u015awi\u0119temu, Odb\u0119d\u0105 si\u0119 te\u017c konkursy wiedzowe i imprezy sportowe.<\/p>\n<p>\u015aw. Stanis\u0142awowi Kostce zostan\u0105 po\u015bwi\u0119cone tak\u017ce m.in. P\u0142ockie Dni Pastoralne w kwietniu, Diecezjalne Dni M\u0142odych i Marsze dla \u017bycia i Rodziny w czerwcu, Piesza Pielgrzymka Diecezji P\u0142ockiej na Jasn\u0105 G\u00f3r\u0119 w sierpniu, Og\u00f3lnopolska Pielgrzymka Dzieci i M\u0142odzie\u017cy do Rostkowa i Przasnysza pod has\u0142em \u201eKOSTKA znaczy wi\u0119cej\u201d (s\u0105 to miejsca z nim zwi\u0105zane), sympozjum Ko\u0142a Naukowego Wy\u017cszego Seminarium Duchownego w listopadzie. Natomiast liturgiczn\u0105 uroczysto\u015b\u0107 \u015bw. Stanis\u0142awa Kostki 18 wrze\u015bnia poprzedzi specjalne Triduum.<\/p>\n<p>Centralna uroczysto\u015b\u0107 roku jubileuszowego b\u0119dzie mia\u0142a miejsce w niedziel\u0119 19 sierpnia (w pierwsz\u0105 niedziel\u0119 po 450. rocznicy \u015bmierci \u015bw. Stanis\u0142awa Kostki) z udzia\u0142em kard. Stanis\u0142awa Dziwisza z Krakowa. W dniach 25-26 wrze\u015bnia w P\u0142ocku odb\u0119dzie si\u0119 za\u015b Zebranie Plenarne Konferencji Episkopatu Polski.<\/p>\n<p>Uroczyste zako\u0144czenie Roku \u015bw. Stanis\u0142awa Kostki (w kt\u00f3rym znajdzie si\u0119 tak\u017ce wiele nawi\u0105za\u0144 do 100. rocznicy odzyskania przez Polsk\u0119 niepodleg\u0142o\u015bci) b\u0119dzie mia\u0142o miejsce w Uroczysto\u015b\u0107 Chrystusa Kr\u00f3la Wszech\u015bwiata, 25 listopada 2018 r. w parafii \u015bw. Stanis\u0142awa Kostki w Rypinie.<\/p>\n","protected":false},"excerpt":{"rendered":"<p>W uroczysto\u015b\u0107 Objawienia Pa\u0144skiego 6 stycznia w diecezji p\u0142ockiej zainaugurowany zostanie Rok \u015awi\u0119tego Stanis\u0142awa Kostki, kt\u00f3ry jest patronem dzieci i m\u0142odzie\u017cy, a tak\u017ce Polski. Biskupi podczas 377. Zebrania Plenarnego w Lublinie po\u015bwi\u0119cili mu rok 2018 w zwi\u0105zku z 450-leciem jego \u015bmierci i 100. rocznic\u0105 odzyskania przez Polsk\u0119 niepodleg\u0142o\u015bci. W ci\u0105gu ca\u0142ego roku 2018 w Ko\u015bciele &hellip;<\/p>\n","protected":false},"author":2,"featured_media":4311,"comment_status":"closed","ping_status":"open","sticky":false,"template":"","format":"standard","meta":{"_mi_skip_tracking":false,"_exactmetrics_sitenote_active":false,"_exactmetrics_sitenote_note":"","_exactmetrics_sitenote_category":0},"categories":[5,1],"tags":[],"yoast_head":"<!-- This site is optimized with the Yoast SEO plugin v18.1 - https:\/\/yoast.com\/wordpress\/plugins\/seo\/ -->\n<title>Rok \u015awi\u0119tego Stanis\u0142awa Kostki - Pako\u015b\u0107 \u2013 Kalwaria<\/title>\n<meta name=\"robots\" content=\"index, follow, max-snippet:-1, max-image-preview:large, max-video-preview:-1\" \/>\n<link rel=\"canonical\" href=\"https:\/\/pakosc-kalwaria.franciszkanie.net\/index.php\/2018\/01\/05\/swietego-stanislawa-kostki\/\" \/>\n<meta property=\"og:locale\" content=\"pl_PL\" \/>\n<meta property=\"og:type\" content=\"article\" \/>\n<meta property=\"og:title\" content=\"Rok \u015awi\u0119tego Stanis\u0142awa Kostki - Pako\u015b\u0107 \u2013 Kalwaria\" \/>\n<meta property=\"og:description\" content=\"W uroczysto\u015b\u0107 Objawienia Pa\u0144skiego 6 stycznia w diecezji p\u0142ockiej zainaugurowany zostanie Rok \u015awi\u0119tego Stanis\u0142awa Kostki, kt\u00f3ry jest patronem dzieci i m\u0142odzie\u017cy, a tak\u017ce Polski. Biskupi podczas 377. Zebrania Plenarnego w Lublinie po\u015bwi\u0119cili mu rok 2018 w zwi\u0105zku z 450-leciem jego \u015bmierci i 100. rocznic\u0105 odzyskania przez Polsk\u0119 niepodleg\u0142o\u015bci. W ci\u0105gu ca\u0142ego roku 2018 w Ko\u015bciele &hellip;\" \/>\n<meta property=\"og:url\" content=\"https:\/\/pakosc-kalwaria.franciszkanie.net\/index.php\/2018\/01\/05\/swietego-stanislawa-kostki\/\" \/>\n<meta property=\"og:site_name\" content=\"Pako\u015b\u0107 \u2013 Kalwaria\" \/>\n<meta property=\"article:author\" content=\"https:\/\/www.facebook.com\/KalwariaPakosc\/\" \/>\n<meta property=\"article:published_time\" content=\"2018-01-05T18:43:45+00:00\" \/>\n<meta property=\"og:image\" content=\"https:\/\/pakosc-kalwaria.franciszkanie.net\/wp-content\/uploads\/2018\/01\/\u015bw.-Stanislaw-Kostka.jpg\" \/>\n\t<meta property=\"og:image:width\" content=\"300\" \/>\n\t<meta property=\"og:image:height\" content=\"218\" \/>\n\t<meta property=\"og:image:type\" content=\"image\/jpeg\" \/>\n<meta name=\"twitter:card\" content=\"summary\" \/>\n<meta name=\"twitter:label1\" content=\"Napisane przez\" \/>\n\t<meta name=\"twitter:data1\" content=\"pakosc-kalwaria\" \/>\n\t<meta name=\"twitter:label2\" content=\"Szacowany czas czytania\" \/>\n\t<meta name=\"twitter:data2\" content=\"2 minuty\" \/>\n<script type=\"application\/ld+json\" class=\"yoast-schema-graph\">{\"@context\":\"https:\/\/schema.org\",\"@graph\":[{\"@type\":\"WebSite\",\"@id\":\"https:\/\/pakosc-kalwaria.franciszkanie.net\/#website\",\"url\":\"https:\/\/pakosc-kalwaria.franciszkanie.net\/\",\"name\":\"Pako\u015b\u0107 \u2013 Kalwaria\",\"description\":\"Parafia Rzymsko \u2013 Katolicka p.w. Pana Jezusa Ukrzy\u017cowanego i  Matki Bo\u017cej Bolesnej ul. Barci\u0144ska 60, 88\u2013170 Pako\u015b\u0107 \u2013 Kalwaria\",\"potentialAction\":[{\"@type\":\"SearchAction\",\"target\":{\"@type\":\"EntryPoint\",\"urlTemplate\":\"https:\/\/pakosc-kalwaria.franciszkanie.net\/?s={search_term_string}\"},\"query-input\":\"required name=search_term_string\"}],\"inLanguage\":\"pl-PL\"},{\"@type\":\"ImageObject\",\"@id\":\"https:\/\/pakosc-kalwaria.franciszkanie.net\/index.php\/2018\/01\/05\/swietego-stanislawa-kostki\/#primaryimage\",\"inLanguage\":\"pl-PL\",\"url\":\"https:\/\/pakosc-kalwaria.franciszkanie.net\/wp-content\/uploads\/2018\/01\/\u015bw.-Stanislaw-Kostka.jpg\",\"contentUrl\":\"https:\/\/pakosc-kalwaria.franciszkanie.net\/wp-content\/uploads\/2018\/01\/\u015bw.-Stanislaw-Kostka.jpg\",\"width\":300,\"height\":218},{\"@type\":\"WebPage\",\"@id\":\"https:\/\/pakosc-kalwaria.franciszkanie.net\/index.php\/2018\/01\/05\/swietego-stanislawa-kostki\/#webpage\",\"url\":\"https:\/\/pakosc-kalwaria.franciszkanie.net\/index.php\/2018\/01\/05\/swietego-stanislawa-kostki\/\",\"name\":\"Rok \u015awi\u0119tego Stanis\u0142awa Kostki - Pako\u015b\u0107 \u2013 Kalwaria\",\"isPartOf\":{\"@id\":\"https:\/\/pakosc-kalwaria.franciszkanie.net\/#website\"},\"primaryImageOfPage\":{\"@id\":\"https:\/\/pakosc-kalwaria.franciszkanie.net\/index.php\/2018\/01\/05\/swietego-stanislawa-kostki\/#primaryimage\"},\"datePublished\":\"2018-01-05T18:43:45+00:00\",\"dateModified\":\"2018-01-05T18:43:45+00:00\",\"author\":{\"@id\":\"https:\/\/pakosc-kalwaria.franciszkanie.net\/#\/schema\/person\/af10b943be0760709227d060eadcb2aa\"},\"breadcrumb\":{\"@id\":\"https:\/\/pakosc-kalwaria.franciszkanie.net\/index.php\/2018\/01\/05\/swietego-stanislawa-kostki\/#breadcrumb\"},\"inLanguage\":\"pl-PL\",\"potentialAction\":[{\"@type\":\"ReadAction\",\"target\":[\"https:\/\/pakosc-kalwaria.franciszkanie.net\/index.php\/2018\/01\/05\/swietego-stanislawa-kostki\/\"]}]},{\"@type\":\"BreadcrumbList\",\"@id\":\"https:\/\/pakosc-kalwaria.franciszkanie.net\/index.php\/2018\/01\/05\/swietego-stanislawa-kostki\/#breadcrumb\",\"itemListElement\":[{\"@type\":\"ListItem\",\"position\":1,\"name\":\"Strona g\u0142\u00f3wna\",\"item\":\"https:\/\/pakosc-kalwaria.franciszkanie.net\/\"},{\"@type\":\"ListItem\",\"position\":2,\"name\":\"Rok \u015awi\u0119tego Stanis\u0142awa Kostki\"}]},{\"@type\":\"Person\",\"@id\":\"https:\/\/pakosc-kalwaria.franciszkanie.net\/#\/schema\/person\/af10b943be0760709227d060eadcb2aa\",\"name\":\"pakosc-kalwaria\",\"image\":{\"@type\":\"ImageObject\",\"@id\":\"https:\/\/pakosc-kalwaria.franciszkanie.net\/#personlogo\",\"inLanguage\":\"pl-PL\",\"url\":\"https:\/\/secure.gravatar.com\/avatar\/e7049d338b55eac6a0027ff3218b8d02?s=96&d=mm&r=g\",\"contentUrl\":\"https:\/\/secure.gravatar.com\/avatar\/e7049d338b55eac6a0027ff3218b8d02?s=96&d=mm&r=g\",\"caption\":\"pakosc-kalwaria\"},\"sameAs\":[\"https:\/\/www.facebook.com\/KalwariaPakosc\/\"],\"url\":\"https:\/\/pakosc-kalwaria.franciszkanie.net\/index.php\/author\/pakosc-kalwaria\/\"}]}<\/script>\n<!-- \/ Yoast SEO plugin. -->","yoast_head_json":{"title":"Rok \u015awi\u0119tego Stanis\u0142awa Kostki - Pako\u015b\u0107 \u2013 Kalwaria","robots":{"index":"index","follow":"follow","max-snippet":"max-snippet:-1","max-image-preview":"max-image-preview:large","max-video-preview":"max-video-preview:-1"},"canonical":"https:\/\/pakosc-kalwaria.franciszkanie.net\/index.php\/2018\/01\/05\/swietego-stanislawa-kostki\/","og_locale":"pl_PL","og_type":"article","og_title":"Rok \u015awi\u0119tego Stanis\u0142awa Kostki - Pako\u015b\u0107 \u2013 Kalwaria","og_description":"W uroczysto\u015b\u0107 Objawienia Pa\u0144skiego 6 stycznia w diecezji p\u0142ockiej zainaugurowany zostanie Rok \u015awi\u0119tego Stanis\u0142awa Kostki, kt\u00f3ry jest patronem dzieci i m\u0142odzie\u017cy, a tak\u017ce Polski. Biskupi podczas 377. Zebrania Plenarnego w Lublinie po\u015bwi\u0119cili mu rok 2018 w zwi\u0105zku z 450-leciem jego \u015bmierci i 100. rocznic\u0105 odzyskania przez Polsk\u0119 niepodleg\u0142o\u015bci. W ci\u0105gu ca\u0142ego roku 2018 w Ko\u015bciele &hellip;","og_url":"https:\/\/pakosc-kalwaria.franciszkanie.net\/index.php\/2018\/01\/05\/swietego-stanislawa-kostki\/","og_site_name":"Pako\u015b\u0107 \u2013 Kalwaria","article_author":"https:\/\/www.facebook.com\/KalwariaPakosc\/","article_published_time":"2018-01-05T18:43:45+00:00","og_image":[{"width":300,"height":218,"url":"https:\/\/pakosc-kalwaria.franciszkanie.net\/wp-content\/uploads\/2018\/01\/\u015bw.-Stanislaw-Kostka.jpg","type":"image\/jpeg"}],"twitter_card":"summary","twitter_misc":{"Napisane przez":"pakosc-kalwaria","Szacowany czas czytania":"2 minuty"},"schema":{"@context":"https:\/\/schema.org","@graph":[{"@type":"WebSite","@id":"https:\/\/pakosc-kalwaria.franciszkanie.net\/#website","url":"https:\/\/pakosc-kalwaria.franciszkanie.net\/","name":"Pako\u015b\u0107 \u2013 Kalwaria","description":"Parafia Rzymsko \u2013 Katolicka p.w. Pana Jezusa Ukrzy\u017cowanego i  Matki Bo\u017cej Bolesnej ul. Barci\u0144ska 60, 88\u2013170 Pako\u015b\u0107 \u2013 Kalwaria","potentialAction":[{"@type":"SearchAction","target":{"@type":"EntryPoint","urlTemplate":"https:\/\/pakosc-kalwaria.franciszkanie.net\/?s={search_term_string}"},"query-input":"required name=search_term_string"}],"inLanguage":"pl-PL"},{"@type":"ImageObject","@id":"https:\/\/pakosc-kalwaria.franciszkanie.net\/index.php\/2018\/01\/05\/swietego-stanislawa-kostki\/#primaryimage","inLanguage":"pl-PL","url":"https:\/\/pakosc-kalwaria.franciszkanie.net\/wp-content\/uploads\/2018\/01\/\u015bw.-Stanislaw-Kostka.jpg","contentUrl":"https:\/\/pakosc-kalwaria.franciszkanie.net\/wp-content\/uploads\/2018\/01\/\u015bw.-Stanislaw-Kostka.jpg","width":300,"height":218},{"@type":"WebPage","@id":"https:\/\/pakosc-kalwaria.franciszkanie.net\/index.php\/2018\/01\/05\/swietego-stanislawa-kostki\/#webpage","url":"https:\/\/pakosc-kalwaria.franciszkanie.net\/index.php\/2018\/01\/05\/swietego-stanislawa-kostki\/","name":"Rok \u015awi\u0119tego Stanis\u0142awa Kostki - Pako\u015b\u0107 \u2013 Kalwaria","isPartOf":{"@id":"https:\/\/pakosc-kalwaria.franciszkanie.net\/#website"},"primaryImageOfPage":{"@id":"https:\/\/pakosc-kalwaria.franciszkanie.net\/index.php\/2018\/01\/05\/swietego-stanislawa-kostki\/#primaryimage"},"datePublished":"2018-01-05T18:43:45+00:00","dateModified":"2018-01-05T18:43:45+00:00","author":{"@id":"https:\/\/pakosc-kalwaria.franciszkanie.net\/#\/schema\/person\/af10b943be0760709227d060eadcb2aa"},"breadcrumb":{"@id":"https:\/\/pakosc-kalwaria.franciszkanie.net\/index.php\/2018\/01\/05\/swietego-stanislawa-kostki\/#breadcrumb"},"inLanguage":"pl-PL","potentialAction":[{"@type":"ReadAction","target":["https:\/\/pakosc-kalwaria.franciszkanie.net\/index.php\/2018\/01\/05\/swietego-stanislawa-kostki\/"]}]},{"@type":"BreadcrumbList","@id":"https:\/\/pakosc-kalwaria.franciszkanie.net\/index.php\/2018\/01\/05\/swietego-stanislawa-kostki\/#breadcrumb","itemListElement":[{"@type":"ListItem","position":1,"name":"Strona g\u0142\u00f3wna","item":"https:\/\/pakosc-kalwaria.franciszkanie.net\/"},{"@type":"ListItem","position":2,"name":"Rok \u015awi\u0119tego Stanis\u0142awa Kostki"}]},{"@type":"Person","@id":"https:\/\/pakosc-kalwaria.franciszkanie.net\/#\/schema\/person\/af10b943be0760709227d060eadcb2aa","name":"pakosc-kalwaria","image":{"@type":"ImageObject","@id":"https:\/\/pakosc-kalwaria.franciszkanie.net\/#personlogo","inLanguage":"pl-PL","url":"https:\/\/secure.gravatar.com\/avatar\/e7049d338b55eac6a0027ff3218b8d02?s=96&d=mm&r=g","contentUrl":"https:\/\/secure.gravatar.com\/avatar\/e7049d338b55eac6a0027ff3218b8d02?s=96&d=mm&r=g","caption":"pakosc-kalwaria"},"sameAs":["https:\/\/www.facebook.com\/KalwariaPakosc\/"],"url":"https:\/\/pakosc-kalwaria.franciszkanie.net\/index.php\/author\/pakosc-kalwaria\/"}]}},"_links":{"self":[{"href":"https:\/\/pakosc-kalwaria.franciszkanie.net\/index.php\/wp-json\/wp\/v2\/posts\/4310"}],"collection":[{"href":"https:\/\/pakosc-kalwaria.franciszkanie.net\/index.php\/wp-json\/wp\/v2\/posts"}],"about":[{"href":"https:\/\/pakosc-kalwaria.franciszkanie.net\/index.php\/wp-json\/wp\/v2\/types\/post"}],"author":[{"embeddable":true,"href":"https:\/\/pakosc-kalwaria.franciszkanie.net\/index.php\/wp-json\/wp\/v2\/users\/2"}],"replies":[{"embeddable":true,"href":"https:\/\/pakosc-kalwaria.franciszkanie.net\/index.php\/wp-json\/wp\/v2\/comments?post=4310"}],"version-history":[{"count":1,"href":"https:\/\/pakosc-kalwaria.franciszkanie.net\/index.php\/wp-json\/wp\/v2\/posts\/4310\/revisions"}],"predecessor-version":[{"id":4312,"href":"https:\/\/pakosc-kalwaria.franciszkanie.net\/index.php\/wp-json\/wp\/v2\/posts\/4310\/revisions\/4312"}],"wp:featuredmedia":[{"embeddable":true,"href":"https:\/\/pakosc-kalwaria.franciszkanie.net\/index.php\/wp-json\/wp\/v2\/media\/4311"}],"wp:attachment":[{"href":"https:\/\/pakosc-kalwaria.franciszkanie.net\/index.php\/wp-json\/wp\/v2\/media?parent=4310"}],"wp:term":[{"taxonomy":"category","embeddable":true,"href":"https:\/\/pakosc-kalwaria.franciszkanie.net\/index.php\/wp-json\/wp\/v2\/categories?post=4310"},{"taxonomy":"post_tag","embeddable":true,"href":"https:\/\/pakosc-kalwaria.franciszkanie.net\/index.php\/wp-json\/wp\/v2\/tags?post=4310"}],"curies":[{"name":"wp","href":"https:\/\/api.w.org\/{rel}","templated":true}]}}