{"id":4313,"date":"2018-01-04T08:52:28","date_gmt":"2018-01-04T07:52:28","guid":{"rendered":"http:\/\/pakosc-kalwaria.franciszkanie.net\/?p=4313"},"modified":"2018-01-06T20:00:15","modified_gmt":"2018-01-06T19:00:15","slug":"dzien-modlitwy-pomocy-misjom-6-stycznia","status":"publish","type":"post","link":"https:\/\/pakosc-kalwaria.franciszkanie.net\/index.php\/2018\/01\/04\/dzien-modlitwy-pomocy-misjom-6-stycznia\/","title":{"rendered":"Dzie\u0144 Modlitwy i Pomocy Misjom &#8211; 6 stycznia"},"content":{"rendered":"<p><strong>Komunikat Przewodnicz\u0105cego Komisji Episkopatu Polski ds. Misji<\/strong><br \/>\n<strong>Umi\u0142owani w Chrystusie Panu, Bracia i Siostry!<\/strong><\/p>\n<p>Trzej M\u0119drcy, prowadzeni przez Gwiazd\u0119 pokonali d\u0142ug\u0105 drog\u0119, by odnale\u017a\u0107 Mesjasza. Szli, kieruj\u0105c si\u0119 wewn\u0119trznym pragnieniem poznania Tego, kt\u00f3ry jest \u017ar\u00f3d\u0142em prawdy, dobra i pi\u0119kna. Rozwa\u017caj\u0105c tajemnic\u0119 Objawienia Pa\u0144skiego, prze\u017cywamy dzi\u015b Dzie\u0144 Modlitwy i Pomocy Misjom. Wraz z ca\u0142ym Ko\u015bcio\u0142em modlimy si\u0119 za ludy i narody, kt\u00f3re jeszcze nie s\u0142ysza\u0142y o Chrystusie i nie pozna\u0142y Dobrej Nowiny o zbawieniu. Serdeczn\u0105 modlitw\u0105 otaczamy r\u00f3wnie\u017c misjonarki i misjonarzy, nios\u0105cych or\u0119dzie Chrystusa a\u017c po kra\u0144ce \u015bwiata.<\/p>\n<p>W obecnym roku duszpasterskim, obchodzimy ten dzie\u0144 pod has\u0142em: \u201e\u015awiadkowie Ewangelii moc\u0105 Ducha \u015awi\u0119tego\u201d. U\u015bwiadamiamy sobie, \u017ce w sakramencie chrztu i bierzmowania Duch \u015awi\u0119ty wprowadza nas w g\u0142\u0119bi\u0119 \u017cycia z wiary, w relacj\u0119 z ka\u017cd\u0105 Osob\u0105 Tr\u00f3jcy \u015awi\u0119tej. W drodze cz\u0142owieka do Boga, Duch \u015awi\u0119ty wychodzi mu naprzeciw: o\u015bwieca go, poucza, wspiera, oczyszcza, pociesza, stawia w prawdzie, uczy modlitwy, przewodzi w wierze, uzdalnia do mi\u0142o\u015bci, prowadzi do nowego \u017cycia w Ko\u015bciele, u\u015bwi\u0119ca ka\u017cdy wysi\u0142ek cz\u0142owieka.<\/p>\n<p>Z rado\u015bci\u0105 odkrywamy znaki Jego dzia\u0142ania w \u0142onie rodz\u0105cych si\u0119 Ko\u015bcio\u0142\u00f3w na misjach. Duch \u015awi\u0119ty \u2013 jak cz\u0119sto o tym \u015bwiadcz\u0105 misjonarki i misjonarze \u2013 jest g\u0142\u00f3wnym podmiotem misji. \u201eTo On prowadzi Ko\u015bci\u00f3\u0142 na drogach misji\u201d (KKK nr 852). Jest Bogiem \u017cywym, otwieraj\u0105cym ludzkie serca na Ewangeli\u0119 i czyni\u0105cym misjonarzy skutecznymi jej g\u0142osicielami i \u015bwiadkami. Misje dokonuj\u0105 si\u0119 moc\u0105 Ducha \u015awi\u0119tego, zatem cokolwiek czyni\u0105 misjonarze \u2013 czyni\u0105 Jego moc\u0105.<\/p>\n<p>Dzisiaj te\u017c u\u015bwiadamiamy sobie, jak bardzo wsp\u00f3\u0142czesny \u015bwiat potrzebuje misjonarzy; tych, kt\u00f3rzy pos\u0142uszni wezwaniu Pana: \u201eId\u017acie i g\u0142o\u015bcie\u201d, ofiarnie oddadz\u0105 swe \u017cycie sprawie misji. Jeszcze 5 miliard\u00f3w ludzi nie zna Chrystusa i nie do\u015bwiadczy\u0142o rado\u015bci, jak\u0105 daje wiara.<\/p>\n<p>Cieszy nas, \u017ce 2032 misjonarzy i misjonarek z Polski pos\u0142uguje w 97 krajach misyjnych. S\u0105 obecni w dalekiej Afryce, Ameryce Po\u0142udniowej i \u015arodkowej, Azji, a nawet Oceanii i na zimnej Alasce. Misjonarze nie tylko g\u0142osz\u0105 Ewangeli\u0119 i formuj\u0105 wsp\u00f3lnoty wiary, ale tak\u017ce pe\u0142ni\u0105 dzie\u0142a mi\u0142o\u015bci mi\u0142osiernej. Udr\u0119czonym ub\u00f3stwem i chorobami spo\u0142eczno\u015bciom lokalnym nios\u0105 nadziej\u0119 i pociech\u0119 sw\u0105 bezinteresown\u0105 pomoc\u0105. Pomagaj\u0105 ubogim, bezdomnym, wykluczonym ze wzgl\u0119du na pochodzenie i brak wykszta\u0142cenia. Cz\u0119sto staj\u0105 wobec konflikt\u00f3w lokalnych, kt\u00f3re przeradzaj\u0105 si\u0119 w rzezie i rozboje, a nawet otwart\u0105 wojn\u0119. Udzielaj\u0105 schronienia i pomocy cierpi\u0105cym. Troszcz\u0105 si\u0119 o dzieci, ofiary wojen i nienawi\u015bci. Wszystkich wzywaj\u0105 do przebaczenia i pojednania. Nieraz ryzykuj\u0105 w\u0142asnym \u017cyciem, trwaj\u0105c w solidarno\u015bci z prze\u015bladowanymi i bezbronnymi.<\/p>\n<p>Otoczmy ich nasz\u0105 modlitw\u0105, by stali si\u0119 skutecznym narz\u0119dziem Bo\u017cego pokoju, kt\u00f3ry zwiastowali anio\u0142owie przy Narodzeniu Pa\u0144skim. Wypraszajmy \u015bwiat\u0142o i moce Ducha \u015awi\u0119tego ich przepowiadaniu Chrystusa, by jak Gwiazda Betlejemska prowadzili do Niego tych, kt\u00f3rym pos\u0142uguj\u0105.<\/p>\n<p>By s\u0142u\u017cy\u0107 innym, misjonarki i misjonarze potrzebuj\u0105 r\u00f3wnie\u017c naszego wsparcia finansowego i materialnego. Pracuj\u0105 bowiem w najubo\u017cszych krajach \u015bwiata, cz\u0119sto w\u015br\u00f3d ludzi \u017cyj\u0105cych w skrajnej n\u0119dzy. Uczynki mi\u0142osierdzia, kt\u00f3re pe\u0142ni\u0105 s\u0105 pi\u0119knym \u015bwiadectwem mi\u0142o\u015bci bli\u017aniego.<\/p>\n<p>Wszyscy mo\u017cemy pomaga\u0107 misjom, nie tylko dzisiaj, gdy zgodnie z zaleceniem Konferencji Episkopatu Polski zbierane s\u0105 w naszych parafiach ofiary na Krajowy Fundusz Misyjny. Z dzisiejszych ofiar utrzymywane jest tak\u017ce Centrum Formacji Misyjnej w Warszawie, przygotowuj\u0105ce misjonarzy do pracy na misjach. W tym roku do wyjazdu misyjnego przygotowuje si\u0119 24 osoby: 12 z nich to kap\u0142ani diecezjalni, 6 si\u00f3str zakonnych, 3 kleryk\u00f3w i 3 osoby \u015bwieckie.<\/p>\n<p>Zach\u0119cam wszystkich, by stali si\u0119, jak uczy papie\u017c Franciszek \u201euczniami\u2013misjonarzami\u201d (EG nr 120). Chorzy i starsi niech wspieraj\u0105 misyjne dzie\u0142o Ko\u015bcio\u0142a modlitwami i ofiarowaniem cierpie\u0144 w intencji misjonarzy. Dzieci niech w\u0142\u0105cz\u0105 si\u0119 w akcje Papieskiego Dzie\u0142a Misyjnego Dzieci, kt\u00f3rego \u015bwi\u0119to obchodzimy w dzisiejsz\u0105 Uroczysto\u015b\u0107 Objawienia Pa\u0144skiego. Na ca\u0142ym \u015bwiecie dzieci solidaryzuj\u0105 si\u0119 w modlitwie i kol\u0119dowaniu ze swymi r\u00f3wie\u015bnikami z Libanu i Syrii. Najm\u0142odsi, niczym Trzej Kr\u00f3lowie, pukaj\u0105 do naszych drzwi, prosz\u0105c o datek dla dzieci z kraj\u00f3w misyjnych. Prosz\u0119 r\u00f3wnie\u017c o konkretne zaanga\u017cowanie m\u0142odzie\u017cy oraz wszystkich doros\u0142ych w spraw\u0119 misji. We\u017amy udzia\u0142 w Orszaku Trzech Kr\u00f3li, organizowanym ju\u017c w kilkuset miastach i miejscowo\u015bciach naszej Ojczyzny. Jak Monarchowie nie tylko id\u017amy pok\u0142oni\u0107 si\u0119 Chrystusowi, ale i innych prowad\u017amy do Niego. B\u0105d\u017amy hojni w dzi\u0119kowaniu Bogu za rado\u015b\u0107 poznania Chrystusa.<\/p>\n<p>W imieniu wszystkich misjonarek i misjonarzy oraz tych, kt\u00f3rzy zostan\u0105 pos\u0142ani na misyjne szlaki, sk\u0142adam serdeczne podzi\u0119kowanie za Wasz\u0105 modlitw\u0119 i ofiarno\u015b\u0107, za trosk\u0119 o misje w \u015bwiecie.<\/p>\n<p>Niech Chrystus, kt\u00f3ry objawi\u0142 si\u0119 narodom poga\u0144skim, dzi\u0119ki pos\u0142udze misyjnej Ko\u015bcio\u0142a dotrze do serc i umys\u0142\u00f3w wszystkich, kt\u00f3rzy Go jeszcze nie znaj\u0105. Niech Duch \u015awi\u0119ty nape\u0142nia swym b\u0142ogos\u0142awie\u0144stwem i rado\u015bci\u0105 wszystkich Dobrodziej\u00f3w misji i obdarza Was potrzebnymi \u0142askami.<\/p>\n<p>Z serca b\u0142ogos\u0142awi\u0119 w Imi\u0119 Ojca i Syna, i Ducha \u015awi\u0119tego<\/p>\n<p><em>+ Jerzy Mazur SVD<\/em><br \/>\n<em>Przewodnicz\u0105cy Komisji Episkopatu Polski ds. Misji<\/em><\/p>\n","protected":false},"excerpt":{"rendered":"<p>Komunikat Przewodnicz\u0105cego Komisji Episkopatu Polski ds. Misji Umi\u0142owani w Chrystusie Panu, Bracia i Siostry! Trzej M\u0119drcy, prowadzeni przez Gwiazd\u0119 pokonali d\u0142ug\u0105 drog\u0119, by odnale\u017a\u0107 Mesjasza. Szli, kieruj\u0105c si\u0119 wewn\u0119trznym pragnieniem poznania Tego, kt\u00f3ry jest \u017ar\u00f3d\u0142em prawdy, dobra i pi\u0119kna. Rozwa\u017caj\u0105c tajemnic\u0119 Objawienia Pa\u0144skiego, prze\u017cywamy dzi\u015b Dzie\u0144 Modlitwy i Pomocy Misjom. Wraz z ca\u0142ym Ko\u015bcio\u0142em modlimy &hellip;<\/p>\n","protected":false},"author":2,"featured_media":4314,"comment_status":"closed","ping_status":"open","sticky":false,"template":"","format":"standard","meta":{"_mi_skip_tracking":false,"_exactmetrics_sitenote_active":false,"_exactmetrics_sitenote_note":"","_exactmetrics_sitenote_category":0},"categories":[7],"tags":[],"yoast_head":"<!-- This site is optimized with the Yoast SEO plugin v18.1 - https:\/\/yoast.com\/wordpress\/plugins\/seo\/ -->\n<title>Dzie\u0144 Modlitwy i Pomocy Misjom - 6 stycznia - Pako\u015b\u0107 \u2013 Kalwaria<\/title>\n<meta name=\"robots\" content=\"index, follow, max-snippet:-1, max-image-preview:large, max-video-preview:-1\" \/>\n<link rel=\"canonical\" href=\"https:\/\/pakosc-kalwaria.franciszkanie.net\/index.php\/2018\/01\/04\/dzien-modlitwy-pomocy-misjom-6-stycznia\/\" \/>\n<meta property=\"og:locale\" content=\"pl_PL\" \/>\n<meta property=\"og:type\" content=\"article\" \/>\n<meta property=\"og:title\" content=\"Dzie\u0144 Modlitwy i Pomocy Misjom - 6 stycznia - Pako\u015b\u0107 \u2013 Kalwaria\" \/>\n<meta property=\"og:description\" content=\"Komunikat Przewodnicz\u0105cego Komisji Episkopatu Polski ds. Misji Umi\u0142owani w Chrystusie Panu, Bracia i Siostry! Trzej M\u0119drcy, prowadzeni przez Gwiazd\u0119 pokonali d\u0142ug\u0105 drog\u0119, by odnale\u017a\u0107 Mesjasza. Szli, kieruj\u0105c si\u0119 wewn\u0119trznym pragnieniem poznania Tego, kt\u00f3ry jest \u017ar\u00f3d\u0142em prawdy, dobra i pi\u0119kna. Rozwa\u017caj\u0105c tajemnic\u0119 Objawienia Pa\u0144skiego, prze\u017cywamy dzi\u015b Dzie\u0144 Modlitwy i Pomocy Misjom. Wraz z ca\u0142ym Ko\u015bcio\u0142em modlimy &hellip;\" \/>\n<meta property=\"og:url\" content=\"https:\/\/pakosc-kalwaria.franciszkanie.net\/index.php\/2018\/01\/04\/dzien-modlitwy-pomocy-misjom-6-stycznia\/\" \/>\n<meta property=\"og:site_name\" content=\"Pako\u015b\u0107 \u2013 Kalwaria\" \/>\n<meta property=\"article:author\" content=\"https:\/\/www.facebook.com\/KalwariaPakosc\/\" \/>\n<meta property=\"article:published_time\" content=\"2018-01-04T07:52:28+00:00\" \/>\n<meta property=\"article:modified_time\" content=\"2018-01-06T19:00:15+00:00\" \/>\n<meta property=\"og:image\" content=\"https:\/\/pakosc-kalwaria.franciszkanie.net\/wp-content\/uploads\/2018\/01\/3301.png\" \/>\n\t<meta property=\"og:image:width\" content=\"250\" \/>\n\t<meta property=\"og:image:height\" content=\"218\" \/>\n\t<meta property=\"og:image:type\" content=\"image\/png\" \/>\n<meta name=\"twitter:card\" content=\"summary\" \/>\n<meta name=\"twitter:label1\" content=\"Napisane przez\" \/>\n\t<meta name=\"twitter:data1\" content=\"pakosc-kalwaria\" \/>\n\t<meta name=\"twitter:label2\" content=\"Szacowany czas czytania\" \/>\n\t<meta name=\"twitter:data2\" content=\"5 minut\" \/>\n<script type=\"application\/ld+json\" class=\"yoast-schema-graph\">{\"@context\":\"https:\/\/schema.org\",\"@graph\":[{\"@type\":\"WebSite\",\"@id\":\"https:\/\/pakosc-kalwaria.franciszkanie.net\/#website\",\"url\":\"https:\/\/pakosc-kalwaria.franciszkanie.net\/\",\"name\":\"Pako\u015b\u0107 \u2013 Kalwaria\",\"description\":\"Parafia Rzymsko \u2013 Katolicka p.w. Pana Jezusa Ukrzy\u017cowanego i  Matki Bo\u017cej Bolesnej ul. Barci\u0144ska 60, 88\u2013170 Pako\u015b\u0107 \u2013 Kalwaria\",\"potentialAction\":[{\"@type\":\"SearchAction\",\"target\":{\"@type\":\"EntryPoint\",\"urlTemplate\":\"https:\/\/pakosc-kalwaria.franciszkanie.net\/?s={search_term_string}\"},\"query-input\":\"required name=search_term_string\"}],\"inLanguage\":\"pl-PL\"},{\"@type\":\"ImageObject\",\"@id\":\"https:\/\/pakosc-kalwaria.franciszkanie.net\/index.php\/2018\/01\/04\/dzien-modlitwy-pomocy-misjom-6-stycznia\/#primaryimage\",\"inLanguage\":\"pl-PL\",\"url\":\"https:\/\/pakosc-kalwaria.franciszkanie.net\/wp-content\/uploads\/2018\/01\/3301.png\",\"contentUrl\":\"https:\/\/pakosc-kalwaria.franciszkanie.net\/wp-content\/uploads\/2018\/01\/3301.png\",\"width\":250,\"height\":218},{\"@type\":\"WebPage\",\"@id\":\"https:\/\/pakosc-kalwaria.franciszkanie.net\/index.php\/2018\/01\/04\/dzien-modlitwy-pomocy-misjom-6-stycznia\/#webpage\",\"url\":\"https:\/\/pakosc-kalwaria.franciszkanie.net\/index.php\/2018\/01\/04\/dzien-modlitwy-pomocy-misjom-6-stycznia\/\",\"name\":\"Dzie\u0144 Modlitwy i Pomocy Misjom - 6 stycznia - Pako\u015b\u0107 \u2013 Kalwaria\",\"isPartOf\":{\"@id\":\"https:\/\/pakosc-kalwaria.franciszkanie.net\/#website\"},\"primaryImageOfPage\":{\"@id\":\"https:\/\/pakosc-kalwaria.franciszkanie.net\/index.php\/2018\/01\/04\/dzien-modlitwy-pomocy-misjom-6-stycznia\/#primaryimage\"},\"datePublished\":\"2018-01-04T07:52:28+00:00\",\"dateModified\":\"2018-01-06T19:00:15+00:00\",\"author\":{\"@id\":\"https:\/\/pakosc-kalwaria.franciszkanie.net\/#\/schema\/person\/af10b943be0760709227d060eadcb2aa\"},\"breadcrumb\":{\"@id\":\"https:\/\/pakosc-kalwaria.franciszkanie.net\/index.php\/2018\/01\/04\/dzien-modlitwy-pomocy-misjom-6-stycznia\/#breadcrumb\"},\"inLanguage\":\"pl-PL\",\"potentialAction\":[{\"@type\":\"ReadAction\",\"target\":[\"https:\/\/pakosc-kalwaria.franciszkanie.net\/index.php\/2018\/01\/04\/dzien-modlitwy-pomocy-misjom-6-stycznia\/\"]}]},{\"@type\":\"BreadcrumbList\",\"@id\":\"https:\/\/pakosc-kalwaria.franciszkanie.net\/index.php\/2018\/01\/04\/dzien-modlitwy-pomocy-misjom-6-stycznia\/#breadcrumb\",\"itemListElement\":[{\"@type\":\"ListItem\",\"position\":1,\"name\":\"Strona g\u0142\u00f3wna\",\"item\":\"https:\/\/pakosc-kalwaria.franciszkanie.net\/\"},{\"@type\":\"ListItem\",\"position\":2,\"name\":\"Dzie\u0144 Modlitwy i Pomocy Misjom &#8211; 6 stycznia\"}]},{\"@type\":\"Person\",\"@id\":\"https:\/\/pakosc-kalwaria.franciszkanie.net\/#\/schema\/person\/af10b943be0760709227d060eadcb2aa\",\"name\":\"pakosc-kalwaria\",\"image\":{\"@type\":\"ImageObject\",\"@id\":\"https:\/\/pakosc-kalwaria.franciszkanie.net\/#personlogo\",\"inLanguage\":\"pl-PL\",\"url\":\"https:\/\/secure.gravatar.com\/avatar\/e7049d338b55eac6a0027ff3218b8d02?s=96&d=mm&r=g\",\"contentUrl\":\"https:\/\/secure.gravatar.com\/avatar\/e7049d338b55eac6a0027ff3218b8d02?s=96&d=mm&r=g\",\"caption\":\"pakosc-kalwaria\"},\"sameAs\":[\"https:\/\/www.facebook.com\/KalwariaPakosc\/\"],\"url\":\"https:\/\/pakosc-kalwaria.franciszkanie.net\/index.php\/author\/pakosc-kalwaria\/\"}]}<\/script>\n<!-- \/ Yoast SEO plugin. -->","yoast_head_json":{"title":"Dzie\u0144 Modlitwy i Pomocy Misjom - 6 stycznia - Pako\u015b\u0107 \u2013 Kalwaria","robots":{"index":"index","follow":"follow","max-snippet":"max-snippet:-1","max-image-preview":"max-image-preview:large","max-video-preview":"max-video-preview:-1"},"canonical":"https:\/\/pakosc-kalwaria.franciszkanie.net\/index.php\/2018\/01\/04\/dzien-modlitwy-pomocy-misjom-6-stycznia\/","og_locale":"pl_PL","og_type":"article","og_title":"Dzie\u0144 Modlitwy i Pomocy Misjom - 6 stycznia - Pako\u015b\u0107 \u2013 Kalwaria","og_description":"Komunikat Przewodnicz\u0105cego Komisji Episkopatu Polski ds. Misji Umi\u0142owani w Chrystusie Panu, Bracia i Siostry! Trzej M\u0119drcy, prowadzeni przez Gwiazd\u0119 pokonali d\u0142ug\u0105 drog\u0119, by odnale\u017a\u0107 Mesjasza. Szli, kieruj\u0105c si\u0119 wewn\u0119trznym pragnieniem poznania Tego, kt\u00f3ry jest \u017ar\u00f3d\u0142em prawdy, dobra i pi\u0119kna. Rozwa\u017caj\u0105c tajemnic\u0119 Objawienia Pa\u0144skiego, prze\u017cywamy dzi\u015b Dzie\u0144 Modlitwy i Pomocy Misjom. Wraz z ca\u0142ym Ko\u015bcio\u0142em modlimy &hellip;","og_url":"https:\/\/pakosc-kalwaria.franciszkanie.net\/index.php\/2018\/01\/04\/dzien-modlitwy-pomocy-misjom-6-stycznia\/","og_site_name":"Pako\u015b\u0107 \u2013 Kalwaria","article_author":"https:\/\/www.facebook.com\/KalwariaPakosc\/","article_published_time":"2018-01-04T07:52:28+00:00","article_modified_time":"2018-01-06T19:00:15+00:00","og_image":[{"width":250,"height":218,"url":"https:\/\/pakosc-kalwaria.franciszkanie.net\/wp-content\/uploads\/2018\/01\/3301.png","type":"image\/png"}],"twitter_card":"summary","twitter_misc":{"Napisane przez":"pakosc-kalwaria","Szacowany czas czytania":"5 minut"},"schema":{"@context":"https:\/\/schema.org","@graph":[{"@type":"WebSite","@id":"https:\/\/pakosc-kalwaria.franciszkanie.net\/#website","url":"https:\/\/pakosc-kalwaria.franciszkanie.net\/","name":"Pako\u015b\u0107 \u2013 Kalwaria","description":"Parafia Rzymsko \u2013 Katolicka p.w. Pana Jezusa Ukrzy\u017cowanego i  Matki Bo\u017cej Bolesnej ul. Barci\u0144ska 60, 88\u2013170 Pako\u015b\u0107 \u2013 Kalwaria","potentialAction":[{"@type":"SearchAction","target":{"@type":"EntryPoint","urlTemplate":"https:\/\/pakosc-kalwaria.franciszkanie.net\/?s={search_term_string}"},"query-input":"required name=search_term_string"}],"inLanguage":"pl-PL"},{"@type":"ImageObject","@id":"https:\/\/pakosc-kalwaria.franciszkanie.net\/index.php\/2018\/01\/04\/dzien-modlitwy-pomocy-misjom-6-stycznia\/#primaryimage","inLanguage":"pl-PL","url":"https:\/\/pakosc-kalwaria.franciszkanie.net\/wp-content\/uploads\/2018\/01\/3301.png","contentUrl":"https:\/\/pakosc-kalwaria.franciszkanie.net\/wp-content\/uploads\/2018\/01\/3301.png","width":250,"height":218},{"@type":"WebPage","@id":"https:\/\/pakosc-kalwaria.franciszkanie.net\/index.php\/2018\/01\/04\/dzien-modlitwy-pomocy-misjom-6-stycznia\/#webpage","url":"https:\/\/pakosc-kalwaria.franciszkanie.net\/index.php\/2018\/01\/04\/dzien-modlitwy-pomocy-misjom-6-stycznia\/","name":"Dzie\u0144 Modlitwy i Pomocy Misjom - 6 stycznia - Pako\u015b\u0107 \u2013 Kalwaria","isPartOf":{"@id":"https:\/\/pakosc-kalwaria.franciszkanie.net\/#website"},"primaryImageOfPage":{"@id":"https:\/\/pakosc-kalwaria.franciszkanie.net\/index.php\/2018\/01\/04\/dzien-modlitwy-pomocy-misjom-6-stycznia\/#primaryimage"},"datePublished":"2018-01-04T07:52:28+00:00","dateModified":"2018-01-06T19:00:15+00:00","author":{"@id":"https:\/\/pakosc-kalwaria.franciszkanie.net\/#\/schema\/person\/af10b943be0760709227d060eadcb2aa"},"breadcrumb":{"@id":"https:\/\/pakosc-kalwaria.franciszkanie.net\/index.php\/2018\/01\/04\/dzien-modlitwy-pomocy-misjom-6-stycznia\/#breadcrumb"},"inLanguage":"pl-PL","potentialAction":[{"@type":"ReadAction","target":["https:\/\/pakosc-kalwaria.franciszkanie.net\/index.php\/2018\/01\/04\/dzien-modlitwy-pomocy-misjom-6-stycznia\/"]}]},{"@type":"BreadcrumbList","@id":"https:\/\/pakosc-kalwaria.franciszkanie.net\/index.php\/2018\/01\/04\/dzien-modlitwy-pomocy-misjom-6-stycznia\/#breadcrumb","itemListElement":[{"@type":"ListItem","position":1,"name":"Strona g\u0142\u00f3wna","item":"https:\/\/pakosc-kalwaria.franciszkanie.net\/"},{"@type":"ListItem","position":2,"name":"Dzie\u0144 Modlitwy i Pomocy Misjom &#8211; 6 stycznia"}]},{"@type":"Person","@id":"https:\/\/pakosc-kalwaria.franciszkanie.net\/#\/schema\/person\/af10b943be0760709227d060eadcb2aa","name":"pakosc-kalwaria","image":{"@type":"ImageObject","@id":"https:\/\/pakosc-kalwaria.franciszkanie.net\/#personlogo","inLanguage":"pl-PL","url":"https:\/\/secure.gravatar.com\/avatar\/e7049d338b55eac6a0027ff3218b8d02?s=96&d=mm&r=g","contentUrl":"https:\/\/secure.gravatar.com\/avatar\/e7049d338b55eac6a0027ff3218b8d02?s=96&d=mm&r=g","caption":"pakosc-kalwaria"},"sameAs":["https:\/\/www.facebook.com\/KalwariaPakosc\/"],"url":"https:\/\/pakosc-kalwaria.franciszkanie.net\/index.php\/author\/pakosc-kalwaria\/"}]}},"_links":{"self":[{"href":"https:\/\/pakosc-kalwaria.franciszkanie.net\/index.php\/wp-json\/wp\/v2\/posts\/4313"}],"collection":[{"href":"https:\/\/pakosc-kalwaria.franciszkanie.net\/index.php\/wp-json\/wp\/v2\/posts"}],"about":[{"href":"https:\/\/pakosc-kalwaria.franciszkanie.net\/index.php\/wp-json\/wp\/v2\/types\/post"}],"author":[{"embeddable":true,"href":"https:\/\/pakosc-kalwaria.franciszkanie.net\/index.php\/wp-json\/wp\/v2\/users\/2"}],"replies":[{"embeddable":true,"href":"https:\/\/pakosc-kalwaria.franciszkanie.net\/index.php\/wp-json\/wp\/v2\/comments?post=4313"}],"version-history":[{"count":1,"href":"https:\/\/pakosc-kalwaria.franciszkanie.net\/index.php\/wp-json\/wp\/v2\/posts\/4313\/revisions"}],"predecessor-version":[{"id":4315,"href":"https:\/\/pakosc-kalwaria.franciszkanie.net\/index.php\/wp-json\/wp\/v2\/posts\/4313\/revisions\/4315"}],"wp:featuredmedia":[{"embeddable":true,"href":"https:\/\/pakosc-kalwaria.franciszkanie.net\/index.php\/wp-json\/wp\/v2\/media\/4314"}],"wp:attachment":[{"href":"https:\/\/pakosc-kalwaria.franciszkanie.net\/index.php\/wp-json\/wp\/v2\/media?parent=4313"}],"wp:term":[{"taxonomy":"category","embeddable":true,"href":"https:\/\/pakosc-kalwaria.franciszkanie.net\/index.php\/wp-json\/wp\/v2\/categories?post=4313"},{"taxonomy":"post_tag","embeddable":true,"href":"https:\/\/pakosc-kalwaria.franciszkanie.net\/index.php\/wp-json\/wp\/v2\/tags?post=4313"}],"curies":[{"name":"wp","href":"https:\/\/api.w.org\/{rel}","templated":true}]}}