{"id":4320,"date":"2018-01-06T12:05:12","date_gmt":"2018-01-06T11:05:12","guid":{"rendered":"http:\/\/pakosc-kalwaria.franciszkanie.net\/?p=4320"},"modified":"2018-01-05T23:48:47","modified_gmt":"2018-01-05T22:48:47","slug":"swieto-chrztu-panskiego","status":"publish","type":"post","link":"https:\/\/pakosc-kalwaria.franciszkanie.net\/index.php\/2018\/01\/06\/swieto-chrztu-panskiego\/","title":{"rendered":"\u015awi\u0119to Chrztu Pa\u0144skiego"},"content":{"rendered":"<p><strong><span style=\"color: #ff0000;\">07.01. &#8211; 14.01.2018r.\u00a0\u00a0\u00a0\u00a0<\/span><br \/>\n<\/strong><strong><span style=\"color: #ff0000;\"><em><u>Dzisiaj (07.01.)<\/u><\/em> \u2013 \u015awi\u0119to Chrztu Pa\u0144skiego.<\/span> Msze \u015bw. o 9.00 i 11.00 po\u0142\u0105czone z aspersj\u0105 i odnowieniem Przyrzecze\u0144 Chrztu \u015bw.<\/strong><\/p>\n<p><strong><span style=\"color: #ff0000;\"><em><u>W pi\u0105tek (12.01.)<\/u><\/em> \u2013 o 17.00 Msza \u015bw. w intencjach zbiorowych do Bo\u017cego Mi\u0142osierdzia.<\/span> Intencje mo\u017cna sk\u0142ada\u0107 do skarbonki lub\u00a0 w zakrystii. Po Mszy \u015bw. nabo\u017ce\u0144stwo do Bo\u017cego Mi\u0142osierdzia, za kt\u00f3re mo\u017cna zyska\u0107 odpust zupe\u0142ny pod zwyk\u0142ymi warunkami.<\/strong><\/p>\n<p><strong>Mo\u017cna jeszcze sk\u0142ada\u0107 <span style=\"color: #ff0000;\">Wypominki roczne za zmar\u0142ych<\/span>, za kt\u00f3rych modlimy si\u0119 w ka\u017cd\u0105 niedziel\u0119 przed Msz\u0105 \u015aw. o 9.00 \u00a0oraz w I pi\u0105tki miesi\u0105ca w czasie Mszy \u015bw. o 17.00.<\/strong><\/p>\n<p><strong><span style=\"color: #ff0000;\">W naszej Parafii<\/span> <span style=\"color: #ff0000;\">trwaj\u0105 Duszpasterskie odwiedziny kol\u0119dow<\/span>e. Kol\u0119d\u0119 rozpoczynamy w soboty o 10.00, w niedziele o 14.00, w pozosta\u0142e dni tygodnia o 16.00.<br \/>\n<span style=\"color: #ff0000;\">We wtorek 16 stycznia kol\u0119da dodatkowa<\/span> dla tych, kt\u00f3rzy nie mogli przyj\u0105\u0107 kol\u0119dy w wyznaczonym terminie. Zg\u0142oszenia przejmujemy w zakrystii lub w biurze parafialnym.<br \/>\nProsimy o obecno\u015b\u0107 w domu, o wsp\u00f3ln\u0105 modlitw\u0119 oraz o przygotowanie na stole krzy\u017ca, \u015bwiec, wody \u015bwi\u0119conej i Pisma \u015bw., a dzieci i m\u0142odzie\u017c szkoln\u0105 r\u00f3wnie\u017c zeszyt\u00f3w z religii. Woda \u015bwi\u0119cona znajduje si\u0119 w zakrystii lub mo\u017cna poprosi\u0107 kap\u0142ana o po\u015bwi\u0119cenie wody w domu. Ofiary sk\u0142adane w czasie kol\u0119dy b\u0119d\u0105 przeznaczone na dalsz\u0105 renowacj\u0119 naszego kalwaryjskiego ko\u015bcio\u0142a (odwodnienie, elektryka, malowanie) oraz na przygotowanie salki parafialnej w naszych gospodarczych zabudowaniach. Za ka\u017cd\u0105 ofiar\u0119 z\u0142o\u017con\u0105 na ten cel wyra\u017camy z serca p\u0142yn\u0105ce: &#8222;B\u00f3g zap\u0142a\u0107&#8221;!<br \/>\nPlan kol\u0119dy jest podany w gablotce i na naszej stronie internetowej.<\/strong><\/p>\n<p><strong>W Biurze parafialnym mo\u017cna zamawia\u0107 i rezerwowa\u0107 i<span style=\"color: #ff0000;\">ntencje mszalne na 2018r. \u00a0\u00a0<\/span><\/strong><\/p>\n<p><strong>Pod ch\u00f3rem do nabycia czasopisma: Przewodnik Katolicki, R\u00f3\u017caniec, G\u0142os \u015bw. Franciszka oraz \u00a0\u201eOla i Ja\u015b\u201d . Op\u0142aty za czasopisma sk\u0142adamy do skarbonki.<\/strong><br \/>\n<strong> Mo\u017cna naby\u0107 obrazy Matki Bo\u017cej Podg\u00f3rskiej Niepokalanej Kr\u00f3lowej Rodzin z naszego franciszka\u0144skiego Sanktuarium w Toruniu na Podg\u00f3rzu. Zach\u0119camy do modlitwy za Ma\u0142\u017ce\u0144stwa i Rodziny.<\/strong><\/p>\n<p><strong>Wyra\u017camy wdzi\u0119czno\u015b\u0107 za ka\u017cd\u0105 Wasz\u0105 modlitw\u0119 oraz za z\u0142o\u017cone dzisiaj ofiary.<\/strong><\/p>\n<p><strong>Wdzi\u0119czni za otrzymany Sakrament Chrztu \u015bw., b\u0105d\u017amy \u015bwiadkami Jezusa w codziennym naszym \u017cyciu. Niech Dobry B\u00f3g Wam i waszym Rodzinom obficie b\u0142ogos\u0142awi.<\/strong><\/p>\n<p><strong>Z darem modlitwy Bracia Mniejsi Franciszkanie z Pako\u015bci &#8211; Kalwarii<br \/>\n<\/strong><\/p>\n","protected":false},"excerpt":{"rendered":"<p>07.01. &#8211; 14.01.2018r.\u00a0\u00a0\u00a0\u00a0 Dzisiaj (07.01.) \u2013 \u015awi\u0119to Chrztu Pa\u0144skiego. Msze \u015bw. o 9.00 i 11.00 po\u0142\u0105czone z aspersj\u0105 i odnowieniem Przyrzecze\u0144 Chrztu \u015bw. W pi\u0105tek (12.01.) \u2013 o 17.00 Msza \u015bw. w intencjach zbiorowych do Bo\u017cego Mi\u0142osierdzia. Intencje mo\u017cna sk\u0142ada\u0107 do skarbonki lub\u00a0 w zakrystii. Po Mszy \u015bw. nabo\u017ce\u0144stwo do Bo\u017cego Mi\u0142osierdzia, za kt\u00f3re mo\u017cna &hellip;<\/p>\n","protected":false},"author":2,"featured_media":4321,"comment_status":"closed","ping_status":"open","sticky":false,"template":"","format":"standard","meta":{"_mi_skip_tracking":false,"_exactmetrics_sitenote_active":false,"_exactmetrics_sitenote_note":"","_exactmetrics_sitenote_category":0},"categories":[5],"tags":[],"yoast_head":"<!-- This site is optimized with the Yoast SEO plugin v18.1 - https:\/\/yoast.com\/wordpress\/plugins\/seo\/ -->\n<title>\u015awi\u0119to Chrztu Pa\u0144skiego - Pako\u015b\u0107 \u2013 Kalwaria<\/title>\n<meta name=\"robots\" content=\"index, follow, max-snippet:-1, max-image-preview:large, max-video-preview:-1\" \/>\n<link rel=\"canonical\" href=\"https:\/\/pakosc-kalwaria.franciszkanie.net\/index.php\/2018\/01\/06\/swieto-chrztu-panskiego\/\" \/>\n<meta property=\"og:locale\" content=\"pl_PL\" \/>\n<meta property=\"og:type\" content=\"article\" \/>\n<meta property=\"og:title\" content=\"\u015awi\u0119to Chrztu Pa\u0144skiego - Pako\u015b\u0107 \u2013 Kalwaria\" \/>\n<meta property=\"og:description\" content=\"07.01. &#8211; 14.01.2018r.\u00a0\u00a0\u00a0\u00a0 Dzisiaj (07.01.) \u2013 \u015awi\u0119to Chrztu Pa\u0144skiego. Msze \u015bw. o 9.00 i 11.00 po\u0142\u0105czone z aspersj\u0105 i odnowieniem Przyrzecze\u0144 Chrztu \u015bw. W pi\u0105tek (12.01.) \u2013 o 17.00 Msza \u015bw. w intencjach zbiorowych do Bo\u017cego Mi\u0142osierdzia. Intencje mo\u017cna sk\u0142ada\u0107 do skarbonki lub\u00a0 w zakrystii. Po Mszy \u015bw. nabo\u017ce\u0144stwo do Bo\u017cego Mi\u0142osierdzia, za kt\u00f3re mo\u017cna &hellip;\" \/>\n<meta property=\"og:url\" content=\"https:\/\/pakosc-kalwaria.franciszkanie.net\/index.php\/2018\/01\/06\/swieto-chrztu-panskiego\/\" \/>\n<meta property=\"og:site_name\" content=\"Pako\u015b\u0107 \u2013 Kalwaria\" \/>\n<meta property=\"article:author\" content=\"https:\/\/www.facebook.com\/KalwariaPakosc\/\" \/>\n<meta property=\"article:published_time\" content=\"2018-01-06T11:05:12+00:00\" \/>\n<meta property=\"article:modified_time\" content=\"2018-01-05T22:48:47+00:00\" \/>\n<meta property=\"og:image\" content=\"https:\/\/pakosc-kalwaria.franciszkanie.net\/wp-content\/uploads\/2018\/01\/chrzestPanski.jpg\" \/>\n\t<meta property=\"og:image:width\" content=\"350\" \/>\n\t<meta property=\"og:image:height\" content=\"215\" \/>\n\t<meta property=\"og:image:type\" content=\"image\/jpeg\" \/>\n<meta name=\"twitter:card\" content=\"summary\" \/>\n<meta name=\"twitter:label1\" content=\"Napisane przez\" \/>\n\t<meta name=\"twitter:data1\" content=\"pakosc-kalwaria\" \/>\n\t<meta name=\"twitter:label2\" content=\"Szacowany czas czytania\" \/>\n\t<meta name=\"twitter:data2\" content=\"2 minuty\" \/>\n<script type=\"application\/ld+json\" class=\"yoast-schema-graph\">{\"@context\":\"https:\/\/schema.org\",\"@graph\":[{\"@type\":\"WebSite\",\"@id\":\"https:\/\/pakosc-kalwaria.franciszkanie.net\/#website\",\"url\":\"https:\/\/pakosc-kalwaria.franciszkanie.net\/\",\"name\":\"Pako\u015b\u0107 \u2013 Kalwaria\",\"description\":\"Parafia Rzymsko \u2013 Katolicka p.w. Pana Jezusa Ukrzy\u017cowanego i  Matki Bo\u017cej Bolesnej ul. Barci\u0144ska 60, 88\u2013170 Pako\u015b\u0107 \u2013 Kalwaria\",\"potentialAction\":[{\"@type\":\"SearchAction\",\"target\":{\"@type\":\"EntryPoint\",\"urlTemplate\":\"https:\/\/pakosc-kalwaria.franciszkanie.net\/?s={search_term_string}\"},\"query-input\":\"required name=search_term_string\"}],\"inLanguage\":\"pl-PL\"},{\"@type\":\"ImageObject\",\"@id\":\"https:\/\/pakosc-kalwaria.franciszkanie.net\/index.php\/2018\/01\/06\/swieto-chrztu-panskiego\/#primaryimage\",\"inLanguage\":\"pl-PL\",\"url\":\"https:\/\/pakosc-kalwaria.franciszkanie.net\/wp-content\/uploads\/2018\/01\/chrzestPanski.jpg\",\"contentUrl\":\"https:\/\/pakosc-kalwaria.franciszkanie.net\/wp-content\/uploads\/2018\/01\/chrzestPanski.jpg\",\"width\":350,\"height\":215},{\"@type\":\"WebPage\",\"@id\":\"https:\/\/pakosc-kalwaria.franciszkanie.net\/index.php\/2018\/01\/06\/swieto-chrztu-panskiego\/#webpage\",\"url\":\"https:\/\/pakosc-kalwaria.franciszkanie.net\/index.php\/2018\/01\/06\/swieto-chrztu-panskiego\/\",\"name\":\"\u015awi\u0119to Chrztu Pa\u0144skiego - Pako\u015b\u0107 \u2013 Kalwaria\",\"isPartOf\":{\"@id\":\"https:\/\/pakosc-kalwaria.franciszkanie.net\/#website\"},\"primaryImageOfPage\":{\"@id\":\"https:\/\/pakosc-kalwaria.franciszkanie.net\/index.php\/2018\/01\/06\/swieto-chrztu-panskiego\/#primaryimage\"},\"datePublished\":\"2018-01-06T11:05:12+00:00\",\"dateModified\":\"2018-01-05T22:48:47+00:00\",\"author\":{\"@id\":\"https:\/\/pakosc-kalwaria.franciszkanie.net\/#\/schema\/person\/af10b943be0760709227d060eadcb2aa\"},\"breadcrumb\":{\"@id\":\"https:\/\/pakosc-kalwaria.franciszkanie.net\/index.php\/2018\/01\/06\/swieto-chrztu-panskiego\/#breadcrumb\"},\"inLanguage\":\"pl-PL\",\"potentialAction\":[{\"@type\":\"ReadAction\",\"target\":[\"https:\/\/pakosc-kalwaria.franciszkanie.net\/index.php\/2018\/01\/06\/swieto-chrztu-panskiego\/\"]}]},{\"@type\":\"BreadcrumbList\",\"@id\":\"https:\/\/pakosc-kalwaria.franciszkanie.net\/index.php\/2018\/01\/06\/swieto-chrztu-panskiego\/#breadcrumb\",\"itemListElement\":[{\"@type\":\"ListItem\",\"position\":1,\"name\":\"Strona g\u0142\u00f3wna\",\"item\":\"https:\/\/pakosc-kalwaria.franciszkanie.net\/\"},{\"@type\":\"ListItem\",\"position\":2,\"name\":\"\u015awi\u0119to Chrztu Pa\u0144skiego\"}]},{\"@type\":\"Person\",\"@id\":\"https:\/\/pakosc-kalwaria.franciszkanie.net\/#\/schema\/person\/af10b943be0760709227d060eadcb2aa\",\"name\":\"pakosc-kalwaria\",\"image\":{\"@type\":\"ImageObject\",\"@id\":\"https:\/\/pakosc-kalwaria.franciszkanie.net\/#personlogo\",\"inLanguage\":\"pl-PL\",\"url\":\"https:\/\/secure.gravatar.com\/avatar\/e7049d338b55eac6a0027ff3218b8d02?s=96&d=mm&r=g\",\"contentUrl\":\"https:\/\/secure.gravatar.com\/avatar\/e7049d338b55eac6a0027ff3218b8d02?s=96&d=mm&r=g\",\"caption\":\"pakosc-kalwaria\"},\"sameAs\":[\"https:\/\/www.facebook.com\/KalwariaPakosc\/\"],\"url\":\"https:\/\/pakosc-kalwaria.franciszkanie.net\/index.php\/author\/pakosc-kalwaria\/\"}]}<\/script>\n<!-- \/ Yoast SEO plugin. -->","yoast_head_json":{"title":"\u015awi\u0119to Chrztu Pa\u0144skiego - Pako\u015b\u0107 \u2013 Kalwaria","robots":{"index":"index","follow":"follow","max-snippet":"max-snippet:-1","max-image-preview":"max-image-preview:large","max-video-preview":"max-video-preview:-1"},"canonical":"https:\/\/pakosc-kalwaria.franciszkanie.net\/index.php\/2018\/01\/06\/swieto-chrztu-panskiego\/","og_locale":"pl_PL","og_type":"article","og_title":"\u015awi\u0119to Chrztu Pa\u0144skiego - Pako\u015b\u0107 \u2013 Kalwaria","og_description":"07.01. &#8211; 14.01.2018r.\u00a0\u00a0\u00a0\u00a0 Dzisiaj (07.01.) \u2013 \u015awi\u0119to Chrztu Pa\u0144skiego. Msze \u015bw. o 9.00 i 11.00 po\u0142\u0105czone z aspersj\u0105 i odnowieniem Przyrzecze\u0144 Chrztu \u015bw. W pi\u0105tek (12.01.) \u2013 o 17.00 Msza \u015bw. w intencjach zbiorowych do Bo\u017cego Mi\u0142osierdzia. Intencje mo\u017cna sk\u0142ada\u0107 do skarbonki lub\u00a0 w zakrystii. Po Mszy \u015bw. nabo\u017ce\u0144stwo do Bo\u017cego Mi\u0142osierdzia, za kt\u00f3re mo\u017cna &hellip;","og_url":"https:\/\/pakosc-kalwaria.franciszkanie.net\/index.php\/2018\/01\/06\/swieto-chrztu-panskiego\/","og_site_name":"Pako\u015b\u0107 \u2013 Kalwaria","article_author":"https:\/\/www.facebook.com\/KalwariaPakosc\/","article_published_time":"2018-01-06T11:05:12+00:00","article_modified_time":"2018-01-05T22:48:47+00:00","og_image":[{"width":350,"height":215,"url":"https:\/\/pakosc-kalwaria.franciszkanie.net\/wp-content\/uploads\/2018\/01\/chrzestPanski.jpg","type":"image\/jpeg"}],"twitter_card":"summary","twitter_misc":{"Napisane przez":"pakosc-kalwaria","Szacowany czas czytania":"2 minuty"},"schema":{"@context":"https:\/\/schema.org","@graph":[{"@type":"WebSite","@id":"https:\/\/pakosc-kalwaria.franciszkanie.net\/#website","url":"https:\/\/pakosc-kalwaria.franciszkanie.net\/","name":"Pako\u015b\u0107 \u2013 Kalwaria","description":"Parafia Rzymsko \u2013 Katolicka p.w. Pana Jezusa Ukrzy\u017cowanego i  Matki Bo\u017cej Bolesnej ul. Barci\u0144ska 60, 88\u2013170 Pako\u015b\u0107 \u2013 Kalwaria","potentialAction":[{"@type":"SearchAction","target":{"@type":"EntryPoint","urlTemplate":"https:\/\/pakosc-kalwaria.franciszkanie.net\/?s={search_term_string}"},"query-input":"required name=search_term_string"}],"inLanguage":"pl-PL"},{"@type":"ImageObject","@id":"https:\/\/pakosc-kalwaria.franciszkanie.net\/index.php\/2018\/01\/06\/swieto-chrztu-panskiego\/#primaryimage","inLanguage":"pl-PL","url":"https:\/\/pakosc-kalwaria.franciszkanie.net\/wp-content\/uploads\/2018\/01\/chrzestPanski.jpg","contentUrl":"https:\/\/pakosc-kalwaria.franciszkanie.net\/wp-content\/uploads\/2018\/01\/chrzestPanski.jpg","width":350,"height":215},{"@type":"WebPage","@id":"https:\/\/pakosc-kalwaria.franciszkanie.net\/index.php\/2018\/01\/06\/swieto-chrztu-panskiego\/#webpage","url":"https:\/\/pakosc-kalwaria.franciszkanie.net\/index.php\/2018\/01\/06\/swieto-chrztu-panskiego\/","name":"\u015awi\u0119to Chrztu Pa\u0144skiego - Pako\u015b\u0107 \u2013 Kalwaria","isPartOf":{"@id":"https:\/\/pakosc-kalwaria.franciszkanie.net\/#website"},"primaryImageOfPage":{"@id":"https:\/\/pakosc-kalwaria.franciszkanie.net\/index.php\/2018\/01\/06\/swieto-chrztu-panskiego\/#primaryimage"},"datePublished":"2018-01-06T11:05:12+00:00","dateModified":"2018-01-05T22:48:47+00:00","author":{"@id":"https:\/\/pakosc-kalwaria.franciszkanie.net\/#\/schema\/person\/af10b943be0760709227d060eadcb2aa"},"breadcrumb":{"@id":"https:\/\/pakosc-kalwaria.franciszkanie.net\/index.php\/2018\/01\/06\/swieto-chrztu-panskiego\/#breadcrumb"},"inLanguage":"pl-PL","potentialAction":[{"@type":"ReadAction","target":["https:\/\/pakosc-kalwaria.franciszkanie.net\/index.php\/2018\/01\/06\/swieto-chrztu-panskiego\/"]}]},{"@type":"BreadcrumbList","@id":"https:\/\/pakosc-kalwaria.franciszkanie.net\/index.php\/2018\/01\/06\/swieto-chrztu-panskiego\/#breadcrumb","itemListElement":[{"@type":"ListItem","position":1,"name":"Strona g\u0142\u00f3wna","item":"https:\/\/pakosc-kalwaria.franciszkanie.net\/"},{"@type":"ListItem","position":2,"name":"\u015awi\u0119to Chrztu Pa\u0144skiego"}]},{"@type":"Person","@id":"https:\/\/pakosc-kalwaria.franciszkanie.net\/#\/schema\/person\/af10b943be0760709227d060eadcb2aa","name":"pakosc-kalwaria","image":{"@type":"ImageObject","@id":"https:\/\/pakosc-kalwaria.franciszkanie.net\/#personlogo","inLanguage":"pl-PL","url":"https:\/\/secure.gravatar.com\/avatar\/e7049d338b55eac6a0027ff3218b8d02?s=96&d=mm&r=g","contentUrl":"https:\/\/secure.gravatar.com\/avatar\/e7049d338b55eac6a0027ff3218b8d02?s=96&d=mm&r=g","caption":"pakosc-kalwaria"},"sameAs":["https:\/\/www.facebook.com\/KalwariaPakosc\/"],"url":"https:\/\/pakosc-kalwaria.franciszkanie.net\/index.php\/author\/pakosc-kalwaria\/"}]}},"_links":{"self":[{"href":"https:\/\/pakosc-kalwaria.franciszkanie.net\/index.php\/wp-json\/wp\/v2\/posts\/4320"}],"collection":[{"href":"https:\/\/pakosc-kalwaria.franciszkanie.net\/index.php\/wp-json\/wp\/v2\/posts"}],"about":[{"href":"https:\/\/pakosc-kalwaria.franciszkanie.net\/index.php\/wp-json\/wp\/v2\/types\/post"}],"author":[{"embeddable":true,"href":"https:\/\/pakosc-kalwaria.franciszkanie.net\/index.php\/wp-json\/wp\/v2\/users\/2"}],"replies":[{"embeddable":true,"href":"https:\/\/pakosc-kalwaria.franciszkanie.net\/index.php\/wp-json\/wp\/v2\/comments?post=4320"}],"version-history":[{"count":2,"href":"https:\/\/pakosc-kalwaria.franciszkanie.net\/index.php\/wp-json\/wp\/v2\/posts\/4320\/revisions"}],"predecessor-version":[{"id":4323,"href":"https:\/\/pakosc-kalwaria.franciszkanie.net\/index.php\/wp-json\/wp\/v2\/posts\/4320\/revisions\/4323"}],"wp:featuredmedia":[{"embeddable":true,"href":"https:\/\/pakosc-kalwaria.franciszkanie.net\/index.php\/wp-json\/wp\/v2\/media\/4321"}],"wp:attachment":[{"href":"https:\/\/pakosc-kalwaria.franciszkanie.net\/index.php\/wp-json\/wp\/v2\/media?parent=4320"}],"wp:term":[{"taxonomy":"category","embeddable":true,"href":"https:\/\/pakosc-kalwaria.franciszkanie.net\/index.php\/wp-json\/wp\/v2\/categories?post=4320"},{"taxonomy":"post_tag","embeddable":true,"href":"https:\/\/pakosc-kalwaria.franciszkanie.net\/index.php\/wp-json\/wp\/v2\/tags?post=4320"}],"curies":[{"name":"wp","href":"https:\/\/api.w.org\/{rel}","templated":true}]}}