{"id":4329,"date":"2018-07-01T11:30:25","date_gmt":"2018-07-01T09:30:25","guid":{"rendered":"http:\/\/pakosc-kalwaria.franciszkanie.net\/?p=4329"},"modified":"2018-07-04T07:04:50","modified_gmt":"2018-07-04T05:04:50","slug":"sluga-boza-paulina-jaricot-zalozycielka-zywego-rozanca","status":"publish","type":"post","link":"https:\/\/pakosc-kalwaria.franciszkanie.net\/index.php\/2018\/07\/01\/sluga-boza-paulina-jaricot-zalozycielka-zywego-rozanca\/","title":{"rendered":"S\u0142uga Bo\u017ca Paulina Jaricot &#8211; za\u0142o\u017cycielka \u017bywego R\u00f3\u017ca\u0144ca"},"content":{"rendered":"<p><strong>S\u0142uga Bo\u017ca Paulina Jaricot, urodzona w Lyonie 22 lipca 1799 roku<\/strong> w rodzinie bogatych przemys\u0142owc\u00f3w, ju\u017c w wieku 17 lat zdecydowa\u0142a si\u0119 \u017cy\u0107 tylko dla Boga. Z\u0142o\u017cy\u0142a prywatnie \u015blub czysto\u015bci i przyj\u0119\u0142a prosty styl \u017cycia oraz spos\u00f3b ubierania si\u0119 lyo\u0144skich robotnic.<\/p>\n<p>Dzi\u0119ki swojemu bratu Fileasowi, kt\u00f3ry w Seminarium \u015bw. Sulpicjusza w Pary\u017cu przygotowywa\u0142 si\u0119 do pracy misyjnej w Chinach, dowiedzia\u0142a si\u0119 o dramatycznej sytuacji Chi\u0144czyk\u00f3w i konieczno\u015bci misji w tym kraju. Szuka\u0142a, wi\u0119c sposobu rozbudzenia w\u015br\u00f3d katolik\u00f3w entuzjazmu dla ich wspomagania.<\/p>\n<p>Spos\u00f3b znalaz\u0142a w 1819 roku. Zacz\u0119\u0142a tworzy\u0107 grupy z\u0142o\u017cone z 10 os\u00f3b, z kt\u00f3rych ka\u017cda stara\u0142a si\u0119 zach\u0119ci\u0107 do wspomagania misji przez inne 10 os\u00f3b. Z kolei dziesi\u0105tki organizowano w setki, a setki w tysi\u0105ce. Ka\u017cdy cz\u0142onek zobowi\u0105zywa\u0142 si\u0119 do codziennej modlitwy za misje i niewielkiej cotygodniowej ofiary na ten cel. Na ka\u017cdym szczeblu grupami kierowali odpowiedni przewodnicy.<\/p>\n<p>Pierwszymi cz\u0142onkiniami Dzie\u0142a by\u0142y robotnice, a pierwsze zelatorki (animatorki) zosta\u0142y wybrane spo\u015br\u00f3d robotnic zrzeszonych w Stowarzyszeniu Wynagrodzicielek Naj\u015bwi\u0119tszego Serca Pana Jezusa.<\/p>\n<p>Dnia 3 maja 1822 roku grupa \u015bwieckich, kt\u00f3ra zgromadzi\u0142a si\u0119 w celu przedyskutowania nowych form wsp\u00f3\u0142pracy misyjnej, przyj\u0119\u0142a system Pauliny Jarocot dla wspomagania misji. Na tym spotkaniu jego przewodnicz\u0105cy, Benedykt Coste, powiedzia\u0142: &#8222;Jeste\u015bmy katolikami i w konsekwencji nie powinni\u015bmy pomaga\u0107 takiej czy innej misji, ale wszystkim misjom \u015bwiata&#8221;. Grupa przekszta\u0142ci\u0142a si\u0119 w rad\u0119 utworzonego Dzie\u0142a pomocy misjom.<br \/>\nW tym czasie Paulina Jaricot sta\u0142a na czele setki cz\u0142onki\u0144. Waha\u0142a si\u0119, czy pozostawi\u0107 dzie\u0142o w innych r\u0119kach, ale gdy dostrzeg\u0142a, \u017ce nowe kierownictwo mo\u017ce przyczyni\u0107 si\u0119 do uniwersalno\u015bci Dzie\u0142a, sama pozosta\u0142a na uboczu.<br \/>\nSwoje zdolno\u015bci organizacyjne wykorzysta\u0142a w realizacji innych projekt\u00f3w misyjnej wsp\u00f3\u0142pracy. &#8222;Moim powo\u0142aniem &#8211; pisa\u0142a &#8211; nie jest przywi\u0105zanie si\u0119 do jakiego\u015b dzie\u0142a w taki spos\u00f3b, aby zapomnie\u0107 o wszystkim innym (&#8230;). Chc\u0119 pozosta\u0107 woln\u0105, aby pracowa\u0107 tam, gdzie potrzeby s\u0105 jeszcze wi\u0119ksze&#8221;.<br \/>\nPaulina zmar\u0142a\u00a0 9 stycznia 1862 roku w wielkim ub\u00f3stwie i opuszczeniu.<\/p>\n<p><strong><span style=\"color: #ff0000;\">Najbardziej znanym i rozpowszechnionym w ca\u0142ym \u015bwiecie dzie\u0142em Pauliny Jaricot jest \u017bywy R\u00f3\u017caniec, kt\u00f3ry zainicjowa\u0142a w 1826 r. Papie\u017c Grzegorz XVI zatwierdzi\u0142 \u017bywy R\u00f3\u017caniec w 1832r.<\/span><br \/>\n<\/strong><\/p>\n<p>Zainicjowane przez Paulin\u0119 Jaricot Dzie\u0142o Rozkrzewiania Wiary papie\u017ce polecali biskupom, kap\u0142anom i wiernym. W stulecie powstania Dzie\u0142a, 3 maja 1922 r., Pius XI Motu Proprio <em>Romanorum Pontificum<\/em> uczyni\u0142 je &#8222;papieskim&#8221; i poleci\u0142 wprowadzi\u0107 w ca\u0142ym Ko\u015bciele powszechnym.<\/p>\n<p><strong>Papie\u017c Jan XXIII podpisa\u0142 w 1963 roku dekret stwierdzaj\u0105cy heroiczno\u015b\u0107 cn\u00f3t S\u0142ugi Bo\u017cej Pauliny Jaricot.<\/strong> Ko\u015bci\u00f3\u0142 zmierza wi\u0119c do og\u0142oszenia jej b\u0142ogos\u0142awion\u0105. Wierni jej rodzinnego Lyonu i cz\u0142onkowie PDRW w ca\u0142ym \u015bwiecie, wdzi\u0119czni za jej charyzmat, trwaj\u0105 w modlitwie o cud, kt\u00f3ry jest warunkiem beatyfikacji.<\/p>\n<p>Dnia 9 stycznia 2012 roku min\u0119\u0142a 150 rocznica narodzin dla nieba s\u0142ugi Bo\u017cej Pauliny Jaricot (1799-1862), za\u0142o\u017cycielki Papieskiego Dzie\u0142a Rozkrzewiania Wiary i \u017bywego R\u00f3\u017ca\u0144ca.<\/p>\n<p>Pomoc\u0105 dla zapoznania si\u0119 bli\u017cej z Paulin\u0105 Jaricot s\u0105 dwie jej biografie: autorstwa Georges&#8217;a Na\u00efdenoffa i obszerniejsz\u0105 autorstwa s. Cecilii Giacovelli. Ponadto zosta\u0142y wydane w j\u0119zyku polskim dwie ksi\u0105\u017cki zawieraj\u0105ce teksty Pauliny: traktat o Eucharystii: &#8222;Eucharystia &#8211; Niesko\u0144czona Mi\u0142o\u015b\u0107&#8221; i &#8222;Historia mojego \u017cycia &#8211; autobiografia duchowa za\u0142o\u017cycielki \u017bywego R\u00f3\u017ca\u0144ca&#8221;.<\/p>\n<p><span style=\"color: #ff0000;\"><strong>Modlitwa o beatyfikacj\u0119 s\u0142ugi Bo\u017cej Pauliny Jaricot<br \/>\n<\/strong><\/span>Panie Jezu Chryste,<br \/>\nTy po Zmartwychwstaniu powiedzia\u0142e\u015b do Aposto\u0142\u00f3w:<br \/>\n\u201eId\u017acie na ca\u0142y \u015bwiat i g\u0142o\u015bcie Ewangeli\u0119 wszelkiemu stworzeniu\u201d (Mk 16, 15).<br \/>\nTy poprzez wieki duchem g\u0142oszenia Dobrej Nowiny nape\u0142niasz swoich wyznawc\u00f3w,<br \/>\na spo\u015br\u00f3d nich wybra\u0142e\u015b Paulin\u0119 Jaricot<br \/>\ni natchn\u0105\u0142e\u015b j\u0105, by ca\u0142kowicie po\u015bwi\u0119ci\u0142a si\u0119 wsp\u00f3\u0142pracy misyjnej,<br \/>\nzak\u0142adaj\u0105c Dzie\u0142o Rozkrzewiania Wiary i \u017bywy R\u00f3\u017caniec.<br \/>\nSpraw, by za jej przyk\u0142adem jak najwi\u0119cej chrze\u015bcijan p\u0142on\u0119\u0142o duchem g\u0142oszenia Ewangelii,<br \/>\nobjawiaj\u0105c Twoj\u0105 niesko\u0144czon\u0105 mi\u0142o\u015b\u0107.<br \/>\nZa wstawiennictwem czcigodnej s\u0142ugi Bo\u017cej Pauliny udziel mi \u0142aski&#8230;,<br \/>\no kt\u00f3r\u0105 szczeg\u00f3lnie Ci\u0119 prosz\u0119.<br \/>\nZechciej j\u0105 ws\u0142awi\u0107 cudownym znakiem,<br \/>\naby Ko\u015bci\u00f3\u0142, kt\u00f3ry uzna\u0142 heroiczno\u015b\u0107 jej cn\u00f3t,<br \/>\nm\u00f3g\u0142 rych\u0142o zaliczy\u0107 j\u0105 w poczet b\u0142ogos\u0142awionych.<br \/>\nKt\u00f3ry \u017cyjesz i kr\u00f3lujesz na wieki wiek\u00f3w. Amen.<\/p>\n<p><strong>O \u0142askach otrzymanych za przyczyn\u0105 s\u0142ugi Bo\u017cej Pauliny Jaricot prosimy informowa\u0107:<\/strong><\/p>\n<p>Papieskie Dzie\u0142a Misyjne<br \/>\nSkwer Kard. S. Wyszy\u0144skiego 9<br \/>\n01-015 Warszawa<br \/>\ne-mail: pdrw@missio.org.pl<\/p>\n","protected":false},"excerpt":{"rendered":"<p>S\u0142uga Bo\u017ca Paulina Jaricot, urodzona w Lyonie 22 lipca 1799 roku w rodzinie bogatych przemys\u0142owc\u00f3w, ju\u017c w wieku 17 lat zdecydowa\u0142a si\u0119 \u017cy\u0107 tylko dla Boga. Z\u0142o\u017cy\u0142a prywatnie \u015blub czysto\u015bci i przyj\u0119\u0142a prosty styl \u017cycia oraz spos\u00f3b ubierania si\u0119 lyo\u0144skich robotnic. Dzi\u0119ki swojemu bratu Fileasowi, kt\u00f3ry w Seminarium \u015bw. Sulpicjusza w Pary\u017cu przygotowywa\u0142 si\u0119 do &hellip;<\/p>\n","protected":false},"author":2,"featured_media":4330,"comment_status":"closed","ping_status":"open","sticky":false,"template":"","format":"standard","meta":{"_mi_skip_tracking":false,"_exactmetrics_sitenote_active":false,"_exactmetrics_sitenote_note":"","_exactmetrics_sitenote_category":0},"categories":[5,1],"tags":[],"yoast_head":"<!-- This site is optimized with the Yoast SEO plugin v18.1 - https:\/\/yoast.com\/wordpress\/plugins\/seo\/ -->\n<title>S\u0142uga Bo\u017ca Paulina Jaricot - za\u0142o\u017cycielka \u017bywego R\u00f3\u017ca\u0144ca - Pako\u015b\u0107 \u2013 Kalwaria<\/title>\n<meta name=\"robots\" content=\"index, follow, max-snippet:-1, max-image-preview:large, max-video-preview:-1\" \/>\n<link rel=\"canonical\" href=\"https:\/\/pakosc-kalwaria.franciszkanie.net\/index.php\/2018\/07\/01\/sluga-boza-paulina-jaricot-zalozycielka-zywego-rozanca\/\" \/>\n<meta property=\"og:locale\" content=\"pl_PL\" \/>\n<meta property=\"og:type\" content=\"article\" \/>\n<meta property=\"og:title\" content=\"S\u0142uga Bo\u017ca Paulina Jaricot - za\u0142o\u017cycielka \u017bywego R\u00f3\u017ca\u0144ca - Pako\u015b\u0107 \u2013 Kalwaria\" \/>\n<meta property=\"og:description\" content=\"S\u0142uga Bo\u017ca Paulina Jaricot, urodzona w Lyonie 22 lipca 1799 roku w rodzinie bogatych przemys\u0142owc\u00f3w, ju\u017c w wieku 17 lat zdecydowa\u0142a si\u0119 \u017cy\u0107 tylko dla Boga. Z\u0142o\u017cy\u0142a prywatnie \u015blub czysto\u015bci i przyj\u0119\u0142a prosty styl \u017cycia oraz spos\u00f3b ubierania si\u0119 lyo\u0144skich robotnic. Dzi\u0119ki swojemu bratu Fileasowi, kt\u00f3ry w Seminarium \u015bw. Sulpicjusza w Pary\u017cu przygotowywa\u0142 si\u0119 do &hellip;\" \/>\n<meta property=\"og:url\" content=\"https:\/\/pakosc-kalwaria.franciszkanie.net\/index.php\/2018\/07\/01\/sluga-boza-paulina-jaricot-zalozycielka-zywego-rozanca\/\" \/>\n<meta property=\"og:site_name\" content=\"Pako\u015b\u0107 \u2013 Kalwaria\" \/>\n<meta property=\"article:author\" content=\"https:\/\/www.facebook.com\/KalwariaPakosc\/\" \/>\n<meta property=\"article:published_time\" content=\"2018-07-01T09:30:25+00:00\" \/>\n<meta property=\"article:modified_time\" content=\"2018-07-04T05:04:50+00:00\" \/>\n<meta property=\"og:image\" content=\"https:\/\/pakosc-kalwaria.franciszkanie.net\/wp-content\/uploads\/2018\/01\/pauline.jpg\" \/>\n\t<meta property=\"og:image:width\" content=\"220\" \/>\n\t<meta property=\"og:image:height\" content=\"264\" \/>\n\t<meta property=\"og:image:type\" content=\"image\/jpeg\" \/>\n<meta name=\"twitter:card\" content=\"summary\" \/>\n<meta name=\"twitter:label1\" content=\"Napisane przez\" \/>\n\t<meta name=\"twitter:data1\" content=\"pakosc-kalwaria\" \/>\n\t<meta name=\"twitter:label2\" content=\"Szacowany czas czytania\" \/>\n\t<meta name=\"twitter:data2\" content=\"4 minuty\" \/>\n<script type=\"application\/ld+json\" class=\"yoast-schema-graph\">{\"@context\":\"https:\/\/schema.org\",\"@graph\":[{\"@type\":\"WebSite\",\"@id\":\"https:\/\/pakosc-kalwaria.franciszkanie.net\/#website\",\"url\":\"https:\/\/pakosc-kalwaria.franciszkanie.net\/\",\"name\":\"Pako\u015b\u0107 \u2013 Kalwaria\",\"description\":\"Parafia Rzymsko \u2013 Katolicka p.w. Pana Jezusa Ukrzy\u017cowanego i  Matki Bo\u017cej Bolesnej ul. Barci\u0144ska 60, 88\u2013170 Pako\u015b\u0107 \u2013 Kalwaria\",\"potentialAction\":[{\"@type\":\"SearchAction\",\"target\":{\"@type\":\"EntryPoint\",\"urlTemplate\":\"https:\/\/pakosc-kalwaria.franciszkanie.net\/?s={search_term_string}\"},\"query-input\":\"required name=search_term_string\"}],\"inLanguage\":\"pl-PL\"},{\"@type\":\"ImageObject\",\"@id\":\"https:\/\/pakosc-kalwaria.franciszkanie.net\/index.php\/2018\/07\/01\/sluga-boza-paulina-jaricot-zalozycielka-zywego-rozanca\/#primaryimage\",\"inLanguage\":\"pl-PL\",\"url\":\"https:\/\/pakosc-kalwaria.franciszkanie.net\/wp-content\/uploads\/2018\/01\/pauline.jpg\",\"contentUrl\":\"https:\/\/pakosc-kalwaria.franciszkanie.net\/wp-content\/uploads\/2018\/01\/pauline.jpg\",\"width\":220,\"height\":264},{\"@type\":\"WebPage\",\"@id\":\"https:\/\/pakosc-kalwaria.franciszkanie.net\/index.php\/2018\/07\/01\/sluga-boza-paulina-jaricot-zalozycielka-zywego-rozanca\/#webpage\",\"url\":\"https:\/\/pakosc-kalwaria.franciszkanie.net\/index.php\/2018\/07\/01\/sluga-boza-paulina-jaricot-zalozycielka-zywego-rozanca\/\",\"name\":\"S\u0142uga Bo\u017ca Paulina Jaricot - za\u0142o\u017cycielka \u017bywego R\u00f3\u017ca\u0144ca - Pako\u015b\u0107 \u2013 Kalwaria\",\"isPartOf\":{\"@id\":\"https:\/\/pakosc-kalwaria.franciszkanie.net\/#website\"},\"primaryImageOfPage\":{\"@id\":\"https:\/\/pakosc-kalwaria.franciszkanie.net\/index.php\/2018\/07\/01\/sluga-boza-paulina-jaricot-zalozycielka-zywego-rozanca\/#primaryimage\"},\"datePublished\":\"2018-07-01T09:30:25+00:00\",\"dateModified\":\"2018-07-04T05:04:50+00:00\",\"author\":{\"@id\":\"https:\/\/pakosc-kalwaria.franciszkanie.net\/#\/schema\/person\/af10b943be0760709227d060eadcb2aa\"},\"breadcrumb\":{\"@id\":\"https:\/\/pakosc-kalwaria.franciszkanie.net\/index.php\/2018\/07\/01\/sluga-boza-paulina-jaricot-zalozycielka-zywego-rozanca\/#breadcrumb\"},\"inLanguage\":\"pl-PL\",\"potentialAction\":[{\"@type\":\"ReadAction\",\"target\":[\"https:\/\/pakosc-kalwaria.franciszkanie.net\/index.php\/2018\/07\/01\/sluga-boza-paulina-jaricot-zalozycielka-zywego-rozanca\/\"]}]},{\"@type\":\"BreadcrumbList\",\"@id\":\"https:\/\/pakosc-kalwaria.franciszkanie.net\/index.php\/2018\/07\/01\/sluga-boza-paulina-jaricot-zalozycielka-zywego-rozanca\/#breadcrumb\",\"itemListElement\":[{\"@type\":\"ListItem\",\"position\":1,\"name\":\"Strona g\u0142\u00f3wna\",\"item\":\"https:\/\/pakosc-kalwaria.franciszkanie.net\/\"},{\"@type\":\"ListItem\",\"position\":2,\"name\":\"S\u0142uga Bo\u017ca Paulina Jaricot &#8211; za\u0142o\u017cycielka \u017bywego R\u00f3\u017ca\u0144ca\"}]},{\"@type\":\"Person\",\"@id\":\"https:\/\/pakosc-kalwaria.franciszkanie.net\/#\/schema\/person\/af10b943be0760709227d060eadcb2aa\",\"name\":\"pakosc-kalwaria\",\"image\":{\"@type\":\"ImageObject\",\"@id\":\"https:\/\/pakosc-kalwaria.franciszkanie.net\/#personlogo\",\"inLanguage\":\"pl-PL\",\"url\":\"https:\/\/secure.gravatar.com\/avatar\/e7049d338b55eac6a0027ff3218b8d02?s=96&d=mm&r=g\",\"contentUrl\":\"https:\/\/secure.gravatar.com\/avatar\/e7049d338b55eac6a0027ff3218b8d02?s=96&d=mm&r=g\",\"caption\":\"pakosc-kalwaria\"},\"sameAs\":[\"https:\/\/www.facebook.com\/KalwariaPakosc\/\"],\"url\":\"https:\/\/pakosc-kalwaria.franciszkanie.net\/index.php\/author\/pakosc-kalwaria\/\"}]}<\/script>\n<!-- \/ Yoast SEO plugin. -->","yoast_head_json":{"title":"S\u0142uga Bo\u017ca Paulina Jaricot - za\u0142o\u017cycielka \u017bywego R\u00f3\u017ca\u0144ca - Pako\u015b\u0107 \u2013 Kalwaria","robots":{"index":"index","follow":"follow","max-snippet":"max-snippet:-1","max-image-preview":"max-image-preview:large","max-video-preview":"max-video-preview:-1"},"canonical":"https:\/\/pakosc-kalwaria.franciszkanie.net\/index.php\/2018\/07\/01\/sluga-boza-paulina-jaricot-zalozycielka-zywego-rozanca\/","og_locale":"pl_PL","og_type":"article","og_title":"S\u0142uga Bo\u017ca Paulina Jaricot - za\u0142o\u017cycielka \u017bywego R\u00f3\u017ca\u0144ca - Pako\u015b\u0107 \u2013 Kalwaria","og_description":"S\u0142uga Bo\u017ca Paulina Jaricot, urodzona w Lyonie 22 lipca 1799 roku w rodzinie bogatych przemys\u0142owc\u00f3w, ju\u017c w wieku 17 lat zdecydowa\u0142a si\u0119 \u017cy\u0107 tylko dla Boga. Z\u0142o\u017cy\u0142a prywatnie \u015blub czysto\u015bci i przyj\u0119\u0142a prosty styl \u017cycia oraz spos\u00f3b ubierania si\u0119 lyo\u0144skich robotnic. Dzi\u0119ki swojemu bratu Fileasowi, kt\u00f3ry w Seminarium \u015bw. Sulpicjusza w Pary\u017cu przygotowywa\u0142 si\u0119 do &hellip;","og_url":"https:\/\/pakosc-kalwaria.franciszkanie.net\/index.php\/2018\/07\/01\/sluga-boza-paulina-jaricot-zalozycielka-zywego-rozanca\/","og_site_name":"Pako\u015b\u0107 \u2013 Kalwaria","article_author":"https:\/\/www.facebook.com\/KalwariaPakosc\/","article_published_time":"2018-07-01T09:30:25+00:00","article_modified_time":"2018-07-04T05:04:50+00:00","og_image":[{"width":220,"height":264,"url":"https:\/\/pakosc-kalwaria.franciszkanie.net\/wp-content\/uploads\/2018\/01\/pauline.jpg","type":"image\/jpeg"}],"twitter_card":"summary","twitter_misc":{"Napisane przez":"pakosc-kalwaria","Szacowany czas czytania":"4 minuty"},"schema":{"@context":"https:\/\/schema.org","@graph":[{"@type":"WebSite","@id":"https:\/\/pakosc-kalwaria.franciszkanie.net\/#website","url":"https:\/\/pakosc-kalwaria.franciszkanie.net\/","name":"Pako\u015b\u0107 \u2013 Kalwaria","description":"Parafia Rzymsko \u2013 Katolicka p.w. Pana Jezusa Ukrzy\u017cowanego i  Matki Bo\u017cej Bolesnej ul. Barci\u0144ska 60, 88\u2013170 Pako\u015b\u0107 \u2013 Kalwaria","potentialAction":[{"@type":"SearchAction","target":{"@type":"EntryPoint","urlTemplate":"https:\/\/pakosc-kalwaria.franciszkanie.net\/?s={search_term_string}"},"query-input":"required name=search_term_string"}],"inLanguage":"pl-PL"},{"@type":"ImageObject","@id":"https:\/\/pakosc-kalwaria.franciszkanie.net\/index.php\/2018\/07\/01\/sluga-boza-paulina-jaricot-zalozycielka-zywego-rozanca\/#primaryimage","inLanguage":"pl-PL","url":"https:\/\/pakosc-kalwaria.franciszkanie.net\/wp-content\/uploads\/2018\/01\/pauline.jpg","contentUrl":"https:\/\/pakosc-kalwaria.franciszkanie.net\/wp-content\/uploads\/2018\/01\/pauline.jpg","width":220,"height":264},{"@type":"WebPage","@id":"https:\/\/pakosc-kalwaria.franciszkanie.net\/index.php\/2018\/07\/01\/sluga-boza-paulina-jaricot-zalozycielka-zywego-rozanca\/#webpage","url":"https:\/\/pakosc-kalwaria.franciszkanie.net\/index.php\/2018\/07\/01\/sluga-boza-paulina-jaricot-zalozycielka-zywego-rozanca\/","name":"S\u0142uga Bo\u017ca Paulina Jaricot - za\u0142o\u017cycielka \u017bywego R\u00f3\u017ca\u0144ca - Pako\u015b\u0107 \u2013 Kalwaria","isPartOf":{"@id":"https:\/\/pakosc-kalwaria.franciszkanie.net\/#website"},"primaryImageOfPage":{"@id":"https:\/\/pakosc-kalwaria.franciszkanie.net\/index.php\/2018\/07\/01\/sluga-boza-paulina-jaricot-zalozycielka-zywego-rozanca\/#primaryimage"},"datePublished":"2018-07-01T09:30:25+00:00","dateModified":"2018-07-04T05:04:50+00:00","author":{"@id":"https:\/\/pakosc-kalwaria.franciszkanie.net\/#\/schema\/person\/af10b943be0760709227d060eadcb2aa"},"breadcrumb":{"@id":"https:\/\/pakosc-kalwaria.franciszkanie.net\/index.php\/2018\/07\/01\/sluga-boza-paulina-jaricot-zalozycielka-zywego-rozanca\/#breadcrumb"},"inLanguage":"pl-PL","potentialAction":[{"@type":"ReadAction","target":["https:\/\/pakosc-kalwaria.franciszkanie.net\/index.php\/2018\/07\/01\/sluga-boza-paulina-jaricot-zalozycielka-zywego-rozanca\/"]}]},{"@type":"BreadcrumbList","@id":"https:\/\/pakosc-kalwaria.franciszkanie.net\/index.php\/2018\/07\/01\/sluga-boza-paulina-jaricot-zalozycielka-zywego-rozanca\/#breadcrumb","itemListElement":[{"@type":"ListItem","position":1,"name":"Strona g\u0142\u00f3wna","item":"https:\/\/pakosc-kalwaria.franciszkanie.net\/"},{"@type":"ListItem","position":2,"name":"S\u0142uga Bo\u017ca Paulina Jaricot &#8211; za\u0142o\u017cycielka \u017bywego R\u00f3\u017ca\u0144ca"}]},{"@type":"Person","@id":"https:\/\/pakosc-kalwaria.franciszkanie.net\/#\/schema\/person\/af10b943be0760709227d060eadcb2aa","name":"pakosc-kalwaria","image":{"@type":"ImageObject","@id":"https:\/\/pakosc-kalwaria.franciszkanie.net\/#personlogo","inLanguage":"pl-PL","url":"https:\/\/secure.gravatar.com\/avatar\/e7049d338b55eac6a0027ff3218b8d02?s=96&d=mm&r=g","contentUrl":"https:\/\/secure.gravatar.com\/avatar\/e7049d338b55eac6a0027ff3218b8d02?s=96&d=mm&r=g","caption":"pakosc-kalwaria"},"sameAs":["https:\/\/www.facebook.com\/KalwariaPakosc\/"],"url":"https:\/\/pakosc-kalwaria.franciszkanie.net\/index.php\/author\/pakosc-kalwaria\/"}]}},"_links":{"self":[{"href":"https:\/\/pakosc-kalwaria.franciszkanie.net\/index.php\/wp-json\/wp\/v2\/posts\/4329"}],"collection":[{"href":"https:\/\/pakosc-kalwaria.franciszkanie.net\/index.php\/wp-json\/wp\/v2\/posts"}],"about":[{"href":"https:\/\/pakosc-kalwaria.franciszkanie.net\/index.php\/wp-json\/wp\/v2\/types\/post"}],"author":[{"embeddable":true,"href":"https:\/\/pakosc-kalwaria.franciszkanie.net\/index.php\/wp-json\/wp\/v2\/users\/2"}],"replies":[{"embeddable":true,"href":"https:\/\/pakosc-kalwaria.franciszkanie.net\/index.php\/wp-json\/wp\/v2\/comments?post=4329"}],"version-history":[{"count":3,"href":"https:\/\/pakosc-kalwaria.franciszkanie.net\/index.php\/wp-json\/wp\/v2\/posts\/4329\/revisions"}],"predecessor-version":[{"id":4333,"href":"https:\/\/pakosc-kalwaria.franciszkanie.net\/index.php\/wp-json\/wp\/v2\/posts\/4329\/revisions\/4333"}],"wp:featuredmedia":[{"embeddable":true,"href":"https:\/\/pakosc-kalwaria.franciszkanie.net\/index.php\/wp-json\/wp\/v2\/media\/4330"}],"wp:attachment":[{"href":"https:\/\/pakosc-kalwaria.franciszkanie.net\/index.php\/wp-json\/wp\/v2\/media?parent=4329"}],"wp:term":[{"taxonomy":"category","embeddable":true,"href":"https:\/\/pakosc-kalwaria.franciszkanie.net\/index.php\/wp-json\/wp\/v2\/categories?post=4329"},{"taxonomy":"post_tag","embeddable":true,"href":"https:\/\/pakosc-kalwaria.franciszkanie.net\/index.php\/wp-json\/wp\/v2\/tags?post=4329"}],"curies":[{"name":"wp","href":"https:\/\/api.w.org\/{rel}","templated":true}]}}