{"id":4335,"date":"2018-01-11T15:10:37","date_gmt":"2018-01-11T14:10:37","guid":{"rendered":"http:\/\/pakosc-kalwaria.franciszkanie.net\/?p=4335"},"modified":"2018-01-11T15:11:35","modified_gmt":"2018-01-11T14:11:35","slug":"oredzie-papieza-franciszka-swiatowy-dzien-migranta-uchodzcy-14-stycznia-2018","status":"publish","type":"post","link":"https:\/\/pakosc-kalwaria.franciszkanie.net\/index.php\/2018\/01\/11\/oredzie-papieza-franciszka-swiatowy-dzien-migranta-uchodzcy-14-stycznia-2018\/","title":{"rendered":"Or\u0119dzie Papie\u017ca Franciszka na \u015awiatowy Dzie\u0144 Migranta i Uchod\u017acy &#8211; 14 stycznia"},"content":{"rendered":"<p><strong>Przyjmowa\u0107, chroni\u0107, promowa\u0107 i integrowa\u0107 imigrant\u00f3w i uchod\u017ac\u00f3w.<\/strong><\/p>\n<p>Drodzy Bracia i Siostry!<\/p>\n<p>\u201ePrzybysza, kt\u00f3ry si\u0119 osiedli\u0142 w\u015br\u00f3d was, b\u0119dziecie uwa\u017ca\u0107 za obywatela. B\u0119dziesz go mi\u0142owa\u0142 jak siebie samego, bo i wy byli\u015bcie przybyszami w ziemi egipskiej. Ja jestem Pan, B\u00f3g wasz!\u201d (<em>Kp\u0142 <\/em>19,34).<\/p>\n<p>W pierwszych latach mojego pontyfikatu wielokrotnie wyra\u017ca\u0142em szczeg\u00f3lny niepok\u00f3j z powodu smutnej sytuacji wielu imigrant\u00f3w i uchod\u017ac\u00f3w uciekaj\u0105cych od wojny, prze\u015bladowa\u0144, kl\u0119sk \u017cywio\u0142owych i ub\u00f3stwa. Jest to niew\u0105tpliwie \u201eznak czas\u00f3w\u201d, kt\u00f3ry stara\u0142em si\u0119 odczyta\u0107, prosz\u0105c o \u015bwiat\u0142o Ducha \u015awi\u0119tego pocz\u0105wszy od mojej wizyty na Lampedusie 8 lipca 2013 roku. Ustanawiaj\u0105c now\u0105 Dykasteri\u0119 ds. Integralnego Rozwoju Ludzkiego chcia\u0142em aby szczeg\u00f3lna sekcja, umieszczona tymczasowo pod moim bezpo\u015brednim kierownictwem wyra\u017ca\u0142a trosk\u0119 Ko\u015bcio\u0142a wobec imigrant\u00f3w, os\u00f3b przesiedlonych, uchod\u017ac\u00f3w i ofiar handlu lud\u017ami.<\/p>\n<p>Ka\u017cdy cudzoziemiec, kt\u00f3ry puka do naszych drzwi jest okazj\u0105 do spotkania z Jezusem Chrystusem, uto\u017csamiaj\u0105cym si\u0119 z cudzoziemcem przyj\u0119tym lub odrzuconym ka\u017cdej epoki (por. <em>Mt<\/em> 25,35.43). Pan powierza macierzy\u0144skiej mi\u0142o\u015bci Ko\u015bcio\u0142a ka\u017cd\u0105 osob\u0119 ludzk\u0105 zmuszon\u0105 do opuszczenia swojej ojczyzny w poszukiwaniu lepszej przysz\u0142o\u015bci[1]. Troska taka musi by\u0107 wyra\u017cona w spos\u00f3b konkretny na ka\u017cdym etapie do\u015bwiadczenia migracyjnego: od wyruszenia w drog\u0119, od pocz\u0105tku do ko\u0144ca. To wielka odpowiedzialno\u015b\u0107, kt\u00f3r\u0105 Ko\u015bci\u00f3\u0142 pragnie dzieli\u0107 ze wszystkimi wierz\u0105cymi oraz lud\u017ami dobrej woli, kt\u00f3rzy s\u0105 powo\u0142ani do odpowiedzi na wiele wyzwa\u0144 stawianych przez wsp\u00f3\u0142czesn\u0105 migracj\u0119 z wielkoduszno\u015bci\u0105, skwapliwie, m\u0105drze i dalekowzrocznie, ka\u017cdy wed\u0142ug swoich mo\u017cliwo\u015bci.<\/p>\n<p>W tym kontek\u015bcie pragn\u0119 potwierdzi\u0107, \u017ce \u201enasza wsp\u00f3lna odpowied\u017a mog\u0142aby by\u0107 osnuta na czterech czasownikach: przyjmowa\u0107, chroni\u0107, promowa\u0107 i integrowa\u0107\u201d[2].<\/p>\n<p>Bior\u0105c pod uwag\u0119 obecny scenariusz, <em>przyj\u0119cie <\/em>oznacza przede wszystkim zapewnienie imigrantom i uchod\u017acom szerszych mo\u017cliwo\u015bci bezpiecznego i legalnego wjazdu do kraj\u00f3w przeznaczenia. W zwi\u0105zku z tym po\u017c\u0105dany jest konkretny wysi\u0142ek, by zwi\u0119kszy\u0107 i upro\u015bci\u0107 przyznawanie wiz humanitarnych oraz w celu \u0142\u0105czenia rodzin. Jednocze\u015bnie chcia\u0142bym, aby znacznie wi\u0119cej kraj\u00f3w przyj\u0119\u0142o programy sponsorowania prywatnego i wsp\u00f3lnotowego, otwieraj\u0105c korytarze humanitarne dla najbardziej nara\u017conych uchod\u017ac\u00f3w. Stosowne by\u0142oby mi\u0119dzy innymi zapewnienie specjalnych wiz tymczasowych dla os\u00f3b uciekaj\u0105cych przed konfliktami do kraj\u00f3w s\u0105siednich. Odpowiednim rozwi\u0105zaniem nie s\u0105 kolektywne i arbitralne wydalenia imigrant\u00f3w i uchod\u017ac\u00f3w, szczeg\u00f3lnie gdy s\u0105 one dokonywane do kraj\u00f3w, kt\u00f3re nie mog\u0105 im zagwarantowa\u0107 poszanowania godno\u015bci i praw podstawowych[3]. Raz jeszcze podkre\u015blam znaczenie zapewnienia imigrantom i uchod\u017acom odpowiedniego i godnego zakwaterowania. \u201eProgramy przyjmowania rozproszonego, ju\u017c realizowane w r\u00f3\u017cnych miejscowo\u015bciach, zdaj\u0105 si\u0119 natomiast u\u0142atwia\u0107 spotkanie osobowe, umo\u017cliwia\u0107 lepsz\u0105 jako\u015b\u0107 us\u0142ug i dawa\u0107 wi\u0119ksze gwarancje sukcesu\u201d[4]. Zasada centralnego miejsca osoby ludzkiej, mocno potwierdzona przez mojego umi\u0142owanego poprzednika Benedykta XVI[5], zobowi\u0105zuje nas do przedk\u0142adania zawsze bezpiecze\u0144stwa osobistego ponad bezpiecze\u0144stwo narodowe. W zwi\u0105zku z tym konieczne jest odpowiednie formowanie personelu odpowiedzialnego za kontrole graniczne. Sytuacja imigrant\u00f3w, ubiegaj\u0105cych si\u0119 o azyl i uchod\u017ac\u00f3w, wymaga, aby zapewniono im bezpiecze\u0144stwo osobiste i dost\u0119p do us\u0142ug podstawowych. W imi\u0119 fundamentalnej godno\u015bci ka\u017cdej osoby nale\u017cy podj\u0105\u0107 wysi\u0142ki, by opowiada\u0107 si\u0119 za \u015brodkami alternatywnymi wobec pozbawienia wolno\u015bci os\u00f3b, kt\u00f3re bez pozwolenia wkraczaj\u0105 na terytorium pa\u0144stwa[6].<\/p>\n<p>Drugi czasownik, <em>chroni\u0107<\/em>, wyra\u017ca si\u0119 w ca\u0142ej serii dzia\u0142a\u0144 w obronie praw i godno\u015bci imigrant\u00f3w i uchod\u017ac\u00f3w, niezale\u017cnie od ich <em>statusu<\/em> migracyjnego[7]. Taka ochrona zaczyna si\u0119 w ojczy\u017anie i polega na przedstawieniu pewnych i po\u015bwiadczonych informacji przed wyjazdem oraz ich ochronie przed praktykami nielegalnej rekrutacji[8]. Powinna by\u0107 ona kontynuowana, w miar\u0119 mo\u017cliwo\u015bci, w kraju imigracji, zapewniaj\u0105c imigrantom odpowiedni\u0105 pomoc konsularn\u0105, prawo do zachowywania zawsze przy sobie swoich dokument\u00f3w to\u017csamo\u015bci, r\u00f3wnego dost\u0119pu do wymiaru sprawiedliwo\u015bci, mo\u017cliwo\u015b\u0107 otwierania rachunk\u00f3w bankowych i gwarancj\u0119 minimalnego realnego utrzymania. Zdolno\u015bci i umiej\u0119tno\u015bci imigrant\u00f3w, os\u00f3b ubiegaj\u0105cych si\u0119 o azyl i uchod\u017ac\u00f3w, je\u015bli zostan\u0105 w\u0142a\u015bciwie rozpoznane i docenione, stanowi\u0105 prawdziwe bogactwo dla przyjmuj\u0105cych ich wsp\u00f3lnot[9]. Z tego wzgl\u0119du chcia\u0142bym, aby szanuj\u0105c ich godno\u015b\u0107 przyznawano im swobod\u0119 ruch\u00f3w w kraju przyjmuj\u0105cym, mo\u017cliwo\u015b\u0107 pracy oraz dost\u0119p do \u015brodk\u00f3w telekomunikacyjnych. Dla tych, kt\u00f3rzy decyduj\u0105 si\u0119 na powr\u00f3t do ojczyzny, podkre\u015blam stosowno\u015b\u0107 rozwijania program\u00f3w reintegracji zawodowej i spo\u0142ecznej. Mi\u0119dzynarodowa Konwencja Praw Dziecka stanowi uniwersaln\u0105 podstaw\u0119 prawn\u0105 dla ochrony imigruj\u0105cych niepe\u0142noletnich. Nale\u017cy unika\u0107 wobec nich jakiejkolwiek formy pozbawienia wolno\u015bci z powodu ich statusu migracyjnego. Trzeba natomiast zapewni\u0107 im\u00a0 regularny dost\u0119p do nauczania podstawowego i \u015bredniego. Podobnie, konieczne jest zapewnienie legalnego pobytu, a\u017c do osi\u0105gni\u0119cia pe\u0142noletnio\u015bci i mo\u017cliwo\u015bci kontynuowania nauki. Dla ma\u0142oletnich pozbawionych opieki lub oddzielonych od rodziny wa\u017cne jest zapewnienie program\u00f3w opieki tymczasowej\u00a0 lub opieki zast\u0119pczej[10]. Respektuj\u0105c powszechne prawo do obywatelstwa, powinno by\u0107 ono uznane i odpowiednio po\u015bwiadczone wszystkim ch\u0142opcom i dziewcz\u0119tom w chwili urodzenia. Stanowi bezpa\u0144stwowo\u015bci, w jakim znajduj\u0105 si\u0119 niekiedy imigranci i uchod\u017acy mo\u017cna \u0142atwo zapobiec poprzez \u201eustawodawstwo narodowe zgodne z podstawowymi zasadami prawa mi\u0119dzynarodowego\u201d[11]. Status migracyjny nie powinien ogranicza\u0107 dost\u0119pu do narodowych system\u00f3w opieki zdrowotnej i system\u00f3w emerytalnych, a tak\u017ce do przekazywania ich sk\u0142adek w przypadku repatriacji.<\/p>\n<p><em>Promowa\u0107 <\/em>to przede wszystkim stara\u0107 si\u0119, aby wszyscy migranci i uchod\u017acy, jak i spo\u0142eczno\u015bci, kt\u00f3re ich przyjmuj\u0105, byli w stanie realizowa\u0107 si\u0119 jako osoby we wszystkich wymiarach stanowi\u0105cych cz\u0142owiecze\u0144stwo wed\u0142ug planu Stw\u00f3rcy[12].\u00a0 Po\u015br\u00f3d tych wymiar\u00f3w nale\u017cy uzna\u0107 nale\u017cne znaczenie wymiaru religijnego,\u00a0 zapewniaj\u0105c wszystkim cudzoziemcom obecnym na danym terytorium swobod\u0119 wyznawania i praktykowania religii. Wielu uchod\u017ac\u00f3w i migrant\u00f3w posiada umiej\u0119tno\u015bci, kt\u00f3re nale\u017cy odpowiednio po\u015bwiadczy\u0107 i doceni\u0107.<\/p>\n<p>Poniewa\u017c \u201eludzka praca ze swej natury powinna narody jednoczy\u0107\u201d[13], zach\u0119cam do stara\u0144, by krzewiono integracj\u0119 spo\u0142eczn\u0105 i zawodow\u0105 migrant\u00f3w i uchod\u017ac\u00f3w, zapewniaj\u0105c wszystkim \u2013 w tym osobom ubiegaj\u0105cym si\u0119 o azyl \u2013 mo\u017cliwo\u015b\u0107 pracy, kurs\u00f3w j\u0119zykowych i aktywno\u015bci obywatelskiej a tak\u017ce odpowiedniej informacji w ich j\u0119zykach ojczystych. W przypadku migrant\u00f3w niepe\u0142noletnich, ich zaanga\u017cowanie w aktywno\u015b\u0107 pracownicz\u0105 musi by\u0107 regulowane, tak aby zapobiec wyzyskowi i zagro\u017ceniom dla ich prawid\u0142owego rozwoju. W 2006 roku, Benedykt XVI podkre\u015bli\u0142, \u017ce w kontek\u015bcie migracyjnym w rodzinie\u00a0 \u201ezawiera si\u0119 bogactwo kultury \u017cycia i przyczynia si\u0119 ona do integracji warto\u015bci\u201d[14]. Zawsze nale\u017cy wspiera\u0107 jej integracj\u0119, u\u0142atwiaj\u0105c \u0142\u0105czenie rodzin \u2013 w tym dziadk\u00f3w, rodze\u0144stwa i wnuk\u00f3w \u2013 nigdy nie uzale\u017cniaj\u0105c tego od wymaga\u0144 ekonomicznych. W odniesieniu do migrant\u00f3w, uchod\u017ac\u00f3w i azylant\u00f3w w sytuacjach niepe\u0142nosprawno\u015bci nale\u017cy zapewni\u0107 wi\u0119ksz\u0105 uwag\u0119 i wsparcie. Uznaj\u0105c wprawdzie godne pochwa\u0142y dotychczasowe wysi\u0142ki wielu kraj\u00f3w w zakresie wsp\u00f3\u0142pracy mi\u0119dzynarodowej i pomocy humanitarnej, pragn\u0119, by w rozdzielaniu takiej pomocy brano pod uwag\u0119 potrzeby (na przyk\u0142ad opieki medycznej i spo\u0142ecznej oraz edukacji) kraj\u00f3w rozwijaj\u0105cych si\u0119, przyjmuj\u0105cych ogromne strumienie uchod\u017ac\u00f3w i migrant\u00f3w oraz aby do adresat\u00f3w tej pomocy w\u0142\u0105czano podobnie spo\u0142eczno\u015bci lokalne znajduj\u0105ce si\u0119 w sytuacji niedostatku materialnego i s\u0142abo\u015bci[15].<\/p>\n<p>Ostatni czasownik, <em>integrowa\u0107<\/em>, nale\u017cy do poziomu szansy ubogacania mi\u0119dzykulturowego zrodzonego przez obecno\u015b\u0107 imigrant\u00f3w i uchod\u017ac\u00f3w. Integracja nie jest \u201easymilacj\u0105, kt\u00f3ra prowadzi do zniszczenia albo wymazania z pami\u0119ci w\u0142asnej to\u017csamo\u015bci kulturowej. Kontakt z drugim cz\u0142owiekiem pozwala raczej odkry\u0107 jego \u00absekret\u00bb, otworzy\u0107 si\u0119 na niego, aby przyj\u0105\u0107 to, co jest w nim warto\u015bciowe, a w ten spos\u00f3b przyczyni\u0107 si\u0119 do lepszego poznania ka\u017cdego. Jest to proces d\u0142ugotrwa\u0142y, kt\u00f3rego celem jest takie kszta\u0142towanie spo\u0142ecze\u0144stw i kultur, aby coraz bardziej stawa\u0142y si\u0119 odzwierciedleniem wielorakich dar\u00f3w, jakimi B\u00f3g obdarza ludzi\u201d[16]. Proces ten mo\u017cna przyspieszy\u0107 poprzez przyznanie obywatelstwa niezale\u017cnie od wymog\u00f3w ekonomicznych i j\u0119zykowych oraz nadzwyczajnej procedury regulowania w przypadku imigrant\u00f3w, kt\u00f3rzy mog\u0105 poszczyci\u0107 si\u0119 d\u0142ugim pobytem w kraju. I znowu k\u0142ad\u0119 nacisk na konieczno\u015b\u0107 krzewienia w mo\u017cliwie najlepszy spos\u00f3b kultury spotkania, mno\u017c\u0105c mo\u017cliwo\u015bci wymiany mi\u0119dzykulturowej, dokumentuj\u0105c i upowszechniaj\u0105c dobre praktyki integracji i rozwijaj\u0105c programy maj\u0105ce na celu przygotowanie spo\u0142eczno\u015bci lokalnych do proces\u00f3w integracyjnych. Chc\u0119 podkre\u015bli\u0107 szczeg\u00f3lny przypadek cudzoziemc\u00f3w zmuszonych do opuszczenia kraju imigracji z powodu kryzys\u00f3w humanitarnych. Osobom tym trzeba zapewni\u0107 odpowiednie wsparcie dla repatriacji i programy reintegracji pracowniczej w ojczy\u017anie.<\/p>\n<p>Zgodnie ze swoj\u0105 tradycj\u0105 duszpastersk\u0105, Ko\u015bci\u00f3\u0142 jest got\u00f3w aktywnie zaanga\u017cowa\u0107 si\u0119 w realizacj\u0119 wszystkich proponowanych powy\u017cej inicjatyw, ale aby uzyska\u0107 po\u017c\u0105dane rezultaty niezb\u0119dny jest wk\u0142ad wsp\u00f3lnoty politycznej oraz spo\u0142ecze\u0144stwa obywatelskiego, ka\u017cde zgodnie z w\u0142a\u015bciw\u0105 im odpowiedzialno\u015bci\u0105.<\/p>\n<p>Podczas szczytu Organizacji Narod\u00f3w Zjednoczonych, kt\u00f3ry odby\u0142 si\u0119 w Nowym Jorku 19 wrze\u015bnia 2016 r., przyw\u00f3dcy \u015bwiatowi jasno wyrazili gotowo\u015b\u0107 podejmowania wysi\u0142k\u00f3w na rzecz migrant\u00f3w i uchod\u017ac\u00f3w, aby ocali\u0107 ich \u017cycie i chroni\u0107 ich prawa, dziel\u0105c t\u0119 odpowiedzialno\u015b\u0107 na poziomie globalnym. W tym celu pa\u0144stwa cz\u0142onkowskie zobowi\u0105za\u0142y si\u0119 do sporz\u0105dzenia i zatwierdzenia do ko\u0144ca 2018 dw\u00f3ch um\u00f3w globalnych (<em>Global Compacts<\/em>), jednej po\u015bwi\u0119conej uchod\u017acom oraz jednej dotycz\u0105cej migrant\u00f3w.<\/p>\n<p>Drodzy bracia i siostry, w \u015bwietle uruchomienia tych proces\u00f3w najbli\u017csze miesi\u0105ce stanowi\u0105 doskona\u0142\u0105 okazj\u0105 do zaprezentowania i wspierania konkretnych dzia\u0142a\u0144, w kt\u00f3rych chcia\u0142em om\u00f3wi\u0107 cztery czasowniki. Zach\u0119cam was zatem do skorzystania z ka\u017cdej okazji, aby podzieli\u0107 si\u0119 tym or\u0119dziem ze wszystkimi uczestnikami \u017cycia politycznego i spo\u0142ecznego, kt\u00f3rzy s\u0105 zaanga\u017cowani \u2013 albo zainteresowani uczestnictwem \u2013 w procesie prowadz\u0105cym do zatwierdzenia dw\u00f3ch um\u00f3w globalnych.<\/p>\n<p>Dzisiaj, 15 sierpnia, obchodzimy uroczysto\u015b\u0107 Wniebowzi\u0119cia Naj\u015bwi\u0119tszej Maryi Panny. Matka Bo\u017ca do\u015bwiadczy\u0142a na sobie trud\u00f3w wygnania (por. <em>Mt <\/em>2,13-15), z mi\u0142o\u015bci\u0105 towarzyszy\u0142a drodze Syna a\u017c po Kalwari\u0119, a teraz uczestniczy na wieki w Jego chwale. Jej macierzy\u0144skiemu wstawiennictwu zawierzamy nadzieje wszystkich migrant\u00f3w i uchod\u017ac\u00f3w \u015bwiata oraz pragnienia przyjmuj\u0105cych ich wsp\u00f3lnot, aby\u015bmy wszyscy zgodnie z najwa\u017cniejszym przykazaniem Bo\u017cym nauczyli si\u0119 kocha\u0107 bli\u017aniego, obcego, jak siebie samego.<\/p>\n<p>Watykan, 15 sierpnia 2017<br \/>\nUroczysto\u015b\u0107 Wniebowzi\u0119cia Naj\u015bwi\u0119tszej Maryi Panny<br \/>\n<em><br \/>\nFranciszek<\/em><\/p>\n","protected":false},"excerpt":{"rendered":"<p>Przyjmowa\u0107, chroni\u0107, promowa\u0107 i integrowa\u0107 imigrant\u00f3w i uchod\u017ac\u00f3w. Drodzy Bracia i Siostry! \u201ePrzybysza, kt\u00f3ry si\u0119 osiedli\u0142 w\u015br\u00f3d was, b\u0119dziecie uwa\u017ca\u0107 za obywatela. B\u0119dziesz go mi\u0142owa\u0142 jak siebie samego, bo i wy byli\u015bcie przybyszami w ziemi egipskiej. Ja jestem Pan, B\u00f3g wasz!\u201d (Kp\u0142 19,34). W pierwszych latach mojego pontyfikatu wielokrotnie wyra\u017ca\u0142em szczeg\u00f3lny niepok\u00f3j z powodu smutnej &hellip;<\/p>\n","protected":false},"author":2,"featured_media":3498,"comment_status":"closed","ping_status":"open","sticky":false,"template":"","format":"standard","meta":{"_mi_skip_tracking":false,"_exactmetrics_sitenote_active":false,"_exactmetrics_sitenote_note":"","_exactmetrics_sitenote_category":0},"categories":[7],"tags":[],"yoast_head":"<!-- This site is optimized with the Yoast SEO plugin v18.1 - https:\/\/yoast.com\/wordpress\/plugins\/seo\/ -->\n<title>Or\u0119dzie Papie\u017ca Franciszka na \u015awiatowy Dzie\u0144 Migranta i Uchod\u017acy - 14 stycznia - Pako\u015b\u0107 \u2013 Kalwaria<\/title>\n<meta name=\"robots\" content=\"index, follow, max-snippet:-1, max-image-preview:large, max-video-preview:-1\" \/>\n<link rel=\"canonical\" href=\"https:\/\/pakosc-kalwaria.franciszkanie.net\/index.php\/2018\/01\/11\/oredzie-papieza-franciszka-swiatowy-dzien-migranta-uchodzcy-14-stycznia-2018\/\" \/>\n<meta property=\"og:locale\" content=\"pl_PL\" \/>\n<meta property=\"og:type\" content=\"article\" \/>\n<meta property=\"og:title\" content=\"Or\u0119dzie Papie\u017ca Franciszka na \u015awiatowy Dzie\u0144 Migranta i Uchod\u017acy - 14 stycznia - Pako\u015b\u0107 \u2013 Kalwaria\" \/>\n<meta property=\"og:description\" content=\"Przyjmowa\u0107, chroni\u0107, promowa\u0107 i integrowa\u0107 imigrant\u00f3w i uchod\u017ac\u00f3w. Drodzy Bracia i Siostry! \u201ePrzybysza, kt\u00f3ry si\u0119 osiedli\u0142 w\u015br\u00f3d was, b\u0119dziecie uwa\u017ca\u0107 za obywatela. B\u0119dziesz go mi\u0142owa\u0142 jak siebie samego, bo i wy byli\u015bcie przybyszami w ziemi egipskiej. Ja jestem Pan, B\u00f3g wasz!\u201d (Kp\u0142 19,34). W pierwszych latach mojego pontyfikatu wielokrotnie wyra\u017ca\u0142em szczeg\u00f3lny niepok\u00f3j z powodu smutnej &hellip;\" \/>\n<meta property=\"og:url\" content=\"https:\/\/pakosc-kalwaria.franciszkanie.net\/index.php\/2018\/01\/11\/oredzie-papieza-franciszka-swiatowy-dzien-migranta-uchodzcy-14-stycznia-2018\/\" \/>\n<meta property=\"og:site_name\" content=\"Pako\u015b\u0107 \u2013 Kalwaria\" \/>\n<meta property=\"article:author\" content=\"https:\/\/www.facebook.com\/KalwariaPakosc\/\" \/>\n<meta property=\"article:published_time\" content=\"2018-01-11T14:10:37+00:00\" \/>\n<meta property=\"article:modified_time\" content=\"2018-01-11T14:11:35+00:00\" \/>\n<meta property=\"og:image\" content=\"https:\/\/pakosc-kalwaria.franciszkanie.net\/wp-content\/uploads\/2017\/10\/Oredzie-pap-Franciszka.jpg\" \/>\n\t<meta property=\"og:image:width\" content=\"400\" \/>\n\t<meta property=\"og:image:height\" content=\"253\" \/>\n\t<meta property=\"og:image:type\" content=\"image\/jpeg\" \/>\n<meta name=\"twitter:card\" content=\"summary\" \/>\n<meta name=\"twitter:label1\" content=\"Napisane przez\" \/>\n\t<meta name=\"twitter:data1\" content=\"pakosc-kalwaria\" \/>\n\t<meta name=\"twitter:label2\" content=\"Szacowany czas czytania\" \/>\n\t<meta name=\"twitter:data2\" content=\"9 minut\" \/>\n<script type=\"application\/ld+json\" class=\"yoast-schema-graph\">{\"@context\":\"https:\/\/schema.org\",\"@graph\":[{\"@type\":\"WebSite\",\"@id\":\"https:\/\/pakosc-kalwaria.franciszkanie.net\/#website\",\"url\":\"https:\/\/pakosc-kalwaria.franciszkanie.net\/\",\"name\":\"Pako\u015b\u0107 \u2013 Kalwaria\",\"description\":\"Parafia Rzymsko \u2013 Katolicka p.w. Pana Jezusa Ukrzy\u017cowanego i  Matki Bo\u017cej Bolesnej ul. Barci\u0144ska 60, 88\u2013170 Pako\u015b\u0107 \u2013 Kalwaria\",\"potentialAction\":[{\"@type\":\"SearchAction\",\"target\":{\"@type\":\"EntryPoint\",\"urlTemplate\":\"https:\/\/pakosc-kalwaria.franciszkanie.net\/?s={search_term_string}\"},\"query-input\":\"required name=search_term_string\"}],\"inLanguage\":\"pl-PL\"},{\"@type\":\"ImageObject\",\"@id\":\"https:\/\/pakosc-kalwaria.franciszkanie.net\/index.php\/2018\/01\/11\/oredzie-papieza-franciszka-swiatowy-dzien-migranta-uchodzcy-14-stycznia-2018\/#primaryimage\",\"inLanguage\":\"pl-PL\",\"url\":\"https:\/\/pakosc-kalwaria.franciszkanie.net\/wp-content\/uploads\/2017\/10\/Oredzie-pap-Franciszka.jpg\",\"contentUrl\":\"https:\/\/pakosc-kalwaria.franciszkanie.net\/wp-content\/uploads\/2017\/10\/Oredzie-pap-Franciszka.jpg\",\"width\":400,\"height\":253},{\"@type\":\"WebPage\",\"@id\":\"https:\/\/pakosc-kalwaria.franciszkanie.net\/index.php\/2018\/01\/11\/oredzie-papieza-franciszka-swiatowy-dzien-migranta-uchodzcy-14-stycznia-2018\/#webpage\",\"url\":\"https:\/\/pakosc-kalwaria.franciszkanie.net\/index.php\/2018\/01\/11\/oredzie-papieza-franciszka-swiatowy-dzien-migranta-uchodzcy-14-stycznia-2018\/\",\"name\":\"Or\u0119dzie Papie\u017ca Franciszka na \u015awiatowy Dzie\u0144 Migranta i Uchod\u017acy - 14 stycznia - Pako\u015b\u0107 \u2013 Kalwaria\",\"isPartOf\":{\"@id\":\"https:\/\/pakosc-kalwaria.franciszkanie.net\/#website\"},\"primaryImageOfPage\":{\"@id\":\"https:\/\/pakosc-kalwaria.franciszkanie.net\/index.php\/2018\/01\/11\/oredzie-papieza-franciszka-swiatowy-dzien-migranta-uchodzcy-14-stycznia-2018\/#primaryimage\"},\"datePublished\":\"2018-01-11T14:10:37+00:00\",\"dateModified\":\"2018-01-11T14:11:35+00:00\",\"author\":{\"@id\":\"https:\/\/pakosc-kalwaria.franciszkanie.net\/#\/schema\/person\/af10b943be0760709227d060eadcb2aa\"},\"breadcrumb\":{\"@id\":\"https:\/\/pakosc-kalwaria.franciszkanie.net\/index.php\/2018\/01\/11\/oredzie-papieza-franciszka-swiatowy-dzien-migranta-uchodzcy-14-stycznia-2018\/#breadcrumb\"},\"inLanguage\":\"pl-PL\",\"potentialAction\":[{\"@type\":\"ReadAction\",\"target\":[\"https:\/\/pakosc-kalwaria.franciszkanie.net\/index.php\/2018\/01\/11\/oredzie-papieza-franciszka-swiatowy-dzien-migranta-uchodzcy-14-stycznia-2018\/\"]}]},{\"@type\":\"BreadcrumbList\",\"@id\":\"https:\/\/pakosc-kalwaria.franciszkanie.net\/index.php\/2018\/01\/11\/oredzie-papieza-franciszka-swiatowy-dzien-migranta-uchodzcy-14-stycznia-2018\/#breadcrumb\",\"itemListElement\":[{\"@type\":\"ListItem\",\"position\":1,\"name\":\"Strona g\u0142\u00f3wna\",\"item\":\"https:\/\/pakosc-kalwaria.franciszkanie.net\/\"},{\"@type\":\"ListItem\",\"position\":2,\"name\":\"Or\u0119dzie Papie\u017ca Franciszka na \u015awiatowy Dzie\u0144 Migranta i Uchod\u017acy &#8211; 14 stycznia\"}]},{\"@type\":\"Person\",\"@id\":\"https:\/\/pakosc-kalwaria.franciszkanie.net\/#\/schema\/person\/af10b943be0760709227d060eadcb2aa\",\"name\":\"pakosc-kalwaria\",\"image\":{\"@type\":\"ImageObject\",\"@id\":\"https:\/\/pakosc-kalwaria.franciszkanie.net\/#personlogo\",\"inLanguage\":\"pl-PL\",\"url\":\"https:\/\/secure.gravatar.com\/avatar\/e7049d338b55eac6a0027ff3218b8d02?s=96&d=mm&r=g\",\"contentUrl\":\"https:\/\/secure.gravatar.com\/avatar\/e7049d338b55eac6a0027ff3218b8d02?s=96&d=mm&r=g\",\"caption\":\"pakosc-kalwaria\"},\"sameAs\":[\"https:\/\/www.facebook.com\/KalwariaPakosc\/\"],\"url\":\"https:\/\/pakosc-kalwaria.franciszkanie.net\/index.php\/author\/pakosc-kalwaria\/\"}]}<\/script>\n<!-- \/ Yoast SEO plugin. -->","yoast_head_json":{"title":"Or\u0119dzie Papie\u017ca Franciszka na \u015awiatowy Dzie\u0144 Migranta i Uchod\u017acy - 14 stycznia - Pako\u015b\u0107 \u2013 Kalwaria","robots":{"index":"index","follow":"follow","max-snippet":"max-snippet:-1","max-image-preview":"max-image-preview:large","max-video-preview":"max-video-preview:-1"},"canonical":"https:\/\/pakosc-kalwaria.franciszkanie.net\/index.php\/2018\/01\/11\/oredzie-papieza-franciszka-swiatowy-dzien-migranta-uchodzcy-14-stycznia-2018\/","og_locale":"pl_PL","og_type":"article","og_title":"Or\u0119dzie Papie\u017ca Franciszka na \u015awiatowy Dzie\u0144 Migranta i Uchod\u017acy - 14 stycznia - Pako\u015b\u0107 \u2013 Kalwaria","og_description":"Przyjmowa\u0107, chroni\u0107, promowa\u0107 i integrowa\u0107 imigrant\u00f3w i uchod\u017ac\u00f3w. Drodzy Bracia i Siostry! \u201ePrzybysza, kt\u00f3ry si\u0119 osiedli\u0142 w\u015br\u00f3d was, b\u0119dziecie uwa\u017ca\u0107 za obywatela. B\u0119dziesz go mi\u0142owa\u0142 jak siebie samego, bo i wy byli\u015bcie przybyszami w ziemi egipskiej. Ja jestem Pan, B\u00f3g wasz!\u201d (Kp\u0142 19,34). W pierwszych latach mojego pontyfikatu wielokrotnie wyra\u017ca\u0142em szczeg\u00f3lny niepok\u00f3j z powodu smutnej &hellip;","og_url":"https:\/\/pakosc-kalwaria.franciszkanie.net\/index.php\/2018\/01\/11\/oredzie-papieza-franciszka-swiatowy-dzien-migranta-uchodzcy-14-stycznia-2018\/","og_site_name":"Pako\u015b\u0107 \u2013 Kalwaria","article_author":"https:\/\/www.facebook.com\/KalwariaPakosc\/","article_published_time":"2018-01-11T14:10:37+00:00","article_modified_time":"2018-01-11T14:11:35+00:00","og_image":[{"width":400,"height":253,"url":"https:\/\/pakosc-kalwaria.franciszkanie.net\/wp-content\/uploads\/2017\/10\/Oredzie-pap-Franciszka.jpg","type":"image\/jpeg"}],"twitter_card":"summary","twitter_misc":{"Napisane przez":"pakosc-kalwaria","Szacowany czas czytania":"9 minut"},"schema":{"@context":"https:\/\/schema.org","@graph":[{"@type":"WebSite","@id":"https:\/\/pakosc-kalwaria.franciszkanie.net\/#website","url":"https:\/\/pakosc-kalwaria.franciszkanie.net\/","name":"Pako\u015b\u0107 \u2013 Kalwaria","description":"Parafia Rzymsko \u2013 Katolicka p.w. Pana Jezusa Ukrzy\u017cowanego i  Matki Bo\u017cej Bolesnej ul. Barci\u0144ska 60, 88\u2013170 Pako\u015b\u0107 \u2013 Kalwaria","potentialAction":[{"@type":"SearchAction","target":{"@type":"EntryPoint","urlTemplate":"https:\/\/pakosc-kalwaria.franciszkanie.net\/?s={search_term_string}"},"query-input":"required name=search_term_string"}],"inLanguage":"pl-PL"},{"@type":"ImageObject","@id":"https:\/\/pakosc-kalwaria.franciszkanie.net\/index.php\/2018\/01\/11\/oredzie-papieza-franciszka-swiatowy-dzien-migranta-uchodzcy-14-stycznia-2018\/#primaryimage","inLanguage":"pl-PL","url":"https:\/\/pakosc-kalwaria.franciszkanie.net\/wp-content\/uploads\/2017\/10\/Oredzie-pap-Franciszka.jpg","contentUrl":"https:\/\/pakosc-kalwaria.franciszkanie.net\/wp-content\/uploads\/2017\/10\/Oredzie-pap-Franciszka.jpg","width":400,"height":253},{"@type":"WebPage","@id":"https:\/\/pakosc-kalwaria.franciszkanie.net\/index.php\/2018\/01\/11\/oredzie-papieza-franciszka-swiatowy-dzien-migranta-uchodzcy-14-stycznia-2018\/#webpage","url":"https:\/\/pakosc-kalwaria.franciszkanie.net\/index.php\/2018\/01\/11\/oredzie-papieza-franciszka-swiatowy-dzien-migranta-uchodzcy-14-stycznia-2018\/","name":"Or\u0119dzie Papie\u017ca Franciszka na \u015awiatowy Dzie\u0144 Migranta i Uchod\u017acy - 14 stycznia - Pako\u015b\u0107 \u2013 Kalwaria","isPartOf":{"@id":"https:\/\/pakosc-kalwaria.franciszkanie.net\/#website"},"primaryImageOfPage":{"@id":"https:\/\/pakosc-kalwaria.franciszkanie.net\/index.php\/2018\/01\/11\/oredzie-papieza-franciszka-swiatowy-dzien-migranta-uchodzcy-14-stycznia-2018\/#primaryimage"},"datePublished":"2018-01-11T14:10:37+00:00","dateModified":"2018-01-11T14:11:35+00:00","author":{"@id":"https:\/\/pakosc-kalwaria.franciszkanie.net\/#\/schema\/person\/af10b943be0760709227d060eadcb2aa"},"breadcrumb":{"@id":"https:\/\/pakosc-kalwaria.franciszkanie.net\/index.php\/2018\/01\/11\/oredzie-papieza-franciszka-swiatowy-dzien-migranta-uchodzcy-14-stycznia-2018\/#breadcrumb"},"inLanguage":"pl-PL","potentialAction":[{"@type":"ReadAction","target":["https:\/\/pakosc-kalwaria.franciszkanie.net\/index.php\/2018\/01\/11\/oredzie-papieza-franciszka-swiatowy-dzien-migranta-uchodzcy-14-stycznia-2018\/"]}]},{"@type":"BreadcrumbList","@id":"https:\/\/pakosc-kalwaria.franciszkanie.net\/index.php\/2018\/01\/11\/oredzie-papieza-franciszka-swiatowy-dzien-migranta-uchodzcy-14-stycznia-2018\/#breadcrumb","itemListElement":[{"@type":"ListItem","position":1,"name":"Strona g\u0142\u00f3wna","item":"https:\/\/pakosc-kalwaria.franciszkanie.net\/"},{"@type":"ListItem","position":2,"name":"Or\u0119dzie Papie\u017ca Franciszka na \u015awiatowy Dzie\u0144 Migranta i Uchod\u017acy &#8211; 14 stycznia"}]},{"@type":"Person","@id":"https:\/\/pakosc-kalwaria.franciszkanie.net\/#\/schema\/person\/af10b943be0760709227d060eadcb2aa","name":"pakosc-kalwaria","image":{"@type":"ImageObject","@id":"https:\/\/pakosc-kalwaria.franciszkanie.net\/#personlogo","inLanguage":"pl-PL","url":"https:\/\/secure.gravatar.com\/avatar\/e7049d338b55eac6a0027ff3218b8d02?s=96&d=mm&r=g","contentUrl":"https:\/\/secure.gravatar.com\/avatar\/e7049d338b55eac6a0027ff3218b8d02?s=96&d=mm&r=g","caption":"pakosc-kalwaria"},"sameAs":["https:\/\/www.facebook.com\/KalwariaPakosc\/"],"url":"https:\/\/pakosc-kalwaria.franciszkanie.net\/index.php\/author\/pakosc-kalwaria\/"}]}},"_links":{"self":[{"href":"https:\/\/pakosc-kalwaria.franciszkanie.net\/index.php\/wp-json\/wp\/v2\/posts\/4335"}],"collection":[{"href":"https:\/\/pakosc-kalwaria.franciszkanie.net\/index.php\/wp-json\/wp\/v2\/posts"}],"about":[{"href":"https:\/\/pakosc-kalwaria.franciszkanie.net\/index.php\/wp-json\/wp\/v2\/types\/post"}],"author":[{"embeddable":true,"href":"https:\/\/pakosc-kalwaria.franciszkanie.net\/index.php\/wp-json\/wp\/v2\/users\/2"}],"replies":[{"embeddable":true,"href":"https:\/\/pakosc-kalwaria.franciszkanie.net\/index.php\/wp-json\/wp\/v2\/comments?post=4335"}],"version-history":[{"count":4,"href":"https:\/\/pakosc-kalwaria.franciszkanie.net\/index.php\/wp-json\/wp\/v2\/posts\/4335\/revisions"}],"predecessor-version":[{"id":4339,"href":"https:\/\/pakosc-kalwaria.franciszkanie.net\/index.php\/wp-json\/wp\/v2\/posts\/4335\/revisions\/4339"}],"wp:featuredmedia":[{"embeddable":true,"href":"https:\/\/pakosc-kalwaria.franciszkanie.net\/index.php\/wp-json\/wp\/v2\/media\/3498"}],"wp:attachment":[{"href":"https:\/\/pakosc-kalwaria.franciszkanie.net\/index.php\/wp-json\/wp\/v2\/media?parent=4335"}],"wp:term":[{"taxonomy":"category","embeddable":true,"href":"https:\/\/pakosc-kalwaria.franciszkanie.net\/index.php\/wp-json\/wp\/v2\/categories?post=4335"},{"taxonomy":"post_tag","embeddable":true,"href":"https:\/\/pakosc-kalwaria.franciszkanie.net\/index.php\/wp-json\/wp\/v2\/tags?post=4335"}],"curies":[{"name":"wp","href":"https:\/\/api.w.org\/{rel}","templated":true}]}}