{"id":4344,"date":"2018-01-14T16:00:44","date_gmt":"2018-01-14T15:00:44","guid":{"rendered":"http:\/\/pakosc-kalwaria.franciszkanie.net\/?p=4344"},"modified":"2018-01-26T11:57:57","modified_gmt":"2018-01-26T10:57:57","slug":"orkiestra-dzien-babci-dziadka-21-stycznia","status":"publish","type":"post","link":"https:\/\/pakosc-kalwaria.franciszkanie.net\/index.php\/2018\/01\/14\/orkiestra-dzien-babci-dziadka-21-stycznia\/","title":{"rendered":"Orkiestra z Piechcina na Dzie\u0144 Babci i Dziadka \u2013 21 stycznia"},"content":{"rendered":"<p><strong><span style=\"color: #ff0000;\">W niedziel\u0119 21 stycznia o 11.00<\/span> zapraszamy na Wzg\u00f3rze Kalwaryjskie Babcie i Dziadk\u00f3w wraz ze swoimi rodzinami.<\/strong> <strong>W czasie uroczystej Mszy \u015bw. modli\u0107 si\u0119 b\u0119dziemy zar\u00f3wno za \u017cyj\u0105cych jak i zmar\u0142ych naszych Dziadk\u00f3w i Babcie.<\/strong> <strong>Uroczysto\u015b\u0107 u\u015bwietni <span style=\"color: #ff0000;\">Regionalna Orkiestra Kujawy z Piechcina pod batut\u0105 kapelmistrza Ireneusza Kocika.\u00a0<\/span><\/strong><\/p>\n<p><strong>Pismo \u015bwi\u0119te<\/strong> o ludziach w podesz\u0142ym wieku m\u00f3wi z powa\u017caniem i szacunkiem. D\u0142ugowieczno\u015b\u0107 to znak Bo\u017cego b\u0142ogos\u0142awie\u0144stwa i \u0142aski. Starsi ukazani s\u0105 w Pi\u015bmie \u015bw. jako ludzie, kt\u00f3rych B\u00f3g kocha, z kt\u00f3rymi rozmawia, kt\u00f3rych powo\u0142uje i kt\u00f3rym wyznacza wa\u017cne zadania oraz na kt\u00f3rych bardzo liczy. Biblia uczy, \u017ce siwe w\u0142osy zas\u0142uguj\u0105 na szacunek, a dzieci powinny pomaga\u0107 rodzicom w podesz\u0142ym wieku.<br \/>\n<strong>\u015aw. Jan Pawe\u0142 II<\/strong> w Li\u015bcie do ludzi w podesz\u0142ym wieku napisa\u0142 w 1999r., \u017ce sam b\u0119d\u0105c osob\u0105 starsz\u0105, mimo ogranicze\u0144 wieku bardzo wysoko ceni sobie \u017cycie, umie si\u0119 nim cieszy\u0107 i dzi\u0119kuje za nie Bogu. \u201ePi\u0119knie jest s\u0142u\u017cy\u0107, a\u017c do ko\u0144ca sprawie Kr\u00f3lestwa Bo\u017cego\u201d. \u017byczy\u0142 tak\u017ce, aby ludzie starsi godnie prze\u017cyli lata, kt\u00f3re B\u00f3g w swojej dobroci i opatrzno\u015bci im przeznaczy\u0142.<\/p>\n<p><strong>Tego r\u00f3wnie\u017c \u017cycz\u0105 wszystkim Babciom i wszystkim Dziadkom, Bracia Mniejsi Franciszkanie z Pako\u015bci \u2013 Kalwarii,\u00a0 zapewniaj\u0105c o modlitwie oraz zapraszaj\u0105c na Msz\u0119 \u015bw. w niedziel\u0119 21 stycznia o godz. 11.00 na Kalwaryjskie Wzg\u00f3rze.<\/strong><\/p>\n","protected":false},"excerpt":{"rendered":"<p>W niedziel\u0119 21 stycznia o 11.00 zapraszamy na Wzg\u00f3rze Kalwaryjskie Babcie i Dziadk\u00f3w wraz ze swoimi rodzinami. W czasie uroczystej Mszy \u015bw. modli\u0107 si\u0119 b\u0119dziemy zar\u00f3wno za \u017cyj\u0105cych jak i zmar\u0142ych naszych Dziadk\u00f3w i Babcie. Uroczysto\u015b\u0107 u\u015bwietni Regionalna Orkiestra Kujawy z Piechcina pod batut\u0105 kapelmistrza Ireneusza Kocika.\u00a0 Pismo \u015bwi\u0119te o ludziach w podesz\u0142ym wieku m\u00f3wi &hellip;<\/p>\n","protected":false},"author":2,"featured_media":4346,"comment_status":"closed","ping_status":"open","sticky":false,"template":"","format":"standard","meta":{"_mi_skip_tracking":false,"_exactmetrics_sitenote_active":false,"_exactmetrics_sitenote_note":"","_exactmetrics_sitenote_category":0},"categories":[5,1],"tags":[],"yoast_head":"<!-- This site is optimized with the Yoast SEO plugin v18.1 - https:\/\/yoast.com\/wordpress\/plugins\/seo\/ -->\n<title>Orkiestra z Piechcina na Dzie\u0144 Babci i Dziadka \u2013 21 stycznia - Pako\u015b\u0107 \u2013 Kalwaria<\/title>\n<meta name=\"robots\" content=\"index, follow, max-snippet:-1, max-image-preview:large, max-video-preview:-1\" \/>\n<link rel=\"canonical\" href=\"https:\/\/pakosc-kalwaria.franciszkanie.net\/index.php\/2018\/01\/14\/orkiestra-dzien-babci-dziadka-21-stycznia\/\" \/>\n<meta property=\"og:locale\" content=\"pl_PL\" \/>\n<meta property=\"og:type\" content=\"article\" \/>\n<meta property=\"og:title\" content=\"Orkiestra z Piechcina na Dzie\u0144 Babci i Dziadka \u2013 21 stycznia - Pako\u015b\u0107 \u2013 Kalwaria\" \/>\n<meta property=\"og:description\" content=\"W niedziel\u0119 21 stycznia o 11.00 zapraszamy na Wzg\u00f3rze Kalwaryjskie Babcie i Dziadk\u00f3w wraz ze swoimi rodzinami. W czasie uroczystej Mszy \u015bw. modli\u0107 si\u0119 b\u0119dziemy zar\u00f3wno za \u017cyj\u0105cych jak i zmar\u0142ych naszych Dziadk\u00f3w i Babcie. Uroczysto\u015b\u0107 u\u015bwietni Regionalna Orkiestra Kujawy z Piechcina pod batut\u0105 kapelmistrza Ireneusza Kocika.\u00a0 Pismo \u015bwi\u0119te o ludziach w podesz\u0142ym wieku m\u00f3wi &hellip;\" \/>\n<meta property=\"og:url\" content=\"https:\/\/pakosc-kalwaria.franciszkanie.net\/index.php\/2018\/01\/14\/orkiestra-dzien-babci-dziadka-21-stycznia\/\" \/>\n<meta property=\"og:site_name\" content=\"Pako\u015b\u0107 \u2013 Kalwaria\" \/>\n<meta property=\"article:author\" content=\"https:\/\/www.facebook.com\/KalwariaPakosc\/\" \/>\n<meta property=\"article:published_time\" content=\"2018-01-14T15:00:44+00:00\" \/>\n<meta property=\"article:modified_time\" content=\"2018-01-26T10:57:57+00:00\" \/>\n<meta property=\"og:image\" content=\"https:\/\/pakosc-kalwaria.franciszkanie.net\/wp-content\/uploads\/2018\/01\/orginal_837aae98e17e4b328d7a3e50635ef0a6-1.jpg\" \/>\n\t<meta property=\"og:image:width\" content=\"320\" \/>\n\t<meta property=\"og:image:height\" content=\"212\" \/>\n\t<meta property=\"og:image:type\" content=\"image\/jpeg\" \/>\n<meta name=\"twitter:card\" content=\"summary\" \/>\n<meta name=\"twitter:label1\" content=\"Napisane przez\" \/>\n\t<meta name=\"twitter:data1\" content=\"pakosc-kalwaria\" \/>\n\t<meta name=\"twitter:label2\" content=\"Szacowany czas czytania\" \/>\n\t<meta name=\"twitter:data2\" content=\"1 minuta\" \/>\n<script type=\"application\/ld+json\" class=\"yoast-schema-graph\">{\"@context\":\"https:\/\/schema.org\",\"@graph\":[{\"@type\":\"WebSite\",\"@id\":\"https:\/\/pakosc-kalwaria.franciszkanie.net\/#website\",\"url\":\"https:\/\/pakosc-kalwaria.franciszkanie.net\/\",\"name\":\"Pako\u015b\u0107 \u2013 Kalwaria\",\"description\":\"Parafia Rzymsko \u2013 Katolicka p.w. Pana Jezusa Ukrzy\u017cowanego i  Matki Bo\u017cej Bolesnej ul. Barci\u0144ska 60, 88\u2013170 Pako\u015b\u0107 \u2013 Kalwaria\",\"potentialAction\":[{\"@type\":\"SearchAction\",\"target\":{\"@type\":\"EntryPoint\",\"urlTemplate\":\"https:\/\/pakosc-kalwaria.franciszkanie.net\/?s={search_term_string}\"},\"query-input\":\"required name=search_term_string\"}],\"inLanguage\":\"pl-PL\"},{\"@type\":\"ImageObject\",\"@id\":\"https:\/\/pakosc-kalwaria.franciszkanie.net\/index.php\/2018\/01\/14\/orkiestra-dzien-babci-dziadka-21-stycznia\/#primaryimage\",\"inLanguage\":\"pl-PL\",\"url\":\"https:\/\/pakosc-kalwaria.franciszkanie.net\/wp-content\/uploads\/2018\/01\/orginal_837aae98e17e4b328d7a3e50635ef0a6-1.jpg\",\"contentUrl\":\"https:\/\/pakosc-kalwaria.franciszkanie.net\/wp-content\/uploads\/2018\/01\/orginal_837aae98e17e4b328d7a3e50635ef0a6-1.jpg\",\"width\":320,\"height\":212},{\"@type\":\"WebPage\",\"@id\":\"https:\/\/pakosc-kalwaria.franciszkanie.net\/index.php\/2018\/01\/14\/orkiestra-dzien-babci-dziadka-21-stycznia\/#webpage\",\"url\":\"https:\/\/pakosc-kalwaria.franciszkanie.net\/index.php\/2018\/01\/14\/orkiestra-dzien-babci-dziadka-21-stycznia\/\",\"name\":\"Orkiestra z Piechcina na Dzie\u0144 Babci i Dziadka \u2013 21 stycznia - Pako\u015b\u0107 \u2013 Kalwaria\",\"isPartOf\":{\"@id\":\"https:\/\/pakosc-kalwaria.franciszkanie.net\/#website\"},\"primaryImageOfPage\":{\"@id\":\"https:\/\/pakosc-kalwaria.franciszkanie.net\/index.php\/2018\/01\/14\/orkiestra-dzien-babci-dziadka-21-stycznia\/#primaryimage\"},\"datePublished\":\"2018-01-14T15:00:44+00:00\",\"dateModified\":\"2018-01-26T10:57:57+00:00\",\"author\":{\"@id\":\"https:\/\/pakosc-kalwaria.franciszkanie.net\/#\/schema\/person\/af10b943be0760709227d060eadcb2aa\"},\"breadcrumb\":{\"@id\":\"https:\/\/pakosc-kalwaria.franciszkanie.net\/index.php\/2018\/01\/14\/orkiestra-dzien-babci-dziadka-21-stycznia\/#breadcrumb\"},\"inLanguage\":\"pl-PL\",\"potentialAction\":[{\"@type\":\"ReadAction\",\"target\":[\"https:\/\/pakosc-kalwaria.franciszkanie.net\/index.php\/2018\/01\/14\/orkiestra-dzien-babci-dziadka-21-stycznia\/\"]}]},{\"@type\":\"BreadcrumbList\",\"@id\":\"https:\/\/pakosc-kalwaria.franciszkanie.net\/index.php\/2018\/01\/14\/orkiestra-dzien-babci-dziadka-21-stycznia\/#breadcrumb\",\"itemListElement\":[{\"@type\":\"ListItem\",\"position\":1,\"name\":\"Strona g\u0142\u00f3wna\",\"item\":\"https:\/\/pakosc-kalwaria.franciszkanie.net\/\"},{\"@type\":\"ListItem\",\"position\":2,\"name\":\"Orkiestra z Piechcina na Dzie\u0144 Babci i Dziadka \u2013 21 stycznia\"}]},{\"@type\":\"Person\",\"@id\":\"https:\/\/pakosc-kalwaria.franciszkanie.net\/#\/schema\/person\/af10b943be0760709227d060eadcb2aa\",\"name\":\"pakosc-kalwaria\",\"image\":{\"@type\":\"ImageObject\",\"@id\":\"https:\/\/pakosc-kalwaria.franciszkanie.net\/#personlogo\",\"inLanguage\":\"pl-PL\",\"url\":\"https:\/\/secure.gravatar.com\/avatar\/e7049d338b55eac6a0027ff3218b8d02?s=96&d=mm&r=g\",\"contentUrl\":\"https:\/\/secure.gravatar.com\/avatar\/e7049d338b55eac6a0027ff3218b8d02?s=96&d=mm&r=g\",\"caption\":\"pakosc-kalwaria\"},\"sameAs\":[\"https:\/\/www.facebook.com\/KalwariaPakosc\/\"],\"url\":\"https:\/\/pakosc-kalwaria.franciszkanie.net\/index.php\/author\/pakosc-kalwaria\/\"}]}<\/script>\n<!-- \/ Yoast SEO plugin. -->","yoast_head_json":{"title":"Orkiestra z Piechcina na Dzie\u0144 Babci i Dziadka \u2013 21 stycznia - Pako\u015b\u0107 \u2013 Kalwaria","robots":{"index":"index","follow":"follow","max-snippet":"max-snippet:-1","max-image-preview":"max-image-preview:large","max-video-preview":"max-video-preview:-1"},"canonical":"https:\/\/pakosc-kalwaria.franciszkanie.net\/index.php\/2018\/01\/14\/orkiestra-dzien-babci-dziadka-21-stycznia\/","og_locale":"pl_PL","og_type":"article","og_title":"Orkiestra z Piechcina na Dzie\u0144 Babci i Dziadka \u2013 21 stycznia - Pako\u015b\u0107 \u2013 Kalwaria","og_description":"W niedziel\u0119 21 stycznia o 11.00 zapraszamy na Wzg\u00f3rze Kalwaryjskie Babcie i Dziadk\u00f3w wraz ze swoimi rodzinami. W czasie uroczystej Mszy \u015bw. modli\u0107 si\u0119 b\u0119dziemy zar\u00f3wno za \u017cyj\u0105cych jak i zmar\u0142ych naszych Dziadk\u00f3w i Babcie. Uroczysto\u015b\u0107 u\u015bwietni Regionalna Orkiestra Kujawy z Piechcina pod batut\u0105 kapelmistrza Ireneusza Kocika.\u00a0 Pismo \u015bwi\u0119te o ludziach w podesz\u0142ym wieku m\u00f3wi &hellip;","og_url":"https:\/\/pakosc-kalwaria.franciszkanie.net\/index.php\/2018\/01\/14\/orkiestra-dzien-babci-dziadka-21-stycznia\/","og_site_name":"Pako\u015b\u0107 \u2013 Kalwaria","article_author":"https:\/\/www.facebook.com\/KalwariaPakosc\/","article_published_time":"2018-01-14T15:00:44+00:00","article_modified_time":"2018-01-26T10:57:57+00:00","og_image":[{"width":320,"height":212,"url":"https:\/\/pakosc-kalwaria.franciszkanie.net\/wp-content\/uploads\/2018\/01\/orginal_837aae98e17e4b328d7a3e50635ef0a6-1.jpg","type":"image\/jpeg"}],"twitter_card":"summary","twitter_misc":{"Napisane przez":"pakosc-kalwaria","Szacowany czas czytania":"1 minuta"},"schema":{"@context":"https:\/\/schema.org","@graph":[{"@type":"WebSite","@id":"https:\/\/pakosc-kalwaria.franciszkanie.net\/#website","url":"https:\/\/pakosc-kalwaria.franciszkanie.net\/","name":"Pako\u015b\u0107 \u2013 Kalwaria","description":"Parafia Rzymsko \u2013 Katolicka p.w. Pana Jezusa Ukrzy\u017cowanego i  Matki Bo\u017cej Bolesnej ul. Barci\u0144ska 60, 88\u2013170 Pako\u015b\u0107 \u2013 Kalwaria","potentialAction":[{"@type":"SearchAction","target":{"@type":"EntryPoint","urlTemplate":"https:\/\/pakosc-kalwaria.franciszkanie.net\/?s={search_term_string}"},"query-input":"required name=search_term_string"}],"inLanguage":"pl-PL"},{"@type":"ImageObject","@id":"https:\/\/pakosc-kalwaria.franciszkanie.net\/index.php\/2018\/01\/14\/orkiestra-dzien-babci-dziadka-21-stycznia\/#primaryimage","inLanguage":"pl-PL","url":"https:\/\/pakosc-kalwaria.franciszkanie.net\/wp-content\/uploads\/2018\/01\/orginal_837aae98e17e4b328d7a3e50635ef0a6-1.jpg","contentUrl":"https:\/\/pakosc-kalwaria.franciszkanie.net\/wp-content\/uploads\/2018\/01\/orginal_837aae98e17e4b328d7a3e50635ef0a6-1.jpg","width":320,"height":212},{"@type":"WebPage","@id":"https:\/\/pakosc-kalwaria.franciszkanie.net\/index.php\/2018\/01\/14\/orkiestra-dzien-babci-dziadka-21-stycznia\/#webpage","url":"https:\/\/pakosc-kalwaria.franciszkanie.net\/index.php\/2018\/01\/14\/orkiestra-dzien-babci-dziadka-21-stycznia\/","name":"Orkiestra z Piechcina na Dzie\u0144 Babci i Dziadka \u2013 21 stycznia - Pako\u015b\u0107 \u2013 Kalwaria","isPartOf":{"@id":"https:\/\/pakosc-kalwaria.franciszkanie.net\/#website"},"primaryImageOfPage":{"@id":"https:\/\/pakosc-kalwaria.franciszkanie.net\/index.php\/2018\/01\/14\/orkiestra-dzien-babci-dziadka-21-stycznia\/#primaryimage"},"datePublished":"2018-01-14T15:00:44+00:00","dateModified":"2018-01-26T10:57:57+00:00","author":{"@id":"https:\/\/pakosc-kalwaria.franciszkanie.net\/#\/schema\/person\/af10b943be0760709227d060eadcb2aa"},"breadcrumb":{"@id":"https:\/\/pakosc-kalwaria.franciszkanie.net\/index.php\/2018\/01\/14\/orkiestra-dzien-babci-dziadka-21-stycznia\/#breadcrumb"},"inLanguage":"pl-PL","potentialAction":[{"@type":"ReadAction","target":["https:\/\/pakosc-kalwaria.franciszkanie.net\/index.php\/2018\/01\/14\/orkiestra-dzien-babci-dziadka-21-stycznia\/"]}]},{"@type":"BreadcrumbList","@id":"https:\/\/pakosc-kalwaria.franciszkanie.net\/index.php\/2018\/01\/14\/orkiestra-dzien-babci-dziadka-21-stycznia\/#breadcrumb","itemListElement":[{"@type":"ListItem","position":1,"name":"Strona g\u0142\u00f3wna","item":"https:\/\/pakosc-kalwaria.franciszkanie.net\/"},{"@type":"ListItem","position":2,"name":"Orkiestra z Piechcina na Dzie\u0144 Babci i Dziadka \u2013 21 stycznia"}]},{"@type":"Person","@id":"https:\/\/pakosc-kalwaria.franciszkanie.net\/#\/schema\/person\/af10b943be0760709227d060eadcb2aa","name":"pakosc-kalwaria","image":{"@type":"ImageObject","@id":"https:\/\/pakosc-kalwaria.franciszkanie.net\/#personlogo","inLanguage":"pl-PL","url":"https:\/\/secure.gravatar.com\/avatar\/e7049d338b55eac6a0027ff3218b8d02?s=96&d=mm&r=g","contentUrl":"https:\/\/secure.gravatar.com\/avatar\/e7049d338b55eac6a0027ff3218b8d02?s=96&d=mm&r=g","caption":"pakosc-kalwaria"},"sameAs":["https:\/\/www.facebook.com\/KalwariaPakosc\/"],"url":"https:\/\/pakosc-kalwaria.franciszkanie.net\/index.php\/author\/pakosc-kalwaria\/"}]}},"_links":{"self":[{"href":"https:\/\/pakosc-kalwaria.franciszkanie.net\/index.php\/wp-json\/wp\/v2\/posts\/4344"}],"collection":[{"href":"https:\/\/pakosc-kalwaria.franciszkanie.net\/index.php\/wp-json\/wp\/v2\/posts"}],"about":[{"href":"https:\/\/pakosc-kalwaria.franciszkanie.net\/index.php\/wp-json\/wp\/v2\/types\/post"}],"author":[{"embeddable":true,"href":"https:\/\/pakosc-kalwaria.franciszkanie.net\/index.php\/wp-json\/wp\/v2\/users\/2"}],"replies":[{"embeddable":true,"href":"https:\/\/pakosc-kalwaria.franciszkanie.net\/index.php\/wp-json\/wp\/v2\/comments?post=4344"}],"version-history":[{"count":2,"href":"https:\/\/pakosc-kalwaria.franciszkanie.net\/index.php\/wp-json\/wp\/v2\/posts\/4344\/revisions"}],"predecessor-version":[{"id":4352,"href":"https:\/\/pakosc-kalwaria.franciszkanie.net\/index.php\/wp-json\/wp\/v2\/posts\/4344\/revisions\/4352"}],"wp:featuredmedia":[{"embeddable":true,"href":"https:\/\/pakosc-kalwaria.franciszkanie.net\/index.php\/wp-json\/wp\/v2\/media\/4346"}],"wp:attachment":[{"href":"https:\/\/pakosc-kalwaria.franciszkanie.net\/index.php\/wp-json\/wp\/v2\/media?parent=4344"}],"wp:term":[{"taxonomy":"category","embeddable":true,"href":"https:\/\/pakosc-kalwaria.franciszkanie.net\/index.php\/wp-json\/wp\/v2\/categories?post=4344"},{"taxonomy":"post_tag","embeddable":true,"href":"https:\/\/pakosc-kalwaria.franciszkanie.net\/index.php\/wp-json\/wp\/v2\/tags?post=4344"}],"curies":[{"name":"wp","href":"https:\/\/api.w.org\/{rel}","templated":true}]}}