{"id":4353,"date":"2018-01-13T09:00:17","date_gmt":"2018-01-13T08:00:17","guid":{"rendered":"http:\/\/pakosc-kalwaria.franciszkanie.net\/?p=4353"},"modified":"2018-01-12T11:46:42","modified_gmt":"2018-01-12T10:46:42","slug":"intencje-mszalne-14-01-21-01-2018r","status":"publish","type":"post","link":"https:\/\/pakosc-kalwaria.franciszkanie.net\/index.php\/2018\/01\/13\/intencje-mszalne-14-01-21-01-2018r\/","title":{"rendered":"Intencje mszalne 14.01. &#8211; 21.01.2018r."},"content":{"rendered":"<p><strong><em><u><span style=\"color: #ff0000;\">II Niedziela Zwyk\u0142a\u00a0 &#8211;\u00a0 14.01.2018r.<\/span><br \/>\n<\/u><\/em><\/strong><strong><span style=\"color: #ff0000;\">9.00\u00a0<\/span> \u00a0 1\/ Za + o. Szymona Sulkowskiego \u2013 int od rodziny Milewskich<br \/>\n2\/ Z pro\u015bb\u0105 o opiek\u0119 Matki Bo\u017cej, potrzebne \u0142aski i szcz\u0119\u015bliwe dorastanie dla Wiktorii w 5 Rocznic\u0119 Urodzin<br \/>\n<span style=\"color: #ff0000;\">11.00<\/span> 1\/ Za ++ Aleksandr\u0119 i Jana Atraszkiewicz oraz ++ Ann\u0119 i Andrzeja Cichych<br \/>\n2\/ Za + Jadwig\u0119 Bubnowsk\u0105 (14)<\/p>\n<p><\/strong><strong><em><u><span style=\"color: #008000;\">Poniedzia\u0142ek\u00a0 &#8211;\u00a0 15.01.2018r.<\/span><br \/>\n<\/u><\/em><\/strong><strong>17.00\u00a0 1\/ Za + Jerzego Lewandowskiego w 3 r. \u015bmierci \u2013 int. od \u017cony, dzieci i wnuk\u00f3w<br \/>\n2\/ Za + Jadwig\u0119 Bubnowsk\u0105 (15)<\/p>\n<p><\/strong><span style=\"color: #ff0000;\"><strong><em><u>Wtorek \u2013 16.01.2018r.<\/u><\/em><\/strong><\/span><strong><em><span style=\"color: #ff0000;\"> \u00a0&#8211; \u015bwi\u0119to\u00a0 \u015bwi\u0119tych Berarda i Towarzyszy, pierwszych m\u0119czennik\u00f3w franciszka\u0144skich<\/span><br \/>\n<\/em><\/strong><span style=\"color: #ff0000;\"><strong>17.00\u00a0 1\/ Za + o. Szymona Sulkowskiego (1) \u2013 gregorianka<\/strong><\/span><strong><br \/>\n2\/ Za + Jadwig\u0119 Bubnowsk\u0105 (16)<\/p>\n<p><\/strong><span style=\"color: #008000;\"><strong><em><u>\u015aroda \u00a0&#8211; 17.01.2018r.<\/u><\/em><\/strong><\/span><strong><em><span style=\"color: #008000;\"> &#8211; wspomnienie \u015bw. Antoniego, opata<\/span><br \/>\n<\/em><\/strong><strong>17.00 \u00a01\/ Za + o. Szymona Sulkowskiego (2)<br \/>\n2\/ Za + Jadwig\u0119 Bubnowsk\u0105 (17)<\/p>\n<p><\/strong><span style=\"color: #008000;\"><strong><em><u>Czwartek &#8211; \u00a018.01.2018r<\/u><\/em><\/strong><\/span><strong><em><span style=\"color: #008000;\">.<\/span><br \/>\n<\/em><\/strong><span style=\"color: #ff0000;\"><strong>17.00 1\/ W intencji budowniczych \u017c\u0142obka i za ich Rodziny<\/strong><\/span><strong><br \/>\n2\/ Za + o. Szymona Sulkowskiego (3)<br \/>\n3\/ Za + Jadwig\u0119 Bubnowsk\u0105 (18)<\/p>\n<p><\/strong><span style=\"color: #008000;\"><strong><em><u>Pi\u0105tek \u2013 19.01.2018r.<\/u><\/em><\/strong> <\/span><strong><em><span style=\"color: #008000;\">\u2013 wspomnienie \u015bw. J\u00f3zefa Pelczara, biskupa<\/span><br \/>\n<\/em><\/strong><strong><span style=\"color: #ff0000;\">17.00 1\/ W intencjach zbiorowych do Bo\u017cego Mi\u0142osierdzia oraz za + o. Szymona Sulkowskiego \u2013 int. od uczestnik\u00f3w pogrzebu<\/span><br \/>\n2\/ Za + o. Szymona Sulkowskiego (4)<br \/>\n3\/ Za + Jadwig\u0119 Bubnowsk\u0105 (19)<\/p>\n<p><\/strong><span style=\"color: #008000;\"><strong><em><u>Sobota &#8211; 20.01.2018r.<\/u><\/em><\/strong><\/span><strong><em><u><span style=\"color: #008000;\"> \u00a0<\/span><br \/>\n<\/u><\/em><\/strong><strong>17.00 1\/ Za + o. Szymona Sulkowskiego (5)<br \/>\n2\/ Za + Jadwig\u0119 Bubnowsk\u0105 (20)<\/p>\n<p><\/strong><strong><em><u><span style=\"color: #ff0000;\">III Niedziela Zwyk\u0142a\u00a0 &#8211;\u00a0 21.01.2017r.<\/span><br \/>\n<\/u><\/em><\/strong><strong><span style=\"color: #ff0000;\">9.00\u00a0<\/span> \u00a0 1\/ Za + Jana Szymborskiego \u2013 int. od mamy<br \/>\n2\/ Za + Jadwig\u0119 Bubnowsk\u0105 (21)<br \/>\n<span style=\"color: #ff0000;\">11.00\u00a0 1\/ Za Babcie i Dziadk\u00f3w z okazji Dnia Babci i Dnia Dziadka<\/span><br \/>\n2\/ Za + Andrzeja Marchewka \u2013 int. od s\u0105siad\u00f3w z Rad\u0142owa<br \/>\n3\/ Za + o. Szymona Sulkowskiego (6) \u00a0 <\/strong><\/p>\n","protected":false},"excerpt":{"rendered":"<p>II Niedziela Zwyk\u0142a\u00a0 &#8211;\u00a0 14.01.2018r. 9.00\u00a0 \u00a0 1\/ Za + o. Szymona Sulkowskiego \u2013 int od rodziny Milewskich 2\/ Z pro\u015bb\u0105 o opiek\u0119 Matki Bo\u017cej, potrzebne \u0142aski i szcz\u0119\u015bliwe dorastanie dla Wiktorii w 5 Rocznic\u0119 Urodzin 11.00 1\/ Za ++ Aleksandr\u0119 i Jana Atraszkiewicz oraz ++ Ann\u0119 i Andrzeja Cichych 2\/ Za + Jadwig\u0119 Bubnowsk\u0105 &hellip;<\/p>\n","protected":false},"author":2,"featured_media":4354,"comment_status":"closed","ping_status":"open","sticky":false,"template":"","format":"standard","meta":{"_mi_skip_tracking":false,"_exactmetrics_sitenote_active":false,"_exactmetrics_sitenote_note":"","_exactmetrics_sitenote_category":0},"categories":[6],"tags":[],"yoast_head":"<!-- This site is optimized with the Yoast SEO plugin v18.1 - https:\/\/yoast.com\/wordpress\/plugins\/seo\/ -->\n<title>Intencje mszalne 14.01. - 21.01.2018r. - Pako\u015b\u0107 \u2013 Kalwaria<\/title>\n<meta name=\"robots\" content=\"index, follow, max-snippet:-1, max-image-preview:large, max-video-preview:-1\" \/>\n<link rel=\"canonical\" href=\"https:\/\/pakosc-kalwaria.franciszkanie.net\/index.php\/2018\/01\/13\/intencje-mszalne-14-01-21-01-2018r\/\" \/>\n<meta property=\"og:locale\" content=\"pl_PL\" \/>\n<meta property=\"og:type\" content=\"article\" \/>\n<meta property=\"og:title\" content=\"Intencje mszalne 14.01. - 21.01.2018r. - Pako\u015b\u0107 \u2013 Kalwaria\" \/>\n<meta property=\"og:description\" content=\"II Niedziela Zwyk\u0142a\u00a0 &#8211;\u00a0 14.01.2018r. 9.00\u00a0 \u00a0 1\/ Za + o. Szymona Sulkowskiego \u2013 int od rodziny Milewskich 2\/ Z pro\u015bb\u0105 o opiek\u0119 Matki Bo\u017cej, potrzebne \u0142aski i szcz\u0119\u015bliwe dorastanie dla Wiktorii w 5 Rocznic\u0119 Urodzin 11.00 1\/ Za ++ Aleksandr\u0119 i Jana Atraszkiewicz oraz ++ Ann\u0119 i Andrzeja Cichych 2\/ Za + Jadwig\u0119 Bubnowsk\u0105 &hellip;\" \/>\n<meta property=\"og:url\" content=\"https:\/\/pakosc-kalwaria.franciszkanie.net\/index.php\/2018\/01\/13\/intencje-mszalne-14-01-21-01-2018r\/\" \/>\n<meta property=\"og:site_name\" content=\"Pako\u015b\u0107 \u2013 Kalwaria\" \/>\n<meta property=\"article:author\" content=\"https:\/\/www.facebook.com\/KalwariaPakosc\/\" \/>\n<meta property=\"article:published_time\" content=\"2018-01-13T08:00:17+00:00\" \/>\n<meta property=\"article:modified_time\" content=\"2018-01-12T10:46:42+00:00\" \/>\n<meta property=\"og:image\" content=\"https:\/\/pakosc-kalwaria.franciszkanie.net\/wp-content\/uploads\/2018\/01\/Rok-2018-Intencje-mszlane.jpg\" \/>\n\t<meta property=\"og:image:width\" content=\"300\" \/>\n\t<meta property=\"og:image:height\" content=\"246\" \/>\n\t<meta property=\"og:image:type\" content=\"image\/jpeg\" \/>\n<meta name=\"twitter:card\" content=\"summary\" \/>\n<meta name=\"twitter:label1\" content=\"Napisane przez\" \/>\n\t<meta name=\"twitter:data1\" content=\"pakosc-kalwaria\" \/>\n\t<meta name=\"twitter:label2\" content=\"Szacowany czas czytania\" \/>\n\t<meta name=\"twitter:data2\" content=\"1 minuta\" \/>\n<script type=\"application\/ld+json\" class=\"yoast-schema-graph\">{\"@context\":\"https:\/\/schema.org\",\"@graph\":[{\"@type\":\"WebSite\",\"@id\":\"https:\/\/pakosc-kalwaria.franciszkanie.net\/#website\",\"url\":\"https:\/\/pakosc-kalwaria.franciszkanie.net\/\",\"name\":\"Pako\u015b\u0107 \u2013 Kalwaria\",\"description\":\"Parafia Rzymsko \u2013 Katolicka p.w. Pana Jezusa Ukrzy\u017cowanego i  Matki Bo\u017cej Bolesnej ul. Barci\u0144ska 60, 88\u2013170 Pako\u015b\u0107 \u2013 Kalwaria\",\"potentialAction\":[{\"@type\":\"SearchAction\",\"target\":{\"@type\":\"EntryPoint\",\"urlTemplate\":\"https:\/\/pakosc-kalwaria.franciszkanie.net\/?s={search_term_string}\"},\"query-input\":\"required name=search_term_string\"}],\"inLanguage\":\"pl-PL\"},{\"@type\":\"ImageObject\",\"@id\":\"https:\/\/pakosc-kalwaria.franciszkanie.net\/index.php\/2018\/01\/13\/intencje-mszalne-14-01-21-01-2018r\/#primaryimage\",\"inLanguage\":\"pl-PL\",\"url\":\"https:\/\/pakosc-kalwaria.franciszkanie.net\/wp-content\/uploads\/2018\/01\/Rok-2018-Intencje-mszlane.jpg\",\"contentUrl\":\"https:\/\/pakosc-kalwaria.franciszkanie.net\/wp-content\/uploads\/2018\/01\/Rok-2018-Intencje-mszlane.jpg\",\"width\":300,\"height\":246},{\"@type\":\"WebPage\",\"@id\":\"https:\/\/pakosc-kalwaria.franciszkanie.net\/index.php\/2018\/01\/13\/intencje-mszalne-14-01-21-01-2018r\/#webpage\",\"url\":\"https:\/\/pakosc-kalwaria.franciszkanie.net\/index.php\/2018\/01\/13\/intencje-mszalne-14-01-21-01-2018r\/\",\"name\":\"Intencje mszalne 14.01. - 21.01.2018r. - Pako\u015b\u0107 \u2013 Kalwaria\",\"isPartOf\":{\"@id\":\"https:\/\/pakosc-kalwaria.franciszkanie.net\/#website\"},\"primaryImageOfPage\":{\"@id\":\"https:\/\/pakosc-kalwaria.franciszkanie.net\/index.php\/2018\/01\/13\/intencje-mszalne-14-01-21-01-2018r\/#primaryimage\"},\"datePublished\":\"2018-01-13T08:00:17+00:00\",\"dateModified\":\"2018-01-12T10:46:42+00:00\",\"author\":{\"@id\":\"https:\/\/pakosc-kalwaria.franciszkanie.net\/#\/schema\/person\/af10b943be0760709227d060eadcb2aa\"},\"breadcrumb\":{\"@id\":\"https:\/\/pakosc-kalwaria.franciszkanie.net\/index.php\/2018\/01\/13\/intencje-mszalne-14-01-21-01-2018r\/#breadcrumb\"},\"inLanguage\":\"pl-PL\",\"potentialAction\":[{\"@type\":\"ReadAction\",\"target\":[\"https:\/\/pakosc-kalwaria.franciszkanie.net\/index.php\/2018\/01\/13\/intencje-mszalne-14-01-21-01-2018r\/\"]}]},{\"@type\":\"BreadcrumbList\",\"@id\":\"https:\/\/pakosc-kalwaria.franciszkanie.net\/index.php\/2018\/01\/13\/intencje-mszalne-14-01-21-01-2018r\/#breadcrumb\",\"itemListElement\":[{\"@type\":\"ListItem\",\"position\":1,\"name\":\"Strona g\u0142\u00f3wna\",\"item\":\"https:\/\/pakosc-kalwaria.franciszkanie.net\/\"},{\"@type\":\"ListItem\",\"position\":2,\"name\":\"Intencje mszalne 14.01. &#8211; 21.01.2018r.\"}]},{\"@type\":\"Person\",\"@id\":\"https:\/\/pakosc-kalwaria.franciszkanie.net\/#\/schema\/person\/af10b943be0760709227d060eadcb2aa\",\"name\":\"pakosc-kalwaria\",\"image\":{\"@type\":\"ImageObject\",\"@id\":\"https:\/\/pakosc-kalwaria.franciszkanie.net\/#personlogo\",\"inLanguage\":\"pl-PL\",\"url\":\"https:\/\/secure.gravatar.com\/avatar\/e7049d338b55eac6a0027ff3218b8d02?s=96&d=mm&r=g\",\"contentUrl\":\"https:\/\/secure.gravatar.com\/avatar\/e7049d338b55eac6a0027ff3218b8d02?s=96&d=mm&r=g\",\"caption\":\"pakosc-kalwaria\"},\"sameAs\":[\"https:\/\/www.facebook.com\/KalwariaPakosc\/\"],\"url\":\"https:\/\/pakosc-kalwaria.franciszkanie.net\/index.php\/author\/pakosc-kalwaria\/\"}]}<\/script>\n<!-- \/ Yoast SEO plugin. -->","yoast_head_json":{"title":"Intencje mszalne 14.01. - 21.01.2018r. - Pako\u015b\u0107 \u2013 Kalwaria","robots":{"index":"index","follow":"follow","max-snippet":"max-snippet:-1","max-image-preview":"max-image-preview:large","max-video-preview":"max-video-preview:-1"},"canonical":"https:\/\/pakosc-kalwaria.franciszkanie.net\/index.php\/2018\/01\/13\/intencje-mszalne-14-01-21-01-2018r\/","og_locale":"pl_PL","og_type":"article","og_title":"Intencje mszalne 14.01. - 21.01.2018r. - Pako\u015b\u0107 \u2013 Kalwaria","og_description":"II Niedziela Zwyk\u0142a\u00a0 &#8211;\u00a0 14.01.2018r. 9.00\u00a0 \u00a0 1\/ Za + o. Szymona Sulkowskiego \u2013 int od rodziny Milewskich 2\/ Z pro\u015bb\u0105 o opiek\u0119 Matki Bo\u017cej, potrzebne \u0142aski i szcz\u0119\u015bliwe dorastanie dla Wiktorii w 5 Rocznic\u0119 Urodzin 11.00 1\/ Za ++ Aleksandr\u0119 i Jana Atraszkiewicz oraz ++ Ann\u0119 i Andrzeja Cichych 2\/ Za + Jadwig\u0119 Bubnowsk\u0105 &hellip;","og_url":"https:\/\/pakosc-kalwaria.franciszkanie.net\/index.php\/2018\/01\/13\/intencje-mszalne-14-01-21-01-2018r\/","og_site_name":"Pako\u015b\u0107 \u2013 Kalwaria","article_author":"https:\/\/www.facebook.com\/KalwariaPakosc\/","article_published_time":"2018-01-13T08:00:17+00:00","article_modified_time":"2018-01-12T10:46:42+00:00","og_image":[{"width":300,"height":246,"url":"https:\/\/pakosc-kalwaria.franciszkanie.net\/wp-content\/uploads\/2018\/01\/Rok-2018-Intencje-mszlane.jpg","type":"image\/jpeg"}],"twitter_card":"summary","twitter_misc":{"Napisane przez":"pakosc-kalwaria","Szacowany czas czytania":"1 minuta"},"schema":{"@context":"https:\/\/schema.org","@graph":[{"@type":"WebSite","@id":"https:\/\/pakosc-kalwaria.franciszkanie.net\/#website","url":"https:\/\/pakosc-kalwaria.franciszkanie.net\/","name":"Pako\u015b\u0107 \u2013 Kalwaria","description":"Parafia Rzymsko \u2013 Katolicka p.w. Pana Jezusa Ukrzy\u017cowanego i  Matki Bo\u017cej Bolesnej ul. Barci\u0144ska 60, 88\u2013170 Pako\u015b\u0107 \u2013 Kalwaria","potentialAction":[{"@type":"SearchAction","target":{"@type":"EntryPoint","urlTemplate":"https:\/\/pakosc-kalwaria.franciszkanie.net\/?s={search_term_string}"},"query-input":"required name=search_term_string"}],"inLanguage":"pl-PL"},{"@type":"ImageObject","@id":"https:\/\/pakosc-kalwaria.franciszkanie.net\/index.php\/2018\/01\/13\/intencje-mszalne-14-01-21-01-2018r\/#primaryimage","inLanguage":"pl-PL","url":"https:\/\/pakosc-kalwaria.franciszkanie.net\/wp-content\/uploads\/2018\/01\/Rok-2018-Intencje-mszlane.jpg","contentUrl":"https:\/\/pakosc-kalwaria.franciszkanie.net\/wp-content\/uploads\/2018\/01\/Rok-2018-Intencje-mszlane.jpg","width":300,"height":246},{"@type":"WebPage","@id":"https:\/\/pakosc-kalwaria.franciszkanie.net\/index.php\/2018\/01\/13\/intencje-mszalne-14-01-21-01-2018r\/#webpage","url":"https:\/\/pakosc-kalwaria.franciszkanie.net\/index.php\/2018\/01\/13\/intencje-mszalne-14-01-21-01-2018r\/","name":"Intencje mszalne 14.01. - 21.01.2018r. - Pako\u015b\u0107 \u2013 Kalwaria","isPartOf":{"@id":"https:\/\/pakosc-kalwaria.franciszkanie.net\/#website"},"primaryImageOfPage":{"@id":"https:\/\/pakosc-kalwaria.franciszkanie.net\/index.php\/2018\/01\/13\/intencje-mszalne-14-01-21-01-2018r\/#primaryimage"},"datePublished":"2018-01-13T08:00:17+00:00","dateModified":"2018-01-12T10:46:42+00:00","author":{"@id":"https:\/\/pakosc-kalwaria.franciszkanie.net\/#\/schema\/person\/af10b943be0760709227d060eadcb2aa"},"breadcrumb":{"@id":"https:\/\/pakosc-kalwaria.franciszkanie.net\/index.php\/2018\/01\/13\/intencje-mszalne-14-01-21-01-2018r\/#breadcrumb"},"inLanguage":"pl-PL","potentialAction":[{"@type":"ReadAction","target":["https:\/\/pakosc-kalwaria.franciszkanie.net\/index.php\/2018\/01\/13\/intencje-mszalne-14-01-21-01-2018r\/"]}]},{"@type":"BreadcrumbList","@id":"https:\/\/pakosc-kalwaria.franciszkanie.net\/index.php\/2018\/01\/13\/intencje-mszalne-14-01-21-01-2018r\/#breadcrumb","itemListElement":[{"@type":"ListItem","position":1,"name":"Strona g\u0142\u00f3wna","item":"https:\/\/pakosc-kalwaria.franciszkanie.net\/"},{"@type":"ListItem","position":2,"name":"Intencje mszalne 14.01. &#8211; 21.01.2018r."}]},{"@type":"Person","@id":"https:\/\/pakosc-kalwaria.franciszkanie.net\/#\/schema\/person\/af10b943be0760709227d060eadcb2aa","name":"pakosc-kalwaria","image":{"@type":"ImageObject","@id":"https:\/\/pakosc-kalwaria.franciszkanie.net\/#personlogo","inLanguage":"pl-PL","url":"https:\/\/secure.gravatar.com\/avatar\/e7049d338b55eac6a0027ff3218b8d02?s=96&d=mm&r=g","contentUrl":"https:\/\/secure.gravatar.com\/avatar\/e7049d338b55eac6a0027ff3218b8d02?s=96&d=mm&r=g","caption":"pakosc-kalwaria"},"sameAs":["https:\/\/www.facebook.com\/KalwariaPakosc\/"],"url":"https:\/\/pakosc-kalwaria.franciszkanie.net\/index.php\/author\/pakosc-kalwaria\/"}]}},"_links":{"self":[{"href":"https:\/\/pakosc-kalwaria.franciszkanie.net\/index.php\/wp-json\/wp\/v2\/posts\/4353"}],"collection":[{"href":"https:\/\/pakosc-kalwaria.franciszkanie.net\/index.php\/wp-json\/wp\/v2\/posts"}],"about":[{"href":"https:\/\/pakosc-kalwaria.franciszkanie.net\/index.php\/wp-json\/wp\/v2\/types\/post"}],"author":[{"embeddable":true,"href":"https:\/\/pakosc-kalwaria.franciszkanie.net\/index.php\/wp-json\/wp\/v2\/users\/2"}],"replies":[{"embeddable":true,"href":"https:\/\/pakosc-kalwaria.franciszkanie.net\/index.php\/wp-json\/wp\/v2\/comments?post=4353"}],"version-history":[{"count":2,"href":"https:\/\/pakosc-kalwaria.franciszkanie.net\/index.php\/wp-json\/wp\/v2\/posts\/4353\/revisions"}],"predecessor-version":[{"id":4357,"href":"https:\/\/pakosc-kalwaria.franciszkanie.net\/index.php\/wp-json\/wp\/v2\/posts\/4353\/revisions\/4357"}],"wp:featuredmedia":[{"embeddable":true,"href":"https:\/\/pakosc-kalwaria.franciszkanie.net\/index.php\/wp-json\/wp\/v2\/media\/4354"}],"wp:attachment":[{"href":"https:\/\/pakosc-kalwaria.franciszkanie.net\/index.php\/wp-json\/wp\/v2\/media?parent=4353"}],"wp:term":[{"taxonomy":"category","embeddable":true,"href":"https:\/\/pakosc-kalwaria.franciszkanie.net\/index.php\/wp-json\/wp\/v2\/categories?post=4353"},{"taxonomy":"post_tag","embeddable":true,"href":"https:\/\/pakosc-kalwaria.franciszkanie.net\/index.php\/wp-json\/wp\/v2\/tags?post=4353"}],"curies":[{"name":"wp","href":"https:\/\/api.w.org\/{rel}","templated":true}]}}