{"id":4358,"date":"2018-01-13T09:05:26","date_gmt":"2018-01-13T08:05:26","guid":{"rendered":"http:\/\/pakosc-kalwaria.franciszkanie.net\/?p=4358"},"modified":"2018-01-12T15:23:52","modified_gmt":"2018-01-12T14:23:52","slug":"ogloszenia-duszpasterskie-ii-niedziela-zwykla","status":"publish","type":"post","link":"https:\/\/pakosc-kalwaria.franciszkanie.net\/index.php\/2018\/01\/13\/ogloszenia-duszpasterskie-ii-niedziela-zwykla\/","title":{"rendered":"Og\u0142oszenia duszpasterskie &#8211; II Niedziela Zwyk\u0142a"},"content":{"rendered":"<p><strong><span style=\"color: #008000;\">14.01. &#8211; 21.01.2018r.\u00a0\u00a0\u00a0<\/span><br \/>\n<\/strong><strong><span style=\"color: #ff0000;\"><em><u>We wtorek (16.01.)<\/u><\/em> \u2013\u00a0 \u015bwi\u0119to \u015bwi\u0119tych Berarda i Towarzyszy, pierwszych m\u0119czennik\u00f3w franciszka\u0144skich. \u00a0\u00a0<\/span><br \/>\n<span style=\"color: #ff0000;\">O 18.00 w klasztorze spotkanie dla m\u0142odzie\u017cy klas III Gimnazjum<\/span> przygotowuj\u0105cych si\u0119 w naszej Parafii do Sakramentu Bierzmowania.<\/strong><\/p>\n<p><strong><span style=\"color: #008000;\"><em><u>W czwartek (18.01.)<\/u><\/em> <\/span>\u2013 rozpoczyna si\u0119 <span style=\"color: #ff0000;\">Tydzie\u0144 Modlitw o Jedno\u015b\u0107 Chrze\u015bcijan<\/span> pod has\u0142em \u201ePrawica Twoja ws\u0142awi\u0142a si\u0119 moc\u0105 (Wj 15,6).<\/strong><\/p>\n<p><strong><span style=\"color: #008000;\"><em><u>W pi\u0105tek (19.01.)<\/u><\/em><\/span> \u2013 o<span style=\"color: #ff0000;\"> 17.00 Msza \u015bw. w intencjach zbiorowych do Bo\u017cego Mi\u0142osierdzia\u00a0 oraz nabo\u017ce\u0144stwo do Bo\u017cego Mi\u0142osierdzia<\/span>, za kt\u00f3re mo\u017cna zyska\u0107 odpust zupe\u0142ny pod zwyk\u0142ymi warunkami. Intencje mo\u017cna sk\u0142ada\u0107 do skarbonki lub w zakrystii.<\/strong><\/p>\n<p><strong><span style=\"color: #008000;\"><em><u>W sobot\u0119 (20.01.)<\/u><\/em><\/span> \u2013 <span style=\"color: #ff0000;\">o 12.00 zbi\u00f3rka dla ministrant\u00f3w oraz dla kandydat\u00f3w na ministrant\u00f3w.<\/span> Zapraszamy ch\u0142opc\u00f3w do s\u0142u\u017cby przy o\u0142tarzu.<\/strong><\/p>\n<p><strong><span style=\"color: #ff0000;\"><em><u>W przysz\u0142\u0105 niedziel\u0119 (21.01.)<\/u><\/em> \u2013 \u00a0o 11.00 Msza \u015bw. za Babcie i Dziadk\u00f3w z okazji \u201eDnia Babci\u2019 i \u201eDnia Dziadka\u201d.<\/span> W czasie Mszy \u015bw. o 11.00 oraz po Mszy \u015bw. wyst\u0105pi <span style=\"color: #ff0000;\">Regionalna Orkiestra Kujawy z Piechcina pod batut\u0105 kapelmistrza Ireneusza Kocika.<\/span> Serdecznie zapraszamy Babcie i Dziadk\u00f3w wraz z Rodzinami.<\/strong><\/p>\n<p><strong>W przysz\u0142\u0105 niedziel\u0119 kolekta jest przeznaczona na zakupiony piec CO oraz na ogrzewanie naszego ko\u015bcio\u0142a. Za ka\u017cd\u0105 ofiar\u0119 z\u0142o\u017con\u0105 na ten cel wyra\u017camy serdeczne \u201eB\u00f3g zap\u0142a\u0107\u201d.<\/strong><\/p>\n<p><strong><span style=\"color: #ff0000;\">Zach\u0119camy doros\u0142ych i m\u0142odzie\u017c do w\u0142\u0105czenia si\u0119 w \u017bywy R\u00f3\u017caniec w naszej Parafii.<\/span> Odpowiednie deklaracje znajduj\u0105 si\u0119 na stoliku pod ch\u00f3rem lub na stronie internetowej. Deklaracje oddajemy w zakrystii lub w biurze parafialnym.<\/strong><\/p>\n<p><span style=\"color: #ff0000;\"><strong>We wtorek 16 stycznia na zako\u0144czenie<\/strong> <\/span><strong><span style=\"color: #ff0000;\">duszpasterskich odwiedzin kol\u0119dowych w naszej Parafii &#8211; kol\u0119da dodatkowa<\/span> &#8211; dla tych, kt\u00f3rzy nie mogli przyj\u0105\u0107 kol\u0119dy w wyznaczonym terminie. Zg\u0142oszenia przyjmujemy w zakrystii lub w biurze parafialnym.<br \/>\n<span style=\"color: #ff0000;\">Kol\u0119d\u0119 rozpoczynamy w niedziele o 14.00, w pozosta\u0142e dni tygodnia o 16.00.\u00a0<\/span><br \/>\nProsimy o obecno\u015b\u0107 w domu, o wsp\u00f3ln\u0105 modlitw\u0119 oraz o przygotowanie na stole krzy\u017ca, \u015bwiec, wody \u015bwi\u0119conej i Pisma \u015bw., a dzieci i m\u0142odzie\u017c szkoln\u0105 r\u00f3wnie\u017c zeszyt\u00f3w z religii. Woda \u015bwi\u0119cona znajduje si\u0119 w zakrystii lub mo\u017cna poprosi\u0107 kap\u0142ana o po\u015bwi\u0119cenie wody w domu. Ofiary sk\u0142adane w czasie kol\u0119dy b\u0119d\u0105 przeznaczone na dalsz\u0105 renowacj\u0119 naszego kalwaryjskiego ko\u015bcio\u0142a (odwodnienie, elektryka, malowanie) oraz na przygotowanie salki parafialnej w naszych gospodarczych zabudowaniach. Za ka\u017cd\u0105 ofiar\u0119 z\u0142o\u017con\u0105 na ten cel wyra\u017camy z serca p\u0142yn\u0105ce: &#8222;B\u00f3g zap\u0142a\u0107&#8221;!<br \/>\nPlan kol\u0119dy jest podany w gablotce i na naszej stronie internetowej.<\/strong><\/p>\n<p><strong><span style=\"color: #ff0000;\">Do 21 stycznia<\/span> do Szko\u0142y Podstawowej im Ewarysta Estkowskiego <span style=\"color: #ff0000;\">w ramach akcji \u201eRodacy Bohaterom\u201d,<\/span> mo\u017cna jeszcze przynosi\u0107 \u017cywno\u015b\u0107 d\u0142ugoterminow\u0105 tak\u0105 jak cukier, m\u0105ka, ry\u017c, kasza, makaron itp., znicze (bia\u0142e i czerwone) oraz \u00a0kartki z \u017cyczeniami \u015bwi\u0105tecznymi (najlepiej w\u0142asnor\u0119cznie zrobione przez dzieci, koniecznie WYPISANE). Za okazane serce organizatorzy z g\u00f3ry bardzo dzi\u0119kuj\u0105 i wyra\u017caj\u0105 szczere B\u00f3g zap\u0142a\u0107!<\/strong><\/p>\n<p><strong><span style=\"color: #ff0000;\"> W niedziel\u0119 21 stycznia o 16.00<\/span> <span style=\"color: #000000;\">w salce przy ko\u015bciele \u015bw. Bonawentury <\/span>w Pako\u015bci spotkanie dla os\u00f3b, kt\u00f3re pragn\u0105 wzi\u0105\u0107 udzia\u0142 w przedstawieniu Misterium M\u0119ki Pa\u0144skiej na naszej Pakoskiej Kalwarii.<\/strong><\/p>\n<p><strong>W Biurze parafialnym mo\u017cna zamawia\u0107 i rezerwowa\u0107 <span style=\"color: #ff0000;\">intencje mszalne.\u00a0\u00a0\u00a0\u00a0\u00a0\u00a0\u00a0\u00a0\u00a0\u00a0\u00a0\u00a0\u00a0\u00a0\u00a0\u00a0\u00a0\u00a0\u00a0 \u00a0\u00a0\u00a0\u00a0\u00a0\u00a0\u00a0\u00a0\u00a0\u00a0\u00a0\u00a0\u00a0\u00a0\u00a0\u00a0\u00a0\u00a0\u00a0\u00a0\u00a0\u00a0<\/span><\/strong><\/p>\n<p><strong>Pod ch\u00f3rem do nabycia czasopisma: \u201ePrzewodnik Katolicki\u201d oraz \u201eOla i Ja\u015b\u201d . Op\u0142aty za czasopisma sk\u0142adamy do skarbonki.<\/strong><\/p>\n<p><strong>Wyra\u017camy wdzi\u0119czno\u015b\u0107 za ka\u017cd\u0105 Wasz\u0105 modlitw\u0119 oraz za z\u0142o\u017cone dzisiaj ofiary.<\/strong><br \/>\n<strong> Niech Dobry B\u00f3g Wam i waszym Rodzinom obficie b\u0142ogos\u0142awi, a Matka Bo\u017ca Bolesna otacza swoj\u0105 przemo\u017cn\u0105 opiek\u0105.<\/strong><\/p>\n<p><strong>Z darem modlitwy Bracia Mniejsi Franciszkanie z Pako\u015bci &#8211; Kalwarii\u00a0\u00a0\u00a0\u00a0\u00a0\u00a0\u00a0 <\/strong><\/p>\n","protected":false},"excerpt":{"rendered":"<p>14.01. &#8211; 21.01.2018r.\u00a0\u00a0\u00a0 We wtorek (16.01.) \u2013\u00a0 \u015bwi\u0119to \u015bwi\u0119tych Berarda i Towarzyszy, pierwszych m\u0119czennik\u00f3w franciszka\u0144skich. \u00a0\u00a0 O 18.00 w klasztorze spotkanie dla m\u0142odzie\u017cy klas III Gimnazjum przygotowuj\u0105cych si\u0119 w naszej Parafii do Sakramentu Bierzmowania. W czwartek (18.01.) \u2013 rozpoczyna si\u0119 Tydzie\u0144 Modlitw o Jedno\u015b\u0107 Chrze\u015bcijan pod has\u0142em \u201ePrawica Twoja ws\u0142awi\u0142a si\u0119 moc\u0105 (Wj 15,6). W &hellip;<\/p>\n","protected":false},"author":2,"featured_media":4360,"comment_status":"closed","ping_status":"open","sticky":false,"template":"","format":"standard","meta":{"_mi_skip_tracking":false,"_exactmetrics_sitenote_active":false,"_exactmetrics_sitenote_note":"","_exactmetrics_sitenote_category":0},"categories":[5],"tags":[],"yoast_head":"<!-- This site is optimized with the Yoast SEO plugin v18.1 - https:\/\/yoast.com\/wordpress\/plugins\/seo\/ -->\n<title>Og\u0142oszenia duszpasterskie - II Niedziela Zwyk\u0142a - Pako\u015b\u0107 \u2013 Kalwaria<\/title>\n<meta name=\"robots\" content=\"index, follow, max-snippet:-1, max-image-preview:large, max-video-preview:-1\" \/>\n<link rel=\"canonical\" href=\"https:\/\/pakosc-kalwaria.franciszkanie.net\/index.php\/2018\/01\/13\/ogloszenia-duszpasterskie-ii-niedziela-zwykla\/\" \/>\n<meta property=\"og:locale\" content=\"pl_PL\" \/>\n<meta property=\"og:type\" content=\"article\" \/>\n<meta property=\"og:title\" content=\"Og\u0142oszenia duszpasterskie - II Niedziela Zwyk\u0142a - Pako\u015b\u0107 \u2013 Kalwaria\" \/>\n<meta property=\"og:description\" content=\"14.01. &#8211; 21.01.2018r.\u00a0\u00a0\u00a0 We wtorek (16.01.) \u2013\u00a0 \u015bwi\u0119to \u015bwi\u0119tych Berarda i Towarzyszy, pierwszych m\u0119czennik\u00f3w franciszka\u0144skich. \u00a0\u00a0 O 18.00 w klasztorze spotkanie dla m\u0142odzie\u017cy klas III Gimnazjum przygotowuj\u0105cych si\u0119 w naszej Parafii do Sakramentu Bierzmowania. W czwartek (18.01.) \u2013 rozpoczyna si\u0119 Tydzie\u0144 Modlitw o Jedno\u015b\u0107 Chrze\u015bcijan pod has\u0142em \u201ePrawica Twoja ws\u0142awi\u0142a si\u0119 moc\u0105 (Wj 15,6). W &hellip;\" \/>\n<meta property=\"og:url\" content=\"https:\/\/pakosc-kalwaria.franciszkanie.net\/index.php\/2018\/01\/13\/ogloszenia-duszpasterskie-ii-niedziela-zwykla\/\" \/>\n<meta property=\"og:site_name\" content=\"Pako\u015b\u0107 \u2013 Kalwaria\" \/>\n<meta property=\"article:author\" content=\"https:\/\/www.facebook.com\/KalwariaPakosc\/\" \/>\n<meta property=\"article:published_time\" content=\"2018-01-13T08:05:26+00:00\" \/>\n<meta property=\"article:modified_time\" content=\"2018-01-12T14:23:52+00:00\" \/>\n<meta property=\"og:image\" content=\"https:\/\/pakosc-kalwaria.franciszkanie.net\/wp-content\/uploads\/2018\/01\/jestesmy-napelnieni-duch_5522.jpg\" \/>\n\t<meta property=\"og:image:width\" content=\"350\" \/>\n\t<meta property=\"og:image:height\" content=\"175\" \/>\n\t<meta property=\"og:image:type\" content=\"image\/jpeg\" \/>\n<meta name=\"twitter:card\" content=\"summary\" \/>\n<meta name=\"twitter:label1\" content=\"Napisane przez\" \/>\n\t<meta name=\"twitter:data1\" content=\"pakosc-kalwaria\" \/>\n\t<meta name=\"twitter:label2\" content=\"Szacowany czas czytania\" \/>\n\t<meta name=\"twitter:data2\" content=\"3 minuty\" \/>\n<script type=\"application\/ld+json\" class=\"yoast-schema-graph\">{\"@context\":\"https:\/\/schema.org\",\"@graph\":[{\"@type\":\"WebSite\",\"@id\":\"https:\/\/pakosc-kalwaria.franciszkanie.net\/#website\",\"url\":\"https:\/\/pakosc-kalwaria.franciszkanie.net\/\",\"name\":\"Pako\u015b\u0107 \u2013 Kalwaria\",\"description\":\"Parafia Rzymsko \u2013 Katolicka p.w. Pana Jezusa Ukrzy\u017cowanego i  Matki Bo\u017cej Bolesnej ul. Barci\u0144ska 60, 88\u2013170 Pako\u015b\u0107 \u2013 Kalwaria\",\"potentialAction\":[{\"@type\":\"SearchAction\",\"target\":{\"@type\":\"EntryPoint\",\"urlTemplate\":\"https:\/\/pakosc-kalwaria.franciszkanie.net\/?s={search_term_string}\"},\"query-input\":\"required name=search_term_string\"}],\"inLanguage\":\"pl-PL\"},{\"@type\":\"ImageObject\",\"@id\":\"https:\/\/pakosc-kalwaria.franciszkanie.net\/index.php\/2018\/01\/13\/ogloszenia-duszpasterskie-ii-niedziela-zwykla\/#primaryimage\",\"inLanguage\":\"pl-PL\",\"url\":\"https:\/\/pakosc-kalwaria.franciszkanie.net\/wp-content\/uploads\/2018\/01\/jestesmy-napelnieni-duch_5522.jpg\",\"contentUrl\":\"https:\/\/pakosc-kalwaria.franciszkanie.net\/wp-content\/uploads\/2018\/01\/jestesmy-napelnieni-duch_5522.jpg\",\"width\":350,\"height\":175},{\"@type\":\"WebPage\",\"@id\":\"https:\/\/pakosc-kalwaria.franciszkanie.net\/index.php\/2018\/01\/13\/ogloszenia-duszpasterskie-ii-niedziela-zwykla\/#webpage\",\"url\":\"https:\/\/pakosc-kalwaria.franciszkanie.net\/index.php\/2018\/01\/13\/ogloszenia-duszpasterskie-ii-niedziela-zwykla\/\",\"name\":\"Og\u0142oszenia duszpasterskie - II Niedziela Zwyk\u0142a - Pako\u015b\u0107 \u2013 Kalwaria\",\"isPartOf\":{\"@id\":\"https:\/\/pakosc-kalwaria.franciszkanie.net\/#website\"},\"primaryImageOfPage\":{\"@id\":\"https:\/\/pakosc-kalwaria.franciszkanie.net\/index.php\/2018\/01\/13\/ogloszenia-duszpasterskie-ii-niedziela-zwykla\/#primaryimage\"},\"datePublished\":\"2018-01-13T08:05:26+00:00\",\"dateModified\":\"2018-01-12T14:23:52+00:00\",\"author\":{\"@id\":\"https:\/\/pakosc-kalwaria.franciszkanie.net\/#\/schema\/person\/af10b943be0760709227d060eadcb2aa\"},\"breadcrumb\":{\"@id\":\"https:\/\/pakosc-kalwaria.franciszkanie.net\/index.php\/2018\/01\/13\/ogloszenia-duszpasterskie-ii-niedziela-zwykla\/#breadcrumb\"},\"inLanguage\":\"pl-PL\",\"potentialAction\":[{\"@type\":\"ReadAction\",\"target\":[\"https:\/\/pakosc-kalwaria.franciszkanie.net\/index.php\/2018\/01\/13\/ogloszenia-duszpasterskie-ii-niedziela-zwykla\/\"]}]},{\"@type\":\"BreadcrumbList\",\"@id\":\"https:\/\/pakosc-kalwaria.franciszkanie.net\/index.php\/2018\/01\/13\/ogloszenia-duszpasterskie-ii-niedziela-zwykla\/#breadcrumb\",\"itemListElement\":[{\"@type\":\"ListItem\",\"position\":1,\"name\":\"Strona g\u0142\u00f3wna\",\"item\":\"https:\/\/pakosc-kalwaria.franciszkanie.net\/\"},{\"@type\":\"ListItem\",\"position\":2,\"name\":\"Og\u0142oszenia duszpasterskie &#8211; II Niedziela Zwyk\u0142a\"}]},{\"@type\":\"Person\",\"@id\":\"https:\/\/pakosc-kalwaria.franciszkanie.net\/#\/schema\/person\/af10b943be0760709227d060eadcb2aa\",\"name\":\"pakosc-kalwaria\",\"image\":{\"@type\":\"ImageObject\",\"@id\":\"https:\/\/pakosc-kalwaria.franciszkanie.net\/#personlogo\",\"inLanguage\":\"pl-PL\",\"url\":\"https:\/\/secure.gravatar.com\/avatar\/e7049d338b55eac6a0027ff3218b8d02?s=96&d=mm&r=g\",\"contentUrl\":\"https:\/\/secure.gravatar.com\/avatar\/e7049d338b55eac6a0027ff3218b8d02?s=96&d=mm&r=g\",\"caption\":\"pakosc-kalwaria\"},\"sameAs\":[\"https:\/\/www.facebook.com\/KalwariaPakosc\/\"],\"url\":\"https:\/\/pakosc-kalwaria.franciszkanie.net\/index.php\/author\/pakosc-kalwaria\/\"}]}<\/script>\n<!-- \/ Yoast SEO plugin. -->","yoast_head_json":{"title":"Og\u0142oszenia duszpasterskie - II Niedziela Zwyk\u0142a - Pako\u015b\u0107 \u2013 Kalwaria","robots":{"index":"index","follow":"follow","max-snippet":"max-snippet:-1","max-image-preview":"max-image-preview:large","max-video-preview":"max-video-preview:-1"},"canonical":"https:\/\/pakosc-kalwaria.franciszkanie.net\/index.php\/2018\/01\/13\/ogloszenia-duszpasterskie-ii-niedziela-zwykla\/","og_locale":"pl_PL","og_type":"article","og_title":"Og\u0142oszenia duszpasterskie - II Niedziela Zwyk\u0142a - Pako\u015b\u0107 \u2013 Kalwaria","og_description":"14.01. &#8211; 21.01.2018r.\u00a0\u00a0\u00a0 We wtorek (16.01.) \u2013\u00a0 \u015bwi\u0119to \u015bwi\u0119tych Berarda i Towarzyszy, pierwszych m\u0119czennik\u00f3w franciszka\u0144skich. \u00a0\u00a0 O 18.00 w klasztorze spotkanie dla m\u0142odzie\u017cy klas III Gimnazjum przygotowuj\u0105cych si\u0119 w naszej Parafii do Sakramentu Bierzmowania. W czwartek (18.01.) \u2013 rozpoczyna si\u0119 Tydzie\u0144 Modlitw o Jedno\u015b\u0107 Chrze\u015bcijan pod has\u0142em \u201ePrawica Twoja ws\u0142awi\u0142a si\u0119 moc\u0105 (Wj 15,6). W &hellip;","og_url":"https:\/\/pakosc-kalwaria.franciszkanie.net\/index.php\/2018\/01\/13\/ogloszenia-duszpasterskie-ii-niedziela-zwykla\/","og_site_name":"Pako\u015b\u0107 \u2013 Kalwaria","article_author":"https:\/\/www.facebook.com\/KalwariaPakosc\/","article_published_time":"2018-01-13T08:05:26+00:00","article_modified_time":"2018-01-12T14:23:52+00:00","og_image":[{"width":350,"height":175,"url":"https:\/\/pakosc-kalwaria.franciszkanie.net\/wp-content\/uploads\/2018\/01\/jestesmy-napelnieni-duch_5522.jpg","type":"image\/jpeg"}],"twitter_card":"summary","twitter_misc":{"Napisane przez":"pakosc-kalwaria","Szacowany czas czytania":"3 minuty"},"schema":{"@context":"https:\/\/schema.org","@graph":[{"@type":"WebSite","@id":"https:\/\/pakosc-kalwaria.franciszkanie.net\/#website","url":"https:\/\/pakosc-kalwaria.franciszkanie.net\/","name":"Pako\u015b\u0107 \u2013 Kalwaria","description":"Parafia Rzymsko \u2013 Katolicka p.w. Pana Jezusa Ukrzy\u017cowanego i  Matki Bo\u017cej Bolesnej ul. Barci\u0144ska 60, 88\u2013170 Pako\u015b\u0107 \u2013 Kalwaria","potentialAction":[{"@type":"SearchAction","target":{"@type":"EntryPoint","urlTemplate":"https:\/\/pakosc-kalwaria.franciszkanie.net\/?s={search_term_string}"},"query-input":"required name=search_term_string"}],"inLanguage":"pl-PL"},{"@type":"ImageObject","@id":"https:\/\/pakosc-kalwaria.franciszkanie.net\/index.php\/2018\/01\/13\/ogloszenia-duszpasterskie-ii-niedziela-zwykla\/#primaryimage","inLanguage":"pl-PL","url":"https:\/\/pakosc-kalwaria.franciszkanie.net\/wp-content\/uploads\/2018\/01\/jestesmy-napelnieni-duch_5522.jpg","contentUrl":"https:\/\/pakosc-kalwaria.franciszkanie.net\/wp-content\/uploads\/2018\/01\/jestesmy-napelnieni-duch_5522.jpg","width":350,"height":175},{"@type":"WebPage","@id":"https:\/\/pakosc-kalwaria.franciszkanie.net\/index.php\/2018\/01\/13\/ogloszenia-duszpasterskie-ii-niedziela-zwykla\/#webpage","url":"https:\/\/pakosc-kalwaria.franciszkanie.net\/index.php\/2018\/01\/13\/ogloszenia-duszpasterskie-ii-niedziela-zwykla\/","name":"Og\u0142oszenia duszpasterskie - II Niedziela Zwyk\u0142a - Pako\u015b\u0107 \u2013 Kalwaria","isPartOf":{"@id":"https:\/\/pakosc-kalwaria.franciszkanie.net\/#website"},"primaryImageOfPage":{"@id":"https:\/\/pakosc-kalwaria.franciszkanie.net\/index.php\/2018\/01\/13\/ogloszenia-duszpasterskie-ii-niedziela-zwykla\/#primaryimage"},"datePublished":"2018-01-13T08:05:26+00:00","dateModified":"2018-01-12T14:23:52+00:00","author":{"@id":"https:\/\/pakosc-kalwaria.franciszkanie.net\/#\/schema\/person\/af10b943be0760709227d060eadcb2aa"},"breadcrumb":{"@id":"https:\/\/pakosc-kalwaria.franciszkanie.net\/index.php\/2018\/01\/13\/ogloszenia-duszpasterskie-ii-niedziela-zwykla\/#breadcrumb"},"inLanguage":"pl-PL","potentialAction":[{"@type":"ReadAction","target":["https:\/\/pakosc-kalwaria.franciszkanie.net\/index.php\/2018\/01\/13\/ogloszenia-duszpasterskie-ii-niedziela-zwykla\/"]}]},{"@type":"BreadcrumbList","@id":"https:\/\/pakosc-kalwaria.franciszkanie.net\/index.php\/2018\/01\/13\/ogloszenia-duszpasterskie-ii-niedziela-zwykla\/#breadcrumb","itemListElement":[{"@type":"ListItem","position":1,"name":"Strona g\u0142\u00f3wna","item":"https:\/\/pakosc-kalwaria.franciszkanie.net\/"},{"@type":"ListItem","position":2,"name":"Og\u0142oszenia duszpasterskie &#8211; II Niedziela Zwyk\u0142a"}]},{"@type":"Person","@id":"https:\/\/pakosc-kalwaria.franciszkanie.net\/#\/schema\/person\/af10b943be0760709227d060eadcb2aa","name":"pakosc-kalwaria","image":{"@type":"ImageObject","@id":"https:\/\/pakosc-kalwaria.franciszkanie.net\/#personlogo","inLanguage":"pl-PL","url":"https:\/\/secure.gravatar.com\/avatar\/e7049d338b55eac6a0027ff3218b8d02?s=96&d=mm&r=g","contentUrl":"https:\/\/secure.gravatar.com\/avatar\/e7049d338b55eac6a0027ff3218b8d02?s=96&d=mm&r=g","caption":"pakosc-kalwaria"},"sameAs":["https:\/\/www.facebook.com\/KalwariaPakosc\/"],"url":"https:\/\/pakosc-kalwaria.franciszkanie.net\/index.php\/author\/pakosc-kalwaria\/"}]}},"_links":{"self":[{"href":"https:\/\/pakosc-kalwaria.franciszkanie.net\/index.php\/wp-json\/wp\/v2\/posts\/4358"}],"collection":[{"href":"https:\/\/pakosc-kalwaria.franciszkanie.net\/index.php\/wp-json\/wp\/v2\/posts"}],"about":[{"href":"https:\/\/pakosc-kalwaria.franciszkanie.net\/index.php\/wp-json\/wp\/v2\/types\/post"}],"author":[{"embeddable":true,"href":"https:\/\/pakosc-kalwaria.franciszkanie.net\/index.php\/wp-json\/wp\/v2\/users\/2"}],"replies":[{"embeddable":true,"href":"https:\/\/pakosc-kalwaria.franciszkanie.net\/index.php\/wp-json\/wp\/v2\/comments?post=4358"}],"version-history":[{"count":4,"href":"https:\/\/pakosc-kalwaria.franciszkanie.net\/index.php\/wp-json\/wp\/v2\/posts\/4358\/revisions"}],"predecessor-version":[{"id":4365,"href":"https:\/\/pakosc-kalwaria.franciszkanie.net\/index.php\/wp-json\/wp\/v2\/posts\/4358\/revisions\/4365"}],"wp:featuredmedia":[{"embeddable":true,"href":"https:\/\/pakosc-kalwaria.franciszkanie.net\/index.php\/wp-json\/wp\/v2\/media\/4360"}],"wp:attachment":[{"href":"https:\/\/pakosc-kalwaria.franciszkanie.net\/index.php\/wp-json\/wp\/v2\/media?parent=4358"}],"wp:term":[{"taxonomy":"category","embeddable":true,"href":"https:\/\/pakosc-kalwaria.franciszkanie.net\/index.php\/wp-json\/wp\/v2\/categories?post=4358"},{"taxonomy":"post_tag","embeddable":true,"href":"https:\/\/pakosc-kalwaria.franciszkanie.net\/index.php\/wp-json\/wp\/v2\/tags?post=4358"}],"curies":[{"name":"wp","href":"https:\/\/api.w.org\/{rel}","templated":true}]}}