{"id":4393,"date":"2018-01-20T09:05:49","date_gmt":"2018-01-20T08:05:49","guid":{"rendered":"http:\/\/pakosc-kalwaria.franciszkanie.net\/?p=4393"},"modified":"2018-01-19T20:55:33","modified_gmt":"2018-01-19T19:55:33","slug":"ogloszenia-duszpasterskie-iii-niedziela-zwykla","status":"publish","type":"post","link":"https:\/\/pakosc-kalwaria.franciszkanie.net\/index.php\/2018\/01\/20\/ogloszenia-duszpasterskie-iii-niedziela-zwykla\/","title":{"rendered":"Og\u0142oszenia duszpasterskie &#8211; III Niedziela Zwyk\u0142a"},"content":{"rendered":"<p><strong><span style=\"color: #008000;\">21.01. &#8211; 28.01.2018r.\u00a0<\/span><br \/>\n<\/strong><strong><span style=\"color: #ff0000;\"><em><u>Dzisiaj\u00a0 (21.01.)<\/u><\/em> \u2013\u00a0 o 11.00 Msza \u015bw. za Babcie i Dziadk\u00f3w z okazji \u201eDnia Babci\u2019 i \u201eDnia Dziadka\u201d.<\/span> W czasie Mszy \u015bw. o 11.00 oraz po Mszy \u015bw. wyst\u0105pi <span style=\"color: #ff0000;\">Regionalna Orkiestra Kujawy z Piechcina pod batut\u0105 kapelmistrza Ireneusza Kocika.<\/span> Serdecznie zapraszamy Babcie i Dziadk\u00f3w wraz z Rodzinami.<\/strong><\/p>\n<p><strong><span style=\"color: #ff0000;\"><em><u>W czwartek (25.01.)<\/u><\/em> \u2013 \u015bwi\u0119to Nawr\u00f3cenia \u015bw. Paw\u0142a, Aposto\u0142a<\/span> i zako\u0144czenie Tygodnia Modlitw o Jedno\u015b\u0107 Chrze\u015bcijan.<\/strong><\/p>\n<p><strong><span style=\"color: #ff0000;\"><em><u>W pi\u0105tek (26.01.)<\/u><\/em> \u2013 o 17.00 Msza \u015bw. w intencjach zbiorowych do Bo\u017cego Mi\u0142osierdzia i nabo\u017ce\u0144stwo do Bo\u017cego Mi\u0142osierdzia<\/span>, za kt\u00f3re mo\u017cna zyska\u0107 odpust zupe\u0142ny pod zwyk\u0142ymi warunkami. Zach\u0119camy do sk\u0142adania intencji na t\u0119 Msz\u0119 \u015bw.<\/strong><\/p>\n<p><strong><span style=\"color: #008000;\"><em><u>W sobot\u0119 (27.01.)<\/u><\/em><\/span> \u2013 o 12.00 zbi\u00f3rka dla ministrant\u00f3w oraz dla kandydat\u00f3w na ministrant\u00f3w. Zapraszamy ch\u0142opc\u00f3w do s\u0142u\u017cby przy o\u0142tarzu.<\/strong><\/p>\n<p><strong><span style=\"color: #ff0000;\"><em><u>W przysz\u0142\u0105 niedziele (28.01.)<\/u><\/em><\/span> \u2013 zbi\u00f3rka do puszek na wsparcie dla misjonarzy pochodz\u0105cych z Archidiecezji Gnie\u017anie\u0144skiej.<\/strong><\/p>\n<p><strong>Zach\u0119camy doros\u0142ych i m\u0142odzie\u017c do w\u0142\u0105czenia si\u0119 w <span style=\"color: #ff0000;\">\u017bywy R\u00f3\u017caniec w naszej Parafii.<\/span><\/strong><strong> Odpowiednie deklaracje znajduj\u0105 si\u0119 na stoliku pod ch\u00f3rem lub na stronie internetowej. Deklaracje oddajemy w zakrystii lub w biurze parafialnym.<\/strong><\/p>\n<p><strong><span style=\"color: #ff0000;\">Po Mszy \u015bw. zapraszamy do zakrystii m\u0119\u017cczyzn, kt\u00f3rzy w przesz\u0142o\u015bci byli ministrantami.<\/span> Zapraszam tak\u017ce osoby (m\u0142odzie\u017c, kobiety i m\u0119\u017cczyzn), kt\u00f3re chcia\u0142yby si\u0119 zaanga\u017cowa\u0107 w czytanie S\u0142owa Bo\u017cego w czasie Mszy \u015bw.<\/strong><\/p>\n<p><strong><span style=\"color: #ff0000;\">W naszej Parafii zako\u0144czy\u0142y si\u0119 Duszpasterskie Odwiedziny Kol\u0119dowe.<\/span> <\/strong><strong>Dzi\u0119kujemy naszym Parafianom,\u00a0 za przyj\u0119cie w waszych domach, za wsp\u00f3ln\u0105 modlitw\u0119 i rozmowy oraz za go\u015bcinno\u015b\u0107! Dzi\u0119kujemy r\u00f3wnie\u017c za z\u0142o\u017cone ofiary na dalsz\u0105 renowacj\u0119 naszego kalwaryjskiego ko\u015bcio\u0142a (odwodnienie, elektryka, malowanie) oraz na przygotowanie salki parafialnej w naszych gospodarczych zabudowaniach. Zapewniamy o wdzi\u0119cznej modlitwie w naszej Wsp\u00f3lnocie klasztornej za Was i za wasze Rodziny.<\/strong><\/p>\n<p><strong>Pod ch\u00f3rem do nabycia czasopisma: \u201ePrzewodnik Katolicki\u201d oraz \u201eOla i Ja\u015b\u201d. Op\u0142aty za czasopisma sk\u0142adamy do skarbonki.<\/strong><\/p>\n<p><strong>Wyra\u017camy wdzi\u0119czno\u015b\u0107 za ka\u017cd\u0105 Wasz\u0105 modlitw\u0119 oraz za z\u0142o\u017cone dzisiaj ofiary na zakupiony piec CO oraz na ogrzewanie naszego ko\u015bcio\u0142a.<\/strong><\/p>\n<p><strong>Id\u017amy przez codzienne \u017cycie i g\u0142o\u015bmy naszym bli\u017anim s\u0142owem i przyk\u0142adem \u017cycia Jezusa Chrystusa \u00a0i Jego Ewangeli\u0119. Dbajmy na co dzie\u0144 o rozw\u00f3j wiary i chrze\u015bcija\u0144skiego \u017cycia w naszych Rodzinach, anga\u017cuj\u0105c tak\u017ce jak najliczniej w \u017cycie naszej Parafii i Kalwarii.<\/strong><\/p>\n<p><strong>Niech Dobry B\u00f3g Wam i waszym Rodzinom obficie b\u0142ogos\u0142awi, a Matka Bo\u017ca Bolesna otacza swoj\u0105 przemo\u017cn\u0105 opiek\u0105.<\/strong><\/p>\n<p><strong>Z darem modlitwy Bracia Mniejsi Franciszkanie z Pako\u015bci &#8211; Kalwarii\u00a0\u00a0\u00a0\u00a0 <\/strong><\/p>\n","protected":false},"excerpt":{"rendered":"<p>21.01. &#8211; 28.01.2018r.\u00a0 Dzisiaj\u00a0 (21.01.) \u2013\u00a0 o 11.00 Msza \u015bw. za Babcie i Dziadk\u00f3w z okazji \u201eDnia Babci\u2019 i \u201eDnia Dziadka\u201d. W czasie Mszy \u015bw. o 11.00 oraz po Mszy \u015bw. wyst\u0105pi Regionalna Orkiestra Kujawy z Piechcina pod batut\u0105 kapelmistrza Ireneusza Kocika. Serdecznie zapraszamy Babcie i Dziadk\u00f3w wraz z Rodzinami. W czwartek (25.01.) \u2013 \u015bwi\u0119to &hellip;<\/p>\n","protected":false},"author":2,"featured_media":4360,"comment_status":"closed","ping_status":"open","sticky":false,"template":"","format":"standard","meta":{"_mi_skip_tracking":false,"_exactmetrics_sitenote_active":false,"_exactmetrics_sitenote_note":"","_exactmetrics_sitenote_category":0},"categories":[5],"tags":[],"yoast_head":"<!-- This site is optimized with the Yoast SEO plugin v18.1 - https:\/\/yoast.com\/wordpress\/plugins\/seo\/ -->\n<title>Og\u0142oszenia duszpasterskie - III Niedziela Zwyk\u0142a - Pako\u015b\u0107 \u2013 Kalwaria<\/title>\n<meta name=\"robots\" content=\"index, follow, max-snippet:-1, max-image-preview:large, max-video-preview:-1\" \/>\n<link rel=\"canonical\" href=\"https:\/\/pakosc-kalwaria.franciszkanie.net\/index.php\/2018\/01\/20\/ogloszenia-duszpasterskie-iii-niedziela-zwykla\/\" \/>\n<meta property=\"og:locale\" content=\"pl_PL\" \/>\n<meta property=\"og:type\" content=\"article\" \/>\n<meta property=\"og:title\" content=\"Og\u0142oszenia duszpasterskie - III Niedziela Zwyk\u0142a - Pako\u015b\u0107 \u2013 Kalwaria\" \/>\n<meta property=\"og:description\" content=\"21.01. &#8211; 28.01.2018r.\u00a0 Dzisiaj\u00a0 (21.01.) \u2013\u00a0 o 11.00 Msza \u015bw. za Babcie i Dziadk\u00f3w z okazji \u201eDnia Babci\u2019 i \u201eDnia Dziadka\u201d. W czasie Mszy \u015bw. o 11.00 oraz po Mszy \u015bw. wyst\u0105pi Regionalna Orkiestra Kujawy z Piechcina pod batut\u0105 kapelmistrza Ireneusza Kocika. Serdecznie zapraszamy Babcie i Dziadk\u00f3w wraz z Rodzinami. W czwartek (25.01.) \u2013 \u015bwi\u0119to &hellip;\" \/>\n<meta property=\"og:url\" content=\"https:\/\/pakosc-kalwaria.franciszkanie.net\/index.php\/2018\/01\/20\/ogloszenia-duszpasterskie-iii-niedziela-zwykla\/\" \/>\n<meta property=\"og:site_name\" content=\"Pako\u015b\u0107 \u2013 Kalwaria\" \/>\n<meta property=\"article:author\" content=\"https:\/\/www.facebook.com\/KalwariaPakosc\/\" \/>\n<meta property=\"article:published_time\" content=\"2018-01-20T08:05:49+00:00\" \/>\n<meta property=\"article:modified_time\" content=\"2018-01-19T19:55:33+00:00\" \/>\n<meta property=\"og:image\" content=\"https:\/\/pakosc-kalwaria.franciszkanie.net\/wp-content\/uploads\/2018\/01\/jestesmy-napelnieni-duch_5522.jpg\" \/>\n\t<meta property=\"og:image:width\" content=\"350\" \/>\n\t<meta property=\"og:image:height\" content=\"175\" \/>\n\t<meta property=\"og:image:type\" content=\"image\/jpeg\" \/>\n<meta name=\"twitter:card\" content=\"summary\" \/>\n<meta name=\"twitter:label1\" content=\"Napisane przez\" \/>\n\t<meta name=\"twitter:data1\" content=\"pakosc-kalwaria\" \/>\n\t<meta name=\"twitter:label2\" content=\"Szacowany czas czytania\" \/>\n\t<meta name=\"twitter:data2\" content=\"2 minuty\" \/>\n<script type=\"application\/ld+json\" class=\"yoast-schema-graph\">{\"@context\":\"https:\/\/schema.org\",\"@graph\":[{\"@type\":\"WebSite\",\"@id\":\"https:\/\/pakosc-kalwaria.franciszkanie.net\/#website\",\"url\":\"https:\/\/pakosc-kalwaria.franciszkanie.net\/\",\"name\":\"Pako\u015b\u0107 \u2013 Kalwaria\",\"description\":\"Parafia Rzymsko \u2013 Katolicka p.w. Pana Jezusa Ukrzy\u017cowanego i  Matki Bo\u017cej Bolesnej ul. Barci\u0144ska 60, 88\u2013170 Pako\u015b\u0107 \u2013 Kalwaria\",\"potentialAction\":[{\"@type\":\"SearchAction\",\"target\":{\"@type\":\"EntryPoint\",\"urlTemplate\":\"https:\/\/pakosc-kalwaria.franciszkanie.net\/?s={search_term_string}\"},\"query-input\":\"required name=search_term_string\"}],\"inLanguage\":\"pl-PL\"},{\"@type\":\"ImageObject\",\"@id\":\"https:\/\/pakosc-kalwaria.franciszkanie.net\/index.php\/2018\/01\/20\/ogloszenia-duszpasterskie-iii-niedziela-zwykla\/#primaryimage\",\"inLanguage\":\"pl-PL\",\"url\":\"https:\/\/pakosc-kalwaria.franciszkanie.net\/wp-content\/uploads\/2018\/01\/jestesmy-napelnieni-duch_5522.jpg\",\"contentUrl\":\"https:\/\/pakosc-kalwaria.franciszkanie.net\/wp-content\/uploads\/2018\/01\/jestesmy-napelnieni-duch_5522.jpg\",\"width\":350,\"height\":175},{\"@type\":\"WebPage\",\"@id\":\"https:\/\/pakosc-kalwaria.franciszkanie.net\/index.php\/2018\/01\/20\/ogloszenia-duszpasterskie-iii-niedziela-zwykla\/#webpage\",\"url\":\"https:\/\/pakosc-kalwaria.franciszkanie.net\/index.php\/2018\/01\/20\/ogloszenia-duszpasterskie-iii-niedziela-zwykla\/\",\"name\":\"Og\u0142oszenia duszpasterskie - III Niedziela Zwyk\u0142a - Pako\u015b\u0107 \u2013 Kalwaria\",\"isPartOf\":{\"@id\":\"https:\/\/pakosc-kalwaria.franciszkanie.net\/#website\"},\"primaryImageOfPage\":{\"@id\":\"https:\/\/pakosc-kalwaria.franciszkanie.net\/index.php\/2018\/01\/20\/ogloszenia-duszpasterskie-iii-niedziela-zwykla\/#primaryimage\"},\"datePublished\":\"2018-01-20T08:05:49+00:00\",\"dateModified\":\"2018-01-19T19:55:33+00:00\",\"author\":{\"@id\":\"https:\/\/pakosc-kalwaria.franciszkanie.net\/#\/schema\/person\/af10b943be0760709227d060eadcb2aa\"},\"breadcrumb\":{\"@id\":\"https:\/\/pakosc-kalwaria.franciszkanie.net\/index.php\/2018\/01\/20\/ogloszenia-duszpasterskie-iii-niedziela-zwykla\/#breadcrumb\"},\"inLanguage\":\"pl-PL\",\"potentialAction\":[{\"@type\":\"ReadAction\",\"target\":[\"https:\/\/pakosc-kalwaria.franciszkanie.net\/index.php\/2018\/01\/20\/ogloszenia-duszpasterskie-iii-niedziela-zwykla\/\"]}]},{\"@type\":\"BreadcrumbList\",\"@id\":\"https:\/\/pakosc-kalwaria.franciszkanie.net\/index.php\/2018\/01\/20\/ogloszenia-duszpasterskie-iii-niedziela-zwykla\/#breadcrumb\",\"itemListElement\":[{\"@type\":\"ListItem\",\"position\":1,\"name\":\"Strona g\u0142\u00f3wna\",\"item\":\"https:\/\/pakosc-kalwaria.franciszkanie.net\/\"},{\"@type\":\"ListItem\",\"position\":2,\"name\":\"Og\u0142oszenia duszpasterskie &#8211; III Niedziela Zwyk\u0142a\"}]},{\"@type\":\"Person\",\"@id\":\"https:\/\/pakosc-kalwaria.franciszkanie.net\/#\/schema\/person\/af10b943be0760709227d060eadcb2aa\",\"name\":\"pakosc-kalwaria\",\"image\":{\"@type\":\"ImageObject\",\"@id\":\"https:\/\/pakosc-kalwaria.franciszkanie.net\/#personlogo\",\"inLanguage\":\"pl-PL\",\"url\":\"https:\/\/secure.gravatar.com\/avatar\/e7049d338b55eac6a0027ff3218b8d02?s=96&d=mm&r=g\",\"contentUrl\":\"https:\/\/secure.gravatar.com\/avatar\/e7049d338b55eac6a0027ff3218b8d02?s=96&d=mm&r=g\",\"caption\":\"pakosc-kalwaria\"},\"sameAs\":[\"https:\/\/www.facebook.com\/KalwariaPakosc\/\"],\"url\":\"https:\/\/pakosc-kalwaria.franciszkanie.net\/index.php\/author\/pakosc-kalwaria\/\"}]}<\/script>\n<!-- \/ Yoast SEO plugin. -->","yoast_head_json":{"title":"Og\u0142oszenia duszpasterskie - III Niedziela Zwyk\u0142a - Pako\u015b\u0107 \u2013 Kalwaria","robots":{"index":"index","follow":"follow","max-snippet":"max-snippet:-1","max-image-preview":"max-image-preview:large","max-video-preview":"max-video-preview:-1"},"canonical":"https:\/\/pakosc-kalwaria.franciszkanie.net\/index.php\/2018\/01\/20\/ogloszenia-duszpasterskie-iii-niedziela-zwykla\/","og_locale":"pl_PL","og_type":"article","og_title":"Og\u0142oszenia duszpasterskie - III Niedziela Zwyk\u0142a - Pako\u015b\u0107 \u2013 Kalwaria","og_description":"21.01. &#8211; 28.01.2018r.\u00a0 Dzisiaj\u00a0 (21.01.) \u2013\u00a0 o 11.00 Msza \u015bw. za Babcie i Dziadk\u00f3w z okazji \u201eDnia Babci\u2019 i \u201eDnia Dziadka\u201d. W czasie Mszy \u015bw. o 11.00 oraz po Mszy \u015bw. wyst\u0105pi Regionalna Orkiestra Kujawy z Piechcina pod batut\u0105 kapelmistrza Ireneusza Kocika. Serdecznie zapraszamy Babcie i Dziadk\u00f3w wraz z Rodzinami. W czwartek (25.01.) \u2013 \u015bwi\u0119to &hellip;","og_url":"https:\/\/pakosc-kalwaria.franciszkanie.net\/index.php\/2018\/01\/20\/ogloszenia-duszpasterskie-iii-niedziela-zwykla\/","og_site_name":"Pako\u015b\u0107 \u2013 Kalwaria","article_author":"https:\/\/www.facebook.com\/KalwariaPakosc\/","article_published_time":"2018-01-20T08:05:49+00:00","article_modified_time":"2018-01-19T19:55:33+00:00","og_image":[{"width":350,"height":175,"url":"https:\/\/pakosc-kalwaria.franciszkanie.net\/wp-content\/uploads\/2018\/01\/jestesmy-napelnieni-duch_5522.jpg","type":"image\/jpeg"}],"twitter_card":"summary","twitter_misc":{"Napisane przez":"pakosc-kalwaria","Szacowany czas czytania":"2 minuty"},"schema":{"@context":"https:\/\/schema.org","@graph":[{"@type":"WebSite","@id":"https:\/\/pakosc-kalwaria.franciszkanie.net\/#website","url":"https:\/\/pakosc-kalwaria.franciszkanie.net\/","name":"Pako\u015b\u0107 \u2013 Kalwaria","description":"Parafia Rzymsko \u2013 Katolicka p.w. Pana Jezusa Ukrzy\u017cowanego i  Matki Bo\u017cej Bolesnej ul. Barci\u0144ska 60, 88\u2013170 Pako\u015b\u0107 \u2013 Kalwaria","potentialAction":[{"@type":"SearchAction","target":{"@type":"EntryPoint","urlTemplate":"https:\/\/pakosc-kalwaria.franciszkanie.net\/?s={search_term_string}"},"query-input":"required name=search_term_string"}],"inLanguage":"pl-PL"},{"@type":"ImageObject","@id":"https:\/\/pakosc-kalwaria.franciszkanie.net\/index.php\/2018\/01\/20\/ogloszenia-duszpasterskie-iii-niedziela-zwykla\/#primaryimage","inLanguage":"pl-PL","url":"https:\/\/pakosc-kalwaria.franciszkanie.net\/wp-content\/uploads\/2018\/01\/jestesmy-napelnieni-duch_5522.jpg","contentUrl":"https:\/\/pakosc-kalwaria.franciszkanie.net\/wp-content\/uploads\/2018\/01\/jestesmy-napelnieni-duch_5522.jpg","width":350,"height":175},{"@type":"WebPage","@id":"https:\/\/pakosc-kalwaria.franciszkanie.net\/index.php\/2018\/01\/20\/ogloszenia-duszpasterskie-iii-niedziela-zwykla\/#webpage","url":"https:\/\/pakosc-kalwaria.franciszkanie.net\/index.php\/2018\/01\/20\/ogloszenia-duszpasterskie-iii-niedziela-zwykla\/","name":"Og\u0142oszenia duszpasterskie - III Niedziela Zwyk\u0142a - Pako\u015b\u0107 \u2013 Kalwaria","isPartOf":{"@id":"https:\/\/pakosc-kalwaria.franciszkanie.net\/#website"},"primaryImageOfPage":{"@id":"https:\/\/pakosc-kalwaria.franciszkanie.net\/index.php\/2018\/01\/20\/ogloszenia-duszpasterskie-iii-niedziela-zwykla\/#primaryimage"},"datePublished":"2018-01-20T08:05:49+00:00","dateModified":"2018-01-19T19:55:33+00:00","author":{"@id":"https:\/\/pakosc-kalwaria.franciszkanie.net\/#\/schema\/person\/af10b943be0760709227d060eadcb2aa"},"breadcrumb":{"@id":"https:\/\/pakosc-kalwaria.franciszkanie.net\/index.php\/2018\/01\/20\/ogloszenia-duszpasterskie-iii-niedziela-zwykla\/#breadcrumb"},"inLanguage":"pl-PL","potentialAction":[{"@type":"ReadAction","target":["https:\/\/pakosc-kalwaria.franciszkanie.net\/index.php\/2018\/01\/20\/ogloszenia-duszpasterskie-iii-niedziela-zwykla\/"]}]},{"@type":"BreadcrumbList","@id":"https:\/\/pakosc-kalwaria.franciszkanie.net\/index.php\/2018\/01\/20\/ogloszenia-duszpasterskie-iii-niedziela-zwykla\/#breadcrumb","itemListElement":[{"@type":"ListItem","position":1,"name":"Strona g\u0142\u00f3wna","item":"https:\/\/pakosc-kalwaria.franciszkanie.net\/"},{"@type":"ListItem","position":2,"name":"Og\u0142oszenia duszpasterskie &#8211; III Niedziela Zwyk\u0142a"}]},{"@type":"Person","@id":"https:\/\/pakosc-kalwaria.franciszkanie.net\/#\/schema\/person\/af10b943be0760709227d060eadcb2aa","name":"pakosc-kalwaria","image":{"@type":"ImageObject","@id":"https:\/\/pakosc-kalwaria.franciszkanie.net\/#personlogo","inLanguage":"pl-PL","url":"https:\/\/secure.gravatar.com\/avatar\/e7049d338b55eac6a0027ff3218b8d02?s=96&d=mm&r=g","contentUrl":"https:\/\/secure.gravatar.com\/avatar\/e7049d338b55eac6a0027ff3218b8d02?s=96&d=mm&r=g","caption":"pakosc-kalwaria"},"sameAs":["https:\/\/www.facebook.com\/KalwariaPakosc\/"],"url":"https:\/\/pakosc-kalwaria.franciszkanie.net\/index.php\/author\/pakosc-kalwaria\/"}]}},"_links":{"self":[{"href":"https:\/\/pakosc-kalwaria.franciszkanie.net\/index.php\/wp-json\/wp\/v2\/posts\/4393"}],"collection":[{"href":"https:\/\/pakosc-kalwaria.franciszkanie.net\/index.php\/wp-json\/wp\/v2\/posts"}],"about":[{"href":"https:\/\/pakosc-kalwaria.franciszkanie.net\/index.php\/wp-json\/wp\/v2\/types\/post"}],"author":[{"embeddable":true,"href":"https:\/\/pakosc-kalwaria.franciszkanie.net\/index.php\/wp-json\/wp\/v2\/users\/2"}],"replies":[{"embeddable":true,"href":"https:\/\/pakosc-kalwaria.franciszkanie.net\/index.php\/wp-json\/wp\/v2\/comments?post=4393"}],"version-history":[{"count":3,"href":"https:\/\/pakosc-kalwaria.franciszkanie.net\/index.php\/wp-json\/wp\/v2\/posts\/4393\/revisions"}],"predecessor-version":[{"id":4396,"href":"https:\/\/pakosc-kalwaria.franciszkanie.net\/index.php\/wp-json\/wp\/v2\/posts\/4393\/revisions\/4396"}],"wp:featuredmedia":[{"embeddable":true,"href":"https:\/\/pakosc-kalwaria.franciszkanie.net\/index.php\/wp-json\/wp\/v2\/media\/4360"}],"wp:attachment":[{"href":"https:\/\/pakosc-kalwaria.franciszkanie.net\/index.php\/wp-json\/wp\/v2\/media?parent=4393"}],"wp:term":[{"taxonomy":"category","embeddable":true,"href":"https:\/\/pakosc-kalwaria.franciszkanie.net\/index.php\/wp-json\/wp\/v2\/categories?post=4393"},{"taxonomy":"post_tag","embeddable":true,"href":"https:\/\/pakosc-kalwaria.franciszkanie.net\/index.php\/wp-json\/wp\/v2\/tags?post=4393"}],"curies":[{"name":"wp","href":"https:\/\/api.w.org\/{rel}","templated":true}]}}