{"id":4469,"date":"2018-01-27T09:00:52","date_gmt":"2018-01-27T08:00:52","guid":{"rendered":"http:\/\/pakosc-kalwaria.franciszkanie.net\/?p=4469"},"modified":"2018-01-27T11:04:54","modified_gmt":"2018-01-27T10:04:54","slug":"intencje-mszalne-28-01-04-02-2018r","status":"publish","type":"post","link":"https:\/\/pakosc-kalwaria.franciszkanie.net\/index.php\/2018\/01\/27\/intencje-mszalne-28-01-04-02-2018r\/","title":{"rendered":"Intencje mszalne 28.01. &#8211; 04.02.2018r."},"content":{"rendered":"<p><strong><em><u><span style=\"color: #ff0000;\">IV Niedziela Zwyk\u0142a\u00a0 &#8211;\u00a0 28.01.2018r.<\/span><br \/>\n<\/u><\/em><\/strong><strong><span style=\"color: #ff0000;\">9.00<\/span>\u00a0 \u00a0 1\/ Za + o. Szymona Sulkowskiego\u00a0 \u2013 int. od rodziny Siembab<br \/>\n2\/ Za ++ Helen\u0119 i Mariana Walig\u00f3rskich<br \/>\n<span style=\"color: #ff0000;\">11.00<\/span> 1\/ Za ++ Mari\u0119 Nowaczyk w 1 rocznic\u0119 \u015bmierci i Boles\u0142awa Gaczkowskiego<br \/>\n2\/ Za + o. Szymona Sulkowskiego (13)<br \/>\n3\/ Za + Jadwig\u0119 Bubnowsk\u0105 (28)<\/strong><\/p>\n<p><strong><em><u><span style=\"color: #008000;\"><br \/>\nPoniedzia\u0142ek\u00a0 &#8211;\u00a0 29.01.2018r.<\/span><br \/>\n<\/u><\/em><\/strong><strong>17.00\u00a0 1\/ Za + Andrzeja Marchewka \u2013 int. od s\u0105siad\u00f3w z Rad\u0142owa<br \/>\n2\/ Za + o. Szymona Sulkowskiego (14)<br \/>\n3\/ Za + Jadwig\u0119 Bubnowsk\u0105 (29)<\/strong><\/p>\n<p><span style=\"color: #008000;\"><strong><em><u>Wtorek \u2013 30.01.2018r.<\/u><\/em><\/strong><\/span><strong><em><span style=\"color: #008000;\"> &#8211; wspomnienie \u015bw. Hiacynty Mariscotti, dziewicy<\/span><br \/>\n<\/em><\/strong><strong>17.00\u00a0 1\/ Za + o. Szymona Sulkowskiego (15)<br \/>\n2\/ Za + Jadwig\u0119 Bubnowska (30)<\/strong><\/p>\n<p><span style=\"color: #008000;\"><strong><em><u>\u015aroda \u00a0&#8211; 31.01.2018r. <\/u><\/em><\/strong><\/span><strong><em><span style=\"color: #008000;\">\u2013 wspomnienie \u015bw. Jana Bosko, prezbitera<\/span><br \/>\n<\/em><\/strong><strong>17.00\u00a0 1\/ Z podzi\u0119kowaniem za wszelkie otrzymane \u0142aski, z pro\u015bb\u0105 o dalsze Bo\u017ce b\u0142ogos\u0142awie\u0144stwo w rodzinie Wasilenko<br \/>\n2\/ Za + o. Szymona Sulkowskiego (16)<br \/>\n3\/ Za + Jana Bubnowskiego (1)\u00a0 &#8211; gregorianka<\/strong><\/p>\n<p><span style=\"color: #ff0000;\"><strong><em><u>Czwartek &#8211; \u00a001.02.2018r<\/u><\/em><\/strong><strong><em>. \u2013 \u015awi\u0119to Rocznicy Po\u015bwi\u0119cenia Bazyliki Prymasowskiej w Gnie\u017anie \u00a0&#8211; \u00a0Pierwszy Czwartek Miesi\u0105ca<\/em><\/strong> <\/span><strong><em><span style=\"color: #ff0000;\">\u00a0<\/span><br \/>\n<\/em><\/strong><strong><span style=\"color: #ff0000;\">17.00 1\/ O nowe powo\u0142ania kap\u0142a\u0144skie i zakonne oraz za ministrant\u00f3w i ich Rodziny<\/span><br \/>\n<\/strong><strong>2\/ Za + o. Szymona Sulkowskiego (17)<br \/>\n3\/ Za + Jana Bubnowskiego (2)<\/strong><\/p>\n<p><span style=\"color: #ff0000;\"><strong><em><u>Pi\u0105tek \u2013 02.02.2018r.<\/u><\/em><\/strong> <strong><em>\u2013 \u015awi\u0119to Ofiarowania Pa\u0144skiego \u00a0(Matki Bo\u017cej Gromnicznej)<\/em><\/strong> <strong><em>\u2013 Pierwszy Pi\u0105tek Miesi\u0105ca<\/em><\/strong>\u00a0<\/span><br \/>\n<strong><span style=\"color: #ff0000;\">17.00 1\/ W intencjach zbiorowych do Bo\u017cego Mi\u0142osierdzia oraz za zmar\u0142ych polecanych w rocznych wypominkach<\/span><br \/>\n2\/ Za + o. Szymona Sulkowskiego (18)<br \/>\n3\/ Za + Jana Bubnowskiego (3)<\/strong><\/p>\n<p><span style=\"color: #008000;\"><strong><em><u>Sobota &#8211; 03.02.2018r. <\/u><\/em><\/strong><strong><em>\u2013<\/em><\/strong> <\/span><strong><em><span style=\"color: #008000;\">wspomnienie \u015bw. B\u0142a\u017ceja, biskupa\u00a0 i m\u0119czennika &#8211;<\/span> <\/em><\/strong><strong><em><span style=\"color: #ff0000;\">Pierwsza Sobota Miesi\u0105ca<\/span><br \/>\n<\/em><\/strong><span style=\"color: #ff0000;\"><strong>17.00 1\/<\/strong><\/span><strong><span style=\"color: #ff0000;\"> W intencji \u017bywego R\u00f3\u017ca\u0144ca\u00a0<\/span><br \/>\n2\/ Za + B\u0142a\u017ceja Bieniek<br \/>\n3\/ Za + o. Szymona Sulkowskiego (19)<br \/>\n4\/ Za + Jana Bubnowskiego (4)<\/strong><\/p>\n<p><strong><em><u><span style=\"color: #ff0000;\">V Niedziela Zwyk\u0142a\u00a0 &#8211;\u00a0 04.02.2018r.<\/span><br \/>\n<\/u><\/em><\/strong><strong><span style=\"color: #ff0000;\">9.00<\/span>\u00a0 \u00a0 1\/ W pewnej intencji<br \/>\n2\/ Za + Jana Szymborskiego \u2013 int. od siostry Haliny z Bartoszem<br \/>\n<\/strong><strong><span style=\"color: #ff0000;\">11.00<\/span> 1\/ Dzi\u0119kczynna z pro\u015bb\u0105 o Bo\u017ce b\u0142ogos\u0142awie\u0144stwo, zdrowie i opiek\u0119 Matki Bo\u017cej dla Marii i Ryszarda z okazji 40\u2013lecia Sakramentu Ma\u0142\u017ce\u0144stwa<br \/>\n2\/ Za + Grzegorza Ostrowskiego \u2013 int. od rodzin Stankiewicz, M\u0142odzi\u0144skich i Jaszcz<br \/>\n3\/ Za + o. Szymona Sulkowskiego (20)<br \/>\n4\/ Za + Jana Bubnowskiego (5)<br \/>\n<\/strong><\/p>\n","protected":false},"excerpt":{"rendered":"<p>IV Niedziela Zwyk\u0142a\u00a0 &#8211;\u00a0 28.01.2018r. 9.00\u00a0 \u00a0 1\/ Za + o. Szymona Sulkowskiego\u00a0 \u2013 int. od rodziny Siembab 2\/ Za ++ Helen\u0119 i Mariana Walig\u00f3rskich 11.00 1\/ Za ++ Mari\u0119 Nowaczyk w 1 rocznic\u0119 \u015bmierci i Boles\u0142awa Gaczkowskiego 2\/ Za + o. Szymona Sulkowskiego (13) 3\/ Za + Jadwig\u0119 Bubnowsk\u0105 (28) Poniedzia\u0142ek\u00a0 &#8211;\u00a0 29.01.2018r. 17.00\u00a0 &hellip;<\/p>\n","protected":false},"author":2,"featured_media":4354,"comment_status":"closed","ping_status":"open","sticky":false,"template":"","format":"standard","meta":{"_mi_skip_tracking":false,"_exactmetrics_sitenote_active":false,"_exactmetrics_sitenote_note":"","_exactmetrics_sitenote_category":0},"categories":[6],"tags":[],"yoast_head":"<!-- This site is optimized with the Yoast SEO plugin v18.1 - https:\/\/yoast.com\/wordpress\/plugins\/seo\/ -->\n<title>Intencje mszalne 28.01. - 04.02.2018r. - Pako\u015b\u0107 \u2013 Kalwaria<\/title>\n<meta name=\"robots\" content=\"index, follow, max-snippet:-1, max-image-preview:large, max-video-preview:-1\" \/>\n<link rel=\"canonical\" href=\"https:\/\/pakosc-kalwaria.franciszkanie.net\/index.php\/2018\/01\/27\/intencje-mszalne-28-01-04-02-2018r\/\" \/>\n<meta property=\"og:locale\" content=\"pl_PL\" \/>\n<meta property=\"og:type\" content=\"article\" \/>\n<meta property=\"og:title\" content=\"Intencje mszalne 28.01. - 04.02.2018r. - Pako\u015b\u0107 \u2013 Kalwaria\" \/>\n<meta property=\"og:description\" content=\"IV Niedziela Zwyk\u0142a\u00a0 &#8211;\u00a0 28.01.2018r. 9.00\u00a0 \u00a0 1\/ Za + o. Szymona Sulkowskiego\u00a0 \u2013 int. od rodziny Siembab 2\/ Za ++ Helen\u0119 i Mariana Walig\u00f3rskich 11.00 1\/ Za ++ Mari\u0119 Nowaczyk w 1 rocznic\u0119 \u015bmierci i Boles\u0142awa Gaczkowskiego 2\/ Za + o. Szymona Sulkowskiego (13) 3\/ Za + Jadwig\u0119 Bubnowsk\u0105 (28) Poniedzia\u0142ek\u00a0 &#8211;\u00a0 29.01.2018r. 17.00\u00a0 &hellip;\" \/>\n<meta property=\"og:url\" content=\"https:\/\/pakosc-kalwaria.franciszkanie.net\/index.php\/2018\/01\/27\/intencje-mszalne-28-01-04-02-2018r\/\" \/>\n<meta property=\"og:site_name\" content=\"Pako\u015b\u0107 \u2013 Kalwaria\" \/>\n<meta property=\"article:author\" content=\"https:\/\/www.facebook.com\/KalwariaPakosc\/\" \/>\n<meta property=\"article:published_time\" content=\"2018-01-27T08:00:52+00:00\" \/>\n<meta property=\"article:modified_time\" content=\"2018-01-27T10:04:54+00:00\" \/>\n<meta property=\"og:image\" content=\"https:\/\/pakosc-kalwaria.franciszkanie.net\/wp-content\/uploads\/2018\/01\/Rok-2018-Intencje-mszlane.jpg\" \/>\n\t<meta property=\"og:image:width\" content=\"300\" \/>\n\t<meta property=\"og:image:height\" content=\"246\" \/>\n\t<meta property=\"og:image:type\" content=\"image\/jpeg\" \/>\n<meta name=\"twitter:card\" content=\"summary\" \/>\n<meta name=\"twitter:label1\" content=\"Napisane przez\" \/>\n\t<meta name=\"twitter:data1\" content=\"pakosc-kalwaria\" \/>\n\t<meta name=\"twitter:label2\" content=\"Szacowany czas czytania\" \/>\n\t<meta name=\"twitter:data2\" content=\"1 minuta\" \/>\n<script type=\"application\/ld+json\" class=\"yoast-schema-graph\">{\"@context\":\"https:\/\/schema.org\",\"@graph\":[{\"@type\":\"WebSite\",\"@id\":\"https:\/\/pakosc-kalwaria.franciszkanie.net\/#website\",\"url\":\"https:\/\/pakosc-kalwaria.franciszkanie.net\/\",\"name\":\"Pako\u015b\u0107 \u2013 Kalwaria\",\"description\":\"Parafia Rzymsko \u2013 Katolicka p.w. Pana Jezusa Ukrzy\u017cowanego i  Matki Bo\u017cej Bolesnej ul. Barci\u0144ska 60, 88\u2013170 Pako\u015b\u0107 \u2013 Kalwaria\",\"potentialAction\":[{\"@type\":\"SearchAction\",\"target\":{\"@type\":\"EntryPoint\",\"urlTemplate\":\"https:\/\/pakosc-kalwaria.franciszkanie.net\/?s={search_term_string}\"},\"query-input\":\"required name=search_term_string\"}],\"inLanguage\":\"pl-PL\"},{\"@type\":\"ImageObject\",\"@id\":\"https:\/\/pakosc-kalwaria.franciszkanie.net\/index.php\/2018\/01\/27\/intencje-mszalne-28-01-04-02-2018r\/#primaryimage\",\"inLanguage\":\"pl-PL\",\"url\":\"https:\/\/pakosc-kalwaria.franciszkanie.net\/wp-content\/uploads\/2018\/01\/Rok-2018-Intencje-mszlane.jpg\",\"contentUrl\":\"https:\/\/pakosc-kalwaria.franciszkanie.net\/wp-content\/uploads\/2018\/01\/Rok-2018-Intencje-mszlane.jpg\",\"width\":300,\"height\":246},{\"@type\":\"WebPage\",\"@id\":\"https:\/\/pakosc-kalwaria.franciszkanie.net\/index.php\/2018\/01\/27\/intencje-mszalne-28-01-04-02-2018r\/#webpage\",\"url\":\"https:\/\/pakosc-kalwaria.franciszkanie.net\/index.php\/2018\/01\/27\/intencje-mszalne-28-01-04-02-2018r\/\",\"name\":\"Intencje mszalne 28.01. - 04.02.2018r. - Pako\u015b\u0107 \u2013 Kalwaria\",\"isPartOf\":{\"@id\":\"https:\/\/pakosc-kalwaria.franciszkanie.net\/#website\"},\"primaryImageOfPage\":{\"@id\":\"https:\/\/pakosc-kalwaria.franciszkanie.net\/index.php\/2018\/01\/27\/intencje-mszalne-28-01-04-02-2018r\/#primaryimage\"},\"datePublished\":\"2018-01-27T08:00:52+00:00\",\"dateModified\":\"2018-01-27T10:04:54+00:00\",\"author\":{\"@id\":\"https:\/\/pakosc-kalwaria.franciszkanie.net\/#\/schema\/person\/af10b943be0760709227d060eadcb2aa\"},\"breadcrumb\":{\"@id\":\"https:\/\/pakosc-kalwaria.franciszkanie.net\/index.php\/2018\/01\/27\/intencje-mszalne-28-01-04-02-2018r\/#breadcrumb\"},\"inLanguage\":\"pl-PL\",\"potentialAction\":[{\"@type\":\"ReadAction\",\"target\":[\"https:\/\/pakosc-kalwaria.franciszkanie.net\/index.php\/2018\/01\/27\/intencje-mszalne-28-01-04-02-2018r\/\"]}]},{\"@type\":\"BreadcrumbList\",\"@id\":\"https:\/\/pakosc-kalwaria.franciszkanie.net\/index.php\/2018\/01\/27\/intencje-mszalne-28-01-04-02-2018r\/#breadcrumb\",\"itemListElement\":[{\"@type\":\"ListItem\",\"position\":1,\"name\":\"Strona g\u0142\u00f3wna\",\"item\":\"https:\/\/pakosc-kalwaria.franciszkanie.net\/\"},{\"@type\":\"ListItem\",\"position\":2,\"name\":\"Intencje mszalne 28.01. &#8211; 04.02.2018r.\"}]},{\"@type\":\"Person\",\"@id\":\"https:\/\/pakosc-kalwaria.franciszkanie.net\/#\/schema\/person\/af10b943be0760709227d060eadcb2aa\",\"name\":\"pakosc-kalwaria\",\"image\":{\"@type\":\"ImageObject\",\"@id\":\"https:\/\/pakosc-kalwaria.franciszkanie.net\/#personlogo\",\"inLanguage\":\"pl-PL\",\"url\":\"https:\/\/secure.gravatar.com\/avatar\/e7049d338b55eac6a0027ff3218b8d02?s=96&d=mm&r=g\",\"contentUrl\":\"https:\/\/secure.gravatar.com\/avatar\/e7049d338b55eac6a0027ff3218b8d02?s=96&d=mm&r=g\",\"caption\":\"pakosc-kalwaria\"},\"sameAs\":[\"https:\/\/www.facebook.com\/KalwariaPakosc\/\"],\"url\":\"https:\/\/pakosc-kalwaria.franciszkanie.net\/index.php\/author\/pakosc-kalwaria\/\"}]}<\/script>\n<!-- \/ Yoast SEO plugin. -->","yoast_head_json":{"title":"Intencje mszalne 28.01. - 04.02.2018r. - Pako\u015b\u0107 \u2013 Kalwaria","robots":{"index":"index","follow":"follow","max-snippet":"max-snippet:-1","max-image-preview":"max-image-preview:large","max-video-preview":"max-video-preview:-1"},"canonical":"https:\/\/pakosc-kalwaria.franciszkanie.net\/index.php\/2018\/01\/27\/intencje-mszalne-28-01-04-02-2018r\/","og_locale":"pl_PL","og_type":"article","og_title":"Intencje mszalne 28.01. - 04.02.2018r. - Pako\u015b\u0107 \u2013 Kalwaria","og_description":"IV Niedziela Zwyk\u0142a\u00a0 &#8211;\u00a0 28.01.2018r. 9.00\u00a0 \u00a0 1\/ Za + o. Szymona Sulkowskiego\u00a0 \u2013 int. od rodziny Siembab 2\/ Za ++ Helen\u0119 i Mariana Walig\u00f3rskich 11.00 1\/ Za ++ Mari\u0119 Nowaczyk w 1 rocznic\u0119 \u015bmierci i Boles\u0142awa Gaczkowskiego 2\/ Za + o. Szymona Sulkowskiego (13) 3\/ Za + Jadwig\u0119 Bubnowsk\u0105 (28) Poniedzia\u0142ek\u00a0 &#8211;\u00a0 29.01.2018r. 17.00\u00a0 &hellip;","og_url":"https:\/\/pakosc-kalwaria.franciszkanie.net\/index.php\/2018\/01\/27\/intencje-mszalne-28-01-04-02-2018r\/","og_site_name":"Pako\u015b\u0107 \u2013 Kalwaria","article_author":"https:\/\/www.facebook.com\/KalwariaPakosc\/","article_published_time":"2018-01-27T08:00:52+00:00","article_modified_time":"2018-01-27T10:04:54+00:00","og_image":[{"width":300,"height":246,"url":"https:\/\/pakosc-kalwaria.franciszkanie.net\/wp-content\/uploads\/2018\/01\/Rok-2018-Intencje-mszlane.jpg","type":"image\/jpeg"}],"twitter_card":"summary","twitter_misc":{"Napisane przez":"pakosc-kalwaria","Szacowany czas czytania":"1 minuta"},"schema":{"@context":"https:\/\/schema.org","@graph":[{"@type":"WebSite","@id":"https:\/\/pakosc-kalwaria.franciszkanie.net\/#website","url":"https:\/\/pakosc-kalwaria.franciszkanie.net\/","name":"Pako\u015b\u0107 \u2013 Kalwaria","description":"Parafia Rzymsko \u2013 Katolicka p.w. Pana Jezusa Ukrzy\u017cowanego i  Matki Bo\u017cej Bolesnej ul. Barci\u0144ska 60, 88\u2013170 Pako\u015b\u0107 \u2013 Kalwaria","potentialAction":[{"@type":"SearchAction","target":{"@type":"EntryPoint","urlTemplate":"https:\/\/pakosc-kalwaria.franciszkanie.net\/?s={search_term_string}"},"query-input":"required name=search_term_string"}],"inLanguage":"pl-PL"},{"@type":"ImageObject","@id":"https:\/\/pakosc-kalwaria.franciszkanie.net\/index.php\/2018\/01\/27\/intencje-mszalne-28-01-04-02-2018r\/#primaryimage","inLanguage":"pl-PL","url":"https:\/\/pakosc-kalwaria.franciszkanie.net\/wp-content\/uploads\/2018\/01\/Rok-2018-Intencje-mszlane.jpg","contentUrl":"https:\/\/pakosc-kalwaria.franciszkanie.net\/wp-content\/uploads\/2018\/01\/Rok-2018-Intencje-mszlane.jpg","width":300,"height":246},{"@type":"WebPage","@id":"https:\/\/pakosc-kalwaria.franciszkanie.net\/index.php\/2018\/01\/27\/intencje-mszalne-28-01-04-02-2018r\/#webpage","url":"https:\/\/pakosc-kalwaria.franciszkanie.net\/index.php\/2018\/01\/27\/intencje-mszalne-28-01-04-02-2018r\/","name":"Intencje mszalne 28.01. - 04.02.2018r. - Pako\u015b\u0107 \u2013 Kalwaria","isPartOf":{"@id":"https:\/\/pakosc-kalwaria.franciszkanie.net\/#website"},"primaryImageOfPage":{"@id":"https:\/\/pakosc-kalwaria.franciszkanie.net\/index.php\/2018\/01\/27\/intencje-mszalne-28-01-04-02-2018r\/#primaryimage"},"datePublished":"2018-01-27T08:00:52+00:00","dateModified":"2018-01-27T10:04:54+00:00","author":{"@id":"https:\/\/pakosc-kalwaria.franciszkanie.net\/#\/schema\/person\/af10b943be0760709227d060eadcb2aa"},"breadcrumb":{"@id":"https:\/\/pakosc-kalwaria.franciszkanie.net\/index.php\/2018\/01\/27\/intencje-mszalne-28-01-04-02-2018r\/#breadcrumb"},"inLanguage":"pl-PL","potentialAction":[{"@type":"ReadAction","target":["https:\/\/pakosc-kalwaria.franciszkanie.net\/index.php\/2018\/01\/27\/intencje-mszalne-28-01-04-02-2018r\/"]}]},{"@type":"BreadcrumbList","@id":"https:\/\/pakosc-kalwaria.franciszkanie.net\/index.php\/2018\/01\/27\/intencje-mszalne-28-01-04-02-2018r\/#breadcrumb","itemListElement":[{"@type":"ListItem","position":1,"name":"Strona g\u0142\u00f3wna","item":"https:\/\/pakosc-kalwaria.franciszkanie.net\/"},{"@type":"ListItem","position":2,"name":"Intencje mszalne 28.01. &#8211; 04.02.2018r."}]},{"@type":"Person","@id":"https:\/\/pakosc-kalwaria.franciszkanie.net\/#\/schema\/person\/af10b943be0760709227d060eadcb2aa","name":"pakosc-kalwaria","image":{"@type":"ImageObject","@id":"https:\/\/pakosc-kalwaria.franciszkanie.net\/#personlogo","inLanguage":"pl-PL","url":"https:\/\/secure.gravatar.com\/avatar\/e7049d338b55eac6a0027ff3218b8d02?s=96&d=mm&r=g","contentUrl":"https:\/\/secure.gravatar.com\/avatar\/e7049d338b55eac6a0027ff3218b8d02?s=96&d=mm&r=g","caption":"pakosc-kalwaria"},"sameAs":["https:\/\/www.facebook.com\/KalwariaPakosc\/"],"url":"https:\/\/pakosc-kalwaria.franciszkanie.net\/index.php\/author\/pakosc-kalwaria\/"}]}},"_links":{"self":[{"href":"https:\/\/pakosc-kalwaria.franciszkanie.net\/index.php\/wp-json\/wp\/v2\/posts\/4469"}],"collection":[{"href":"https:\/\/pakosc-kalwaria.franciszkanie.net\/index.php\/wp-json\/wp\/v2\/posts"}],"about":[{"href":"https:\/\/pakosc-kalwaria.franciszkanie.net\/index.php\/wp-json\/wp\/v2\/types\/post"}],"author":[{"embeddable":true,"href":"https:\/\/pakosc-kalwaria.franciszkanie.net\/index.php\/wp-json\/wp\/v2\/users\/2"}],"replies":[{"embeddable":true,"href":"https:\/\/pakosc-kalwaria.franciszkanie.net\/index.php\/wp-json\/wp\/v2\/comments?post=4469"}],"version-history":[{"count":2,"href":"https:\/\/pakosc-kalwaria.franciszkanie.net\/index.php\/wp-json\/wp\/v2\/posts\/4469\/revisions"}],"predecessor-version":[{"id":4471,"href":"https:\/\/pakosc-kalwaria.franciszkanie.net\/index.php\/wp-json\/wp\/v2\/posts\/4469\/revisions\/4471"}],"wp:featuredmedia":[{"embeddable":true,"href":"https:\/\/pakosc-kalwaria.franciszkanie.net\/index.php\/wp-json\/wp\/v2\/media\/4354"}],"wp:attachment":[{"href":"https:\/\/pakosc-kalwaria.franciszkanie.net\/index.php\/wp-json\/wp\/v2\/media?parent=4469"}],"wp:term":[{"taxonomy":"category","embeddable":true,"href":"https:\/\/pakosc-kalwaria.franciszkanie.net\/index.php\/wp-json\/wp\/v2\/categories?post=4469"},{"taxonomy":"post_tag","embeddable":true,"href":"https:\/\/pakosc-kalwaria.franciszkanie.net\/index.php\/wp-json\/wp\/v2\/tags?post=4469"}],"curies":[{"name":"wp","href":"https:\/\/api.w.org\/{rel}","templated":true}]}}