{"id":4472,"date":"2018-01-27T09:05:15","date_gmt":"2018-01-27T08:05:15","guid":{"rendered":"http:\/\/pakosc-kalwaria.franciszkanie.net\/?p=4472"},"modified":"2018-01-27T11:13:37","modified_gmt":"2018-01-27T10:13:37","slug":"ogloszenia-duszpasterskie-iv-niedziela-zwykla","status":"publish","type":"post","link":"https:\/\/pakosc-kalwaria.franciszkanie.net\/index.php\/2018\/01\/27\/ogloszenia-duszpasterskie-iv-niedziela-zwykla\/","title":{"rendered":"Og\u0142oszenia duszpasterskie &#8211; IV Niedziela Zwyk\u0142a"},"content":{"rendered":"<p><strong><span style=\"color: #008000;\">28.01. &#8211; 04.02.2018r.\u00a0\u00a0\u00a0<\/span>\u00a0 <\/strong><strong><br \/>\n<\/strong><strong><span style=\"color: #ff0000;\"><em><u>Dzisiaj (28.01.)<\/u><\/em><\/span> \u2013 zbi\u00f3rka do puszek na wsparcie dla misjonarzy pochodz\u0105cych z Archidiecezji Gnie\u017anie\u0144skiej.<\/strong><\/p>\n<p><span style=\"color: #008000;\"><strong><em><u>W poniedzia\u0142ek (29.01.)<\/u><\/em><\/strong><\/span> <strong>\u2013 <span style=\"color: #ff0000;\">o 17.30 spotkanie dla rodzic\u00f3w dzieci klas III<\/span> przygotowuj\u0105cych si\u0119 w naszej Parafii do Pierwszej Komunii \u015bw. Rodzic\u00f3w zapraszamy ju\u017c na Msz\u0119 \u015bw. o 17.00.<\/strong><\/p>\n<p><strong><span style=\"color: #ff0000;\"><u>W tym tygodniu przypadaj\u0105 Comiesi\u0119czne Dni Odnowy Wewn\u0119trznej.<\/u><\/span><br \/>\n<\/strong><strong>Zach\u0119camy do comiesi\u0119cznej Spowiedzi \u015bw. i do Komunii \u015bw. pierwszopi\u0105tkowej.<span style=\"color: #ff0000;\"> Okazja do Spowiedzi \u015bw. w tych dniach od 16.30. \u00a0<\/span><\/strong><\/p>\n<p><strong><span style=\"color: #ff0000;\"><em><u>W pierwszy czwartek (01.02.) <\/u><\/em>\u2013 o \u00a017.00 Msza \u015bw. o nowe powo\u0142ania kap\u0142a\u0144skie i zakonne oraz za ministrant\u00f3w i ich Rodziny.<\/span> Komunia \u015bw. jest udzielana pod dwoma postaciami.<\/strong><br \/>\n<strong> <span style=\"color: #ff0000;\">Od 19.00 \u2013 20.00 adoracja Naj\u015bwi\u0119tszego Sakramentu<\/span> (\u201eGodzina \u015awi\u0119ta\u201d) z okazj\u0105 do Spowiedzi \u015bw.<\/strong><\/p>\n<p><strong><span style=\"color: #ff0000;\"><em><u>W pierwszy pi\u0105tek (02.02.)<\/u><\/em> \u2013 \u015bwi\u0119to Ofiarowania Pa\u0144skiego (MB Gromnicznej) oraz Dzie\u0144 \u017bycia Konsekrowanego.\u00a0<\/span><\/strong><br \/>\n<strong> O 17.00 Msza \u015bw. w intencjach zbiorowych do Bo\u017cego Mi\u0142osierdzia oraz za zmar\u0142ych polecanych w rocznych wypominkach.<\/strong><br \/>\n<strong> <span style=\"color: #ff0000;\">W czasie Mszy \u015bw. o 17.00 po\u015bwi\u0119cenie gromnic, a tak\u017ce \u015bwiec dzieciom przygotowuj\u0105cym si\u0119 do Pierwszej Komunii \u015bw.<\/span> Na t\u0119 Msze \u015bw. zapraszamy dzieci wraz z rodzicami.<\/strong><\/p>\n<p><strong><span style=\"color: #ff0000;\"><em><u>W pierwsz\u0105 sobot\u0119 (03.02.)<\/u><\/em> <\/span>\u2013 wspomnienie\u00a0 \u015bw. B\u0142a\u017ceja biskupa i m\u0119czennika. <span style=\"color: #ff0000;\">Po Mszy \u015bw. o 17.00 b\u0142ogos\u0142awie\u0144stwo \u015bw. B\u0142a\u017ceja, kt\u00f3re ma chroni\u0107 od chor\u00f3b gard\u0142a. \u00a0<\/span><\/strong><br \/>\n<strong> <span style=\"color: #ff0000;\">O 16.30 spotkanie \u017bywego R\u00f3\u017ca\u0144ca. O 17.00 Msza \u015bw. w intencji \u017bywego R\u00f3\u017ca\u0144ca.<\/span><\/strong><br \/>\n<strong> Po Mszy \u015bw. R\u00f3\u017caniec \u015bw. i 15-to minutowe rozwa\u017canie tajemnic r\u00f3\u017ca\u0144cowych w ramach nabo\u017ce\u0144stwa Pierwszych Sob\u00f3t Miesi\u0105ca wynagradzaj\u0105cych Niepokalanemu Sercu Maryi.<\/strong> <strong>Czcicieli Matki Bo\u017cej serdecznie zapraszamy!<\/strong><\/p>\n<p><strong>W lutym \u017bywy R\u00f3\u017caniec w naszej Parafii modli si\u0119 wed\u0142ug <span style=\"color: #ff0000;\">\u201eZestawu nr 15\u201d.<\/span><\/strong><br \/>\n<strong><span style=\"color: #ff0000;\"> Zach\u0119camy doros\u0142ych i m\u0142odzie\u017c do w\u0142\u0105czenia si\u0119 w \u017bywy R\u00f3\u017caniec w naszej Parafii.<\/span> Deklaracje znajduj\u0105 si\u0119 na stoliku pod ch\u00f3rem. Oddajemy je w zakrystii lub w biurze parafialnym.<\/strong><\/p>\n<p><strong><span style=\"color: #ff0000;\">W sobot\u0119 na godz. 8.00<\/span> zapraszamy osoby ch\u0119tne do pomocy przy rozbieraniu \u017b\u0142\u00f3bka.<\/strong><\/p>\n<p><strong><em><u>W przysz\u0142\u0105 niedziel\u0119 (04.02.)<\/u><\/em><\/strong><strong> \u2013 <\/strong><strong>Msze \u015bw. po\u0142\u0105czone z aspersj\u0105 i odnowieniem Przyrzecze\u0144 Chrztu \u015bw. \u00a0W przysz\u0142\u0105 niedziel\u0119<span style=\"color: #ff0000;\"> zbi\u00f3rka do puszek na Dom Zakonny Si\u00f3str Karmelitanek.\u00a0\u00a0\u00a0\u00a0\u00a0\u00a0\u00a0 <\/span><\/strong><strong><span style=\"color: #ff0000;\">\u00a0\u00a0\u00a0\u00a0\u00a0\u00a0\u00a0\u00a0<\/span><\/strong><\/p>\n<p><span style=\"color: #ff0000;\"><strong>Parafialny Zesp\u00f3\u0142 Caritas<\/strong><strong> przyjmuje nowe skierowania &#8211; o\u015bwiadczenia na dystrybucj\u0119 unijnej \u017cywno\u015bci<\/strong> <\/span><strong>od os\u00f3b, kt\u00f3re jeszcze nie sk\u0142ada\u0142y takich deklaracji, a chcia\u0142yby skorzysta\u0107 z pomocy tego typu. Wi\u0119cej informacji w gablotce i na stronie internetowej.<\/strong><\/p>\n<p><strong><span style=\"color: #ff0000;\">W klasztorze \u015bw. Bonawentury w Pako\u015bci od 2 &#8211; 4 marca odb\u0119d\u0105 si\u0119 Franciszka\u0144skie Warsztaty Muzyczno-Liturgiczne<\/span>. Zapraszamy do udzia\u0142u osoby kochaj\u0105ce \u015bpiew i muzyk\u0119 liturgiczn\u0105. Szczeg\u00f3\u0142y na naszej stronie internetowej.<\/strong><\/p>\n<p><strong>W zwi\u0105zku z okresem przekazywania rocznych rozlicze\u0144 podatkowych do Urz\u0119d\u00f3w Skarbowych, <span style=\"color: #ff0000;\">zwracamy si\u0119 z pro\u015bb\u0105 o przekazanie 1% podatku na rzecz Fundacji \u201eKalwaria Pakoska\u201d,<\/span> dzi\u0119ki czemu mo\u017cliwa b\u0119dzie dalsza promocja i renowacja Kalwarii w Roku Jubileuszu 390-lecia powstania naszej Pakoskiej Kalwarii.<\/strong><\/p>\n<p><strong>Pod ch\u00f3rem do nabycia czasopisma: \u201ePrzewodnik Katolicki\u201d oraz \u201eOla i Ja\u015b\u201d. Op\u0142aty za czasopisma sk\u0142adamy do skarbonki. Mo\u017cna tak\u017ce zabra\u0107 ze sob\u0105 foldery o naszej Parafii.<\/strong><\/p>\n<p><strong>Wyra\u017camy wdzi\u0119czno\u015b\u0107 za ka\u017cd\u0105 Wasz\u0105 modlitw\u0119 oraz za z\u0142o\u017cone dzisiaj ofiary.<\/strong><\/p>\n<p><strong>Nape\u0142nieni Duchem \u015awi\u0119tym id\u017amy przez codzienne \u017cycie i g\u0142o\u015bmy Jezusa i Jego Ewangeli\u0119.<\/strong><br \/>\n<strong> Niech Dobry B\u00f3g Wam i waszym Rodzinom obficie b\u0142ogos\u0142awi, a Matka Naj\u015bwi\u0119tsza otacza swoj\u0105 przemo\u017cn\u0105 opiek\u0105.<\/strong><\/p>\n<p><strong>Z darem modlitwy Bracia Mniejsi Franciszkanie z Pako\u015bci &#8211; Kalwarii\u00a0\u00a0\u00a0\u00a0\u00a0\u00a0\u00a0\u00a0\u00a0 <\/strong><\/p>\n","protected":false},"excerpt":{"rendered":"<p>28.01. &#8211; 04.02.2018r.\u00a0\u00a0\u00a0\u00a0 Dzisiaj (28.01.) \u2013 zbi\u00f3rka do puszek na wsparcie dla misjonarzy pochodz\u0105cych z Archidiecezji Gnie\u017anie\u0144skiej. W poniedzia\u0142ek (29.01.) \u2013 o 17.30 spotkanie dla rodzic\u00f3w dzieci klas III przygotowuj\u0105cych si\u0119 w naszej Parafii do Pierwszej Komunii \u015bw. Rodzic\u00f3w zapraszamy ju\u017c na Msz\u0119 \u015bw. o 17.00. W tym tygodniu przypadaj\u0105 Comiesi\u0119czne Dni Odnowy Wewn\u0119trznej. Zach\u0119camy &hellip;<\/p>\n","protected":false},"author":2,"featured_media":4360,"comment_status":"closed","ping_status":"open","sticky":false,"template":"","format":"standard","meta":{"_mi_skip_tracking":false,"_exactmetrics_sitenote_active":false,"_exactmetrics_sitenote_note":"","_exactmetrics_sitenote_category":0},"categories":[5],"tags":[],"yoast_head":"<!-- This site is optimized with the Yoast SEO plugin v18.1 - https:\/\/yoast.com\/wordpress\/plugins\/seo\/ -->\n<title>Og\u0142oszenia duszpasterskie - IV Niedziela Zwyk\u0142a - Pako\u015b\u0107 \u2013 Kalwaria<\/title>\n<meta name=\"robots\" content=\"index, follow, max-snippet:-1, max-image-preview:large, max-video-preview:-1\" \/>\n<link rel=\"canonical\" href=\"https:\/\/pakosc-kalwaria.franciszkanie.net\/index.php\/2018\/01\/27\/ogloszenia-duszpasterskie-iv-niedziela-zwykla\/\" \/>\n<meta property=\"og:locale\" content=\"pl_PL\" \/>\n<meta property=\"og:type\" content=\"article\" \/>\n<meta property=\"og:title\" content=\"Og\u0142oszenia duszpasterskie - IV Niedziela Zwyk\u0142a - Pako\u015b\u0107 \u2013 Kalwaria\" \/>\n<meta property=\"og:description\" content=\"28.01. &#8211; 04.02.2018r.\u00a0\u00a0\u00a0\u00a0 Dzisiaj (28.01.) \u2013 zbi\u00f3rka do puszek na wsparcie dla misjonarzy pochodz\u0105cych z Archidiecezji Gnie\u017anie\u0144skiej. W poniedzia\u0142ek (29.01.) \u2013 o 17.30 spotkanie dla rodzic\u00f3w dzieci klas III przygotowuj\u0105cych si\u0119 w naszej Parafii do Pierwszej Komunii \u015bw. Rodzic\u00f3w zapraszamy ju\u017c na Msz\u0119 \u015bw. o 17.00. W tym tygodniu przypadaj\u0105 Comiesi\u0119czne Dni Odnowy Wewn\u0119trznej. Zach\u0119camy &hellip;\" \/>\n<meta property=\"og:url\" content=\"https:\/\/pakosc-kalwaria.franciszkanie.net\/index.php\/2018\/01\/27\/ogloszenia-duszpasterskie-iv-niedziela-zwykla\/\" \/>\n<meta property=\"og:site_name\" content=\"Pako\u015b\u0107 \u2013 Kalwaria\" \/>\n<meta property=\"article:author\" content=\"https:\/\/www.facebook.com\/KalwariaPakosc\/\" \/>\n<meta property=\"article:published_time\" content=\"2018-01-27T08:05:15+00:00\" \/>\n<meta property=\"article:modified_time\" content=\"2018-01-27T10:13:37+00:00\" \/>\n<meta property=\"og:image\" content=\"https:\/\/pakosc-kalwaria.franciszkanie.net\/wp-content\/uploads\/2018\/01\/jestesmy-napelnieni-duch_5522.jpg\" \/>\n\t<meta property=\"og:image:width\" content=\"350\" \/>\n\t<meta property=\"og:image:height\" content=\"175\" \/>\n\t<meta property=\"og:image:type\" content=\"image\/jpeg\" \/>\n<meta name=\"twitter:card\" content=\"summary\" \/>\n<meta name=\"twitter:label1\" content=\"Napisane przez\" \/>\n\t<meta name=\"twitter:data1\" content=\"pakosc-kalwaria\" \/>\n\t<meta name=\"twitter:label2\" content=\"Szacowany czas czytania\" \/>\n\t<meta name=\"twitter:data2\" content=\"3 minuty\" \/>\n<script type=\"application\/ld+json\" class=\"yoast-schema-graph\">{\"@context\":\"https:\/\/schema.org\",\"@graph\":[{\"@type\":\"WebSite\",\"@id\":\"https:\/\/pakosc-kalwaria.franciszkanie.net\/#website\",\"url\":\"https:\/\/pakosc-kalwaria.franciszkanie.net\/\",\"name\":\"Pako\u015b\u0107 \u2013 Kalwaria\",\"description\":\"Parafia Rzymsko \u2013 Katolicka p.w. Pana Jezusa Ukrzy\u017cowanego i  Matki Bo\u017cej Bolesnej ul. Barci\u0144ska 60, 88\u2013170 Pako\u015b\u0107 \u2013 Kalwaria\",\"potentialAction\":[{\"@type\":\"SearchAction\",\"target\":{\"@type\":\"EntryPoint\",\"urlTemplate\":\"https:\/\/pakosc-kalwaria.franciszkanie.net\/?s={search_term_string}\"},\"query-input\":\"required name=search_term_string\"}],\"inLanguage\":\"pl-PL\"},{\"@type\":\"ImageObject\",\"@id\":\"https:\/\/pakosc-kalwaria.franciszkanie.net\/index.php\/2018\/01\/27\/ogloszenia-duszpasterskie-iv-niedziela-zwykla\/#primaryimage\",\"inLanguage\":\"pl-PL\",\"url\":\"https:\/\/pakosc-kalwaria.franciszkanie.net\/wp-content\/uploads\/2018\/01\/jestesmy-napelnieni-duch_5522.jpg\",\"contentUrl\":\"https:\/\/pakosc-kalwaria.franciszkanie.net\/wp-content\/uploads\/2018\/01\/jestesmy-napelnieni-duch_5522.jpg\",\"width\":350,\"height\":175},{\"@type\":\"WebPage\",\"@id\":\"https:\/\/pakosc-kalwaria.franciszkanie.net\/index.php\/2018\/01\/27\/ogloszenia-duszpasterskie-iv-niedziela-zwykla\/#webpage\",\"url\":\"https:\/\/pakosc-kalwaria.franciszkanie.net\/index.php\/2018\/01\/27\/ogloszenia-duszpasterskie-iv-niedziela-zwykla\/\",\"name\":\"Og\u0142oszenia duszpasterskie - IV Niedziela Zwyk\u0142a - Pako\u015b\u0107 \u2013 Kalwaria\",\"isPartOf\":{\"@id\":\"https:\/\/pakosc-kalwaria.franciszkanie.net\/#website\"},\"primaryImageOfPage\":{\"@id\":\"https:\/\/pakosc-kalwaria.franciszkanie.net\/index.php\/2018\/01\/27\/ogloszenia-duszpasterskie-iv-niedziela-zwykla\/#primaryimage\"},\"datePublished\":\"2018-01-27T08:05:15+00:00\",\"dateModified\":\"2018-01-27T10:13:37+00:00\",\"author\":{\"@id\":\"https:\/\/pakosc-kalwaria.franciszkanie.net\/#\/schema\/person\/af10b943be0760709227d060eadcb2aa\"},\"breadcrumb\":{\"@id\":\"https:\/\/pakosc-kalwaria.franciszkanie.net\/index.php\/2018\/01\/27\/ogloszenia-duszpasterskie-iv-niedziela-zwykla\/#breadcrumb\"},\"inLanguage\":\"pl-PL\",\"potentialAction\":[{\"@type\":\"ReadAction\",\"target\":[\"https:\/\/pakosc-kalwaria.franciszkanie.net\/index.php\/2018\/01\/27\/ogloszenia-duszpasterskie-iv-niedziela-zwykla\/\"]}]},{\"@type\":\"BreadcrumbList\",\"@id\":\"https:\/\/pakosc-kalwaria.franciszkanie.net\/index.php\/2018\/01\/27\/ogloszenia-duszpasterskie-iv-niedziela-zwykla\/#breadcrumb\",\"itemListElement\":[{\"@type\":\"ListItem\",\"position\":1,\"name\":\"Strona g\u0142\u00f3wna\",\"item\":\"https:\/\/pakosc-kalwaria.franciszkanie.net\/\"},{\"@type\":\"ListItem\",\"position\":2,\"name\":\"Og\u0142oszenia duszpasterskie &#8211; IV Niedziela Zwyk\u0142a\"}]},{\"@type\":\"Person\",\"@id\":\"https:\/\/pakosc-kalwaria.franciszkanie.net\/#\/schema\/person\/af10b943be0760709227d060eadcb2aa\",\"name\":\"pakosc-kalwaria\",\"image\":{\"@type\":\"ImageObject\",\"@id\":\"https:\/\/pakosc-kalwaria.franciszkanie.net\/#personlogo\",\"inLanguage\":\"pl-PL\",\"url\":\"https:\/\/secure.gravatar.com\/avatar\/e7049d338b55eac6a0027ff3218b8d02?s=96&d=mm&r=g\",\"contentUrl\":\"https:\/\/secure.gravatar.com\/avatar\/e7049d338b55eac6a0027ff3218b8d02?s=96&d=mm&r=g\",\"caption\":\"pakosc-kalwaria\"},\"sameAs\":[\"https:\/\/www.facebook.com\/KalwariaPakosc\/\"],\"url\":\"https:\/\/pakosc-kalwaria.franciszkanie.net\/index.php\/author\/pakosc-kalwaria\/\"}]}<\/script>\n<!-- \/ Yoast SEO plugin. -->","yoast_head_json":{"title":"Og\u0142oszenia duszpasterskie - IV Niedziela Zwyk\u0142a - Pako\u015b\u0107 \u2013 Kalwaria","robots":{"index":"index","follow":"follow","max-snippet":"max-snippet:-1","max-image-preview":"max-image-preview:large","max-video-preview":"max-video-preview:-1"},"canonical":"https:\/\/pakosc-kalwaria.franciszkanie.net\/index.php\/2018\/01\/27\/ogloszenia-duszpasterskie-iv-niedziela-zwykla\/","og_locale":"pl_PL","og_type":"article","og_title":"Og\u0142oszenia duszpasterskie - IV Niedziela Zwyk\u0142a - Pako\u015b\u0107 \u2013 Kalwaria","og_description":"28.01. &#8211; 04.02.2018r.\u00a0\u00a0\u00a0\u00a0 Dzisiaj (28.01.) \u2013 zbi\u00f3rka do puszek na wsparcie dla misjonarzy pochodz\u0105cych z Archidiecezji Gnie\u017anie\u0144skiej. W poniedzia\u0142ek (29.01.) \u2013 o 17.30 spotkanie dla rodzic\u00f3w dzieci klas III przygotowuj\u0105cych si\u0119 w naszej Parafii do Pierwszej Komunii \u015bw. Rodzic\u00f3w zapraszamy ju\u017c na Msz\u0119 \u015bw. o 17.00. W tym tygodniu przypadaj\u0105 Comiesi\u0119czne Dni Odnowy Wewn\u0119trznej. Zach\u0119camy &hellip;","og_url":"https:\/\/pakosc-kalwaria.franciszkanie.net\/index.php\/2018\/01\/27\/ogloszenia-duszpasterskie-iv-niedziela-zwykla\/","og_site_name":"Pako\u015b\u0107 \u2013 Kalwaria","article_author":"https:\/\/www.facebook.com\/KalwariaPakosc\/","article_published_time":"2018-01-27T08:05:15+00:00","article_modified_time":"2018-01-27T10:13:37+00:00","og_image":[{"width":350,"height":175,"url":"https:\/\/pakosc-kalwaria.franciszkanie.net\/wp-content\/uploads\/2018\/01\/jestesmy-napelnieni-duch_5522.jpg","type":"image\/jpeg"}],"twitter_card":"summary","twitter_misc":{"Napisane przez":"pakosc-kalwaria","Szacowany czas czytania":"3 minuty"},"schema":{"@context":"https:\/\/schema.org","@graph":[{"@type":"WebSite","@id":"https:\/\/pakosc-kalwaria.franciszkanie.net\/#website","url":"https:\/\/pakosc-kalwaria.franciszkanie.net\/","name":"Pako\u015b\u0107 \u2013 Kalwaria","description":"Parafia Rzymsko \u2013 Katolicka p.w. Pana Jezusa Ukrzy\u017cowanego i  Matki Bo\u017cej Bolesnej ul. Barci\u0144ska 60, 88\u2013170 Pako\u015b\u0107 \u2013 Kalwaria","potentialAction":[{"@type":"SearchAction","target":{"@type":"EntryPoint","urlTemplate":"https:\/\/pakosc-kalwaria.franciszkanie.net\/?s={search_term_string}"},"query-input":"required name=search_term_string"}],"inLanguage":"pl-PL"},{"@type":"ImageObject","@id":"https:\/\/pakosc-kalwaria.franciszkanie.net\/index.php\/2018\/01\/27\/ogloszenia-duszpasterskie-iv-niedziela-zwykla\/#primaryimage","inLanguage":"pl-PL","url":"https:\/\/pakosc-kalwaria.franciszkanie.net\/wp-content\/uploads\/2018\/01\/jestesmy-napelnieni-duch_5522.jpg","contentUrl":"https:\/\/pakosc-kalwaria.franciszkanie.net\/wp-content\/uploads\/2018\/01\/jestesmy-napelnieni-duch_5522.jpg","width":350,"height":175},{"@type":"WebPage","@id":"https:\/\/pakosc-kalwaria.franciszkanie.net\/index.php\/2018\/01\/27\/ogloszenia-duszpasterskie-iv-niedziela-zwykla\/#webpage","url":"https:\/\/pakosc-kalwaria.franciszkanie.net\/index.php\/2018\/01\/27\/ogloszenia-duszpasterskie-iv-niedziela-zwykla\/","name":"Og\u0142oszenia duszpasterskie - IV Niedziela Zwyk\u0142a - Pako\u015b\u0107 \u2013 Kalwaria","isPartOf":{"@id":"https:\/\/pakosc-kalwaria.franciszkanie.net\/#website"},"primaryImageOfPage":{"@id":"https:\/\/pakosc-kalwaria.franciszkanie.net\/index.php\/2018\/01\/27\/ogloszenia-duszpasterskie-iv-niedziela-zwykla\/#primaryimage"},"datePublished":"2018-01-27T08:05:15+00:00","dateModified":"2018-01-27T10:13:37+00:00","author":{"@id":"https:\/\/pakosc-kalwaria.franciszkanie.net\/#\/schema\/person\/af10b943be0760709227d060eadcb2aa"},"breadcrumb":{"@id":"https:\/\/pakosc-kalwaria.franciszkanie.net\/index.php\/2018\/01\/27\/ogloszenia-duszpasterskie-iv-niedziela-zwykla\/#breadcrumb"},"inLanguage":"pl-PL","potentialAction":[{"@type":"ReadAction","target":["https:\/\/pakosc-kalwaria.franciszkanie.net\/index.php\/2018\/01\/27\/ogloszenia-duszpasterskie-iv-niedziela-zwykla\/"]}]},{"@type":"BreadcrumbList","@id":"https:\/\/pakosc-kalwaria.franciszkanie.net\/index.php\/2018\/01\/27\/ogloszenia-duszpasterskie-iv-niedziela-zwykla\/#breadcrumb","itemListElement":[{"@type":"ListItem","position":1,"name":"Strona g\u0142\u00f3wna","item":"https:\/\/pakosc-kalwaria.franciszkanie.net\/"},{"@type":"ListItem","position":2,"name":"Og\u0142oszenia duszpasterskie &#8211; IV Niedziela Zwyk\u0142a"}]},{"@type":"Person","@id":"https:\/\/pakosc-kalwaria.franciszkanie.net\/#\/schema\/person\/af10b943be0760709227d060eadcb2aa","name":"pakosc-kalwaria","image":{"@type":"ImageObject","@id":"https:\/\/pakosc-kalwaria.franciszkanie.net\/#personlogo","inLanguage":"pl-PL","url":"https:\/\/secure.gravatar.com\/avatar\/e7049d338b55eac6a0027ff3218b8d02?s=96&d=mm&r=g","contentUrl":"https:\/\/secure.gravatar.com\/avatar\/e7049d338b55eac6a0027ff3218b8d02?s=96&d=mm&r=g","caption":"pakosc-kalwaria"},"sameAs":["https:\/\/www.facebook.com\/KalwariaPakosc\/"],"url":"https:\/\/pakosc-kalwaria.franciszkanie.net\/index.php\/author\/pakosc-kalwaria\/"}]}},"_links":{"self":[{"href":"https:\/\/pakosc-kalwaria.franciszkanie.net\/index.php\/wp-json\/wp\/v2\/posts\/4472"}],"collection":[{"href":"https:\/\/pakosc-kalwaria.franciszkanie.net\/index.php\/wp-json\/wp\/v2\/posts"}],"about":[{"href":"https:\/\/pakosc-kalwaria.franciszkanie.net\/index.php\/wp-json\/wp\/v2\/types\/post"}],"author":[{"embeddable":true,"href":"https:\/\/pakosc-kalwaria.franciszkanie.net\/index.php\/wp-json\/wp\/v2\/users\/2"}],"replies":[{"embeddable":true,"href":"https:\/\/pakosc-kalwaria.franciszkanie.net\/index.php\/wp-json\/wp\/v2\/comments?post=4472"}],"version-history":[{"count":4,"href":"https:\/\/pakosc-kalwaria.franciszkanie.net\/index.php\/wp-json\/wp\/v2\/posts\/4472\/revisions"}],"predecessor-version":[{"id":4476,"href":"https:\/\/pakosc-kalwaria.franciszkanie.net\/index.php\/wp-json\/wp\/v2\/posts\/4472\/revisions\/4476"}],"wp:featuredmedia":[{"embeddable":true,"href":"https:\/\/pakosc-kalwaria.franciszkanie.net\/index.php\/wp-json\/wp\/v2\/media\/4360"}],"wp:attachment":[{"href":"https:\/\/pakosc-kalwaria.franciszkanie.net\/index.php\/wp-json\/wp\/v2\/media?parent=4472"}],"wp:term":[{"taxonomy":"category","embeddable":true,"href":"https:\/\/pakosc-kalwaria.franciszkanie.net\/index.php\/wp-json\/wp\/v2\/categories?post=4472"},{"taxonomy":"post_tag","embeddable":true,"href":"https:\/\/pakosc-kalwaria.franciszkanie.net\/index.php\/wp-json\/wp\/v2\/tags?post=4472"}],"curies":[{"name":"wp","href":"https:\/\/api.w.org\/{rel}","templated":true}]}}