{"id":5233,"date":"2018-09-03T15:00:51","date_gmt":"2018-09-03T13:00:51","guid":{"rendered":"http:\/\/pakosc-kalwaria.franciszkanie.net\/?p=5233"},"modified":"2018-09-13T22:26:18","modified_gmt":"2018-09-13T20:26:18","slug":"nabozenstwa-fatimskie-pakosci","status":"publish","type":"post","link":"https:\/\/pakosc-kalwaria.franciszkanie.net\/index.php\/2018\/09\/03\/nabozenstwa-fatimskie-pakosci\/","title":{"rendered":"Nabo\u017ce\u0144stwo fatimskie w Pako\u015bci &#8211; 13 wrze\u015bnia"},"content":{"rendered":"<p><strong>Kolejne tegoroczne nabo\u017ce\u0144stwo fatimskie <span style=\"color: #ff0000;\">w\u00a0 czwartek 13 wrze\u015bnia.<\/span><br \/>\n<\/strong><strong><span style=\"color: #ff0000;\">O 18.00 Msza \u015bw.<\/span> w ko\u015bciele \u015bw. Bonawentury.<br \/>\n<span style=\"color: #ff0000;\">Po Mszy \u015bw. Procesja R\u00f3\u017ca\u0144cowa ze \u015bwiecami dr\u00f3\u017ckami kalwaryjskimi na Wzg\u00f3rze Kalwaryjskie.<\/span> Zako\u0144czenie Apelem Jasnog\u00f3rskim w Sanktuarium Krzy\u017ca \u015awi\u0119tego na G\u00f3rze Mi\u0142osierdzia.<br \/>\nWszystkich czcicieli Maryi zapraszamy do licznego udzia\u0142u w tych nabo\u017ce\u0144stwach i procesjach, kt\u00f3re b\u0119d\u0105 odbywa\u0142y si\u0119 do 13 pa\u017adziernika.<br \/>\n<\/strong><\/p>\n<p><strong>Zach\u0119camy doros\u0142ych i m\u0142odzie\u017c do w\u0142\u0105czenia si\u0119 w \u017bywy R\u00f3\u017caniec w naszej Parafii, szczeg\u00f3lnie w powstaj\u0105c\u0105 <span style=\"color: #ff0000;\">R\u00f3\u017c\u0119 R\u00f3\u017ca\u0144cow\u0105 pw. \u015aw. Jana Paw\u0142a II.<\/span> <\/strong><br \/>\n<strong> Wi\u0119cej informacji na temat <span style=\"color: #ff0000;\">\u017bywego R\u00f3\u017ca\u0144ca<\/span> na naszej stronie internetowej w zak\u0142adce &#8222;Wsp\u00f3lnoty &#8211; \u017bywy R\u00f3\u017caniec&#8221;.\u00a0<\/strong><\/p>\n<p><strong><br \/>\n<span style=\"color: #0000ff;\">W Or\u0119dziu fatimskim Maryja wzywa nas do nawr\u00f3cenia, modlitwy, pokuty i ofiarowania si\u0119 Niepokalanemu Sercu Maryi<\/span><\/strong><span style=\"color: #0000ff;\">!\u00a0<\/span><\/p>\n<p><strong>Oto niekt\u00f3re wezwania przekazane przez Maryj\u0119 dzieciom w czasie Objawie\u0144 w Fatimie:\u00a0 <\/strong><\/p>\n<p><em><strong>&#8211; \u201eOdmawiajcie codziennie r\u00f3\u017caniec, aby uzyska\u0107 pok\u00f3j dla \u015bwiata i koniec wojny!&#8221;<br \/>\n<\/strong><strong><br \/>\n<\/strong><strong>&#8211; \u201ePrzysz\u0142am upomnie\u0107 ludzko\u015b\u0107, aby zmienia\u0142a \u017cycie i\u00a0nie zasmuca\u0142a Boga ci\u0119\u017ckimi grzechami. Niech ludzie codziennie odmawiaj\u0105 R\u00f3\u017caniec i\u00a0pokutuj\u0105 za grzechy\u201d.\u00a0\u00a0\u00a0\u00a0\u00a0 <\/strong><strong><br \/>\n<\/strong><\/em><strong><br \/>\n<em> &#8211; \u201eCierpisz bardzo? Nie tra\u0107 odwagi. Nigdy ci\u0119 nie opuszcz\u0119, moje Niepokalane Serce b\u0119dzie twoj\u0105 ucieczk\u0105 i drog\u0105, kt\u00f3ra ci\u0119 zaprowadzi do Boga&#8221;.\u00a0\u00a0\u00a0 <\/em><\/strong><\/p>\n<p><strong><em> &#8211; \u201eOfiarujcie si\u0119 za grzesznik\u00f3w i m\u00f3wcie cz\u0119sto, zw\u0142aszcza gdy b\u0119dziecie ponosi\u0107 ofiary: O Jezu, czyni\u0119 to z mi\u0142o\u015bci dla Ciebie, za nawr\u00f3cenie grzesznik\u00f3w i za zado\u015b\u0107uczynienie za grzechy pope\u0142nione przeciwko Niepokalanemu Sercu Maryi&#8221;.\u00a0\u00a0\u00a0\u00a0\u00a0\u00a0 <\/em><\/strong><\/p>\n<p><strong><em>&#8211; \u201eKiedy odmawiacie r\u00f3\u017caniec, m\u00f3wcie po ka\u017cdej tajemnicy: O m\u00f3j Jezu, przebacz nam nasze grzechy, zachowaj nas od ognia piekielnego, zaprowad\u017a wszystkie dusze do nieba, a szczeg\u00f3lnie te, kt\u00f3re najbardziej potrzebuj\u0105 Twojego mi\u0142osierdzia&#8221;.<\/em><\/strong><\/p>\n<p><span style=\"color: #0000ff;\"><strong><br \/>\n1. Z dalekiej Fatimy dono\u015bnie brzmi dzwon,<\/strong><\/span><br \/>\n<strong>Zjawienie Maryi og\u0142asza nam on.<br \/>\n<\/strong><strong>Ave, Ave, Ave Maryja!\u00a0\u00a0\u00a0 <\/strong><br \/>\n<strong>Ave, Ave, Ave Maryja!\u00a0\u00a0<\/strong><br \/>\n<strong> Zdrowa\u015b Zdrowa\u015b, Zdrowa\u015b Maryjo <\/strong><br \/>\n<strong>Zdrowa\u015b Zdrowa\u015b, Zdrowa\u015b Maryjo <\/strong><\/p>\n<p><strong>2. Spieszymy wi\u0119c wszyscy w\u015br\u00f3d zmartwie\u0144 i trosk, <\/strong><br \/>\n<strong>By w r\u0119ce Twe z\u0142o\u017cy\u0107 niepewny nasz los.<\/strong><\/p>\n<p><strong>3. Dziewica przecudna w koronie d\u0119bu,<\/strong><br \/>\n<strong>Jej p\u0142aszcz jak \u015bnieg bia\u0142y, R\u00f3\u017caniec w r\u0119ku.<\/strong><\/p>\n<p><strong>4. Objawia si\u0119 dzieciom, u\u015bmiechem darzy,<\/strong><br \/>\n<strong>Cho\u0107 smutek i troska przebija z twarzy.<\/strong><\/p>\n<p><strong>5. Sk\u0105d jeste\u015b, o Pani? Pytaj\u0105 dzieci,<\/strong><br \/>\n<strong> &#8222;Ja z nieba przybywam upomnie\u0107 ludzi.<\/strong><\/p>\n<p><strong>6. By Boga ju\u017c wi\u0119cej nie obra\u017cali,<\/strong><br \/>\n<strong>Za grzechy i zbrodnie pokutowali&#8221;.<\/strong><\/p>\n<p><strong>7. Za rad\u0105 Tw\u0105, Pani, przej\u0119ci \u017calem,<\/strong><br \/>\n<strong>B\u0142agamy wci\u0105\u017c Boga, by wstrzyma\u0142 kar\u0119.<\/strong><\/p>\n<p><strong>8. Niesiemy swe mod\u0142y do tronu Pana,<\/strong><br \/>\n<strong>Przez Serce Twe czyste, Niepokalana.<\/strong><\/p>\n<p><strong>9. Pragniemy nie\u015b\u0107 krzy\u017ce i do\u015bwiadczenia,<\/strong><br \/>\n<strong>Przyjmuj\u0105c je w duchu wynagrodzenia. <\/strong><\/p>\n<p><strong>10. R\u00f3\u017caniec, pokuta i umartwienie,<\/strong><br \/>\n<strong>S\u0105 naszym ratunkiem i ocaleniem.<\/strong><\/p>\n","protected":false},"excerpt":{"rendered":"<p>Kolejne tegoroczne nabo\u017ce\u0144stwo fatimskie w\u00a0 czwartek 13 wrze\u015bnia. O 18.00 Msza \u015bw. w ko\u015bciele \u015bw. Bonawentury. Po Mszy \u015bw. Procesja R\u00f3\u017ca\u0144cowa ze \u015bwiecami dr\u00f3\u017ckami kalwaryjskimi na Wzg\u00f3rze Kalwaryjskie. Zako\u0144czenie Apelem Jasnog\u00f3rskim w Sanktuarium Krzy\u017ca \u015awi\u0119tego na G\u00f3rze Mi\u0142osierdzia. Wszystkich czcicieli Maryi zapraszamy do licznego udzia\u0142u w tych nabo\u017ce\u0144stwach i procesjach, kt\u00f3re b\u0119d\u0105 odbywa\u0142y si\u0119 do &hellip;<\/p>\n","protected":false},"author":2,"featured_media":5235,"comment_status":"closed","ping_status":"open","sticky":false,"template":"","format":"standard","meta":{"_mi_skip_tracking":false,"_exactmetrics_sitenote_active":false,"_exactmetrics_sitenote_note":"","_exactmetrics_sitenote_category":0},"categories":[1],"tags":[],"yoast_head":"<!-- This site is optimized with the Yoast SEO plugin v18.1 - https:\/\/yoast.com\/wordpress\/plugins\/seo\/ -->\n<title>Nabo\u017ce\u0144stwo fatimskie w Pako\u015bci - 13 wrze\u015bnia - Pako\u015b\u0107 \u2013 Kalwaria<\/title>\n<meta name=\"robots\" content=\"index, follow, max-snippet:-1, max-image-preview:large, max-video-preview:-1\" \/>\n<link rel=\"canonical\" href=\"https:\/\/pakosc-kalwaria.franciszkanie.net\/index.php\/2018\/09\/03\/nabozenstwa-fatimskie-pakosci\/\" \/>\n<meta property=\"og:locale\" content=\"pl_PL\" \/>\n<meta property=\"og:type\" content=\"article\" \/>\n<meta property=\"og:title\" content=\"Nabo\u017ce\u0144stwo fatimskie w Pako\u015bci - 13 wrze\u015bnia - Pako\u015b\u0107 \u2013 Kalwaria\" \/>\n<meta property=\"og:description\" content=\"Kolejne tegoroczne nabo\u017ce\u0144stwo fatimskie w\u00a0 czwartek 13 wrze\u015bnia. O 18.00 Msza \u015bw. w ko\u015bciele \u015bw. Bonawentury. Po Mszy \u015bw. Procesja R\u00f3\u017ca\u0144cowa ze \u015bwiecami dr\u00f3\u017ckami kalwaryjskimi na Wzg\u00f3rze Kalwaryjskie. Zako\u0144czenie Apelem Jasnog\u00f3rskim w Sanktuarium Krzy\u017ca \u015awi\u0119tego na G\u00f3rze Mi\u0142osierdzia. Wszystkich czcicieli Maryi zapraszamy do licznego udzia\u0142u w tych nabo\u017ce\u0144stwach i procesjach, kt\u00f3re b\u0119d\u0105 odbywa\u0142y si\u0119 do &hellip;\" \/>\n<meta property=\"og:url\" content=\"https:\/\/pakosc-kalwaria.franciszkanie.net\/index.php\/2018\/09\/03\/nabozenstwa-fatimskie-pakosci\/\" \/>\n<meta property=\"og:site_name\" content=\"Pako\u015b\u0107 \u2013 Kalwaria\" \/>\n<meta property=\"article:author\" content=\"https:\/\/www.facebook.com\/KalwariaPakosc\/\" \/>\n<meta property=\"article:published_time\" content=\"2018-09-03T13:00:51+00:00\" \/>\n<meta property=\"article:modified_time\" content=\"2018-09-13T20:26:18+00:00\" \/>\n<meta property=\"og:image\" content=\"https:\/\/pakosc-kalwaria.franciszkanie.net\/wp-content\/uploads\/2018\/05\/MB-Fatima.jpg\" \/>\n\t<meta property=\"og:image:width\" content=\"350\" \/>\n\t<meta property=\"og:image:height\" content=\"220\" \/>\n\t<meta property=\"og:image:type\" content=\"image\/jpeg\" \/>\n<meta name=\"twitter:card\" content=\"summary\" \/>\n<meta name=\"twitter:label1\" content=\"Napisane przez\" \/>\n\t<meta name=\"twitter:data1\" content=\"pakosc-kalwaria\" \/>\n\t<meta name=\"twitter:label2\" content=\"Szacowany czas czytania\" \/>\n\t<meta name=\"twitter:data2\" content=\"2 minuty\" \/>\n<script type=\"application\/ld+json\" class=\"yoast-schema-graph\">{\"@context\":\"https:\/\/schema.org\",\"@graph\":[{\"@type\":\"WebSite\",\"@id\":\"https:\/\/pakosc-kalwaria.franciszkanie.net\/#website\",\"url\":\"https:\/\/pakosc-kalwaria.franciszkanie.net\/\",\"name\":\"Pako\u015b\u0107 \u2013 Kalwaria\",\"description\":\"Parafia Rzymsko \u2013 Katolicka p.w. Pana Jezusa Ukrzy\u017cowanego i  Matki Bo\u017cej Bolesnej ul. Barci\u0144ska 60, 88\u2013170 Pako\u015b\u0107 \u2013 Kalwaria\",\"potentialAction\":[{\"@type\":\"SearchAction\",\"target\":{\"@type\":\"EntryPoint\",\"urlTemplate\":\"https:\/\/pakosc-kalwaria.franciszkanie.net\/?s={search_term_string}\"},\"query-input\":\"required name=search_term_string\"}],\"inLanguage\":\"pl-PL\"},{\"@type\":\"ImageObject\",\"@id\":\"https:\/\/pakosc-kalwaria.franciszkanie.net\/index.php\/2018\/09\/03\/nabozenstwa-fatimskie-pakosci\/#primaryimage\",\"inLanguage\":\"pl-PL\",\"url\":\"https:\/\/pakosc-kalwaria.franciszkanie.net\/wp-content\/uploads\/2018\/05\/MB-Fatima.jpg\",\"contentUrl\":\"https:\/\/pakosc-kalwaria.franciszkanie.net\/wp-content\/uploads\/2018\/05\/MB-Fatima.jpg\",\"width\":350,\"height\":220},{\"@type\":\"WebPage\",\"@id\":\"https:\/\/pakosc-kalwaria.franciszkanie.net\/index.php\/2018\/09\/03\/nabozenstwa-fatimskie-pakosci\/#webpage\",\"url\":\"https:\/\/pakosc-kalwaria.franciszkanie.net\/index.php\/2018\/09\/03\/nabozenstwa-fatimskie-pakosci\/\",\"name\":\"Nabo\u017ce\u0144stwo fatimskie w Pako\u015bci - 13 wrze\u015bnia - Pako\u015b\u0107 \u2013 Kalwaria\",\"isPartOf\":{\"@id\":\"https:\/\/pakosc-kalwaria.franciszkanie.net\/#website\"},\"primaryImageOfPage\":{\"@id\":\"https:\/\/pakosc-kalwaria.franciszkanie.net\/index.php\/2018\/09\/03\/nabozenstwa-fatimskie-pakosci\/#primaryimage\"},\"datePublished\":\"2018-09-03T13:00:51+00:00\",\"dateModified\":\"2018-09-13T20:26:18+00:00\",\"author\":{\"@id\":\"https:\/\/pakosc-kalwaria.franciszkanie.net\/#\/schema\/person\/af10b943be0760709227d060eadcb2aa\"},\"breadcrumb\":{\"@id\":\"https:\/\/pakosc-kalwaria.franciszkanie.net\/index.php\/2018\/09\/03\/nabozenstwa-fatimskie-pakosci\/#breadcrumb\"},\"inLanguage\":\"pl-PL\",\"potentialAction\":[{\"@type\":\"ReadAction\",\"target\":[\"https:\/\/pakosc-kalwaria.franciszkanie.net\/index.php\/2018\/09\/03\/nabozenstwa-fatimskie-pakosci\/\"]}]},{\"@type\":\"BreadcrumbList\",\"@id\":\"https:\/\/pakosc-kalwaria.franciszkanie.net\/index.php\/2018\/09\/03\/nabozenstwa-fatimskie-pakosci\/#breadcrumb\",\"itemListElement\":[{\"@type\":\"ListItem\",\"position\":1,\"name\":\"Strona g\u0142\u00f3wna\",\"item\":\"https:\/\/pakosc-kalwaria.franciszkanie.net\/\"},{\"@type\":\"ListItem\",\"position\":2,\"name\":\"Nabo\u017ce\u0144stwo fatimskie w Pako\u015bci &#8211; 13 wrze\u015bnia\"}]},{\"@type\":\"Person\",\"@id\":\"https:\/\/pakosc-kalwaria.franciszkanie.net\/#\/schema\/person\/af10b943be0760709227d060eadcb2aa\",\"name\":\"pakosc-kalwaria\",\"image\":{\"@type\":\"ImageObject\",\"@id\":\"https:\/\/pakosc-kalwaria.franciszkanie.net\/#personlogo\",\"inLanguage\":\"pl-PL\",\"url\":\"https:\/\/secure.gravatar.com\/avatar\/e7049d338b55eac6a0027ff3218b8d02?s=96&d=mm&r=g\",\"contentUrl\":\"https:\/\/secure.gravatar.com\/avatar\/e7049d338b55eac6a0027ff3218b8d02?s=96&d=mm&r=g\",\"caption\":\"pakosc-kalwaria\"},\"sameAs\":[\"https:\/\/www.facebook.com\/KalwariaPakosc\/\"],\"url\":\"https:\/\/pakosc-kalwaria.franciszkanie.net\/index.php\/author\/pakosc-kalwaria\/\"}]}<\/script>\n<!-- \/ Yoast SEO plugin. -->","yoast_head_json":{"title":"Nabo\u017ce\u0144stwo fatimskie w Pako\u015bci - 13 wrze\u015bnia - Pako\u015b\u0107 \u2013 Kalwaria","robots":{"index":"index","follow":"follow","max-snippet":"max-snippet:-1","max-image-preview":"max-image-preview:large","max-video-preview":"max-video-preview:-1"},"canonical":"https:\/\/pakosc-kalwaria.franciszkanie.net\/index.php\/2018\/09\/03\/nabozenstwa-fatimskie-pakosci\/","og_locale":"pl_PL","og_type":"article","og_title":"Nabo\u017ce\u0144stwo fatimskie w Pako\u015bci - 13 wrze\u015bnia - Pako\u015b\u0107 \u2013 Kalwaria","og_description":"Kolejne tegoroczne nabo\u017ce\u0144stwo fatimskie w\u00a0 czwartek 13 wrze\u015bnia. O 18.00 Msza \u015bw. w ko\u015bciele \u015bw. Bonawentury. Po Mszy \u015bw. Procesja R\u00f3\u017ca\u0144cowa ze \u015bwiecami dr\u00f3\u017ckami kalwaryjskimi na Wzg\u00f3rze Kalwaryjskie. Zako\u0144czenie Apelem Jasnog\u00f3rskim w Sanktuarium Krzy\u017ca \u015awi\u0119tego na G\u00f3rze Mi\u0142osierdzia. Wszystkich czcicieli Maryi zapraszamy do licznego udzia\u0142u w tych nabo\u017ce\u0144stwach i procesjach, kt\u00f3re b\u0119d\u0105 odbywa\u0142y si\u0119 do &hellip;","og_url":"https:\/\/pakosc-kalwaria.franciszkanie.net\/index.php\/2018\/09\/03\/nabozenstwa-fatimskie-pakosci\/","og_site_name":"Pako\u015b\u0107 \u2013 Kalwaria","article_author":"https:\/\/www.facebook.com\/KalwariaPakosc\/","article_published_time":"2018-09-03T13:00:51+00:00","article_modified_time":"2018-09-13T20:26:18+00:00","og_image":[{"width":350,"height":220,"url":"https:\/\/pakosc-kalwaria.franciszkanie.net\/wp-content\/uploads\/2018\/05\/MB-Fatima.jpg","type":"image\/jpeg"}],"twitter_card":"summary","twitter_misc":{"Napisane przez":"pakosc-kalwaria","Szacowany czas czytania":"2 minuty"},"schema":{"@context":"https:\/\/schema.org","@graph":[{"@type":"WebSite","@id":"https:\/\/pakosc-kalwaria.franciszkanie.net\/#website","url":"https:\/\/pakosc-kalwaria.franciszkanie.net\/","name":"Pako\u015b\u0107 \u2013 Kalwaria","description":"Parafia Rzymsko \u2013 Katolicka p.w. Pana Jezusa Ukrzy\u017cowanego i  Matki Bo\u017cej Bolesnej ul. Barci\u0144ska 60, 88\u2013170 Pako\u015b\u0107 \u2013 Kalwaria","potentialAction":[{"@type":"SearchAction","target":{"@type":"EntryPoint","urlTemplate":"https:\/\/pakosc-kalwaria.franciszkanie.net\/?s={search_term_string}"},"query-input":"required name=search_term_string"}],"inLanguage":"pl-PL"},{"@type":"ImageObject","@id":"https:\/\/pakosc-kalwaria.franciszkanie.net\/index.php\/2018\/09\/03\/nabozenstwa-fatimskie-pakosci\/#primaryimage","inLanguage":"pl-PL","url":"https:\/\/pakosc-kalwaria.franciszkanie.net\/wp-content\/uploads\/2018\/05\/MB-Fatima.jpg","contentUrl":"https:\/\/pakosc-kalwaria.franciszkanie.net\/wp-content\/uploads\/2018\/05\/MB-Fatima.jpg","width":350,"height":220},{"@type":"WebPage","@id":"https:\/\/pakosc-kalwaria.franciszkanie.net\/index.php\/2018\/09\/03\/nabozenstwa-fatimskie-pakosci\/#webpage","url":"https:\/\/pakosc-kalwaria.franciszkanie.net\/index.php\/2018\/09\/03\/nabozenstwa-fatimskie-pakosci\/","name":"Nabo\u017ce\u0144stwo fatimskie w Pako\u015bci - 13 wrze\u015bnia - Pako\u015b\u0107 \u2013 Kalwaria","isPartOf":{"@id":"https:\/\/pakosc-kalwaria.franciszkanie.net\/#website"},"primaryImageOfPage":{"@id":"https:\/\/pakosc-kalwaria.franciszkanie.net\/index.php\/2018\/09\/03\/nabozenstwa-fatimskie-pakosci\/#primaryimage"},"datePublished":"2018-09-03T13:00:51+00:00","dateModified":"2018-09-13T20:26:18+00:00","author":{"@id":"https:\/\/pakosc-kalwaria.franciszkanie.net\/#\/schema\/person\/af10b943be0760709227d060eadcb2aa"},"breadcrumb":{"@id":"https:\/\/pakosc-kalwaria.franciszkanie.net\/index.php\/2018\/09\/03\/nabozenstwa-fatimskie-pakosci\/#breadcrumb"},"inLanguage":"pl-PL","potentialAction":[{"@type":"ReadAction","target":["https:\/\/pakosc-kalwaria.franciszkanie.net\/index.php\/2018\/09\/03\/nabozenstwa-fatimskie-pakosci\/"]}]},{"@type":"BreadcrumbList","@id":"https:\/\/pakosc-kalwaria.franciszkanie.net\/index.php\/2018\/09\/03\/nabozenstwa-fatimskie-pakosci\/#breadcrumb","itemListElement":[{"@type":"ListItem","position":1,"name":"Strona g\u0142\u00f3wna","item":"https:\/\/pakosc-kalwaria.franciszkanie.net\/"},{"@type":"ListItem","position":2,"name":"Nabo\u017ce\u0144stwo fatimskie w Pako\u015bci &#8211; 13 wrze\u015bnia"}]},{"@type":"Person","@id":"https:\/\/pakosc-kalwaria.franciszkanie.net\/#\/schema\/person\/af10b943be0760709227d060eadcb2aa","name":"pakosc-kalwaria","image":{"@type":"ImageObject","@id":"https:\/\/pakosc-kalwaria.franciszkanie.net\/#personlogo","inLanguage":"pl-PL","url":"https:\/\/secure.gravatar.com\/avatar\/e7049d338b55eac6a0027ff3218b8d02?s=96&d=mm&r=g","contentUrl":"https:\/\/secure.gravatar.com\/avatar\/e7049d338b55eac6a0027ff3218b8d02?s=96&d=mm&r=g","caption":"pakosc-kalwaria"},"sameAs":["https:\/\/www.facebook.com\/KalwariaPakosc\/"],"url":"https:\/\/pakosc-kalwaria.franciszkanie.net\/index.php\/author\/pakosc-kalwaria\/"}]}},"_links":{"self":[{"href":"https:\/\/pakosc-kalwaria.franciszkanie.net\/index.php\/wp-json\/wp\/v2\/posts\/5233"}],"collection":[{"href":"https:\/\/pakosc-kalwaria.franciszkanie.net\/index.php\/wp-json\/wp\/v2\/posts"}],"about":[{"href":"https:\/\/pakosc-kalwaria.franciszkanie.net\/index.php\/wp-json\/wp\/v2\/types\/post"}],"author":[{"embeddable":true,"href":"https:\/\/pakosc-kalwaria.franciszkanie.net\/index.php\/wp-json\/wp\/v2\/users\/2"}],"replies":[{"embeddable":true,"href":"https:\/\/pakosc-kalwaria.franciszkanie.net\/index.php\/wp-json\/wp\/v2\/comments?post=5233"}],"version-history":[{"count":13,"href":"https:\/\/pakosc-kalwaria.franciszkanie.net\/index.php\/wp-json\/wp\/v2\/posts\/5233\/revisions"}],"predecessor-version":[{"id":6648,"href":"https:\/\/pakosc-kalwaria.franciszkanie.net\/index.php\/wp-json\/wp\/v2\/posts\/5233\/revisions\/6648"}],"wp:featuredmedia":[{"embeddable":true,"href":"https:\/\/pakosc-kalwaria.franciszkanie.net\/index.php\/wp-json\/wp\/v2\/media\/5235"}],"wp:attachment":[{"href":"https:\/\/pakosc-kalwaria.franciszkanie.net\/index.php\/wp-json\/wp\/v2\/media?parent=5233"}],"wp:term":[{"taxonomy":"category","embeddable":true,"href":"https:\/\/pakosc-kalwaria.franciszkanie.net\/index.php\/wp-json\/wp\/v2\/categories?post=5233"},{"taxonomy":"post_tag","embeddable":true,"href":"https:\/\/pakosc-kalwaria.franciszkanie.net\/index.php\/wp-json\/wp\/v2\/tags?post=5233"}],"curies":[{"name":"wp","href":"https:\/\/api.w.org\/{rel}","templated":true}]}}