{"id":527,"date":"2016-09-18T14:00:17","date_gmt":"2016-09-18T12:00:17","guid":{"rendered":"http:\/\/pakosc-kalwaria.franciszkanie.net\/?p=527"},"modified":"2016-09-19T10:35:54","modified_gmt":"2016-09-19T08:35:54","slug":"ogloszenia-parafialne-xxv-niedziela-zwykla","status":"publish","type":"post","link":"https:\/\/pakosc-kalwaria.franciszkanie.net\/index.php\/2016\/09\/18\/ogloszenia-parafialne-xxv-niedziela-zwykla\/","title":{"rendered":"Og\u0142oszenia parafialne XXV Niedziela Zwyk\u0142a"},"content":{"rendered":"<p><strong><span style=\"color: #339966;\">18.09. &#8211; 25.09.2016r.<\/span><br \/>\n<\/strong><span style=\"color: #ff0000;\"><strong><em><u>Dzisiaj\u00a0 (18.09.)<\/u><\/em><\/strong><strong> \u2013 <span style=\"color: #ff0000;\">na naszej Kalwarii Odpust ku czci Podwy\u017cszania Krzy\u017ca \u015awi\u0119tego.<\/span><\/strong><\/span><strong><span style=\"color: #ff0000;\"> \u00a0 <\/span><br \/>\nO 10.30 z ko\u015bcio\u0142a \u015bw. Bonawentury wyrusza na Kalwari\u0119 Droga Krzy\u017cowa.<br \/>\nO 11.30 na Wzg\u00f3rzu Kalwaryjskim nabo\u017ce\u0144stwo przy Relikwiach Krzy\u017ca \u015awi\u0119tego.<br \/>\n<span style=\"color: #ff0000;\">O 12.00 Suma Odpustowa na Wzg\u00f3rzu Kalwaryjskim<\/span> przy o\u0142tarzu polowym, a po Mszy \u015bw. tradycyjna biesiada franciszka\u0144ska.<br \/>\nDo udzia\u0142u w uroczysto\u015bciach odpustowych wszystkich serdecznie zapraszamy!<\/strong><\/p>\n<p><strong><span style=\"color: #ff0000;\">Dzisiaj (18.09.) nie ma w naszym ko\u015bciele Mszy \u015bw. o 11.00 !!\u00a0\u00a0\u00a0<\/span><\/strong><br \/>\n<strong> Dzisiaj zbi\u00f3rka do puszek na pomoc dla ofiar kataklizmu we W\u0142oszech. Mo\u017cna tak\u017ce w tym celu, wys\u0142a\u0107 SMS z has\u0142em POMAGAM na numer 72052 (2,46 z VAT).<\/strong><\/p>\n<p><span style=\"color: #339966;\"><strong><em><u>We wtorek (20.09.)<\/u><\/em><\/strong> <strong>\u2013 <span style=\"color: #000000;\">w Asy\u017cu odb\u0119dzie si\u0119 Spotkanie mi\u0119dzyreligijne, kt\u00f3remu przewodniczy\u0142 b\u0119dzie Papie\u017c Franciszek. Ojcu \u015awi\u0119temu bardzo zale\u017cy na modlitewnym wsparciu dlatego prosi, aby w dniu 20 wrze\u015bnia 2016 by\u0142 obchodzony dzie\u0144 modlitw w intencji pokoju.<\/span><\/strong><\/span><\/p>\n<p><strong><span style=\"color: #ff0000;\"><em><u>W \u015brod\u0119 (21.09.)<\/u><\/em> <\/span>\u2013 \u015bwi\u0119to \u015bw. Mateusza, Aposto\u0142a i Ewangelisty.<\/strong><\/p>\n<p><strong><span style=\"color: #339966;\"><em><u>W\u00a0 pi\u0105tek (23.09.)<\/u><\/em> <\/span>\u2013 wspomnienie \u015bw. Pio z Pietrelciny.<\/strong><br \/>\n<strong> O \u00a016.30 adoracja Naj\u015bwi\u0119tszego Sakramentu, okazja do Spowiedzi \u015bw. i Koronka do Bo\u017cego Mi\u0142osierdzia.<\/strong><br \/>\n<strong> <span style=\"color: #ff0000;\">O 17.00 Msza \u015bw. w intencjach zbiorowych do Bo\u017cego Mi\u0142osierdzia.<\/span> Intencje mo\u017cna sk\u0142ada\u0107 w zakrystii, do skarbonki pod ch\u00f3rem lub przez nasz\u0105 stron\u0119 internetow\u0105.\u00a0<\/strong><\/p>\n<p><strong><span style=\"color: #ff0000;\"><em><u>W przysz\u0142a niedziel\u0119 (25.09.)<\/u><\/em> <\/span>\u2013 <span style=\"color: #ff0000;\">rozpoczynamy Nowenn\u0119 przed uroczysto\u015bci\u0105 \u015bw. Franciszka z Asy\u017cu.<\/span><\/strong><\/p>\n<p><strong>Zach\u0119camy kobiety i m\u0119\u017cczyzn do w\u0142\u0105czenia si\u0119 w <span style=\"color: #ff0000;\">\u017bywy R\u00f3\u017caniec w naszej Parafii.<\/span> Wi\u0119cej informacji w gablotce i na stronie internetowej. Wype\u0142nione deklaracje, kt\u00f3re znajduj\u0105 si\u0119 na stoliku pod ch\u00f3rem oddajemy w zakrystii lub w biurze parafialnym.<\/strong><\/p>\n<p><strong>Przypominamy, \u017ce <span style=\"color: #ff0000;\">Biuro Parafialne jest czynne<\/span> we wtorki i czwartki od 10.00 \u2013 11.00 oraz w razie potrzeby po Mszy \u015bw. o 17.00.<\/strong><\/p>\n<p><strong>Zapraszamy do odwiedzania <span style=\"color: #ff0000;\">strony internetowej naszej Parafii<\/span>.<\/strong><\/p>\n<p><strong>Pod ch\u00f3rem do nabycia czasopisma: \u201ePrzewodnik Katolicki\u201d, \u201eOla i Ja\u015b\u201d oraz Kalendarze Misyjne na 2017r. w cenie 5 z\u0142. Wspom\u00f3\u017cmy w ten spos\u00f3b naszych franciszka\u0144skich misjonarzy. Op\u0142aty za czasopisma i kalendarze sk\u0142adamy do skarbonki.<\/strong><\/p>\n<p><strong>Wyra\u017camy wdzi\u0119czno\u015b\u0107 za wsp\u00f3ln\u0105 modlitw\u0119 oraz za z\u0142o\u017cone ofiary w ramach kolekty remontowej.<\/strong><\/p>\n<p><strong>Niech Dobry i Mi\u0142osierny B\u00f3g Wam i waszym Rodzinom obficie b\u0142ogos\u0142awi.<\/strong><\/p>\n<p><strong>Z darem modlitwy Bracia Mniejsi Franciszkanie z Pako\u015bci &#8211; Kalwarii<\/strong><\/p>\n","protected":false},"excerpt":{"rendered":"<p>18.09. &#8211; 25.09.2016r. Dzisiaj\u00a0 (18.09.) \u2013 na naszej Kalwarii Odpust ku czci Podwy\u017cszania Krzy\u017ca \u015awi\u0119tego. \u00a0 O 10.30 z ko\u015bcio\u0142a \u015bw. Bonawentury wyrusza na Kalwari\u0119 Droga Krzy\u017cowa. O 11.30 na Wzg\u00f3rzu Kalwaryjskim nabo\u017ce\u0144stwo przy Relikwiach Krzy\u017ca \u015awi\u0119tego. O 12.00 Suma Odpustowa na Wzg\u00f3rzu Kalwaryjskim przy o\u0142tarzu polowym, a po Mszy \u015bw. tradycyjna biesiada franciszka\u0144ska. Do &hellip;<\/p>\n","protected":false},"author":2,"featured_media":263,"comment_status":"closed","ping_status":"open","sticky":false,"template":"","format":"standard","meta":{"_mi_skip_tracking":false,"_exactmetrics_sitenote_active":false,"_exactmetrics_sitenote_note":"","_exactmetrics_sitenote_category":0},"categories":[5],"tags":[],"yoast_head":"<!-- This site is optimized with the Yoast SEO plugin v18.1 - https:\/\/yoast.com\/wordpress\/plugins\/seo\/ -->\n<title>Og\u0142oszenia parafialne XXV Niedziela Zwyk\u0142a - Pako\u015b\u0107 \u2013 Kalwaria<\/title>\n<meta name=\"robots\" content=\"index, follow, max-snippet:-1, max-image-preview:large, max-video-preview:-1\" \/>\n<link rel=\"canonical\" href=\"https:\/\/pakosc-kalwaria.franciszkanie.net\/index.php\/2016\/09\/18\/ogloszenia-parafialne-xxv-niedziela-zwykla\/\" \/>\n<meta property=\"og:locale\" content=\"pl_PL\" \/>\n<meta property=\"og:type\" content=\"article\" \/>\n<meta property=\"og:title\" content=\"Og\u0142oszenia parafialne XXV Niedziela Zwyk\u0142a - Pako\u015b\u0107 \u2013 Kalwaria\" \/>\n<meta property=\"og:description\" content=\"18.09. &#8211; 25.09.2016r. Dzisiaj\u00a0 (18.09.) \u2013 na naszej Kalwarii Odpust ku czci Podwy\u017cszania Krzy\u017ca \u015awi\u0119tego. \u00a0 O 10.30 z ko\u015bcio\u0142a \u015bw. Bonawentury wyrusza na Kalwari\u0119 Droga Krzy\u017cowa. O 11.30 na Wzg\u00f3rzu Kalwaryjskim nabo\u017ce\u0144stwo przy Relikwiach Krzy\u017ca \u015awi\u0119tego. O 12.00 Suma Odpustowa na Wzg\u00f3rzu Kalwaryjskim przy o\u0142tarzu polowym, a po Mszy \u015bw. tradycyjna biesiada franciszka\u0144ska. Do &hellip;\" \/>\n<meta property=\"og:url\" content=\"https:\/\/pakosc-kalwaria.franciszkanie.net\/index.php\/2016\/09\/18\/ogloszenia-parafialne-xxv-niedziela-zwykla\/\" \/>\n<meta property=\"og:site_name\" content=\"Pako\u015b\u0107 \u2013 Kalwaria\" \/>\n<meta property=\"article:author\" content=\"https:\/\/www.facebook.com\/KalwariaPakosc\/\" \/>\n<meta property=\"article:published_time\" content=\"2016-09-18T12:00:17+00:00\" \/>\n<meta property=\"article:modified_time\" content=\"2016-09-19T08:35:54+00:00\" \/>\n<meta property=\"og:image\" content=\"https:\/\/pakosc-kalwaria.franciszkanie.net\/wp-content\/uploads\/2016\/08\/Nowe-zycie-3.jpg\" \/>\n\t<meta property=\"og:image:width\" content=\"600\" \/>\n\t<meta property=\"og:image:height\" content=\"600\" \/>\n\t<meta property=\"og:image:type\" content=\"image\/jpeg\" \/>\n<meta name=\"twitter:card\" content=\"summary\" \/>\n<meta name=\"twitter:label1\" content=\"Napisane przez\" \/>\n\t<meta name=\"twitter:data1\" content=\"pakosc-kalwaria\" \/>\n\t<meta name=\"twitter:label2\" content=\"Szacowany czas czytania\" \/>\n\t<meta name=\"twitter:data2\" content=\"2 minuty\" \/>\n<script type=\"application\/ld+json\" class=\"yoast-schema-graph\">{\"@context\":\"https:\/\/schema.org\",\"@graph\":[{\"@type\":\"WebSite\",\"@id\":\"https:\/\/pakosc-kalwaria.franciszkanie.net\/#website\",\"url\":\"https:\/\/pakosc-kalwaria.franciszkanie.net\/\",\"name\":\"Pako\u015b\u0107 \u2013 Kalwaria\",\"description\":\"Parafia Rzymsko \u2013 Katolicka p.w. Pana Jezusa Ukrzy\u017cowanego i  Matki Bo\u017cej Bolesnej ul. Barci\u0144ska 60, 88\u2013170 Pako\u015b\u0107 \u2013 Kalwaria\",\"potentialAction\":[{\"@type\":\"SearchAction\",\"target\":{\"@type\":\"EntryPoint\",\"urlTemplate\":\"https:\/\/pakosc-kalwaria.franciszkanie.net\/?s={search_term_string}\"},\"query-input\":\"required name=search_term_string\"}],\"inLanguage\":\"pl-PL\"},{\"@type\":\"ImageObject\",\"@id\":\"https:\/\/pakosc-kalwaria.franciszkanie.net\/index.php\/2016\/09\/18\/ogloszenia-parafialne-xxv-niedziela-zwykla\/#primaryimage\",\"inLanguage\":\"pl-PL\",\"url\":\"https:\/\/pakosc-kalwaria.franciszkanie.net\/wp-content\/uploads\/2016\/08\/Nowe-zycie-3.jpg\",\"contentUrl\":\"https:\/\/pakosc-kalwaria.franciszkanie.net\/wp-content\/uploads\/2016\/08\/Nowe-zycie-3.jpg\",\"width\":600,\"height\":600},{\"@type\":\"WebPage\",\"@id\":\"https:\/\/pakosc-kalwaria.franciszkanie.net\/index.php\/2016\/09\/18\/ogloszenia-parafialne-xxv-niedziela-zwykla\/#webpage\",\"url\":\"https:\/\/pakosc-kalwaria.franciszkanie.net\/index.php\/2016\/09\/18\/ogloszenia-parafialne-xxv-niedziela-zwykla\/\",\"name\":\"Og\u0142oszenia parafialne XXV Niedziela Zwyk\u0142a - Pako\u015b\u0107 \u2013 Kalwaria\",\"isPartOf\":{\"@id\":\"https:\/\/pakosc-kalwaria.franciszkanie.net\/#website\"},\"primaryImageOfPage\":{\"@id\":\"https:\/\/pakosc-kalwaria.franciszkanie.net\/index.php\/2016\/09\/18\/ogloszenia-parafialne-xxv-niedziela-zwykla\/#primaryimage\"},\"datePublished\":\"2016-09-18T12:00:17+00:00\",\"dateModified\":\"2016-09-19T08:35:54+00:00\",\"author\":{\"@id\":\"https:\/\/pakosc-kalwaria.franciszkanie.net\/#\/schema\/person\/af10b943be0760709227d060eadcb2aa\"},\"breadcrumb\":{\"@id\":\"https:\/\/pakosc-kalwaria.franciszkanie.net\/index.php\/2016\/09\/18\/ogloszenia-parafialne-xxv-niedziela-zwykla\/#breadcrumb\"},\"inLanguage\":\"pl-PL\",\"potentialAction\":[{\"@type\":\"ReadAction\",\"target\":[\"https:\/\/pakosc-kalwaria.franciszkanie.net\/index.php\/2016\/09\/18\/ogloszenia-parafialne-xxv-niedziela-zwykla\/\"]}]},{\"@type\":\"BreadcrumbList\",\"@id\":\"https:\/\/pakosc-kalwaria.franciszkanie.net\/index.php\/2016\/09\/18\/ogloszenia-parafialne-xxv-niedziela-zwykla\/#breadcrumb\",\"itemListElement\":[{\"@type\":\"ListItem\",\"position\":1,\"name\":\"Strona g\u0142\u00f3wna\",\"item\":\"https:\/\/pakosc-kalwaria.franciszkanie.net\/\"},{\"@type\":\"ListItem\",\"position\":2,\"name\":\"Og\u0142oszenia parafialne XXV Niedziela Zwyk\u0142a\"}]},{\"@type\":\"Person\",\"@id\":\"https:\/\/pakosc-kalwaria.franciszkanie.net\/#\/schema\/person\/af10b943be0760709227d060eadcb2aa\",\"name\":\"pakosc-kalwaria\",\"image\":{\"@type\":\"ImageObject\",\"@id\":\"https:\/\/pakosc-kalwaria.franciszkanie.net\/#personlogo\",\"inLanguage\":\"pl-PL\",\"url\":\"https:\/\/secure.gravatar.com\/avatar\/e7049d338b55eac6a0027ff3218b8d02?s=96&d=mm&r=g\",\"contentUrl\":\"https:\/\/secure.gravatar.com\/avatar\/e7049d338b55eac6a0027ff3218b8d02?s=96&d=mm&r=g\",\"caption\":\"pakosc-kalwaria\"},\"sameAs\":[\"https:\/\/www.facebook.com\/KalwariaPakosc\/\"],\"url\":\"https:\/\/pakosc-kalwaria.franciszkanie.net\/index.php\/author\/pakosc-kalwaria\/\"}]}<\/script>\n<!-- \/ Yoast SEO plugin. -->","yoast_head_json":{"title":"Og\u0142oszenia parafialne XXV Niedziela Zwyk\u0142a - Pako\u015b\u0107 \u2013 Kalwaria","robots":{"index":"index","follow":"follow","max-snippet":"max-snippet:-1","max-image-preview":"max-image-preview:large","max-video-preview":"max-video-preview:-1"},"canonical":"https:\/\/pakosc-kalwaria.franciszkanie.net\/index.php\/2016\/09\/18\/ogloszenia-parafialne-xxv-niedziela-zwykla\/","og_locale":"pl_PL","og_type":"article","og_title":"Og\u0142oszenia parafialne XXV Niedziela Zwyk\u0142a - Pako\u015b\u0107 \u2013 Kalwaria","og_description":"18.09. &#8211; 25.09.2016r. Dzisiaj\u00a0 (18.09.) \u2013 na naszej Kalwarii Odpust ku czci Podwy\u017cszania Krzy\u017ca \u015awi\u0119tego. \u00a0 O 10.30 z ko\u015bcio\u0142a \u015bw. Bonawentury wyrusza na Kalwari\u0119 Droga Krzy\u017cowa. O 11.30 na Wzg\u00f3rzu Kalwaryjskim nabo\u017ce\u0144stwo przy Relikwiach Krzy\u017ca \u015awi\u0119tego. O 12.00 Suma Odpustowa na Wzg\u00f3rzu Kalwaryjskim przy o\u0142tarzu polowym, a po Mszy \u015bw. tradycyjna biesiada franciszka\u0144ska. Do &hellip;","og_url":"https:\/\/pakosc-kalwaria.franciszkanie.net\/index.php\/2016\/09\/18\/ogloszenia-parafialne-xxv-niedziela-zwykla\/","og_site_name":"Pako\u015b\u0107 \u2013 Kalwaria","article_author":"https:\/\/www.facebook.com\/KalwariaPakosc\/","article_published_time":"2016-09-18T12:00:17+00:00","article_modified_time":"2016-09-19T08:35:54+00:00","og_image":[{"width":600,"height":600,"url":"https:\/\/pakosc-kalwaria.franciszkanie.net\/wp-content\/uploads\/2016\/08\/Nowe-zycie-3.jpg","type":"image\/jpeg"}],"twitter_card":"summary","twitter_misc":{"Napisane przez":"pakosc-kalwaria","Szacowany czas czytania":"2 minuty"},"schema":{"@context":"https:\/\/schema.org","@graph":[{"@type":"WebSite","@id":"https:\/\/pakosc-kalwaria.franciszkanie.net\/#website","url":"https:\/\/pakosc-kalwaria.franciszkanie.net\/","name":"Pako\u015b\u0107 \u2013 Kalwaria","description":"Parafia Rzymsko \u2013 Katolicka p.w. Pana Jezusa Ukrzy\u017cowanego i  Matki Bo\u017cej Bolesnej ul. Barci\u0144ska 60, 88\u2013170 Pako\u015b\u0107 \u2013 Kalwaria","potentialAction":[{"@type":"SearchAction","target":{"@type":"EntryPoint","urlTemplate":"https:\/\/pakosc-kalwaria.franciszkanie.net\/?s={search_term_string}"},"query-input":"required name=search_term_string"}],"inLanguage":"pl-PL"},{"@type":"ImageObject","@id":"https:\/\/pakosc-kalwaria.franciszkanie.net\/index.php\/2016\/09\/18\/ogloszenia-parafialne-xxv-niedziela-zwykla\/#primaryimage","inLanguage":"pl-PL","url":"https:\/\/pakosc-kalwaria.franciszkanie.net\/wp-content\/uploads\/2016\/08\/Nowe-zycie-3.jpg","contentUrl":"https:\/\/pakosc-kalwaria.franciszkanie.net\/wp-content\/uploads\/2016\/08\/Nowe-zycie-3.jpg","width":600,"height":600},{"@type":"WebPage","@id":"https:\/\/pakosc-kalwaria.franciszkanie.net\/index.php\/2016\/09\/18\/ogloszenia-parafialne-xxv-niedziela-zwykla\/#webpage","url":"https:\/\/pakosc-kalwaria.franciszkanie.net\/index.php\/2016\/09\/18\/ogloszenia-parafialne-xxv-niedziela-zwykla\/","name":"Og\u0142oszenia parafialne XXV Niedziela Zwyk\u0142a - Pako\u015b\u0107 \u2013 Kalwaria","isPartOf":{"@id":"https:\/\/pakosc-kalwaria.franciszkanie.net\/#website"},"primaryImageOfPage":{"@id":"https:\/\/pakosc-kalwaria.franciszkanie.net\/index.php\/2016\/09\/18\/ogloszenia-parafialne-xxv-niedziela-zwykla\/#primaryimage"},"datePublished":"2016-09-18T12:00:17+00:00","dateModified":"2016-09-19T08:35:54+00:00","author":{"@id":"https:\/\/pakosc-kalwaria.franciszkanie.net\/#\/schema\/person\/af10b943be0760709227d060eadcb2aa"},"breadcrumb":{"@id":"https:\/\/pakosc-kalwaria.franciszkanie.net\/index.php\/2016\/09\/18\/ogloszenia-parafialne-xxv-niedziela-zwykla\/#breadcrumb"},"inLanguage":"pl-PL","potentialAction":[{"@type":"ReadAction","target":["https:\/\/pakosc-kalwaria.franciszkanie.net\/index.php\/2016\/09\/18\/ogloszenia-parafialne-xxv-niedziela-zwykla\/"]}]},{"@type":"BreadcrumbList","@id":"https:\/\/pakosc-kalwaria.franciszkanie.net\/index.php\/2016\/09\/18\/ogloszenia-parafialne-xxv-niedziela-zwykla\/#breadcrumb","itemListElement":[{"@type":"ListItem","position":1,"name":"Strona g\u0142\u00f3wna","item":"https:\/\/pakosc-kalwaria.franciszkanie.net\/"},{"@type":"ListItem","position":2,"name":"Og\u0142oszenia parafialne XXV Niedziela Zwyk\u0142a"}]},{"@type":"Person","@id":"https:\/\/pakosc-kalwaria.franciszkanie.net\/#\/schema\/person\/af10b943be0760709227d060eadcb2aa","name":"pakosc-kalwaria","image":{"@type":"ImageObject","@id":"https:\/\/pakosc-kalwaria.franciszkanie.net\/#personlogo","inLanguage":"pl-PL","url":"https:\/\/secure.gravatar.com\/avatar\/e7049d338b55eac6a0027ff3218b8d02?s=96&d=mm&r=g","contentUrl":"https:\/\/secure.gravatar.com\/avatar\/e7049d338b55eac6a0027ff3218b8d02?s=96&d=mm&r=g","caption":"pakosc-kalwaria"},"sameAs":["https:\/\/www.facebook.com\/KalwariaPakosc\/"],"url":"https:\/\/pakosc-kalwaria.franciszkanie.net\/index.php\/author\/pakosc-kalwaria\/"}]}},"_links":{"self":[{"href":"https:\/\/pakosc-kalwaria.franciszkanie.net\/index.php\/wp-json\/wp\/v2\/posts\/527"}],"collection":[{"href":"https:\/\/pakosc-kalwaria.franciszkanie.net\/index.php\/wp-json\/wp\/v2\/posts"}],"about":[{"href":"https:\/\/pakosc-kalwaria.franciszkanie.net\/index.php\/wp-json\/wp\/v2\/types\/post"}],"author":[{"embeddable":true,"href":"https:\/\/pakosc-kalwaria.franciszkanie.net\/index.php\/wp-json\/wp\/v2\/users\/2"}],"replies":[{"embeddable":true,"href":"https:\/\/pakosc-kalwaria.franciszkanie.net\/index.php\/wp-json\/wp\/v2\/comments?post=527"}],"version-history":[{"count":6,"href":"https:\/\/pakosc-kalwaria.franciszkanie.net\/index.php\/wp-json\/wp\/v2\/posts\/527\/revisions"}],"predecessor-version":[{"id":536,"href":"https:\/\/pakosc-kalwaria.franciszkanie.net\/index.php\/wp-json\/wp\/v2\/posts\/527\/revisions\/536"}],"wp:featuredmedia":[{"embeddable":true,"href":"https:\/\/pakosc-kalwaria.franciszkanie.net\/index.php\/wp-json\/wp\/v2\/media\/263"}],"wp:attachment":[{"href":"https:\/\/pakosc-kalwaria.franciszkanie.net\/index.php\/wp-json\/wp\/v2\/media?parent=527"}],"wp:term":[{"taxonomy":"category","embeddable":true,"href":"https:\/\/pakosc-kalwaria.franciszkanie.net\/index.php\/wp-json\/wp\/v2\/categories?post=527"},{"taxonomy":"post_tag","embeddable":true,"href":"https:\/\/pakosc-kalwaria.franciszkanie.net\/index.php\/wp-json\/wp\/v2\/tags?post=527"}],"curies":[{"name":"wp","href":"https:\/\/api.w.org\/{rel}","templated":true}]}}