{"id":551,"date":"2016-09-23T15:01:13","date_gmt":"2016-09-23T13:01:13","guid":{"rendered":"http:\/\/pakosc-kalwaria.franciszkanie.net\/?p=551"},"modified":"2016-09-23T16:05:04","modified_gmt":"2016-09-23T14:05:04","slug":"komunikat-prezydium-konferencji-episkopatu-polski","status":"publish","type":"post","link":"https:\/\/pakosc-kalwaria.franciszkanie.net\/index.php\/2016\/09\/23\/komunikat-prezydium-konferencji-episkopatu-polski\/","title":{"rendered":"Komunikat Prezydium Konferencji Episkopatu Polski"},"content":{"rendered":"<p><strong>Kampania \u201ePrzeka\u017cmy sobie znak pokoju\u201d rozmywa jednoznaczne wymagania Ewangelii<\/strong><\/p>\n<p>W ostatnim czasie organizacje zwi\u0105zane z tzw. nurtem LGBT \u2013 wsparte przez \u015brodowiska Tygodnika Powszechnego, Wi\u0119zi i Znaku \u2013 rozpocz\u0119\u0142y kampani\u0119 medialn\u0105 pt. \u201ePrzeka\u017cmy sobie znak pokoju\u201d. Akcja ta skierowana jest do ludzi wierz\u0105cych i \u2013 jak twierdz\u0105 organizatorzy \u2013 \u201ema na celu przypomnienie, \u017ce z warto\u015bci chrze\u015bcija\u0144skich wyp\u0142ywa konieczno\u015b\u0107 postawy szacunku, otwarcia i \u017cyczliwego dialogu wobec wszystkich ludzi, tak\u017ce homoseksualnych, biseksualnych i transp\u0142ciowych\u201d (\u017ar\u00f3d\u0142o: www.znakpokoju.com). O ile wszelkie dzia\u0142ania s\u0142u\u017c\u0105ce promowaniu zgody spo\u0142ecznej zas\u0142uguj\u0105 na uznanie, o tyle \u2013 w kontek\u015bcie wspomnianej inicjatywy \u2013 nale\u017cy przypomnie\u0107 o fundamentalnych sprawach, kt\u00f3re Ko\u015bci\u00f3\u0142 g\u0142osi w spos\u00f3b niezmienny.<\/p>\n<ol>\n<li>Sam liturgiczny znak pokoju \u2013 do kt\u00f3rego odnosz\u0105 si\u0119 organizatorzy kampanii \u2013 wyra\u017ca gotowo\u015b\u0107 do pojednania z drugim cz\u0142owiekiem i przyj\u0119cia go w \u015bwi\u0119tej wsp\u00f3lnocie grzesznik\u00f3w. Wszyscy przecie\u017c jeste\u015bmy grzeszni, co r\u00f3wnie\u017c wyra\u017camy w akcie pokuty na samym pocz\u0105tku ka\u017cdej liturgii. Wyci\u0105gni\u0119ta ku drugiemu r\u0119ka oznacza zatem akceptacj\u0119 osoby, nigdy za\u015b \u2013 aprobat\u0119 dla jej grzechu, niezale\u017cnie od tego, jakiej on jest natury. Nale\u017cy ponadto podkre\u015bli\u0107, \u017ce cz\u0142onkowie wsp\u00f3lnoty zgromadzonej na liturgii maj\u0105 nieustanny obowi\u0105zek nawracania si\u0119, to znaczy dostosowywania si\u0119 do wymaga\u0144 Ewangelii i odwracania si\u0119 od w\u0142asnych grzesznych upodoba\u0144. Istnieje obawa, \u017ce akcja \u201ePrzeka\u017cmy sobie znak pokoju\u201d, wydobywaj\u0105c gest podanej r\u0119ki z kontekstu liturgicznego, nadaje mu znaczenie, kt\u00f3re jest nie do pogodzenia z nauk\u0105 Chrystusa i Ko\u015bcio\u0142a.<\/li>\n<li>\u015arodowiska LGBT cz\u0119sto zarzucaj\u0105 Ko\u015bcio\u0142owi, \u017ce zwiastuj\u0105c im Ewangeli\u0119, pozbawia on godno\u015bci osoby homoseksualne, biseksualne czy transp\u0142ciowe. Dlatego trzeba z ca\u0142\u0105 moc\u0105 powiedzie\u0107, \u017ce Ko\u015bci\u00f3\u0142 jest jedyn\u0105 instytucj\u0105, kt\u00f3ra od dw\u00f3ch tysi\u0119cy lat niestrudzenie g\u0142osi godno\u015b\u0107 ka\u017cdej osoby ludzkiej bez wyj\u0105tku. To niezmienne nauczanie nie zmienia si\u0119 r\u00f3wnie\u017c w odniesieniu do wspomnianych os\u00f3b. Ko\u015bci\u00f3\u0142 nigdy nie dzieli ludzi wed\u0142ug orientacji seksualnej, ale u\u015bwiadamia wszystkim, \u017ce jako stworzeni \u201ena obraz i podobie\u0144stwo Boga\u201d, s\u0105 ukochanymi dzie\u0107mi Bo\u017cymi \u2013 siostrami i bra\u0107mi w Chrystusie \u2013 i st\u0105d ciesz\u0105 si\u0119 r\u00f3wn\u0105 godno\u015bci\u0105. Dlatego \u2013 razem z Ojcem \u015awi\u0119tym Franciszkiem \u2013 \u201echcemy przede wszystkim potwierdzi\u0107, \u017ce ka\u017cda osoba, niezale\u017cnie od swojej sk\u0142onno\u015bci seksualnej, musi by\u0107 szanowana w swej godno\u015bci i przyj\u0119ta z szacunkiem, z trosk\u0105, by unikn\u0105\u0107 \u00abjakichkolwiek oznak nies\u0142usznej dyskryminacji\u00bb\u201d, a zw\u0142aszcza wszelkich form agresji i przemocy. W odniesieniu do rodzin, nale\u017cy natomiast zapewni\u0107 im pe\u0142ne szacunku towarzyszenie, aby osoby o sk\u0142onno\u015bci homoseksualnej mia\u0142y konieczn\u0105 pomoc w zrozumieniu i pe\u0142nej realizacji woli Bo\u017cej w ich \u017cyciu\u201d (Franciszek, Amoris laetitia, 250).<\/li>\n<li>Szacunek dla godno\u015bci ka\u017cdej osoby jest jednak nie do pogodzenia z szacunkiem dla samych czyn\u00f3w homoseksualnych. S\u0105 one obiektywnie moralnie z\u0142e i jako takie nie mog\u0105 nigdy cieszy\u0107 si\u0119 akceptacj\u0105 Ko\u015bcio\u0142a. Podobnie jest z podnoszonymi przez niekt\u00f3rych postulatami zr\u00f3wnania w prawie zwi\u0105zk\u00f3w homoseksualnych z heteroseksualnymi. Tego typu postulaty \u2013 zawsze, a zw\u0142aszcza w dobie g\u0142\u0119bokiego kryzysu rodziny \u2013 s\u0105 szkodliwe dla spo\u0142ecze\u0144stw i jednostek.<\/li>\n<\/ol>\n<p>Z\u0142o jest z\u0142em nie dlatego, \u017ce zosta\u0142o przez kogo\u015b zabronione, ale dlatego, \u017ce \u2013 jako niezgodne z planem Bo\u017cym \u2013 szkodzi cz\u0142owiekowi. St\u0105d Ko\u015bci\u00f3\u0142 \u2013 jak dobra matka \u2013 musi jasno nazywa\u0107 je po imieniu. Postawa tolerancji wobec z\u0142a by\u0142aby w istocie oboj\u0119tno\u015bci\u0105 wobec grzesz\u0105cych si\u00f3str i braci. Nie mia\u0142aby zatem nic wsp\u00f3lnego z mi\u0142osierdziem ani z chrze\u015bcija\u0144sk\u0105 mi\u0142o\u015bci\u0105.<\/p>\n<p>Podsumowuj\u0105c, wyra\u017camy przekonanie, \u017ce katolicy <u>nie powinni<\/u> bra\u0107 udzia\u0142u w kampanii \u201ePrzeka\u017cmy sobie znak pokoju\u201d, gdy\u017c rozmywa ona jednoznaczne wymagania Ewangelii.<\/p>\n<p><em>\/-\/ Abp Stanis\u0142aw G\u0105decki<br \/>\n<\/em>Metropolita Pozna\u0144ski<br \/>\nPrzewodnicz\u0105cy KEP<\/p>\n<p>Warszawa, 14.09.2016 r.<\/p>\n","protected":false},"excerpt":{"rendered":"<p>Kampania \u201ePrzeka\u017cmy sobie znak pokoju\u201d rozmywa jednoznaczne wymagania Ewangelii W ostatnim czasie organizacje zwi\u0105zane z tzw. nurtem LGBT \u2013 wsparte przez \u015brodowiska Tygodnika Powszechnego, Wi\u0119zi i Znaku \u2013 rozpocz\u0119\u0142y kampani\u0119 medialn\u0105 pt. \u201ePrzeka\u017cmy sobie znak pokoju\u201d. Akcja ta skierowana jest do ludzi wierz\u0105cych i \u2013 jak twierdz\u0105 organizatorzy \u2013 \u201ema na celu przypomnienie, \u017ce z &hellip;<\/p>\n","protected":false},"author":2,"featured_media":449,"comment_status":"closed","ping_status":"open","sticky":false,"template":"","format":"standard","meta":{"_mi_skip_tracking":false,"_exactmetrics_sitenote_active":false,"_exactmetrics_sitenote_note":"","_exactmetrics_sitenote_category":0},"categories":[7],"tags":[],"yoast_head":"<!-- This site is optimized with the Yoast SEO plugin v18.1 - https:\/\/yoast.com\/wordpress\/plugins\/seo\/ -->\n<title>Komunikat Prezydium Konferencji Episkopatu Polski - Pako\u015b\u0107 \u2013 Kalwaria<\/title>\n<meta name=\"robots\" content=\"index, follow, max-snippet:-1, max-image-preview:large, max-video-preview:-1\" \/>\n<link rel=\"canonical\" href=\"https:\/\/pakosc-kalwaria.franciszkanie.net\/index.php\/2016\/09\/23\/komunikat-prezydium-konferencji-episkopatu-polski\/\" \/>\n<meta property=\"og:locale\" content=\"pl_PL\" \/>\n<meta property=\"og:type\" content=\"article\" \/>\n<meta property=\"og:title\" content=\"Komunikat Prezydium Konferencji Episkopatu Polski - Pako\u015b\u0107 \u2013 Kalwaria\" \/>\n<meta property=\"og:description\" content=\"Kampania \u201ePrzeka\u017cmy sobie znak pokoju\u201d rozmywa jednoznaczne wymagania Ewangelii W ostatnim czasie organizacje zwi\u0105zane z tzw. nurtem LGBT \u2013 wsparte przez \u015brodowiska Tygodnika Powszechnego, Wi\u0119zi i Znaku \u2013 rozpocz\u0119\u0142y kampani\u0119 medialn\u0105 pt. \u201ePrzeka\u017cmy sobie znak pokoju\u201d. Akcja ta skierowana jest do ludzi wierz\u0105cych i \u2013 jak twierdz\u0105 organizatorzy \u2013 \u201ema na celu przypomnienie, \u017ce z &hellip;\" \/>\n<meta property=\"og:url\" content=\"https:\/\/pakosc-kalwaria.franciszkanie.net\/index.php\/2016\/09\/23\/komunikat-prezydium-konferencji-episkopatu-polski\/\" \/>\n<meta property=\"og:site_name\" content=\"Pako\u015b\u0107 \u2013 Kalwaria\" \/>\n<meta property=\"article:author\" content=\"https:\/\/www.facebook.com\/KalwariaPakosc\/\" \/>\n<meta property=\"article:published_time\" content=\"2016-09-23T13:01:13+00:00\" \/>\n<meta property=\"article:modified_time\" content=\"2016-09-23T14:05:04+00:00\" \/>\n<meta property=\"og:image\" content=\"https:\/\/pakosc-kalwaria.franciszkanie.net\/wp-content\/uploads\/2016\/09\/Logo-Episkopatu-Polski.jpg\" \/>\n\t<meta property=\"og:image:width\" content=\"147\" \/>\n\t<meta property=\"og:image:height\" content=\"146\" \/>\n\t<meta property=\"og:image:type\" content=\"image\/jpeg\" \/>\n<meta name=\"twitter:card\" content=\"summary\" \/>\n<meta name=\"twitter:label1\" content=\"Napisane przez\" \/>\n\t<meta name=\"twitter:data1\" content=\"pakosc-kalwaria\" \/>\n\t<meta name=\"twitter:label2\" content=\"Szacowany czas czytania\" \/>\n\t<meta name=\"twitter:data2\" content=\"3 minuty\" \/>\n<script type=\"application\/ld+json\" class=\"yoast-schema-graph\">{\"@context\":\"https:\/\/schema.org\",\"@graph\":[{\"@type\":\"WebSite\",\"@id\":\"https:\/\/pakosc-kalwaria.franciszkanie.net\/#website\",\"url\":\"https:\/\/pakosc-kalwaria.franciszkanie.net\/\",\"name\":\"Pako\u015b\u0107 \u2013 Kalwaria\",\"description\":\"Parafia Rzymsko \u2013 Katolicka p.w. Pana Jezusa Ukrzy\u017cowanego i  Matki Bo\u017cej Bolesnej ul. Barci\u0144ska 60, 88\u2013170 Pako\u015b\u0107 \u2013 Kalwaria\",\"potentialAction\":[{\"@type\":\"SearchAction\",\"target\":{\"@type\":\"EntryPoint\",\"urlTemplate\":\"https:\/\/pakosc-kalwaria.franciszkanie.net\/?s={search_term_string}\"},\"query-input\":\"required name=search_term_string\"}],\"inLanguage\":\"pl-PL\"},{\"@type\":\"ImageObject\",\"@id\":\"https:\/\/pakosc-kalwaria.franciszkanie.net\/index.php\/2016\/09\/23\/komunikat-prezydium-konferencji-episkopatu-polski\/#primaryimage\",\"inLanguage\":\"pl-PL\",\"url\":\"https:\/\/pakosc-kalwaria.franciszkanie.net\/wp-content\/uploads\/2016\/09\/Logo-Episkopatu-Polski.jpg\",\"contentUrl\":\"https:\/\/pakosc-kalwaria.franciszkanie.net\/wp-content\/uploads\/2016\/09\/Logo-Episkopatu-Polski.jpg\",\"width\":147,\"height\":146},{\"@type\":\"WebPage\",\"@id\":\"https:\/\/pakosc-kalwaria.franciszkanie.net\/index.php\/2016\/09\/23\/komunikat-prezydium-konferencji-episkopatu-polski\/#webpage\",\"url\":\"https:\/\/pakosc-kalwaria.franciszkanie.net\/index.php\/2016\/09\/23\/komunikat-prezydium-konferencji-episkopatu-polski\/\",\"name\":\"Komunikat Prezydium Konferencji Episkopatu Polski - Pako\u015b\u0107 \u2013 Kalwaria\",\"isPartOf\":{\"@id\":\"https:\/\/pakosc-kalwaria.franciszkanie.net\/#website\"},\"primaryImageOfPage\":{\"@id\":\"https:\/\/pakosc-kalwaria.franciszkanie.net\/index.php\/2016\/09\/23\/komunikat-prezydium-konferencji-episkopatu-polski\/#primaryimage\"},\"datePublished\":\"2016-09-23T13:01:13+00:00\",\"dateModified\":\"2016-09-23T14:05:04+00:00\",\"author\":{\"@id\":\"https:\/\/pakosc-kalwaria.franciszkanie.net\/#\/schema\/person\/af10b943be0760709227d060eadcb2aa\"},\"breadcrumb\":{\"@id\":\"https:\/\/pakosc-kalwaria.franciszkanie.net\/index.php\/2016\/09\/23\/komunikat-prezydium-konferencji-episkopatu-polski\/#breadcrumb\"},\"inLanguage\":\"pl-PL\",\"potentialAction\":[{\"@type\":\"ReadAction\",\"target\":[\"https:\/\/pakosc-kalwaria.franciszkanie.net\/index.php\/2016\/09\/23\/komunikat-prezydium-konferencji-episkopatu-polski\/\"]}]},{\"@type\":\"BreadcrumbList\",\"@id\":\"https:\/\/pakosc-kalwaria.franciszkanie.net\/index.php\/2016\/09\/23\/komunikat-prezydium-konferencji-episkopatu-polski\/#breadcrumb\",\"itemListElement\":[{\"@type\":\"ListItem\",\"position\":1,\"name\":\"Strona g\u0142\u00f3wna\",\"item\":\"https:\/\/pakosc-kalwaria.franciszkanie.net\/\"},{\"@type\":\"ListItem\",\"position\":2,\"name\":\"Komunikat Prezydium Konferencji Episkopatu Polski\"}]},{\"@type\":\"Person\",\"@id\":\"https:\/\/pakosc-kalwaria.franciszkanie.net\/#\/schema\/person\/af10b943be0760709227d060eadcb2aa\",\"name\":\"pakosc-kalwaria\",\"image\":{\"@type\":\"ImageObject\",\"@id\":\"https:\/\/pakosc-kalwaria.franciszkanie.net\/#personlogo\",\"inLanguage\":\"pl-PL\",\"url\":\"https:\/\/secure.gravatar.com\/avatar\/e7049d338b55eac6a0027ff3218b8d02?s=96&d=mm&r=g\",\"contentUrl\":\"https:\/\/secure.gravatar.com\/avatar\/e7049d338b55eac6a0027ff3218b8d02?s=96&d=mm&r=g\",\"caption\":\"pakosc-kalwaria\"},\"sameAs\":[\"https:\/\/www.facebook.com\/KalwariaPakosc\/\"],\"url\":\"https:\/\/pakosc-kalwaria.franciszkanie.net\/index.php\/author\/pakosc-kalwaria\/\"}]}<\/script>\n<!-- \/ Yoast SEO plugin. -->","yoast_head_json":{"title":"Komunikat Prezydium Konferencji Episkopatu Polski - Pako\u015b\u0107 \u2013 Kalwaria","robots":{"index":"index","follow":"follow","max-snippet":"max-snippet:-1","max-image-preview":"max-image-preview:large","max-video-preview":"max-video-preview:-1"},"canonical":"https:\/\/pakosc-kalwaria.franciszkanie.net\/index.php\/2016\/09\/23\/komunikat-prezydium-konferencji-episkopatu-polski\/","og_locale":"pl_PL","og_type":"article","og_title":"Komunikat Prezydium Konferencji Episkopatu Polski - Pako\u015b\u0107 \u2013 Kalwaria","og_description":"Kampania \u201ePrzeka\u017cmy sobie znak pokoju\u201d rozmywa jednoznaczne wymagania Ewangelii W ostatnim czasie organizacje zwi\u0105zane z tzw. nurtem LGBT \u2013 wsparte przez \u015brodowiska Tygodnika Powszechnego, Wi\u0119zi i Znaku \u2013 rozpocz\u0119\u0142y kampani\u0119 medialn\u0105 pt. \u201ePrzeka\u017cmy sobie znak pokoju\u201d. Akcja ta skierowana jest do ludzi wierz\u0105cych i \u2013 jak twierdz\u0105 organizatorzy \u2013 \u201ema na celu przypomnienie, \u017ce z &hellip;","og_url":"https:\/\/pakosc-kalwaria.franciszkanie.net\/index.php\/2016\/09\/23\/komunikat-prezydium-konferencji-episkopatu-polski\/","og_site_name":"Pako\u015b\u0107 \u2013 Kalwaria","article_author":"https:\/\/www.facebook.com\/KalwariaPakosc\/","article_published_time":"2016-09-23T13:01:13+00:00","article_modified_time":"2016-09-23T14:05:04+00:00","og_image":[{"width":147,"height":146,"url":"https:\/\/pakosc-kalwaria.franciszkanie.net\/wp-content\/uploads\/2016\/09\/Logo-Episkopatu-Polski.jpg","type":"image\/jpeg"}],"twitter_card":"summary","twitter_misc":{"Napisane przez":"pakosc-kalwaria","Szacowany czas czytania":"3 minuty"},"schema":{"@context":"https:\/\/schema.org","@graph":[{"@type":"WebSite","@id":"https:\/\/pakosc-kalwaria.franciszkanie.net\/#website","url":"https:\/\/pakosc-kalwaria.franciszkanie.net\/","name":"Pako\u015b\u0107 \u2013 Kalwaria","description":"Parafia Rzymsko \u2013 Katolicka p.w. Pana Jezusa Ukrzy\u017cowanego i  Matki Bo\u017cej Bolesnej ul. Barci\u0144ska 60, 88\u2013170 Pako\u015b\u0107 \u2013 Kalwaria","potentialAction":[{"@type":"SearchAction","target":{"@type":"EntryPoint","urlTemplate":"https:\/\/pakosc-kalwaria.franciszkanie.net\/?s={search_term_string}"},"query-input":"required name=search_term_string"}],"inLanguage":"pl-PL"},{"@type":"ImageObject","@id":"https:\/\/pakosc-kalwaria.franciszkanie.net\/index.php\/2016\/09\/23\/komunikat-prezydium-konferencji-episkopatu-polski\/#primaryimage","inLanguage":"pl-PL","url":"https:\/\/pakosc-kalwaria.franciszkanie.net\/wp-content\/uploads\/2016\/09\/Logo-Episkopatu-Polski.jpg","contentUrl":"https:\/\/pakosc-kalwaria.franciszkanie.net\/wp-content\/uploads\/2016\/09\/Logo-Episkopatu-Polski.jpg","width":147,"height":146},{"@type":"WebPage","@id":"https:\/\/pakosc-kalwaria.franciszkanie.net\/index.php\/2016\/09\/23\/komunikat-prezydium-konferencji-episkopatu-polski\/#webpage","url":"https:\/\/pakosc-kalwaria.franciszkanie.net\/index.php\/2016\/09\/23\/komunikat-prezydium-konferencji-episkopatu-polski\/","name":"Komunikat Prezydium Konferencji Episkopatu Polski - Pako\u015b\u0107 \u2013 Kalwaria","isPartOf":{"@id":"https:\/\/pakosc-kalwaria.franciszkanie.net\/#website"},"primaryImageOfPage":{"@id":"https:\/\/pakosc-kalwaria.franciszkanie.net\/index.php\/2016\/09\/23\/komunikat-prezydium-konferencji-episkopatu-polski\/#primaryimage"},"datePublished":"2016-09-23T13:01:13+00:00","dateModified":"2016-09-23T14:05:04+00:00","author":{"@id":"https:\/\/pakosc-kalwaria.franciszkanie.net\/#\/schema\/person\/af10b943be0760709227d060eadcb2aa"},"breadcrumb":{"@id":"https:\/\/pakosc-kalwaria.franciszkanie.net\/index.php\/2016\/09\/23\/komunikat-prezydium-konferencji-episkopatu-polski\/#breadcrumb"},"inLanguage":"pl-PL","potentialAction":[{"@type":"ReadAction","target":["https:\/\/pakosc-kalwaria.franciszkanie.net\/index.php\/2016\/09\/23\/komunikat-prezydium-konferencji-episkopatu-polski\/"]}]},{"@type":"BreadcrumbList","@id":"https:\/\/pakosc-kalwaria.franciszkanie.net\/index.php\/2016\/09\/23\/komunikat-prezydium-konferencji-episkopatu-polski\/#breadcrumb","itemListElement":[{"@type":"ListItem","position":1,"name":"Strona g\u0142\u00f3wna","item":"https:\/\/pakosc-kalwaria.franciszkanie.net\/"},{"@type":"ListItem","position":2,"name":"Komunikat Prezydium Konferencji Episkopatu Polski"}]},{"@type":"Person","@id":"https:\/\/pakosc-kalwaria.franciszkanie.net\/#\/schema\/person\/af10b943be0760709227d060eadcb2aa","name":"pakosc-kalwaria","image":{"@type":"ImageObject","@id":"https:\/\/pakosc-kalwaria.franciszkanie.net\/#personlogo","inLanguage":"pl-PL","url":"https:\/\/secure.gravatar.com\/avatar\/e7049d338b55eac6a0027ff3218b8d02?s=96&d=mm&r=g","contentUrl":"https:\/\/secure.gravatar.com\/avatar\/e7049d338b55eac6a0027ff3218b8d02?s=96&d=mm&r=g","caption":"pakosc-kalwaria"},"sameAs":["https:\/\/www.facebook.com\/KalwariaPakosc\/"],"url":"https:\/\/pakosc-kalwaria.franciszkanie.net\/index.php\/author\/pakosc-kalwaria\/"}]}},"_links":{"self":[{"href":"https:\/\/pakosc-kalwaria.franciszkanie.net\/index.php\/wp-json\/wp\/v2\/posts\/551"}],"collection":[{"href":"https:\/\/pakosc-kalwaria.franciszkanie.net\/index.php\/wp-json\/wp\/v2\/posts"}],"about":[{"href":"https:\/\/pakosc-kalwaria.franciszkanie.net\/index.php\/wp-json\/wp\/v2\/types\/post"}],"author":[{"embeddable":true,"href":"https:\/\/pakosc-kalwaria.franciszkanie.net\/index.php\/wp-json\/wp\/v2\/users\/2"}],"replies":[{"embeddable":true,"href":"https:\/\/pakosc-kalwaria.franciszkanie.net\/index.php\/wp-json\/wp\/v2\/comments?post=551"}],"version-history":[{"count":1,"href":"https:\/\/pakosc-kalwaria.franciszkanie.net\/index.php\/wp-json\/wp\/v2\/posts\/551\/revisions"}],"predecessor-version":[{"id":552,"href":"https:\/\/pakosc-kalwaria.franciszkanie.net\/index.php\/wp-json\/wp\/v2\/posts\/551\/revisions\/552"}],"wp:featuredmedia":[{"embeddable":true,"href":"https:\/\/pakosc-kalwaria.franciszkanie.net\/index.php\/wp-json\/wp\/v2\/media\/449"}],"wp:attachment":[{"href":"https:\/\/pakosc-kalwaria.franciszkanie.net\/index.php\/wp-json\/wp\/v2\/media?parent=551"}],"wp:term":[{"taxonomy":"category","embeddable":true,"href":"https:\/\/pakosc-kalwaria.franciszkanie.net\/index.php\/wp-json\/wp\/v2\/categories?post=551"},{"taxonomy":"post_tag","embeddable":true,"href":"https:\/\/pakosc-kalwaria.franciszkanie.net\/index.php\/wp-json\/wp\/v2\/tags?post=551"}],"curies":[{"name":"wp","href":"https:\/\/api.w.org\/{rel}","templated":true}]}}