{"id":558,"date":"2016-09-25T09:56:41","date_gmt":"2016-09-25T07:56:41","guid":{"rendered":"http:\/\/pakosc-kalwaria.franciszkanie.net\/?p=558"},"modified":"2016-09-30T22:02:54","modified_gmt":"2016-09-30T20:02:54","slug":"ogloszenia-parafialne-xxvi-niedziela-zwykla","status":"publish","type":"post","link":"https:\/\/pakosc-kalwaria.franciszkanie.net\/index.php\/2016\/09\/25\/ogloszenia-parafialne-xxvi-niedziela-zwykla\/","title":{"rendered":"Og\u0142oszenia parafialne XXVI Niedziela Zwyk\u0142a"},"content":{"rendered":"<p><span style=\"color: #008000;\"><strong>25.09. &#8211; 02.10.2016r.\u00a0\u00a0\u00a0\u00a0 <\/strong><\/span><\/p>\n<p><strong><span style=\"color: #ff0000;\"><em><u>Dzisiaj\u00a0 (25.09.)<\/u><\/em> <\/span>\u2013 rozpoczynamy Nowenn\u0119 przed uroczysto\u015bci\u0105 \u015bw. Franciszka z Asy\u017cu.<\/strong><\/p>\n<p><span style=\"color: #ff0000;\"><em><u><strong>W czwartek (29.09.<\/strong>)<\/u><\/em><\/span><strong> \u2013 \u015bwi\u0119to \u015awi\u0119tych Archanio\u0142\u00f3w Micha\u0142a, Gabriela i Rafa\u0142a.<\/strong><\/p>\n<p><strong><span style=\"color: #008000;\"><em><u>W\u00a0 pi\u0105tek (30.09.)<\/u><\/em><\/span> \u2013 o \u00a016.30 adoracja Naj\u015bwi\u0119tszego Sakramentu, okazja do Spowiedzi \u015bw. i Koronka do Bo\u017cego Mi\u0142osierdzia.<\/strong><br \/>\n<strong> <span style=\"color: #ff0000;\">O 17.00 Msza \u015bw. w intencjach zbiorowych do Bo\u017cego Mi\u0142osierdzia.<\/span> Intencje mo\u017cna sk\u0142ada\u0107 w zakrystii, do skarbonki pod ch\u00f3rem lub przez nasz\u0105 stron\u0119 internetow\u0105.<\/strong><\/p>\n<p><strong><span style=\"color: #000080;\"><em><u>W\u00a0 pierwsza sobot\u0119 (01.10.)<\/u><\/em> <\/span>\u2013 zach\u0119camy do odprawienia nabo\u017ce\u0144stwa wynagradzaj\u0105cego Niepokalanemu Sercu Maryi.<\/strong><\/p>\n<p><strong><span style=\"color: #ff0000;\">W sobot\u0119 rozpoczynamy pa\u017adziernikowe nabo\u017ce\u0144stwa r\u00f3\u017ca\u0144cowe, kt\u00f3re odprawia\u0107 b\u0119dziemy w tygodniu o 16.30, a w niedziele o 10.30. Zach\u0119camy do licznego udzia\u0142u w tych nabo\u017ce\u0144stwach.<\/span><\/strong><\/p>\n<p><strong><span style=\"color: #ff0000;\">Zach\u0119camy kobiety i m\u0119\u017cczyzn do w\u0142\u0105czenia si\u0119 w \u017bywy R\u00f3\u017caniec w naszej Parafii.<\/span> Wi\u0119cej informacji w gablotce i na stronie internetowej. Osoby ch\u0119tne prosimy o zg\u0142aszanie si\u0119 w zakrystii lub w kancelarii parafialnej. Odpowiednie deklaracje znajduj\u0105 si\u0119 na stoliku pod ch\u00f3rem.<\/strong><\/p>\n<p><strong>Pod ch\u00f3rem do nabycia czasopisma: \u201ePrzewodnik Katolicki\u201d oraz \u201eOla i Ja\u015b\u201d. Op\u0142aty za czasopisma sk\u0142adamy do skarbonki.<\/strong><\/p>\n<p><strong>Dzi\u0119kujemy wszystkim, kt\u00f3rzy w ubieg\u0142\u0105 niedziel\u0119 wzi\u0119li udzia\u0142 w odpu\u015bcie na naszej Kalwarii oraz pomogli w jego przygotowaniu.<\/strong><\/p>\n<p><strong>Wyra\u017camy tak\u017ce wdzi\u0119czno\u015b\u0107 za dzisiejsz\u0105 wsp\u00f3ln\u0105 modlitw\u0119 oraz za z\u0142o\u017cone ofiary.<\/strong><\/p>\n<p><strong>Niech Dobry i Mi\u0142osierny B\u00f3g Wam i waszym Rodzinom obficie b\u0142ogos\u0142awi.<\/strong><\/p>\n<p><strong>Z darem modlitwy Bracia Mniejsi Franciszkanie z Pako\u015bci &#8211; Kalwarii<\/strong><\/p>\n","protected":false},"excerpt":{"rendered":"<p>25.09. &#8211; 02.10.2016r.\u00a0\u00a0\u00a0\u00a0 Dzisiaj\u00a0 (25.09.) \u2013 rozpoczynamy Nowenn\u0119 przed uroczysto\u015bci\u0105 \u015bw. Franciszka z Asy\u017cu. W czwartek (29.09.) \u2013 \u015bwi\u0119to \u015awi\u0119tych Archanio\u0142\u00f3w Micha\u0142a, Gabriela i Rafa\u0142a. W\u00a0 pi\u0105tek (30.09.) \u2013 o \u00a016.30 adoracja Naj\u015bwi\u0119tszego Sakramentu, okazja do Spowiedzi \u015bw. i Koronka do Bo\u017cego Mi\u0142osierdzia. O 17.00 Msza \u015bw. w intencjach zbiorowych do Bo\u017cego Mi\u0142osierdzia. Intencje mo\u017cna &hellip;<\/p>\n","protected":false},"author":2,"featured_media":263,"comment_status":"closed","ping_status":"open","sticky":false,"template":"","format":"standard","meta":{"_mi_skip_tracking":false,"_exactmetrics_sitenote_active":false,"_exactmetrics_sitenote_note":"","_exactmetrics_sitenote_category":0},"categories":[5],"tags":[],"yoast_head":"<!-- This site is optimized with the Yoast SEO plugin v18.1 - https:\/\/yoast.com\/wordpress\/plugins\/seo\/ -->\n<title>Og\u0142oszenia parafialne XXVI Niedziela Zwyk\u0142a - Pako\u015b\u0107 \u2013 Kalwaria<\/title>\n<meta name=\"robots\" content=\"index, follow, max-snippet:-1, max-image-preview:large, max-video-preview:-1\" \/>\n<link rel=\"canonical\" href=\"https:\/\/pakosc-kalwaria.franciszkanie.net\/index.php\/2016\/09\/25\/ogloszenia-parafialne-xxvi-niedziela-zwykla\/\" \/>\n<meta property=\"og:locale\" content=\"pl_PL\" \/>\n<meta property=\"og:type\" content=\"article\" \/>\n<meta property=\"og:title\" content=\"Og\u0142oszenia parafialne XXVI Niedziela Zwyk\u0142a - Pako\u015b\u0107 \u2013 Kalwaria\" \/>\n<meta property=\"og:description\" content=\"25.09. &#8211; 02.10.2016r.\u00a0\u00a0\u00a0\u00a0 Dzisiaj\u00a0 (25.09.) \u2013 rozpoczynamy Nowenn\u0119 przed uroczysto\u015bci\u0105 \u015bw. Franciszka z Asy\u017cu. W czwartek (29.09.) \u2013 \u015bwi\u0119to \u015awi\u0119tych Archanio\u0142\u00f3w Micha\u0142a, Gabriela i Rafa\u0142a. W\u00a0 pi\u0105tek (30.09.) \u2013 o \u00a016.30 adoracja Naj\u015bwi\u0119tszego Sakramentu, okazja do Spowiedzi \u015bw. i Koronka do Bo\u017cego Mi\u0142osierdzia. O 17.00 Msza \u015bw. w intencjach zbiorowych do Bo\u017cego Mi\u0142osierdzia. Intencje mo\u017cna &hellip;\" \/>\n<meta property=\"og:url\" content=\"https:\/\/pakosc-kalwaria.franciszkanie.net\/index.php\/2016\/09\/25\/ogloszenia-parafialne-xxvi-niedziela-zwykla\/\" \/>\n<meta property=\"og:site_name\" content=\"Pako\u015b\u0107 \u2013 Kalwaria\" \/>\n<meta property=\"article:author\" content=\"https:\/\/www.facebook.com\/KalwariaPakosc\/\" \/>\n<meta property=\"article:published_time\" content=\"2016-09-25T07:56:41+00:00\" \/>\n<meta property=\"article:modified_time\" content=\"2016-09-30T20:02:54+00:00\" \/>\n<meta property=\"og:image\" content=\"https:\/\/pakosc-kalwaria.franciszkanie.net\/wp-content\/uploads\/2016\/08\/Nowe-zycie-3.jpg\" \/>\n\t<meta property=\"og:image:width\" content=\"600\" \/>\n\t<meta property=\"og:image:height\" content=\"600\" \/>\n\t<meta property=\"og:image:type\" content=\"image\/jpeg\" \/>\n<meta name=\"twitter:card\" content=\"summary\" \/>\n<meta name=\"twitter:label1\" content=\"Napisane przez\" \/>\n\t<meta name=\"twitter:data1\" content=\"pakosc-kalwaria\" \/>\n\t<meta name=\"twitter:label2\" content=\"Szacowany czas czytania\" \/>\n\t<meta name=\"twitter:data2\" content=\"1 minuta\" \/>\n<script type=\"application\/ld+json\" class=\"yoast-schema-graph\">{\"@context\":\"https:\/\/schema.org\",\"@graph\":[{\"@type\":\"WebSite\",\"@id\":\"https:\/\/pakosc-kalwaria.franciszkanie.net\/#website\",\"url\":\"https:\/\/pakosc-kalwaria.franciszkanie.net\/\",\"name\":\"Pako\u015b\u0107 \u2013 Kalwaria\",\"description\":\"Parafia Rzymsko \u2013 Katolicka p.w. Pana Jezusa Ukrzy\u017cowanego i  Matki Bo\u017cej Bolesnej ul. Barci\u0144ska 60, 88\u2013170 Pako\u015b\u0107 \u2013 Kalwaria\",\"potentialAction\":[{\"@type\":\"SearchAction\",\"target\":{\"@type\":\"EntryPoint\",\"urlTemplate\":\"https:\/\/pakosc-kalwaria.franciszkanie.net\/?s={search_term_string}\"},\"query-input\":\"required name=search_term_string\"}],\"inLanguage\":\"pl-PL\"},{\"@type\":\"ImageObject\",\"@id\":\"https:\/\/pakosc-kalwaria.franciszkanie.net\/index.php\/2016\/09\/25\/ogloszenia-parafialne-xxvi-niedziela-zwykla\/#primaryimage\",\"inLanguage\":\"pl-PL\",\"url\":\"https:\/\/pakosc-kalwaria.franciszkanie.net\/wp-content\/uploads\/2016\/08\/Nowe-zycie-3.jpg\",\"contentUrl\":\"https:\/\/pakosc-kalwaria.franciszkanie.net\/wp-content\/uploads\/2016\/08\/Nowe-zycie-3.jpg\",\"width\":600,\"height\":600},{\"@type\":\"WebPage\",\"@id\":\"https:\/\/pakosc-kalwaria.franciszkanie.net\/index.php\/2016\/09\/25\/ogloszenia-parafialne-xxvi-niedziela-zwykla\/#webpage\",\"url\":\"https:\/\/pakosc-kalwaria.franciszkanie.net\/index.php\/2016\/09\/25\/ogloszenia-parafialne-xxvi-niedziela-zwykla\/\",\"name\":\"Og\u0142oszenia parafialne XXVI Niedziela Zwyk\u0142a - Pako\u015b\u0107 \u2013 Kalwaria\",\"isPartOf\":{\"@id\":\"https:\/\/pakosc-kalwaria.franciszkanie.net\/#website\"},\"primaryImageOfPage\":{\"@id\":\"https:\/\/pakosc-kalwaria.franciszkanie.net\/index.php\/2016\/09\/25\/ogloszenia-parafialne-xxvi-niedziela-zwykla\/#primaryimage\"},\"datePublished\":\"2016-09-25T07:56:41+00:00\",\"dateModified\":\"2016-09-30T20:02:54+00:00\",\"author\":{\"@id\":\"https:\/\/pakosc-kalwaria.franciszkanie.net\/#\/schema\/person\/af10b943be0760709227d060eadcb2aa\"},\"breadcrumb\":{\"@id\":\"https:\/\/pakosc-kalwaria.franciszkanie.net\/index.php\/2016\/09\/25\/ogloszenia-parafialne-xxvi-niedziela-zwykla\/#breadcrumb\"},\"inLanguage\":\"pl-PL\",\"potentialAction\":[{\"@type\":\"ReadAction\",\"target\":[\"https:\/\/pakosc-kalwaria.franciszkanie.net\/index.php\/2016\/09\/25\/ogloszenia-parafialne-xxvi-niedziela-zwykla\/\"]}]},{\"@type\":\"BreadcrumbList\",\"@id\":\"https:\/\/pakosc-kalwaria.franciszkanie.net\/index.php\/2016\/09\/25\/ogloszenia-parafialne-xxvi-niedziela-zwykla\/#breadcrumb\",\"itemListElement\":[{\"@type\":\"ListItem\",\"position\":1,\"name\":\"Strona g\u0142\u00f3wna\",\"item\":\"https:\/\/pakosc-kalwaria.franciszkanie.net\/\"},{\"@type\":\"ListItem\",\"position\":2,\"name\":\"Og\u0142oszenia parafialne XXVI Niedziela Zwyk\u0142a\"}]},{\"@type\":\"Person\",\"@id\":\"https:\/\/pakosc-kalwaria.franciszkanie.net\/#\/schema\/person\/af10b943be0760709227d060eadcb2aa\",\"name\":\"pakosc-kalwaria\",\"image\":{\"@type\":\"ImageObject\",\"@id\":\"https:\/\/pakosc-kalwaria.franciszkanie.net\/#personlogo\",\"inLanguage\":\"pl-PL\",\"url\":\"https:\/\/secure.gravatar.com\/avatar\/e7049d338b55eac6a0027ff3218b8d02?s=96&d=mm&r=g\",\"contentUrl\":\"https:\/\/secure.gravatar.com\/avatar\/e7049d338b55eac6a0027ff3218b8d02?s=96&d=mm&r=g\",\"caption\":\"pakosc-kalwaria\"},\"sameAs\":[\"https:\/\/www.facebook.com\/KalwariaPakosc\/\"],\"url\":\"https:\/\/pakosc-kalwaria.franciszkanie.net\/index.php\/author\/pakosc-kalwaria\/\"}]}<\/script>\n<!-- \/ Yoast SEO plugin. -->","yoast_head_json":{"title":"Og\u0142oszenia parafialne XXVI Niedziela Zwyk\u0142a - Pako\u015b\u0107 \u2013 Kalwaria","robots":{"index":"index","follow":"follow","max-snippet":"max-snippet:-1","max-image-preview":"max-image-preview:large","max-video-preview":"max-video-preview:-1"},"canonical":"https:\/\/pakosc-kalwaria.franciszkanie.net\/index.php\/2016\/09\/25\/ogloszenia-parafialne-xxvi-niedziela-zwykla\/","og_locale":"pl_PL","og_type":"article","og_title":"Og\u0142oszenia parafialne XXVI Niedziela Zwyk\u0142a - Pako\u015b\u0107 \u2013 Kalwaria","og_description":"25.09. &#8211; 02.10.2016r.\u00a0\u00a0\u00a0\u00a0 Dzisiaj\u00a0 (25.09.) \u2013 rozpoczynamy Nowenn\u0119 przed uroczysto\u015bci\u0105 \u015bw. Franciszka z Asy\u017cu. W czwartek (29.09.) \u2013 \u015bwi\u0119to \u015awi\u0119tych Archanio\u0142\u00f3w Micha\u0142a, Gabriela i Rafa\u0142a. W\u00a0 pi\u0105tek (30.09.) \u2013 o \u00a016.30 adoracja Naj\u015bwi\u0119tszego Sakramentu, okazja do Spowiedzi \u015bw. i Koronka do Bo\u017cego Mi\u0142osierdzia. O 17.00 Msza \u015bw. w intencjach zbiorowych do Bo\u017cego Mi\u0142osierdzia. Intencje mo\u017cna &hellip;","og_url":"https:\/\/pakosc-kalwaria.franciszkanie.net\/index.php\/2016\/09\/25\/ogloszenia-parafialne-xxvi-niedziela-zwykla\/","og_site_name":"Pako\u015b\u0107 \u2013 Kalwaria","article_author":"https:\/\/www.facebook.com\/KalwariaPakosc\/","article_published_time":"2016-09-25T07:56:41+00:00","article_modified_time":"2016-09-30T20:02:54+00:00","og_image":[{"width":600,"height":600,"url":"https:\/\/pakosc-kalwaria.franciszkanie.net\/wp-content\/uploads\/2016\/08\/Nowe-zycie-3.jpg","type":"image\/jpeg"}],"twitter_card":"summary","twitter_misc":{"Napisane przez":"pakosc-kalwaria","Szacowany czas czytania":"1 minuta"},"schema":{"@context":"https:\/\/schema.org","@graph":[{"@type":"WebSite","@id":"https:\/\/pakosc-kalwaria.franciszkanie.net\/#website","url":"https:\/\/pakosc-kalwaria.franciszkanie.net\/","name":"Pako\u015b\u0107 \u2013 Kalwaria","description":"Parafia Rzymsko \u2013 Katolicka p.w. Pana Jezusa Ukrzy\u017cowanego i  Matki Bo\u017cej Bolesnej ul. Barci\u0144ska 60, 88\u2013170 Pako\u015b\u0107 \u2013 Kalwaria","potentialAction":[{"@type":"SearchAction","target":{"@type":"EntryPoint","urlTemplate":"https:\/\/pakosc-kalwaria.franciszkanie.net\/?s={search_term_string}"},"query-input":"required name=search_term_string"}],"inLanguage":"pl-PL"},{"@type":"ImageObject","@id":"https:\/\/pakosc-kalwaria.franciszkanie.net\/index.php\/2016\/09\/25\/ogloszenia-parafialne-xxvi-niedziela-zwykla\/#primaryimage","inLanguage":"pl-PL","url":"https:\/\/pakosc-kalwaria.franciszkanie.net\/wp-content\/uploads\/2016\/08\/Nowe-zycie-3.jpg","contentUrl":"https:\/\/pakosc-kalwaria.franciszkanie.net\/wp-content\/uploads\/2016\/08\/Nowe-zycie-3.jpg","width":600,"height":600},{"@type":"WebPage","@id":"https:\/\/pakosc-kalwaria.franciszkanie.net\/index.php\/2016\/09\/25\/ogloszenia-parafialne-xxvi-niedziela-zwykla\/#webpage","url":"https:\/\/pakosc-kalwaria.franciszkanie.net\/index.php\/2016\/09\/25\/ogloszenia-parafialne-xxvi-niedziela-zwykla\/","name":"Og\u0142oszenia parafialne XXVI Niedziela Zwyk\u0142a - Pako\u015b\u0107 \u2013 Kalwaria","isPartOf":{"@id":"https:\/\/pakosc-kalwaria.franciszkanie.net\/#website"},"primaryImageOfPage":{"@id":"https:\/\/pakosc-kalwaria.franciszkanie.net\/index.php\/2016\/09\/25\/ogloszenia-parafialne-xxvi-niedziela-zwykla\/#primaryimage"},"datePublished":"2016-09-25T07:56:41+00:00","dateModified":"2016-09-30T20:02:54+00:00","author":{"@id":"https:\/\/pakosc-kalwaria.franciszkanie.net\/#\/schema\/person\/af10b943be0760709227d060eadcb2aa"},"breadcrumb":{"@id":"https:\/\/pakosc-kalwaria.franciszkanie.net\/index.php\/2016\/09\/25\/ogloszenia-parafialne-xxvi-niedziela-zwykla\/#breadcrumb"},"inLanguage":"pl-PL","potentialAction":[{"@type":"ReadAction","target":["https:\/\/pakosc-kalwaria.franciszkanie.net\/index.php\/2016\/09\/25\/ogloszenia-parafialne-xxvi-niedziela-zwykla\/"]}]},{"@type":"BreadcrumbList","@id":"https:\/\/pakosc-kalwaria.franciszkanie.net\/index.php\/2016\/09\/25\/ogloszenia-parafialne-xxvi-niedziela-zwykla\/#breadcrumb","itemListElement":[{"@type":"ListItem","position":1,"name":"Strona g\u0142\u00f3wna","item":"https:\/\/pakosc-kalwaria.franciszkanie.net\/"},{"@type":"ListItem","position":2,"name":"Og\u0142oszenia parafialne XXVI Niedziela Zwyk\u0142a"}]},{"@type":"Person","@id":"https:\/\/pakosc-kalwaria.franciszkanie.net\/#\/schema\/person\/af10b943be0760709227d060eadcb2aa","name":"pakosc-kalwaria","image":{"@type":"ImageObject","@id":"https:\/\/pakosc-kalwaria.franciszkanie.net\/#personlogo","inLanguage":"pl-PL","url":"https:\/\/secure.gravatar.com\/avatar\/e7049d338b55eac6a0027ff3218b8d02?s=96&d=mm&r=g","contentUrl":"https:\/\/secure.gravatar.com\/avatar\/e7049d338b55eac6a0027ff3218b8d02?s=96&d=mm&r=g","caption":"pakosc-kalwaria"},"sameAs":["https:\/\/www.facebook.com\/KalwariaPakosc\/"],"url":"https:\/\/pakosc-kalwaria.franciszkanie.net\/index.php\/author\/pakosc-kalwaria\/"}]}},"_links":{"self":[{"href":"https:\/\/pakosc-kalwaria.franciszkanie.net\/index.php\/wp-json\/wp\/v2\/posts\/558"}],"collection":[{"href":"https:\/\/pakosc-kalwaria.franciszkanie.net\/index.php\/wp-json\/wp\/v2\/posts"}],"about":[{"href":"https:\/\/pakosc-kalwaria.franciszkanie.net\/index.php\/wp-json\/wp\/v2\/types\/post"}],"author":[{"embeddable":true,"href":"https:\/\/pakosc-kalwaria.franciszkanie.net\/index.php\/wp-json\/wp\/v2\/users\/2"}],"replies":[{"embeddable":true,"href":"https:\/\/pakosc-kalwaria.franciszkanie.net\/index.php\/wp-json\/wp\/v2\/comments?post=558"}],"version-history":[{"count":4,"href":"https:\/\/pakosc-kalwaria.franciszkanie.net\/index.php\/wp-json\/wp\/v2\/posts\/558\/revisions"}],"predecessor-version":[{"id":562,"href":"https:\/\/pakosc-kalwaria.franciszkanie.net\/index.php\/wp-json\/wp\/v2\/posts\/558\/revisions\/562"}],"wp:featuredmedia":[{"embeddable":true,"href":"https:\/\/pakosc-kalwaria.franciszkanie.net\/index.php\/wp-json\/wp\/v2\/media\/263"}],"wp:attachment":[{"href":"https:\/\/pakosc-kalwaria.franciszkanie.net\/index.php\/wp-json\/wp\/v2\/media?parent=558"}],"wp:term":[{"taxonomy":"category","embeddable":true,"href":"https:\/\/pakosc-kalwaria.franciszkanie.net\/index.php\/wp-json\/wp\/v2\/categories?post=558"},{"taxonomy":"post_tag","embeddable":true,"href":"https:\/\/pakosc-kalwaria.franciszkanie.net\/index.php\/wp-json\/wp\/v2\/tags?post=558"}],"curies":[{"name":"wp","href":"https:\/\/api.w.org\/{rel}","templated":true}]}}