{"id":6033,"date":"2018-07-01T18:00:48","date_gmt":"2018-07-01T16:00:48","guid":{"rendered":"http:\/\/pakosc-kalwaria.franciszkanie.net\/?p=6033"},"modified":"2018-07-04T07:01:26","modified_gmt":"2018-07-04T05:01:26","slug":"eucharystia-zrodlo-szczyt-misja-kosciola","status":"publish","type":"post","link":"https:\/\/pakosc-kalwaria.franciszkanie.net\/index.php\/2018\/07\/01\/eucharystia-zrodlo-szczyt-misja-kosciola\/","title":{"rendered":"\u201eEucharystia \u2013 \u017ar\u00f3d\u0142o, szczyt i misja Ko\u015bcio\u0142a\u201d."},"content":{"rendered":"<p><strong>To temat programu duszpasterskiego Ko\u015bcio\u0142a w Polsce na lata 2019-2022. Program przyj\u0119to podczas 379. Zebrania plenarnego KEP w Janowie Podlaskim.<\/strong><\/p>\n<p>Eucharystia to kolejny po chrzcie i bierzmowaniu, sakrament inicjacji chrze\u015bcija\u0144skiej. Ko\u015bci\u00f3\u0142 \u017cyje bowiem dzi\u0119ki Eucharystii &#8211; wskazuje abp Skworc. \u201eChcemy m\u00f3wi\u0107 o Eucharystii i \u015bwi\u0119towaniu niedzieli, o czasie \u015bwi\u0119tym i o tym jak powinni\u015bmy jako chrze\u015bcijanie ten czas wykorzystywa\u0107. Centralnym wydarzeniem zbawczym jest Ofiara Jezusa Chrystusa, kt\u00f3r\u0105 ponawiamy i uobecniamy ka\u017cdego dnia. Chcemy o niej m\u00f3wi\u0107, pog\u0142\u0119bia\u0107 tematyk\u0119 Mszy \u015bw. a przede wszystkim prowadzi\u0107 dzieci, m\u0142odzie\u017c i doros\u0142ych do spotkania z Chrystusem w czasie Eucharystii&#8221;. Niezb\u0119dne jest dzi\u015b g\u0142\u0119bsze wtajemniczenie wiernych w \u017cycie eucharystyczne oraz pog\u0142\u0119bienie \u015bwiadomo\u015bci znaczenia Eucharystii w \u017cyciu Ko\u015bcio\u0142a i ka\u017cdego pojedynczego chrze\u015bcijanina. Bior\u0105c pod uwag\u0119 statystyki praktyk religijnych w Polsce, niezb\u0119dne jest pog\u0142\u0119bianie w\u015br\u00f3d duchownych i \u015bwieckich \u015bwiadomo\u015bci warto\u015bci Eucharystii oraz \u015bwi\u0119towania niedzieli.<\/p>\n<p>Ka\u017cdy rok nowego programu po\u015bwi\u0119conego Mszy \u015bw. b\u0119dzie mia\u0142 inne has\u0142o, odmienny akcent wed\u0142ug klucza przej\u0119tego z adhortacji Benedykta XVI \u201eSacramentum caritatis\u201d: Eucharystia \u2013 tajemnica wyznawana, tajemnica celebrowana oraz wezwanie do \u015bwi\u0119towania i apostolatu. Nowy program duszpasterski b\u0119dzie kontynuacj\u0105 teoretycznej refleksji i praktycznych wskaza\u0144 pastoralnych opartych na teologii sakrament\u00f3w wtajemniczenia chrze\u015bcija\u0144skiego a wi\u0119c chrzcie, bierzmowaniu i w\u0142a\u015bnie eucharystii.<\/p>\n<p>Nowy program duszpasterski realizowany b\u0119dzie ju\u017c w czasie cz\u0119\u015bciowego, a od 2020 ca\u0142kowitego zakazu handlu w niedziel\u0119, co dokona\u0142o si\u0119 dzi\u0119ki obywatelskiej inicjatywie ustawodawczej zwi\u0105zku zawodowego \u201eSolidarno\u015b\u0107\u201d. \u201ePatrzymy na woln\u0105 niedziel\u0119 jako na szczeg\u00f3ln\u0105 szanse duszpastersk\u0105, \u017ceby spo\u0142ecze\u0144stwo mog\u0142o godnie odpoczywa\u0107 i odbudowa\u0107 swoje relacje z Bogiem i z drugim cz\u0142owiekiem\u201d &#8211; wskazuje przewodnicz\u0105cy Komisji. Jak dodaje, Ko\u015bci\u00f3\u0142 powinien wykorzysta\u0107 t\u0119 duszpastersk\u0105 szans\u0119, tak\u017ce poprzez szerokie dotarcie z konkretn\u0105 ofert\u0105 duszpastersk\u0105 do os\u00f3b zwi\u0105zanych ale i tych mniej zwi\u0105zanych z parafi\u0105. Chodzi tu nie tylko o przypomnienie obowi\u0105zku uczestnictwa we Mszy \u015bw. i pog\u0142\u0119bienie wiedzy o jej istocie, ale te\u017c o stworzenie jakiej\u015b oferty pozaliturgicznej, to znaczy dotycz\u0105cej sposobu prze\u017cywania ca\u0142ej niedzieli przez ma\u0142\u017ce\u0144stwa i rodziny. Abp Skworc wyrazi\u0142 nadziej\u0119, \u017ce w prace nad tak\u0105 ofert\u0105 w\u0142\u0105cz\u0105 si\u0119 wsp\u00f3lnoty parafialne, ruchy, stowarzyszenia i fundacje. \u201eChodzi o szerok\u0105 ofert\u0119 zawieraj\u0105c\u0105 propozycje tak\u017ce kulturalne, \u017ceby ludzie prze\u017cywali niedziele wsp\u00f3lnotowo i \u017ceby w dzie\u0144 \u015bwi\u0119ty oddawali cze\u015b\u0107 Bogu i wykorzystali tak\u017ce dla swojego osobistego duchowego rozwoju\u201d.<\/p>\n","protected":false},"excerpt":{"rendered":"<p>To temat programu duszpasterskiego Ko\u015bcio\u0142a w Polsce na lata 2019-2022. Program przyj\u0119to podczas 379. Zebrania plenarnego KEP w Janowie Podlaskim. Eucharystia to kolejny po chrzcie i bierzmowaniu, sakrament inicjacji chrze\u015bcija\u0144skiej. Ko\u015bci\u00f3\u0142 \u017cyje bowiem dzi\u0119ki Eucharystii &#8211; wskazuje abp Skworc. \u201eChcemy m\u00f3wi\u0107 o Eucharystii i \u015bwi\u0119towaniu niedzieli, o czasie \u015bwi\u0119tym i o tym jak powinni\u015bmy jako &hellip;<\/p>\n","protected":false},"author":2,"featured_media":6063,"comment_status":"closed","ping_status":"open","sticky":false,"template":"","format":"standard","meta":{"_mi_skip_tracking":false,"_exactmetrics_sitenote_active":false,"_exactmetrics_sitenote_note":"","_exactmetrics_sitenote_category":0},"categories":[7,1],"tags":[],"yoast_head":"<!-- This site is optimized with the Yoast SEO plugin v18.1 - https:\/\/yoast.com\/wordpress\/plugins\/seo\/ -->\n<title>\u201eEucharystia \u2013 \u017ar\u00f3d\u0142o, szczyt i misja Ko\u015bcio\u0142a\u201d. - Pako\u015b\u0107 \u2013 Kalwaria<\/title>\n<meta name=\"robots\" content=\"index, follow, max-snippet:-1, max-image-preview:large, max-video-preview:-1\" \/>\n<link rel=\"canonical\" href=\"https:\/\/pakosc-kalwaria.franciszkanie.net\/index.php\/2018\/07\/01\/eucharystia-zrodlo-szczyt-misja-kosciola\/\" \/>\n<meta property=\"og:locale\" content=\"pl_PL\" \/>\n<meta property=\"og:type\" content=\"article\" \/>\n<meta property=\"og:title\" content=\"\u201eEucharystia \u2013 \u017ar\u00f3d\u0142o, szczyt i misja Ko\u015bcio\u0142a\u201d. - Pako\u015b\u0107 \u2013 Kalwaria\" \/>\n<meta property=\"og:description\" content=\"To temat programu duszpasterskiego Ko\u015bcio\u0142a w Polsce na lata 2019-2022. Program przyj\u0119to podczas 379. Zebrania plenarnego KEP w Janowie Podlaskim. Eucharystia to kolejny po chrzcie i bierzmowaniu, sakrament inicjacji chrze\u015bcija\u0144skiej. Ko\u015bci\u00f3\u0142 \u017cyje bowiem dzi\u0119ki Eucharystii &#8211; wskazuje abp Skworc. \u201eChcemy m\u00f3wi\u0107 o Eucharystii i \u015bwi\u0119towaniu niedzieli, o czasie \u015bwi\u0119tym i o tym jak powinni\u015bmy jako &hellip;\" \/>\n<meta property=\"og:url\" content=\"https:\/\/pakosc-kalwaria.franciszkanie.net\/index.php\/2018\/07\/01\/eucharystia-zrodlo-szczyt-misja-kosciola\/\" \/>\n<meta property=\"og:site_name\" content=\"Pako\u015b\u0107 \u2013 Kalwaria\" \/>\n<meta property=\"article:author\" content=\"https:\/\/www.facebook.com\/KalwariaPakosc\/\" \/>\n<meta property=\"article:published_time\" content=\"2018-07-01T16:00:48+00:00\" \/>\n<meta property=\"article:modified_time\" content=\"2018-07-04T05:01:26+00:00\" \/>\n<meta property=\"og:image\" content=\"https:\/\/pakosc-kalwaria.franciszkanie.net\/wp-content\/uploads\/2018\/06\/Eucharytsia-1.jpg\" \/>\n\t<meta property=\"og:image:width\" content=\"250\" \/>\n\t<meta property=\"og:image:height\" content=\"250\" \/>\n\t<meta property=\"og:image:type\" content=\"image\/jpeg\" \/>\n<meta name=\"twitter:card\" content=\"summary\" \/>\n<meta name=\"twitter:label1\" content=\"Napisane przez\" \/>\n\t<meta name=\"twitter:data1\" content=\"pakosc-kalwaria\" \/>\n\t<meta name=\"twitter:label2\" content=\"Szacowany czas czytania\" \/>\n\t<meta name=\"twitter:data2\" content=\"2 minuty\" \/>\n<script type=\"application\/ld+json\" class=\"yoast-schema-graph\">{\"@context\":\"https:\/\/schema.org\",\"@graph\":[{\"@type\":\"WebSite\",\"@id\":\"https:\/\/pakosc-kalwaria.franciszkanie.net\/#website\",\"url\":\"https:\/\/pakosc-kalwaria.franciszkanie.net\/\",\"name\":\"Pako\u015b\u0107 \u2013 Kalwaria\",\"description\":\"Parafia Rzymsko \u2013 Katolicka p.w. Pana Jezusa Ukrzy\u017cowanego i  Matki Bo\u017cej Bolesnej ul. Barci\u0144ska 60, 88\u2013170 Pako\u015b\u0107 \u2013 Kalwaria\",\"potentialAction\":[{\"@type\":\"SearchAction\",\"target\":{\"@type\":\"EntryPoint\",\"urlTemplate\":\"https:\/\/pakosc-kalwaria.franciszkanie.net\/?s={search_term_string}\"},\"query-input\":\"required name=search_term_string\"}],\"inLanguage\":\"pl-PL\"},{\"@type\":\"ImageObject\",\"@id\":\"https:\/\/pakosc-kalwaria.franciszkanie.net\/index.php\/2018\/07\/01\/eucharystia-zrodlo-szczyt-misja-kosciola\/#primaryimage\",\"inLanguage\":\"pl-PL\",\"url\":\"https:\/\/pakosc-kalwaria.franciszkanie.net\/wp-content\/uploads\/2018\/06\/Eucharytsia-1.jpg\",\"contentUrl\":\"https:\/\/pakosc-kalwaria.franciszkanie.net\/wp-content\/uploads\/2018\/06\/Eucharytsia-1.jpg\",\"width\":250,\"height\":250},{\"@type\":\"WebPage\",\"@id\":\"https:\/\/pakosc-kalwaria.franciszkanie.net\/index.php\/2018\/07\/01\/eucharystia-zrodlo-szczyt-misja-kosciola\/#webpage\",\"url\":\"https:\/\/pakosc-kalwaria.franciszkanie.net\/index.php\/2018\/07\/01\/eucharystia-zrodlo-szczyt-misja-kosciola\/\",\"name\":\"\u201eEucharystia \u2013 \u017ar\u00f3d\u0142o, szczyt i misja Ko\u015bcio\u0142a\u201d. - Pako\u015b\u0107 \u2013 Kalwaria\",\"isPartOf\":{\"@id\":\"https:\/\/pakosc-kalwaria.franciszkanie.net\/#website\"},\"primaryImageOfPage\":{\"@id\":\"https:\/\/pakosc-kalwaria.franciszkanie.net\/index.php\/2018\/07\/01\/eucharystia-zrodlo-szczyt-misja-kosciola\/#primaryimage\"},\"datePublished\":\"2018-07-01T16:00:48+00:00\",\"dateModified\":\"2018-07-04T05:01:26+00:00\",\"author\":{\"@id\":\"https:\/\/pakosc-kalwaria.franciszkanie.net\/#\/schema\/person\/af10b943be0760709227d060eadcb2aa\"},\"breadcrumb\":{\"@id\":\"https:\/\/pakosc-kalwaria.franciszkanie.net\/index.php\/2018\/07\/01\/eucharystia-zrodlo-szczyt-misja-kosciola\/#breadcrumb\"},\"inLanguage\":\"pl-PL\",\"potentialAction\":[{\"@type\":\"ReadAction\",\"target\":[\"https:\/\/pakosc-kalwaria.franciszkanie.net\/index.php\/2018\/07\/01\/eucharystia-zrodlo-szczyt-misja-kosciola\/\"]}]},{\"@type\":\"BreadcrumbList\",\"@id\":\"https:\/\/pakosc-kalwaria.franciszkanie.net\/index.php\/2018\/07\/01\/eucharystia-zrodlo-szczyt-misja-kosciola\/#breadcrumb\",\"itemListElement\":[{\"@type\":\"ListItem\",\"position\":1,\"name\":\"Strona g\u0142\u00f3wna\",\"item\":\"https:\/\/pakosc-kalwaria.franciszkanie.net\/\"},{\"@type\":\"ListItem\",\"position\":2,\"name\":\"\u201eEucharystia \u2013 \u017ar\u00f3d\u0142o, szczyt i misja Ko\u015bcio\u0142a\u201d.\"}]},{\"@type\":\"Person\",\"@id\":\"https:\/\/pakosc-kalwaria.franciszkanie.net\/#\/schema\/person\/af10b943be0760709227d060eadcb2aa\",\"name\":\"pakosc-kalwaria\",\"image\":{\"@type\":\"ImageObject\",\"@id\":\"https:\/\/pakosc-kalwaria.franciszkanie.net\/#personlogo\",\"inLanguage\":\"pl-PL\",\"url\":\"https:\/\/secure.gravatar.com\/avatar\/e7049d338b55eac6a0027ff3218b8d02?s=96&d=mm&r=g\",\"contentUrl\":\"https:\/\/secure.gravatar.com\/avatar\/e7049d338b55eac6a0027ff3218b8d02?s=96&d=mm&r=g\",\"caption\":\"pakosc-kalwaria\"},\"sameAs\":[\"https:\/\/www.facebook.com\/KalwariaPakosc\/\"],\"url\":\"https:\/\/pakosc-kalwaria.franciszkanie.net\/index.php\/author\/pakosc-kalwaria\/\"}]}<\/script>\n<!-- \/ Yoast SEO plugin. -->","yoast_head_json":{"title":"\u201eEucharystia \u2013 \u017ar\u00f3d\u0142o, szczyt i misja Ko\u015bcio\u0142a\u201d. - Pako\u015b\u0107 \u2013 Kalwaria","robots":{"index":"index","follow":"follow","max-snippet":"max-snippet:-1","max-image-preview":"max-image-preview:large","max-video-preview":"max-video-preview:-1"},"canonical":"https:\/\/pakosc-kalwaria.franciszkanie.net\/index.php\/2018\/07\/01\/eucharystia-zrodlo-szczyt-misja-kosciola\/","og_locale":"pl_PL","og_type":"article","og_title":"\u201eEucharystia \u2013 \u017ar\u00f3d\u0142o, szczyt i misja Ko\u015bcio\u0142a\u201d. - Pako\u015b\u0107 \u2013 Kalwaria","og_description":"To temat programu duszpasterskiego Ko\u015bcio\u0142a w Polsce na lata 2019-2022. Program przyj\u0119to podczas 379. Zebrania plenarnego KEP w Janowie Podlaskim. Eucharystia to kolejny po chrzcie i bierzmowaniu, sakrament inicjacji chrze\u015bcija\u0144skiej. Ko\u015bci\u00f3\u0142 \u017cyje bowiem dzi\u0119ki Eucharystii &#8211; wskazuje abp Skworc. \u201eChcemy m\u00f3wi\u0107 o Eucharystii i \u015bwi\u0119towaniu niedzieli, o czasie \u015bwi\u0119tym i o tym jak powinni\u015bmy jako &hellip;","og_url":"https:\/\/pakosc-kalwaria.franciszkanie.net\/index.php\/2018\/07\/01\/eucharystia-zrodlo-szczyt-misja-kosciola\/","og_site_name":"Pako\u015b\u0107 \u2013 Kalwaria","article_author":"https:\/\/www.facebook.com\/KalwariaPakosc\/","article_published_time":"2018-07-01T16:00:48+00:00","article_modified_time":"2018-07-04T05:01:26+00:00","og_image":[{"width":250,"height":250,"url":"https:\/\/pakosc-kalwaria.franciszkanie.net\/wp-content\/uploads\/2018\/06\/Eucharytsia-1.jpg","type":"image\/jpeg"}],"twitter_card":"summary","twitter_misc":{"Napisane przez":"pakosc-kalwaria","Szacowany czas czytania":"2 minuty"},"schema":{"@context":"https:\/\/schema.org","@graph":[{"@type":"WebSite","@id":"https:\/\/pakosc-kalwaria.franciszkanie.net\/#website","url":"https:\/\/pakosc-kalwaria.franciszkanie.net\/","name":"Pako\u015b\u0107 \u2013 Kalwaria","description":"Parafia Rzymsko \u2013 Katolicka p.w. Pana Jezusa Ukrzy\u017cowanego i  Matki Bo\u017cej Bolesnej ul. Barci\u0144ska 60, 88\u2013170 Pako\u015b\u0107 \u2013 Kalwaria","potentialAction":[{"@type":"SearchAction","target":{"@type":"EntryPoint","urlTemplate":"https:\/\/pakosc-kalwaria.franciszkanie.net\/?s={search_term_string}"},"query-input":"required name=search_term_string"}],"inLanguage":"pl-PL"},{"@type":"ImageObject","@id":"https:\/\/pakosc-kalwaria.franciszkanie.net\/index.php\/2018\/07\/01\/eucharystia-zrodlo-szczyt-misja-kosciola\/#primaryimage","inLanguage":"pl-PL","url":"https:\/\/pakosc-kalwaria.franciszkanie.net\/wp-content\/uploads\/2018\/06\/Eucharytsia-1.jpg","contentUrl":"https:\/\/pakosc-kalwaria.franciszkanie.net\/wp-content\/uploads\/2018\/06\/Eucharytsia-1.jpg","width":250,"height":250},{"@type":"WebPage","@id":"https:\/\/pakosc-kalwaria.franciszkanie.net\/index.php\/2018\/07\/01\/eucharystia-zrodlo-szczyt-misja-kosciola\/#webpage","url":"https:\/\/pakosc-kalwaria.franciszkanie.net\/index.php\/2018\/07\/01\/eucharystia-zrodlo-szczyt-misja-kosciola\/","name":"\u201eEucharystia \u2013 \u017ar\u00f3d\u0142o, szczyt i misja Ko\u015bcio\u0142a\u201d. - Pako\u015b\u0107 \u2013 Kalwaria","isPartOf":{"@id":"https:\/\/pakosc-kalwaria.franciszkanie.net\/#website"},"primaryImageOfPage":{"@id":"https:\/\/pakosc-kalwaria.franciszkanie.net\/index.php\/2018\/07\/01\/eucharystia-zrodlo-szczyt-misja-kosciola\/#primaryimage"},"datePublished":"2018-07-01T16:00:48+00:00","dateModified":"2018-07-04T05:01:26+00:00","author":{"@id":"https:\/\/pakosc-kalwaria.franciszkanie.net\/#\/schema\/person\/af10b943be0760709227d060eadcb2aa"},"breadcrumb":{"@id":"https:\/\/pakosc-kalwaria.franciszkanie.net\/index.php\/2018\/07\/01\/eucharystia-zrodlo-szczyt-misja-kosciola\/#breadcrumb"},"inLanguage":"pl-PL","potentialAction":[{"@type":"ReadAction","target":["https:\/\/pakosc-kalwaria.franciszkanie.net\/index.php\/2018\/07\/01\/eucharystia-zrodlo-szczyt-misja-kosciola\/"]}]},{"@type":"BreadcrumbList","@id":"https:\/\/pakosc-kalwaria.franciszkanie.net\/index.php\/2018\/07\/01\/eucharystia-zrodlo-szczyt-misja-kosciola\/#breadcrumb","itemListElement":[{"@type":"ListItem","position":1,"name":"Strona g\u0142\u00f3wna","item":"https:\/\/pakosc-kalwaria.franciszkanie.net\/"},{"@type":"ListItem","position":2,"name":"\u201eEucharystia \u2013 \u017ar\u00f3d\u0142o, szczyt i misja Ko\u015bcio\u0142a\u201d."}]},{"@type":"Person","@id":"https:\/\/pakosc-kalwaria.franciszkanie.net\/#\/schema\/person\/af10b943be0760709227d060eadcb2aa","name":"pakosc-kalwaria","image":{"@type":"ImageObject","@id":"https:\/\/pakosc-kalwaria.franciszkanie.net\/#personlogo","inLanguage":"pl-PL","url":"https:\/\/secure.gravatar.com\/avatar\/e7049d338b55eac6a0027ff3218b8d02?s=96&d=mm&r=g","contentUrl":"https:\/\/secure.gravatar.com\/avatar\/e7049d338b55eac6a0027ff3218b8d02?s=96&d=mm&r=g","caption":"pakosc-kalwaria"},"sameAs":["https:\/\/www.facebook.com\/KalwariaPakosc\/"],"url":"https:\/\/pakosc-kalwaria.franciszkanie.net\/index.php\/author\/pakosc-kalwaria\/"}]}},"_links":{"self":[{"href":"https:\/\/pakosc-kalwaria.franciszkanie.net\/index.php\/wp-json\/wp\/v2\/posts\/6033"}],"collection":[{"href":"https:\/\/pakosc-kalwaria.franciszkanie.net\/index.php\/wp-json\/wp\/v2\/posts"}],"about":[{"href":"https:\/\/pakosc-kalwaria.franciszkanie.net\/index.php\/wp-json\/wp\/v2\/types\/post"}],"author":[{"embeddable":true,"href":"https:\/\/pakosc-kalwaria.franciszkanie.net\/index.php\/wp-json\/wp\/v2\/users\/2"}],"replies":[{"embeddable":true,"href":"https:\/\/pakosc-kalwaria.franciszkanie.net\/index.php\/wp-json\/wp\/v2\/comments?post=6033"}],"version-history":[{"count":2,"href":"https:\/\/pakosc-kalwaria.franciszkanie.net\/index.php\/wp-json\/wp\/v2\/posts\/6033\/revisions"}],"predecessor-version":[{"id":6166,"href":"https:\/\/pakosc-kalwaria.franciszkanie.net\/index.php\/wp-json\/wp\/v2\/posts\/6033\/revisions\/6166"}],"wp:featuredmedia":[{"embeddable":true,"href":"https:\/\/pakosc-kalwaria.franciszkanie.net\/index.php\/wp-json\/wp\/v2\/media\/6063"}],"wp:attachment":[{"href":"https:\/\/pakosc-kalwaria.franciszkanie.net\/index.php\/wp-json\/wp\/v2\/media?parent=6033"}],"wp:term":[{"taxonomy":"category","embeddable":true,"href":"https:\/\/pakosc-kalwaria.franciszkanie.net\/index.php\/wp-json\/wp\/v2\/categories?post=6033"},{"taxonomy":"post_tag","embeddable":true,"href":"https:\/\/pakosc-kalwaria.franciszkanie.net\/index.php\/wp-json\/wp\/v2\/tags?post=6033"}],"curies":[{"name":"wp","href":"https:\/\/api.w.org\/{rel}","templated":true}]}}