{"id":6070,"date":"2018-07-08T08:55:59","date_gmt":"2018-07-08T06:55:59","guid":{"rendered":"http:\/\/pakosc-kalwaria.franciszkanie.net\/?p=6070"},"modified":"2018-07-13T23:13:07","modified_gmt":"2018-07-13T21:13:07","slug":"papieska-intencja-apostolstwa-modlitwy-lipiec-2018","status":"publish","type":"post","link":"https:\/\/pakosc-kalwaria.franciszkanie.net\/index.php\/2018\/07\/08\/papieska-intencja-apostolstwa-modlitwy-lipiec-2018\/","title":{"rendered":"Papieska Intencja Apostolstwa Modlitwy &#8211; Lipiec 2018"},"content":{"rendered":"<p><span style=\"color: #ff0000;\"><strong><em>Intencja ewangelizacyjna:<\/em><\/strong><\/span> <strong>Aby kap\u0142ani, kt\u00f3rzy w trudzie i samotno\u015bci \u017cyj\u0105 swoj\u0105 prac\u0105 duszpastersk\u0105, czuli si\u0119 wspomagani i pokrzepiani przez przyja\u017a\u0144 z Panem i bra\u0107mi.<br \/>\n<\/strong><br \/>\n<strong>\u017bywy R\u00f3\u017caniec w naszej Parafii modli si\u0119 <span style=\"color: #ff0000;\">w lipcu<\/span> wed\u0142ug \u201e<span style=\"color: #ff0000;\">zestawu nr 20<\/span>\u201d.<\/strong><\/p>\n<p>Kap\u0142an w swojej pracy duszpasterskiej cz\u0119sto otoczony jest lud\u017ami. Ale \u017cycie kap\u0142ana to tak\u017ce samotno\u015b\u0107, kiedy wraca do swojego mieszkania z g\u0142ow\u0105 pe\u0142n\u0105 trosk o wiernych w\u015br\u00f3d kt\u00f3rych pos\u0142uguje. \u0141atwiej jest w tej samotno\u015bci kap\u0142anowi gdy wie, \u017ce ma wielu wiernych i przyjaci\u00f3\u0142, kt\u00f3rzy wspieraj\u0105 go modlitw\u0105 i s\u0105 dla niego na co dzie\u0144 \u017cyczliwi. Dobrze gdy kap\u0142an ma \u015bwiadomo\u015b\u0107, \u017ce skoro na wezwanie Jezusa opu\u015bci\u0142 sw\u00f3j dom i swoj\u0105 rodzin\u0119, to mo\u017ce zawsze liczy\u0107 na Jezusa i Jego \u0142aski.<br \/>\nNie pozostawiajmy naszych kap\u0142an\u00f3w w ich samotno\u015bci i trudzie, oni potrzebuj\u0105 naszej modlitwy i naszego wsparcia w codziennej ich pos\u0142udze dla nas i dla dobra Ko\u015bcio\u0142a. <strong><br \/>\n<\/strong><\/p>\n","protected":false},"excerpt":{"rendered":"<p>Intencja ewangelizacyjna: Aby kap\u0142ani, kt\u00f3rzy w trudzie i samotno\u015bci \u017cyj\u0105 swoj\u0105 prac\u0105 duszpastersk\u0105, czuli si\u0119 wspomagani i pokrzepiani przez przyja\u017a\u0144 z Panem i bra\u0107mi. \u017bywy R\u00f3\u017caniec w naszej Parafii modli si\u0119 w lipcu wed\u0142ug \u201ezestawu nr 20\u201d. Kap\u0142an w swojej pracy duszpasterskiej cz\u0119sto otoczony jest lud\u017ami. Ale \u017cycie kap\u0142ana to tak\u017ce samotno\u015b\u0107, kiedy wraca do &hellip;<\/p>\n","protected":false},"author":2,"featured_media":6071,"comment_status":"closed","ping_status":"open","sticky":false,"template":"","format":"standard","meta":{"_mi_skip_tracking":false,"_exactmetrics_sitenote_active":false,"_exactmetrics_sitenote_note":"","_exactmetrics_sitenote_category":0},"categories":[6],"tags":[],"yoast_head":"<!-- This site is optimized with the Yoast SEO plugin v18.1 - https:\/\/yoast.com\/wordpress\/plugins\/seo\/ -->\n<title>Papieska Intencja Apostolstwa Modlitwy - Lipiec 2018 - Pako\u015b\u0107 \u2013 Kalwaria<\/title>\n<meta name=\"robots\" content=\"index, follow, max-snippet:-1, max-image-preview:large, max-video-preview:-1\" \/>\n<link rel=\"canonical\" href=\"https:\/\/pakosc-kalwaria.franciszkanie.net\/index.php\/2018\/07\/08\/papieska-intencja-apostolstwa-modlitwy-lipiec-2018\/\" \/>\n<meta property=\"og:locale\" content=\"pl_PL\" \/>\n<meta property=\"og:type\" content=\"article\" \/>\n<meta property=\"og:title\" content=\"Papieska Intencja Apostolstwa Modlitwy - Lipiec 2018 - Pako\u015b\u0107 \u2013 Kalwaria\" \/>\n<meta property=\"og:description\" content=\"Intencja ewangelizacyjna: Aby kap\u0142ani, kt\u00f3rzy w trudzie i samotno\u015bci \u017cyj\u0105 swoj\u0105 prac\u0105 duszpastersk\u0105, czuli si\u0119 wspomagani i pokrzepiani przez przyja\u017a\u0144 z Panem i bra\u0107mi. \u017bywy R\u00f3\u017caniec w naszej Parafii modli si\u0119 w lipcu wed\u0142ug \u201ezestawu nr 20\u201d. Kap\u0142an w swojej pracy duszpasterskiej cz\u0119sto otoczony jest lud\u017ami. Ale \u017cycie kap\u0142ana to tak\u017ce samotno\u015b\u0107, kiedy wraca do &hellip;\" \/>\n<meta property=\"og:url\" content=\"https:\/\/pakosc-kalwaria.franciszkanie.net\/index.php\/2018\/07\/08\/papieska-intencja-apostolstwa-modlitwy-lipiec-2018\/\" \/>\n<meta property=\"og:site_name\" content=\"Pako\u015b\u0107 \u2013 Kalwaria\" \/>\n<meta property=\"article:author\" content=\"https:\/\/www.facebook.com\/KalwariaPakosc\/\" \/>\n<meta property=\"article:published_time\" content=\"2018-07-08T06:55:59+00:00\" \/>\n<meta property=\"article:modified_time\" content=\"2018-07-13T21:13:07+00:00\" \/>\n<meta property=\"og:image\" content=\"https:\/\/pakosc-kalwaria.franciszkanie.net\/wp-content\/uploads\/2018\/06\/papa-francesco.jpg\" \/>\n\t<meta property=\"og:image:width\" content=\"300\" \/>\n\t<meta property=\"og:image:height\" content=\"200\" \/>\n\t<meta property=\"og:image:type\" content=\"image\/jpeg\" \/>\n<meta name=\"twitter:card\" content=\"summary\" \/>\n<meta name=\"twitter:label1\" content=\"Napisane przez\" \/>\n\t<meta name=\"twitter:data1\" content=\"pakosc-kalwaria\" \/>\n\t<meta name=\"twitter:label2\" content=\"Szacowany czas czytania\" \/>\n\t<meta name=\"twitter:data2\" content=\"1 minuta\" \/>\n<script type=\"application\/ld+json\" class=\"yoast-schema-graph\">{\"@context\":\"https:\/\/schema.org\",\"@graph\":[{\"@type\":\"WebSite\",\"@id\":\"https:\/\/pakosc-kalwaria.franciszkanie.net\/#website\",\"url\":\"https:\/\/pakosc-kalwaria.franciszkanie.net\/\",\"name\":\"Pako\u015b\u0107 \u2013 Kalwaria\",\"description\":\"Parafia Rzymsko \u2013 Katolicka p.w. Pana Jezusa Ukrzy\u017cowanego i  Matki Bo\u017cej Bolesnej ul. Barci\u0144ska 60, 88\u2013170 Pako\u015b\u0107 \u2013 Kalwaria\",\"potentialAction\":[{\"@type\":\"SearchAction\",\"target\":{\"@type\":\"EntryPoint\",\"urlTemplate\":\"https:\/\/pakosc-kalwaria.franciszkanie.net\/?s={search_term_string}\"},\"query-input\":\"required name=search_term_string\"}],\"inLanguage\":\"pl-PL\"},{\"@type\":\"ImageObject\",\"@id\":\"https:\/\/pakosc-kalwaria.franciszkanie.net\/index.php\/2018\/07\/08\/papieska-intencja-apostolstwa-modlitwy-lipiec-2018\/#primaryimage\",\"inLanguage\":\"pl-PL\",\"url\":\"https:\/\/pakosc-kalwaria.franciszkanie.net\/wp-content\/uploads\/2018\/06\/papa-francesco.jpg\",\"contentUrl\":\"https:\/\/pakosc-kalwaria.franciszkanie.net\/wp-content\/uploads\/2018\/06\/papa-francesco.jpg\",\"width\":300,\"height\":200},{\"@type\":\"WebPage\",\"@id\":\"https:\/\/pakosc-kalwaria.franciszkanie.net\/index.php\/2018\/07\/08\/papieska-intencja-apostolstwa-modlitwy-lipiec-2018\/#webpage\",\"url\":\"https:\/\/pakosc-kalwaria.franciszkanie.net\/index.php\/2018\/07\/08\/papieska-intencja-apostolstwa-modlitwy-lipiec-2018\/\",\"name\":\"Papieska Intencja Apostolstwa Modlitwy - Lipiec 2018 - Pako\u015b\u0107 \u2013 Kalwaria\",\"isPartOf\":{\"@id\":\"https:\/\/pakosc-kalwaria.franciszkanie.net\/#website\"},\"primaryImageOfPage\":{\"@id\":\"https:\/\/pakosc-kalwaria.franciszkanie.net\/index.php\/2018\/07\/08\/papieska-intencja-apostolstwa-modlitwy-lipiec-2018\/#primaryimage\"},\"datePublished\":\"2018-07-08T06:55:59+00:00\",\"dateModified\":\"2018-07-13T21:13:07+00:00\",\"author\":{\"@id\":\"https:\/\/pakosc-kalwaria.franciszkanie.net\/#\/schema\/person\/af10b943be0760709227d060eadcb2aa\"},\"breadcrumb\":{\"@id\":\"https:\/\/pakosc-kalwaria.franciszkanie.net\/index.php\/2018\/07\/08\/papieska-intencja-apostolstwa-modlitwy-lipiec-2018\/#breadcrumb\"},\"inLanguage\":\"pl-PL\",\"potentialAction\":[{\"@type\":\"ReadAction\",\"target\":[\"https:\/\/pakosc-kalwaria.franciszkanie.net\/index.php\/2018\/07\/08\/papieska-intencja-apostolstwa-modlitwy-lipiec-2018\/\"]}]},{\"@type\":\"BreadcrumbList\",\"@id\":\"https:\/\/pakosc-kalwaria.franciszkanie.net\/index.php\/2018\/07\/08\/papieska-intencja-apostolstwa-modlitwy-lipiec-2018\/#breadcrumb\",\"itemListElement\":[{\"@type\":\"ListItem\",\"position\":1,\"name\":\"Strona g\u0142\u00f3wna\",\"item\":\"https:\/\/pakosc-kalwaria.franciszkanie.net\/\"},{\"@type\":\"ListItem\",\"position\":2,\"name\":\"Papieska Intencja Apostolstwa Modlitwy &#8211; Lipiec 2018\"}]},{\"@type\":\"Person\",\"@id\":\"https:\/\/pakosc-kalwaria.franciszkanie.net\/#\/schema\/person\/af10b943be0760709227d060eadcb2aa\",\"name\":\"pakosc-kalwaria\",\"image\":{\"@type\":\"ImageObject\",\"@id\":\"https:\/\/pakosc-kalwaria.franciszkanie.net\/#personlogo\",\"inLanguage\":\"pl-PL\",\"url\":\"https:\/\/secure.gravatar.com\/avatar\/e7049d338b55eac6a0027ff3218b8d02?s=96&d=mm&r=g\",\"contentUrl\":\"https:\/\/secure.gravatar.com\/avatar\/e7049d338b55eac6a0027ff3218b8d02?s=96&d=mm&r=g\",\"caption\":\"pakosc-kalwaria\"},\"sameAs\":[\"https:\/\/www.facebook.com\/KalwariaPakosc\/\"],\"url\":\"https:\/\/pakosc-kalwaria.franciszkanie.net\/index.php\/author\/pakosc-kalwaria\/\"}]}<\/script>\n<!-- \/ Yoast SEO plugin. -->","yoast_head_json":{"title":"Papieska Intencja Apostolstwa Modlitwy - Lipiec 2018 - Pako\u015b\u0107 \u2013 Kalwaria","robots":{"index":"index","follow":"follow","max-snippet":"max-snippet:-1","max-image-preview":"max-image-preview:large","max-video-preview":"max-video-preview:-1"},"canonical":"https:\/\/pakosc-kalwaria.franciszkanie.net\/index.php\/2018\/07\/08\/papieska-intencja-apostolstwa-modlitwy-lipiec-2018\/","og_locale":"pl_PL","og_type":"article","og_title":"Papieska Intencja Apostolstwa Modlitwy - Lipiec 2018 - Pako\u015b\u0107 \u2013 Kalwaria","og_description":"Intencja ewangelizacyjna: Aby kap\u0142ani, kt\u00f3rzy w trudzie i samotno\u015bci \u017cyj\u0105 swoj\u0105 prac\u0105 duszpastersk\u0105, czuli si\u0119 wspomagani i pokrzepiani przez przyja\u017a\u0144 z Panem i bra\u0107mi. \u017bywy R\u00f3\u017caniec w naszej Parafii modli si\u0119 w lipcu wed\u0142ug \u201ezestawu nr 20\u201d. Kap\u0142an w swojej pracy duszpasterskiej cz\u0119sto otoczony jest lud\u017ami. Ale \u017cycie kap\u0142ana to tak\u017ce samotno\u015b\u0107, kiedy wraca do &hellip;","og_url":"https:\/\/pakosc-kalwaria.franciszkanie.net\/index.php\/2018\/07\/08\/papieska-intencja-apostolstwa-modlitwy-lipiec-2018\/","og_site_name":"Pako\u015b\u0107 \u2013 Kalwaria","article_author":"https:\/\/www.facebook.com\/KalwariaPakosc\/","article_published_time":"2018-07-08T06:55:59+00:00","article_modified_time":"2018-07-13T21:13:07+00:00","og_image":[{"width":300,"height":200,"url":"https:\/\/pakosc-kalwaria.franciszkanie.net\/wp-content\/uploads\/2018\/06\/papa-francesco.jpg","type":"image\/jpeg"}],"twitter_card":"summary","twitter_misc":{"Napisane przez":"pakosc-kalwaria","Szacowany czas czytania":"1 minuta"},"schema":{"@context":"https:\/\/schema.org","@graph":[{"@type":"WebSite","@id":"https:\/\/pakosc-kalwaria.franciszkanie.net\/#website","url":"https:\/\/pakosc-kalwaria.franciszkanie.net\/","name":"Pako\u015b\u0107 \u2013 Kalwaria","description":"Parafia Rzymsko \u2013 Katolicka p.w. Pana Jezusa Ukrzy\u017cowanego i  Matki Bo\u017cej Bolesnej ul. Barci\u0144ska 60, 88\u2013170 Pako\u015b\u0107 \u2013 Kalwaria","potentialAction":[{"@type":"SearchAction","target":{"@type":"EntryPoint","urlTemplate":"https:\/\/pakosc-kalwaria.franciszkanie.net\/?s={search_term_string}"},"query-input":"required name=search_term_string"}],"inLanguage":"pl-PL"},{"@type":"ImageObject","@id":"https:\/\/pakosc-kalwaria.franciszkanie.net\/index.php\/2018\/07\/08\/papieska-intencja-apostolstwa-modlitwy-lipiec-2018\/#primaryimage","inLanguage":"pl-PL","url":"https:\/\/pakosc-kalwaria.franciszkanie.net\/wp-content\/uploads\/2018\/06\/papa-francesco.jpg","contentUrl":"https:\/\/pakosc-kalwaria.franciszkanie.net\/wp-content\/uploads\/2018\/06\/papa-francesco.jpg","width":300,"height":200},{"@type":"WebPage","@id":"https:\/\/pakosc-kalwaria.franciszkanie.net\/index.php\/2018\/07\/08\/papieska-intencja-apostolstwa-modlitwy-lipiec-2018\/#webpage","url":"https:\/\/pakosc-kalwaria.franciszkanie.net\/index.php\/2018\/07\/08\/papieska-intencja-apostolstwa-modlitwy-lipiec-2018\/","name":"Papieska Intencja Apostolstwa Modlitwy - Lipiec 2018 - Pako\u015b\u0107 \u2013 Kalwaria","isPartOf":{"@id":"https:\/\/pakosc-kalwaria.franciszkanie.net\/#website"},"primaryImageOfPage":{"@id":"https:\/\/pakosc-kalwaria.franciszkanie.net\/index.php\/2018\/07\/08\/papieska-intencja-apostolstwa-modlitwy-lipiec-2018\/#primaryimage"},"datePublished":"2018-07-08T06:55:59+00:00","dateModified":"2018-07-13T21:13:07+00:00","author":{"@id":"https:\/\/pakosc-kalwaria.franciszkanie.net\/#\/schema\/person\/af10b943be0760709227d060eadcb2aa"},"breadcrumb":{"@id":"https:\/\/pakosc-kalwaria.franciszkanie.net\/index.php\/2018\/07\/08\/papieska-intencja-apostolstwa-modlitwy-lipiec-2018\/#breadcrumb"},"inLanguage":"pl-PL","potentialAction":[{"@type":"ReadAction","target":["https:\/\/pakosc-kalwaria.franciszkanie.net\/index.php\/2018\/07\/08\/papieska-intencja-apostolstwa-modlitwy-lipiec-2018\/"]}]},{"@type":"BreadcrumbList","@id":"https:\/\/pakosc-kalwaria.franciszkanie.net\/index.php\/2018\/07\/08\/papieska-intencja-apostolstwa-modlitwy-lipiec-2018\/#breadcrumb","itemListElement":[{"@type":"ListItem","position":1,"name":"Strona g\u0142\u00f3wna","item":"https:\/\/pakosc-kalwaria.franciszkanie.net\/"},{"@type":"ListItem","position":2,"name":"Papieska Intencja Apostolstwa Modlitwy &#8211; Lipiec 2018"}]},{"@type":"Person","@id":"https:\/\/pakosc-kalwaria.franciszkanie.net\/#\/schema\/person\/af10b943be0760709227d060eadcb2aa","name":"pakosc-kalwaria","image":{"@type":"ImageObject","@id":"https:\/\/pakosc-kalwaria.franciszkanie.net\/#personlogo","inLanguage":"pl-PL","url":"https:\/\/secure.gravatar.com\/avatar\/e7049d338b55eac6a0027ff3218b8d02?s=96&d=mm&r=g","contentUrl":"https:\/\/secure.gravatar.com\/avatar\/e7049d338b55eac6a0027ff3218b8d02?s=96&d=mm&r=g","caption":"pakosc-kalwaria"},"sameAs":["https:\/\/www.facebook.com\/KalwariaPakosc\/"],"url":"https:\/\/pakosc-kalwaria.franciszkanie.net\/index.php\/author\/pakosc-kalwaria\/"}]}},"_links":{"self":[{"href":"https:\/\/pakosc-kalwaria.franciszkanie.net\/index.php\/wp-json\/wp\/v2\/posts\/6070"}],"collection":[{"href":"https:\/\/pakosc-kalwaria.franciszkanie.net\/index.php\/wp-json\/wp\/v2\/posts"}],"about":[{"href":"https:\/\/pakosc-kalwaria.franciszkanie.net\/index.php\/wp-json\/wp\/v2\/types\/post"}],"author":[{"embeddable":true,"href":"https:\/\/pakosc-kalwaria.franciszkanie.net\/index.php\/wp-json\/wp\/v2\/users\/2"}],"replies":[{"embeddable":true,"href":"https:\/\/pakosc-kalwaria.franciszkanie.net\/index.php\/wp-json\/wp\/v2\/comments?post=6070"}],"version-history":[{"count":3,"href":"https:\/\/pakosc-kalwaria.franciszkanie.net\/index.php\/wp-json\/wp\/v2\/posts\/6070\/revisions"}],"predecessor-version":[{"id":6165,"href":"https:\/\/pakosc-kalwaria.franciszkanie.net\/index.php\/wp-json\/wp\/v2\/posts\/6070\/revisions\/6165"}],"wp:featuredmedia":[{"embeddable":true,"href":"https:\/\/pakosc-kalwaria.franciszkanie.net\/index.php\/wp-json\/wp\/v2\/media\/6071"}],"wp:attachment":[{"href":"https:\/\/pakosc-kalwaria.franciszkanie.net\/index.php\/wp-json\/wp\/v2\/media?parent=6070"}],"wp:term":[{"taxonomy":"category","embeddable":true,"href":"https:\/\/pakosc-kalwaria.franciszkanie.net\/index.php\/wp-json\/wp\/v2\/categories?post=6070"},{"taxonomy":"post_tag","embeddable":true,"href":"https:\/\/pakosc-kalwaria.franciszkanie.net\/index.php\/wp-json\/wp\/v2\/tags?post=6070"}],"curies":[{"name":"wp","href":"https:\/\/api.w.org\/{rel}","templated":true}]}}