{"id":6082,"date":"2018-07-03T16:00:54","date_gmt":"2018-07-03T14:00:54","guid":{"rendered":"http:\/\/pakosc-kalwaria.franciszkanie.net\/?p=6082"},"modified":"2018-07-04T06:53:23","modified_gmt":"2018-07-04T04:53:23","slug":"comiesieczne-dni-odnowy-wewnetrznej-lipiec-2018","status":"publish","type":"post","link":"https:\/\/pakosc-kalwaria.franciszkanie.net\/index.php\/2018\/07\/03\/comiesieczne-dni-odnowy-wewnetrznej-lipiec-2018\/","title":{"rendered":"Comiesi\u0119czne Dni Odnowy Wewn\u0119trznej &#8211; lipiec 2018"},"content":{"rendered":"<p><strong>Zach\u0119camy do comiesi\u0119cznej Spowiedzi \u015bw. i do Komunii \u015bw. pierwszopi\u0105tkowej.<\/strong><\/p>\n<p><span style=\"color: #ff0000;\"><u><strong>PIERWSZY\u00a0 CZWARTEK\u00a0 MIESI\u0104CA \u00a0&#8211; 5 lipca 2018r.<\/strong><\/u><\/span><strong><br \/>\n16.30 \u2013 Spowied\u017a \u015bw.<br \/>\n17.00 \u2013 Msza \u015bw. o nowe powo\u0142ania\u00a0 kap\u0142a\u0144skie i zakonne oraz w intencji ministrant\u00f3w i ich Rodzin<br \/>\n<\/strong><strong>Adoracja Naj\u015bwi\u0119tszego Sakramentem <span style=\"color: #ff0000;\">prze\u0142o\u017cona na czwartek 12 lipca od 19.00 &#8211; 20.00 <\/span><\/strong><strong><br \/>\n<\/strong><u><strong><br \/>\n<span style=\"color: #ff0000;\">PIERWSZY\u00a0 PI\u0104TEK\u00a0 MIESI\u0104CA \u2013 6 lipca 2018r.<\/span><\/strong><br \/>\n<\/u><strong>Komunia \u015bw. wynagradzaj\u0105ca Naj\u015bwi\u0119tszemu Sercu Pana Jezusa<\/strong><strong><br \/>\n16.30<\/strong> <strong>\u2013 Spowied\u017a \u015bw.<\/strong><br \/>\n<strong>17.00<\/strong> <strong>\u2013 Msza \u015bw.<\/strong> <strong>w intencjach zbiorowych do Bo\u017cego Mi\u0142osierdzia oraz za\u00a0 zmar\u0142ych polecanych w rocznych wypominkach <\/strong>(intencje mo\u017cna sk\u0142ada\u0107 w ko\u015bciele do skarbonki lub w zakrystii).<br \/>\n<strong>Po Mszy \u015bw.<\/strong> <strong>\u2013 nabo\u017ce\u0144stwo do Naj\u015bwi\u0119tszego Serca Pana Jezusa i uczczenie Relikwii Krzy\u017ca \u015awi\u0119tego<\/strong><\/p>\n<p><strong><u><span style=\"color: #ff0000;\">PIERWSZA SOBOTA MIESI\u0104CA \u2013 7 lipca 2018r.\u00a0<\/span><br \/>\n<\/u><\/strong><strong>Nabo\u017ce\u0144stwo wynagradzaj\u0105ce Niepokalanemu Sercu Maryi<\/strong><strong><br \/>\n<\/strong><strong>16.30 <\/strong><strong>\u2013 Spowied\u017a \u015bw.<br \/>\n17.00<\/strong> <strong>\u2013 Msza \u015bw. w intencji \u017bywego R\u00f3\u017ca\u0144ca i modlitwa do Matki Bo\u017cej Bolesnej\u00a0\u00a0\u00a0\u00a0\u00a0\u00a0\u00a0\u00a0\u00a0\u00a0\u00a0\u00a0\u00a0\u00a0\u00a0 <\/strong><br \/>\n<strong>Po Mszy \u015bw. \u2013 R\u00f3\u017caniec wynagradzaj\u0105cy Niepokalanemu Sercu Maryi oraz 15-to minutowe rozwa\u017canie tajemnic r\u00f3\u017ca\u0144cowych<\/strong><\/p>\n<p><strong>Serdecznie zapraszaj\u0105<br \/>\nBracia Mniejsi Franciszkanie \u00a0z Pako\u015bci &#8211; Kalwarii<\/strong><\/p>\n","protected":false},"excerpt":{"rendered":"<p>Zach\u0119camy do comiesi\u0119cznej Spowiedzi \u015bw. i do Komunii \u015bw. pierwszopi\u0105tkowej. PIERWSZY\u00a0 CZWARTEK\u00a0 MIESI\u0104CA \u00a0&#8211; 5 lipca 2018r. 16.30 \u2013 Spowied\u017a \u015bw. 17.00 \u2013 Msza \u015bw. o nowe powo\u0142ania\u00a0 kap\u0142a\u0144skie i zakonne oraz w intencji ministrant\u00f3w i ich Rodzin Adoracja Naj\u015bwi\u0119tszego Sakramentem prze\u0142o\u017cona na czwartek 12 lipca od 19.00 &#8211; 20.00 PIERWSZY\u00a0 PI\u0104TEK\u00a0 MIESI\u0104CA \u2013 6 &hellip;<\/p>\n","protected":false},"author":2,"featured_media":5799,"comment_status":"closed","ping_status":"open","sticky":false,"template":"","format":"standard","meta":{"_mi_skip_tracking":false,"_exactmetrics_sitenote_active":false,"_exactmetrics_sitenote_note":"","_exactmetrics_sitenote_category":0},"categories":[5,1],"tags":[],"yoast_head":"<!-- This site is optimized with the Yoast SEO plugin v18.1 - https:\/\/yoast.com\/wordpress\/plugins\/seo\/ -->\n<title>Comiesi\u0119czne Dni Odnowy Wewn\u0119trznej - lipiec 2018 - Pako\u015b\u0107 \u2013 Kalwaria<\/title>\n<meta name=\"robots\" content=\"index, follow, max-snippet:-1, max-image-preview:large, max-video-preview:-1\" \/>\n<link rel=\"canonical\" href=\"https:\/\/pakosc-kalwaria.franciszkanie.net\/index.php\/2018\/07\/03\/comiesieczne-dni-odnowy-wewnetrznej-lipiec-2018\/\" \/>\n<meta property=\"og:locale\" content=\"pl_PL\" \/>\n<meta property=\"og:type\" content=\"article\" \/>\n<meta property=\"og:title\" content=\"Comiesi\u0119czne Dni Odnowy Wewn\u0119trznej - lipiec 2018 - Pako\u015b\u0107 \u2013 Kalwaria\" \/>\n<meta property=\"og:description\" content=\"Zach\u0119camy do comiesi\u0119cznej Spowiedzi \u015bw. i do Komunii \u015bw. pierwszopi\u0105tkowej. PIERWSZY\u00a0 CZWARTEK\u00a0 MIESI\u0104CA \u00a0&#8211; 5 lipca 2018r. 16.30 \u2013 Spowied\u017a \u015bw. 17.00 \u2013 Msza \u015bw. o nowe powo\u0142ania\u00a0 kap\u0142a\u0144skie i zakonne oraz w intencji ministrant\u00f3w i ich Rodzin Adoracja Naj\u015bwi\u0119tszego Sakramentem prze\u0142o\u017cona na czwartek 12 lipca od 19.00 &#8211; 20.00 PIERWSZY\u00a0 PI\u0104TEK\u00a0 MIESI\u0104CA \u2013 6 &hellip;\" \/>\n<meta property=\"og:url\" content=\"https:\/\/pakosc-kalwaria.franciszkanie.net\/index.php\/2018\/07\/03\/comiesieczne-dni-odnowy-wewnetrznej-lipiec-2018\/\" \/>\n<meta property=\"og:site_name\" content=\"Pako\u015b\u0107 \u2013 Kalwaria\" \/>\n<meta property=\"article:author\" content=\"https:\/\/www.facebook.com\/KalwariaPakosc\/\" \/>\n<meta property=\"article:published_time\" content=\"2018-07-03T14:00:54+00:00\" \/>\n<meta property=\"article:modified_time\" content=\"2018-07-04T04:53:23+00:00\" \/>\n<meta property=\"og:image\" content=\"https:\/\/pakosc-kalwaria.franciszkanie.net\/wp-content\/uploads\/2018\/05\/jezus-i-maryja.jpg\" \/>\n\t<meta property=\"og:image:width\" content=\"300\" \/>\n\t<meta property=\"og:image:height\" content=\"214\" \/>\n\t<meta property=\"og:image:type\" content=\"image\/jpeg\" \/>\n<meta name=\"twitter:card\" content=\"summary\" \/>\n<meta name=\"twitter:label1\" content=\"Napisane przez\" \/>\n\t<meta name=\"twitter:data1\" content=\"pakosc-kalwaria\" \/>\n\t<meta name=\"twitter:label2\" content=\"Szacowany czas czytania\" \/>\n\t<meta name=\"twitter:data2\" content=\"1 minuta\" \/>\n<script type=\"application\/ld+json\" class=\"yoast-schema-graph\">{\"@context\":\"https:\/\/schema.org\",\"@graph\":[{\"@type\":\"WebSite\",\"@id\":\"https:\/\/pakosc-kalwaria.franciszkanie.net\/#website\",\"url\":\"https:\/\/pakosc-kalwaria.franciszkanie.net\/\",\"name\":\"Pako\u015b\u0107 \u2013 Kalwaria\",\"description\":\"Parafia Rzymsko \u2013 Katolicka p.w. Pana Jezusa Ukrzy\u017cowanego i  Matki Bo\u017cej Bolesnej ul. Barci\u0144ska 60, 88\u2013170 Pako\u015b\u0107 \u2013 Kalwaria\",\"potentialAction\":[{\"@type\":\"SearchAction\",\"target\":{\"@type\":\"EntryPoint\",\"urlTemplate\":\"https:\/\/pakosc-kalwaria.franciszkanie.net\/?s={search_term_string}\"},\"query-input\":\"required name=search_term_string\"}],\"inLanguage\":\"pl-PL\"},{\"@type\":\"ImageObject\",\"@id\":\"https:\/\/pakosc-kalwaria.franciszkanie.net\/index.php\/2018\/07\/03\/comiesieczne-dni-odnowy-wewnetrznej-lipiec-2018\/#primaryimage\",\"inLanguage\":\"pl-PL\",\"url\":\"https:\/\/pakosc-kalwaria.franciszkanie.net\/wp-content\/uploads\/2018\/05\/jezus-i-maryja.jpg\",\"contentUrl\":\"https:\/\/pakosc-kalwaria.franciszkanie.net\/wp-content\/uploads\/2018\/05\/jezus-i-maryja.jpg\",\"width\":300,\"height\":214},{\"@type\":\"WebPage\",\"@id\":\"https:\/\/pakosc-kalwaria.franciszkanie.net\/index.php\/2018\/07\/03\/comiesieczne-dni-odnowy-wewnetrznej-lipiec-2018\/#webpage\",\"url\":\"https:\/\/pakosc-kalwaria.franciszkanie.net\/index.php\/2018\/07\/03\/comiesieczne-dni-odnowy-wewnetrznej-lipiec-2018\/\",\"name\":\"Comiesi\u0119czne Dni Odnowy Wewn\u0119trznej - lipiec 2018 - Pako\u015b\u0107 \u2013 Kalwaria\",\"isPartOf\":{\"@id\":\"https:\/\/pakosc-kalwaria.franciszkanie.net\/#website\"},\"primaryImageOfPage\":{\"@id\":\"https:\/\/pakosc-kalwaria.franciszkanie.net\/index.php\/2018\/07\/03\/comiesieczne-dni-odnowy-wewnetrznej-lipiec-2018\/#primaryimage\"},\"datePublished\":\"2018-07-03T14:00:54+00:00\",\"dateModified\":\"2018-07-04T04:53:23+00:00\",\"author\":{\"@id\":\"https:\/\/pakosc-kalwaria.franciszkanie.net\/#\/schema\/person\/af10b943be0760709227d060eadcb2aa\"},\"breadcrumb\":{\"@id\":\"https:\/\/pakosc-kalwaria.franciszkanie.net\/index.php\/2018\/07\/03\/comiesieczne-dni-odnowy-wewnetrznej-lipiec-2018\/#breadcrumb\"},\"inLanguage\":\"pl-PL\",\"potentialAction\":[{\"@type\":\"ReadAction\",\"target\":[\"https:\/\/pakosc-kalwaria.franciszkanie.net\/index.php\/2018\/07\/03\/comiesieczne-dni-odnowy-wewnetrznej-lipiec-2018\/\"]}]},{\"@type\":\"BreadcrumbList\",\"@id\":\"https:\/\/pakosc-kalwaria.franciszkanie.net\/index.php\/2018\/07\/03\/comiesieczne-dni-odnowy-wewnetrznej-lipiec-2018\/#breadcrumb\",\"itemListElement\":[{\"@type\":\"ListItem\",\"position\":1,\"name\":\"Strona g\u0142\u00f3wna\",\"item\":\"https:\/\/pakosc-kalwaria.franciszkanie.net\/\"},{\"@type\":\"ListItem\",\"position\":2,\"name\":\"Comiesi\u0119czne Dni Odnowy Wewn\u0119trznej &#8211; lipiec 2018\"}]},{\"@type\":\"Person\",\"@id\":\"https:\/\/pakosc-kalwaria.franciszkanie.net\/#\/schema\/person\/af10b943be0760709227d060eadcb2aa\",\"name\":\"pakosc-kalwaria\",\"image\":{\"@type\":\"ImageObject\",\"@id\":\"https:\/\/pakosc-kalwaria.franciszkanie.net\/#personlogo\",\"inLanguage\":\"pl-PL\",\"url\":\"https:\/\/secure.gravatar.com\/avatar\/e7049d338b55eac6a0027ff3218b8d02?s=96&d=mm&r=g\",\"contentUrl\":\"https:\/\/secure.gravatar.com\/avatar\/e7049d338b55eac6a0027ff3218b8d02?s=96&d=mm&r=g\",\"caption\":\"pakosc-kalwaria\"},\"sameAs\":[\"https:\/\/www.facebook.com\/KalwariaPakosc\/\"],\"url\":\"https:\/\/pakosc-kalwaria.franciszkanie.net\/index.php\/author\/pakosc-kalwaria\/\"}]}<\/script>\n<!-- \/ Yoast SEO plugin. -->","yoast_head_json":{"title":"Comiesi\u0119czne Dni Odnowy Wewn\u0119trznej - lipiec 2018 - Pako\u015b\u0107 \u2013 Kalwaria","robots":{"index":"index","follow":"follow","max-snippet":"max-snippet:-1","max-image-preview":"max-image-preview:large","max-video-preview":"max-video-preview:-1"},"canonical":"https:\/\/pakosc-kalwaria.franciszkanie.net\/index.php\/2018\/07\/03\/comiesieczne-dni-odnowy-wewnetrznej-lipiec-2018\/","og_locale":"pl_PL","og_type":"article","og_title":"Comiesi\u0119czne Dni Odnowy Wewn\u0119trznej - lipiec 2018 - Pako\u015b\u0107 \u2013 Kalwaria","og_description":"Zach\u0119camy do comiesi\u0119cznej Spowiedzi \u015bw. i do Komunii \u015bw. pierwszopi\u0105tkowej. PIERWSZY\u00a0 CZWARTEK\u00a0 MIESI\u0104CA \u00a0&#8211; 5 lipca 2018r. 16.30 \u2013 Spowied\u017a \u015bw. 17.00 \u2013 Msza \u015bw. o nowe powo\u0142ania\u00a0 kap\u0142a\u0144skie i zakonne oraz w intencji ministrant\u00f3w i ich Rodzin Adoracja Naj\u015bwi\u0119tszego Sakramentem prze\u0142o\u017cona na czwartek 12 lipca od 19.00 &#8211; 20.00 PIERWSZY\u00a0 PI\u0104TEK\u00a0 MIESI\u0104CA \u2013 6 &hellip;","og_url":"https:\/\/pakosc-kalwaria.franciszkanie.net\/index.php\/2018\/07\/03\/comiesieczne-dni-odnowy-wewnetrznej-lipiec-2018\/","og_site_name":"Pako\u015b\u0107 \u2013 Kalwaria","article_author":"https:\/\/www.facebook.com\/KalwariaPakosc\/","article_published_time":"2018-07-03T14:00:54+00:00","article_modified_time":"2018-07-04T04:53:23+00:00","og_image":[{"width":300,"height":214,"url":"https:\/\/pakosc-kalwaria.franciszkanie.net\/wp-content\/uploads\/2018\/05\/jezus-i-maryja.jpg","type":"image\/jpeg"}],"twitter_card":"summary","twitter_misc":{"Napisane przez":"pakosc-kalwaria","Szacowany czas czytania":"1 minuta"},"schema":{"@context":"https:\/\/schema.org","@graph":[{"@type":"WebSite","@id":"https:\/\/pakosc-kalwaria.franciszkanie.net\/#website","url":"https:\/\/pakosc-kalwaria.franciszkanie.net\/","name":"Pako\u015b\u0107 \u2013 Kalwaria","description":"Parafia Rzymsko \u2013 Katolicka p.w. Pana Jezusa Ukrzy\u017cowanego i  Matki Bo\u017cej Bolesnej ul. Barci\u0144ska 60, 88\u2013170 Pako\u015b\u0107 \u2013 Kalwaria","potentialAction":[{"@type":"SearchAction","target":{"@type":"EntryPoint","urlTemplate":"https:\/\/pakosc-kalwaria.franciszkanie.net\/?s={search_term_string}"},"query-input":"required name=search_term_string"}],"inLanguage":"pl-PL"},{"@type":"ImageObject","@id":"https:\/\/pakosc-kalwaria.franciszkanie.net\/index.php\/2018\/07\/03\/comiesieczne-dni-odnowy-wewnetrznej-lipiec-2018\/#primaryimage","inLanguage":"pl-PL","url":"https:\/\/pakosc-kalwaria.franciszkanie.net\/wp-content\/uploads\/2018\/05\/jezus-i-maryja.jpg","contentUrl":"https:\/\/pakosc-kalwaria.franciszkanie.net\/wp-content\/uploads\/2018\/05\/jezus-i-maryja.jpg","width":300,"height":214},{"@type":"WebPage","@id":"https:\/\/pakosc-kalwaria.franciszkanie.net\/index.php\/2018\/07\/03\/comiesieczne-dni-odnowy-wewnetrznej-lipiec-2018\/#webpage","url":"https:\/\/pakosc-kalwaria.franciszkanie.net\/index.php\/2018\/07\/03\/comiesieczne-dni-odnowy-wewnetrznej-lipiec-2018\/","name":"Comiesi\u0119czne Dni Odnowy Wewn\u0119trznej - lipiec 2018 - Pako\u015b\u0107 \u2013 Kalwaria","isPartOf":{"@id":"https:\/\/pakosc-kalwaria.franciszkanie.net\/#website"},"primaryImageOfPage":{"@id":"https:\/\/pakosc-kalwaria.franciszkanie.net\/index.php\/2018\/07\/03\/comiesieczne-dni-odnowy-wewnetrznej-lipiec-2018\/#primaryimage"},"datePublished":"2018-07-03T14:00:54+00:00","dateModified":"2018-07-04T04:53:23+00:00","author":{"@id":"https:\/\/pakosc-kalwaria.franciszkanie.net\/#\/schema\/person\/af10b943be0760709227d060eadcb2aa"},"breadcrumb":{"@id":"https:\/\/pakosc-kalwaria.franciszkanie.net\/index.php\/2018\/07\/03\/comiesieczne-dni-odnowy-wewnetrznej-lipiec-2018\/#breadcrumb"},"inLanguage":"pl-PL","potentialAction":[{"@type":"ReadAction","target":["https:\/\/pakosc-kalwaria.franciszkanie.net\/index.php\/2018\/07\/03\/comiesieczne-dni-odnowy-wewnetrznej-lipiec-2018\/"]}]},{"@type":"BreadcrumbList","@id":"https:\/\/pakosc-kalwaria.franciszkanie.net\/index.php\/2018\/07\/03\/comiesieczne-dni-odnowy-wewnetrznej-lipiec-2018\/#breadcrumb","itemListElement":[{"@type":"ListItem","position":1,"name":"Strona g\u0142\u00f3wna","item":"https:\/\/pakosc-kalwaria.franciszkanie.net\/"},{"@type":"ListItem","position":2,"name":"Comiesi\u0119czne Dni Odnowy Wewn\u0119trznej &#8211; lipiec 2018"}]},{"@type":"Person","@id":"https:\/\/pakosc-kalwaria.franciszkanie.net\/#\/schema\/person\/af10b943be0760709227d060eadcb2aa","name":"pakosc-kalwaria","image":{"@type":"ImageObject","@id":"https:\/\/pakosc-kalwaria.franciszkanie.net\/#personlogo","inLanguage":"pl-PL","url":"https:\/\/secure.gravatar.com\/avatar\/e7049d338b55eac6a0027ff3218b8d02?s=96&d=mm&r=g","contentUrl":"https:\/\/secure.gravatar.com\/avatar\/e7049d338b55eac6a0027ff3218b8d02?s=96&d=mm&r=g","caption":"pakosc-kalwaria"},"sameAs":["https:\/\/www.facebook.com\/KalwariaPakosc\/"],"url":"https:\/\/pakosc-kalwaria.franciszkanie.net\/index.php\/author\/pakosc-kalwaria\/"}]}},"_links":{"self":[{"href":"https:\/\/pakosc-kalwaria.franciszkanie.net\/index.php\/wp-json\/wp\/v2\/posts\/6082"}],"collection":[{"href":"https:\/\/pakosc-kalwaria.franciszkanie.net\/index.php\/wp-json\/wp\/v2\/posts"}],"about":[{"href":"https:\/\/pakosc-kalwaria.franciszkanie.net\/index.php\/wp-json\/wp\/v2\/types\/post"}],"author":[{"embeddable":true,"href":"https:\/\/pakosc-kalwaria.franciszkanie.net\/index.php\/wp-json\/wp\/v2\/users\/2"}],"replies":[{"embeddable":true,"href":"https:\/\/pakosc-kalwaria.franciszkanie.net\/index.php\/wp-json\/wp\/v2\/comments?post=6082"}],"version-history":[{"count":1,"href":"https:\/\/pakosc-kalwaria.franciszkanie.net\/index.php\/wp-json\/wp\/v2\/posts\/6082\/revisions"}],"predecessor-version":[{"id":6083,"href":"https:\/\/pakosc-kalwaria.franciszkanie.net\/index.php\/wp-json\/wp\/v2\/posts\/6082\/revisions\/6083"}],"wp:featuredmedia":[{"embeddable":true,"href":"https:\/\/pakosc-kalwaria.franciszkanie.net\/index.php\/wp-json\/wp\/v2\/media\/5799"}],"wp:attachment":[{"href":"https:\/\/pakosc-kalwaria.franciszkanie.net\/index.php\/wp-json\/wp\/v2\/media?parent=6082"}],"wp:term":[{"taxonomy":"category","embeddable":true,"href":"https:\/\/pakosc-kalwaria.franciszkanie.net\/index.php\/wp-json\/wp\/v2\/categories?post=6082"},{"taxonomy":"post_tag","embeddable":true,"href":"https:\/\/pakosc-kalwaria.franciszkanie.net\/index.php\/wp-json\/wp\/v2\/tags?post=6082"}],"curies":[{"name":"wp","href":"https:\/\/api.w.org\/{rel}","templated":true}]}}