{"id":6100,"date":"2018-07-02T12:00:23","date_gmt":"2018-07-02T10:00:23","guid":{"rendered":"http:\/\/pakosc-kalwaria.franciszkanie.net\/?p=6100"},"modified":"2018-07-06T22:16:54","modified_gmt":"2018-07-06T20:16:54","slug":"ogloszenia-duszpasterskie-xiii-niedziela-zwykla","status":"publish","type":"post","link":"https:\/\/pakosc-kalwaria.franciszkanie.net\/index.php\/2018\/07\/02\/ogloszenia-duszpasterskie-xiii-niedziela-zwykla\/","title":{"rendered":"Og\u0142oszenia duszpasterskie &#8211; XIII Niedziela Zwyk\u0142a"},"content":{"rendered":"<p><span style=\"color: #008000;\"><strong>01<\/strong><strong>.07. \u2013 08.07.2018r.<\/strong><\/span><strong><span style=\"color: #008000;\">\u00a0<\/span>\u00a0\u00a0\u00a0\u00a0 <\/strong><strong><br \/>\n<\/strong><span style=\"color: #ff0000;\"><strong>Trwa malowanie naszego kalwaryjskiego ko\u015bcio\u0142a oraz naprawa izolacji fundament\u00f3w. Z tego powodu w tym tygodniu nasz ko\u015bci\u00f3\u0142 b\u0119dzie jeszcze nieczynny.<\/strong><\/span><strong><span style=\"color: #ff0000;\"> Msze \u015bw. \u00a0odprawiamy przy o\u0142tarzu polowym.<\/span><br \/>\nDzi\u0119kujemy wszystkim za modlitw\u0119 i materialne wsparcie remontu i malowania naszego ko\u015bcio\u0142a. Ofiary mo\u017cna sk\u0142ada\u0107 w kopertach na Mszach \u015bw. niedzielnych, w biurze parafialnym oraz wp\u0142aca\u0107 na konto naszej parafii i klasztoru. Numer konta: 20 1090 1069 0000 0001 1543 2371. Za ka\u017cd\u0105 ofiar\u0119 \u00a0sk\u0142adamy z serca p\u0142yn\u0105ce \u201eB\u00f3g zap\u0142a\u0107\u201d oraz zapewniamy o wdzi\u0119cznej modlitwie w naszym kalwaryjskim Sanktuarium i w naszym klasztorze.<\/strong><\/p>\n<p><span style=\"color: #ff0000;\"><strong><em><u>Dzisiaj\u00a0 (01.07.)<\/u><\/em><\/strong><strong> \u2013 na naszej Pakoskiej Kalwarii Odpust ku czci Najdro\u017cszej Krwi Chrystusa. <\/strong><\/span><strong><span style=\"color: #ff0000;\">Suma Odpustowa o 12.30 przy Kaplicy Kajfasz \u2013 Wi\u0119zienie.<\/span><br \/>\nDzisiaj ok. 19.30 powr\u00f3t pielgrzym\u00f3w z Odpustu w Markowicach, kt\u00f3rych mo\u017cemy przywita\u0107 przy figurze na blokach, na Osiedlu Mogile\u0144skim.<\/strong><\/p>\n<p><span style=\"color: #ff0000;\"><strong><em><u>We wtorek (03.07.)<\/u><\/em><\/strong><strong><span style=\"color: #ff0000;\"> \u2013 \u015bwi\u0119to \u015bw. Tomasza Aposto\u0142a<\/span><br \/>\n<span style=\"color: #000000;\">Do wtorku mo\u017cna jeszcze dostarcza\u0107 na furt\u0119 przy klasztorze elektroodpady. Przychody z akcji wspomog\u0105 zakup nowoczesnych inkubator\u00f3w do szpitala na Wybrze\u017cu Ko\u015bci S\u0142oniowej.<\/span><br \/>\n<\/strong><\/span><\/p>\n<p><span style=\"color: #008000;\"><strong><em><u>W \u015brod\u0119 (04.07.)<\/u><\/em><\/strong><\/span> <strong>\u2013<span style=\"color: #ff0000;\"> przed po\u0142udniem odwiedziny Chorych z Komuni\u0105 \u015bw.<\/span><br \/>\n<\/strong><\/p>\n<p><strong><span style=\"color: #ff0000;\"><u>W tym tygodniu przypadaj\u0105 Comiesi\u0119czne Dni Odnowy Wewn\u0119trznej.<\/u><\/span><br \/>\n<\/strong><strong>Zach\u0119camy do comiesi\u0119cznej Spowiedzi \u015bw. i do Komunii \u015bw. pierwszopi\u0105tkowej. Okazja do Spowiedzi w te dni od 16.30.<\/strong><\/p>\n<p><strong><span style=\"color: #ff0000;\"><em><u>W pierwszy czwartek (05.07.)<\/u><\/em> &#8211; o 17.00 Msza \u015bw.<\/span> o nowe powo\u0142ania kap\u0142a\u0144skie i zakonne oraz za ministrant\u00f3w i ich Rodziny. Komunia \u015bw. jest udzielana pod dwoma postaciami.<\/strong><br \/>\n<strong><span style=\"color: #ff0000;\"> O 17.30 nauka przed chrztem<\/span> dla rodzic\u00f3w i chrzestnych.<\/strong><br \/>\n<strong><span style=\"color: #ff0000;\"> Pierwszoczwartkowa adoracja Naj\u015bwi\u0119tszego Sakramentu<\/span> z wzgl\u0119du na malowanie ko\u015bcio\u0142a zostaje prze\u0142o\u017cona na nast\u0119pny <span style=\"color: #ff0000;\">czwartek \u2013 12 lipca.<\/span><\/strong><\/p>\n<p><strong><span style=\"color: #ff0000;\"><em><u>W pierwszy pi\u0105tek (06.07.)<\/u><\/em> \u2013 o 17.00 Msza \u015bw.<\/span> w intencjach zbiorowych do Bo\u017cego Mi\u0142osierdzia oraz za zmar\u0142ych polecanych w rocznych wypominkach.<\/strong><\/p>\n<p><strong><span style=\"color: #ff0000;\"><em><u>W pierwsz\u0105 sobot\u0119 (07.07.)<\/u><\/em> \u00a0 &#8211; o 17.00 Msza \u015bw.<\/span> w intencji \u017bywego R\u00f3\u017ca\u0144ca. Po Mszy \u015bw. nabo\u017ce\u0144stwo wynagradzaj\u0105ce Niepokalanemu Sercu Maryi. W czasie wakacji nie b\u0119dzie spotkania dla \u017bywego R\u00f3\u017ca\u0144ca o 16.30. \u00a0\u00a0\u00a0\u00a0\u00a0\u00a0\u00a0 |<br \/>\nZach\u0119camy m\u0119\u017cczyzn, kobiety, a tak\u017ce m\u0142odzie\u017c do w\u0142\u0105czenia si\u0119 do \u017bywego R\u00f3\u017ca\u0144ca w naszej Parafii. Odpowiednie deklaracje znajduj\u0105 si\u0119 na stoliku.<br \/>\n<span style=\"color: #ff0000;\">W lipcu<\/span> \u017bywy R\u00f3\u017caniec w naszej Parafii modli si\u0119 wed\u0142ug<span style=\"color: #ff0000;\"> \u201eZestawu nr 20\u201d<\/span>.<\/strong><\/p>\n<p><span style=\"color: #ff0000;\"><strong><em><u>W przysz\u0142\u0105 niedziele (08.07.)<\/u><\/em><\/strong><strong> \u2013 w Markowicach Odpust Chorych.<\/strong><\/span><strong> O 15.00 Msza \u015bw. po\u0142\u0105czona z udzielaniem Sakramentu Namaszczenia Chorych. Autobus do Markowic wyruszy z Osiedla Mogile\u0144skiego o 13.15, a z parkingu przy klasztorze \u015bw. Bonawentury o 13.30. Zapisy na pielgrzymk\u0119 w kancelarii parafialnej \u015bw. Bonawentury.<\/strong><\/p>\n<p><strong>Do nabycia czasopismo: \u201ePrzewodnik Katolicki\u201d.<\/strong><\/p>\n<p><strong>Niech Dobry B\u00f3g wszystkim, tak\u017ce przebywaj\u0105cym na wakacjach i urlopach, obficie b\u0142ogos\u0142awi, a Matka Naj\u015bwi\u0119tsza niech otacza swoj\u0105 przemo\u017cn\u0105 opiek\u0105.<\/strong><\/p>\n<p><strong>Z darem modlitwy Bracia Mniejsi Franciszkanie z Pako\u015bci \u2013 Kalwarii\u00a0\u00a0\u00a0\u00a0\u00a0\u00a0 \u00a0\u00a0\u00a0\u00a0\u00a0\u00a0\u00a0\u00a0\u00a0\u00a0\u00a0 <\/strong><\/p>\n","protected":false},"excerpt":{"rendered":"<p>01.07. \u2013 08.07.2018r.\u00a0\u00a0\u00a0\u00a0\u00a0 Trwa malowanie naszego kalwaryjskiego ko\u015bcio\u0142a oraz naprawa izolacji fundament\u00f3w. Z tego powodu w tym tygodniu nasz ko\u015bci\u00f3\u0142 b\u0119dzie jeszcze nieczynny. Msze \u015bw. \u00a0odprawiamy przy o\u0142tarzu polowym. Dzi\u0119kujemy wszystkim za modlitw\u0119 i materialne wsparcie remontu i malowania naszego ko\u015bcio\u0142a. Ofiary mo\u017cna sk\u0142ada\u0107 w kopertach na Mszach \u015bw. niedzielnych, w biurze parafialnym oraz wp\u0142aca\u0107 &hellip;<\/p>\n","protected":false},"author":2,"featured_media":5947,"comment_status":"closed","ping_status":"open","sticky":false,"template":"","format":"standard","meta":{"_mi_skip_tracking":false,"_exactmetrics_sitenote_active":false,"_exactmetrics_sitenote_note":"","_exactmetrics_sitenote_category":0},"categories":[5],"tags":[],"yoast_head":"<!-- This site is optimized with the Yoast SEO plugin v18.1 - https:\/\/yoast.com\/wordpress\/plugins\/seo\/ -->\n<title>Og\u0142oszenia duszpasterskie - XIII Niedziela Zwyk\u0142a - Pako\u015b\u0107 \u2013 Kalwaria<\/title>\n<meta name=\"robots\" content=\"index, follow, max-snippet:-1, max-image-preview:large, max-video-preview:-1\" \/>\n<link rel=\"canonical\" href=\"https:\/\/pakosc-kalwaria.franciszkanie.net\/index.php\/2018\/07\/02\/ogloszenia-duszpasterskie-xiii-niedziela-zwykla\/\" \/>\n<meta property=\"og:locale\" content=\"pl_PL\" \/>\n<meta property=\"og:type\" content=\"article\" \/>\n<meta property=\"og:title\" content=\"Og\u0142oszenia duszpasterskie - XIII Niedziela Zwyk\u0142a - Pako\u015b\u0107 \u2013 Kalwaria\" \/>\n<meta property=\"og:description\" content=\"01.07. \u2013 08.07.2018r.\u00a0\u00a0\u00a0\u00a0\u00a0 Trwa malowanie naszego kalwaryjskiego ko\u015bcio\u0142a oraz naprawa izolacji fundament\u00f3w. Z tego powodu w tym tygodniu nasz ko\u015bci\u00f3\u0142 b\u0119dzie jeszcze nieczynny. Msze \u015bw. \u00a0odprawiamy przy o\u0142tarzu polowym. Dzi\u0119kujemy wszystkim za modlitw\u0119 i materialne wsparcie remontu i malowania naszego ko\u015bcio\u0142a. Ofiary mo\u017cna sk\u0142ada\u0107 w kopertach na Mszach \u015bw. niedzielnych, w biurze parafialnym oraz wp\u0142aca\u0107 &hellip;\" \/>\n<meta property=\"og:url\" content=\"https:\/\/pakosc-kalwaria.franciszkanie.net\/index.php\/2018\/07\/02\/ogloszenia-duszpasterskie-xiii-niedziela-zwykla\/\" \/>\n<meta property=\"og:site_name\" content=\"Pako\u015b\u0107 \u2013 Kalwaria\" \/>\n<meta property=\"article:author\" content=\"https:\/\/www.facebook.com\/KalwariaPakosc\/\" \/>\n<meta property=\"article:published_time\" content=\"2018-07-02T10:00:23+00:00\" \/>\n<meta property=\"article:modified_time\" content=\"2018-07-06T20:16:54+00:00\" \/>\n<meta property=\"og:image\" content=\"https:\/\/pakosc-kalwaria.franciszkanie.net\/wp-content\/uploads\/2018\/06\/Rok-2017-2018.jpg\" \/>\n\t<meta property=\"og:image:width\" content=\"250\" \/>\n\t<meta property=\"og:image:height\" content=\"250\" \/>\n\t<meta property=\"og:image:type\" content=\"image\/jpeg\" \/>\n<meta name=\"twitter:card\" content=\"summary\" \/>\n<meta name=\"twitter:label1\" content=\"Napisane przez\" \/>\n\t<meta name=\"twitter:data1\" content=\"pakosc-kalwaria\" \/>\n\t<meta name=\"twitter:label2\" content=\"Szacowany czas czytania\" \/>\n\t<meta name=\"twitter:data2\" content=\"2 minuty\" \/>\n<script type=\"application\/ld+json\" class=\"yoast-schema-graph\">{\"@context\":\"https:\/\/schema.org\",\"@graph\":[{\"@type\":\"WebSite\",\"@id\":\"https:\/\/pakosc-kalwaria.franciszkanie.net\/#website\",\"url\":\"https:\/\/pakosc-kalwaria.franciszkanie.net\/\",\"name\":\"Pako\u015b\u0107 \u2013 Kalwaria\",\"description\":\"Parafia Rzymsko \u2013 Katolicka p.w. Pana Jezusa Ukrzy\u017cowanego i  Matki Bo\u017cej Bolesnej ul. Barci\u0144ska 60, 88\u2013170 Pako\u015b\u0107 \u2013 Kalwaria\",\"potentialAction\":[{\"@type\":\"SearchAction\",\"target\":{\"@type\":\"EntryPoint\",\"urlTemplate\":\"https:\/\/pakosc-kalwaria.franciszkanie.net\/?s={search_term_string}\"},\"query-input\":\"required name=search_term_string\"}],\"inLanguage\":\"pl-PL\"},{\"@type\":\"ImageObject\",\"@id\":\"https:\/\/pakosc-kalwaria.franciszkanie.net\/index.php\/2018\/07\/02\/ogloszenia-duszpasterskie-xiii-niedziela-zwykla\/#primaryimage\",\"inLanguage\":\"pl-PL\",\"url\":\"https:\/\/pakosc-kalwaria.franciszkanie.net\/wp-content\/uploads\/2018\/06\/Rok-2017-2018.jpg\",\"contentUrl\":\"https:\/\/pakosc-kalwaria.franciszkanie.net\/wp-content\/uploads\/2018\/06\/Rok-2017-2018.jpg\",\"width\":250,\"height\":250},{\"@type\":\"WebPage\",\"@id\":\"https:\/\/pakosc-kalwaria.franciszkanie.net\/index.php\/2018\/07\/02\/ogloszenia-duszpasterskie-xiii-niedziela-zwykla\/#webpage\",\"url\":\"https:\/\/pakosc-kalwaria.franciszkanie.net\/index.php\/2018\/07\/02\/ogloszenia-duszpasterskie-xiii-niedziela-zwykla\/\",\"name\":\"Og\u0142oszenia duszpasterskie - XIII Niedziela Zwyk\u0142a - Pako\u015b\u0107 \u2013 Kalwaria\",\"isPartOf\":{\"@id\":\"https:\/\/pakosc-kalwaria.franciszkanie.net\/#website\"},\"primaryImageOfPage\":{\"@id\":\"https:\/\/pakosc-kalwaria.franciszkanie.net\/index.php\/2018\/07\/02\/ogloszenia-duszpasterskie-xiii-niedziela-zwykla\/#primaryimage\"},\"datePublished\":\"2018-07-02T10:00:23+00:00\",\"dateModified\":\"2018-07-06T20:16:54+00:00\",\"author\":{\"@id\":\"https:\/\/pakosc-kalwaria.franciszkanie.net\/#\/schema\/person\/af10b943be0760709227d060eadcb2aa\"},\"breadcrumb\":{\"@id\":\"https:\/\/pakosc-kalwaria.franciszkanie.net\/index.php\/2018\/07\/02\/ogloszenia-duszpasterskie-xiii-niedziela-zwykla\/#breadcrumb\"},\"inLanguage\":\"pl-PL\",\"potentialAction\":[{\"@type\":\"ReadAction\",\"target\":[\"https:\/\/pakosc-kalwaria.franciszkanie.net\/index.php\/2018\/07\/02\/ogloszenia-duszpasterskie-xiii-niedziela-zwykla\/\"]}]},{\"@type\":\"BreadcrumbList\",\"@id\":\"https:\/\/pakosc-kalwaria.franciszkanie.net\/index.php\/2018\/07\/02\/ogloszenia-duszpasterskie-xiii-niedziela-zwykla\/#breadcrumb\",\"itemListElement\":[{\"@type\":\"ListItem\",\"position\":1,\"name\":\"Strona g\u0142\u00f3wna\",\"item\":\"https:\/\/pakosc-kalwaria.franciszkanie.net\/\"},{\"@type\":\"ListItem\",\"position\":2,\"name\":\"Og\u0142oszenia duszpasterskie &#8211; XIII Niedziela Zwyk\u0142a\"}]},{\"@type\":\"Person\",\"@id\":\"https:\/\/pakosc-kalwaria.franciszkanie.net\/#\/schema\/person\/af10b943be0760709227d060eadcb2aa\",\"name\":\"pakosc-kalwaria\",\"image\":{\"@type\":\"ImageObject\",\"@id\":\"https:\/\/pakosc-kalwaria.franciszkanie.net\/#personlogo\",\"inLanguage\":\"pl-PL\",\"url\":\"https:\/\/secure.gravatar.com\/avatar\/e7049d338b55eac6a0027ff3218b8d02?s=96&d=mm&r=g\",\"contentUrl\":\"https:\/\/secure.gravatar.com\/avatar\/e7049d338b55eac6a0027ff3218b8d02?s=96&d=mm&r=g\",\"caption\":\"pakosc-kalwaria\"},\"sameAs\":[\"https:\/\/www.facebook.com\/KalwariaPakosc\/\"],\"url\":\"https:\/\/pakosc-kalwaria.franciszkanie.net\/index.php\/author\/pakosc-kalwaria\/\"}]}<\/script>\n<!-- \/ Yoast SEO plugin. -->","yoast_head_json":{"title":"Og\u0142oszenia duszpasterskie - XIII Niedziela Zwyk\u0142a - Pako\u015b\u0107 \u2013 Kalwaria","robots":{"index":"index","follow":"follow","max-snippet":"max-snippet:-1","max-image-preview":"max-image-preview:large","max-video-preview":"max-video-preview:-1"},"canonical":"https:\/\/pakosc-kalwaria.franciszkanie.net\/index.php\/2018\/07\/02\/ogloszenia-duszpasterskie-xiii-niedziela-zwykla\/","og_locale":"pl_PL","og_type":"article","og_title":"Og\u0142oszenia duszpasterskie - XIII Niedziela Zwyk\u0142a - Pako\u015b\u0107 \u2013 Kalwaria","og_description":"01.07. \u2013 08.07.2018r.\u00a0\u00a0\u00a0\u00a0\u00a0 Trwa malowanie naszego kalwaryjskiego ko\u015bcio\u0142a oraz naprawa izolacji fundament\u00f3w. Z tego powodu w tym tygodniu nasz ko\u015bci\u00f3\u0142 b\u0119dzie jeszcze nieczynny. Msze \u015bw. \u00a0odprawiamy przy o\u0142tarzu polowym. Dzi\u0119kujemy wszystkim za modlitw\u0119 i materialne wsparcie remontu i malowania naszego ko\u015bcio\u0142a. Ofiary mo\u017cna sk\u0142ada\u0107 w kopertach na Mszach \u015bw. niedzielnych, w biurze parafialnym oraz wp\u0142aca\u0107 &hellip;","og_url":"https:\/\/pakosc-kalwaria.franciszkanie.net\/index.php\/2018\/07\/02\/ogloszenia-duszpasterskie-xiii-niedziela-zwykla\/","og_site_name":"Pako\u015b\u0107 \u2013 Kalwaria","article_author":"https:\/\/www.facebook.com\/KalwariaPakosc\/","article_published_time":"2018-07-02T10:00:23+00:00","article_modified_time":"2018-07-06T20:16:54+00:00","og_image":[{"width":250,"height":250,"url":"https:\/\/pakosc-kalwaria.franciszkanie.net\/wp-content\/uploads\/2018\/06\/Rok-2017-2018.jpg","type":"image\/jpeg"}],"twitter_card":"summary","twitter_misc":{"Napisane przez":"pakosc-kalwaria","Szacowany czas czytania":"2 minuty"},"schema":{"@context":"https:\/\/schema.org","@graph":[{"@type":"WebSite","@id":"https:\/\/pakosc-kalwaria.franciszkanie.net\/#website","url":"https:\/\/pakosc-kalwaria.franciszkanie.net\/","name":"Pako\u015b\u0107 \u2013 Kalwaria","description":"Parafia Rzymsko \u2013 Katolicka p.w. Pana Jezusa Ukrzy\u017cowanego i  Matki Bo\u017cej Bolesnej ul. Barci\u0144ska 60, 88\u2013170 Pako\u015b\u0107 \u2013 Kalwaria","potentialAction":[{"@type":"SearchAction","target":{"@type":"EntryPoint","urlTemplate":"https:\/\/pakosc-kalwaria.franciszkanie.net\/?s={search_term_string}"},"query-input":"required name=search_term_string"}],"inLanguage":"pl-PL"},{"@type":"ImageObject","@id":"https:\/\/pakosc-kalwaria.franciszkanie.net\/index.php\/2018\/07\/02\/ogloszenia-duszpasterskie-xiii-niedziela-zwykla\/#primaryimage","inLanguage":"pl-PL","url":"https:\/\/pakosc-kalwaria.franciszkanie.net\/wp-content\/uploads\/2018\/06\/Rok-2017-2018.jpg","contentUrl":"https:\/\/pakosc-kalwaria.franciszkanie.net\/wp-content\/uploads\/2018\/06\/Rok-2017-2018.jpg","width":250,"height":250},{"@type":"WebPage","@id":"https:\/\/pakosc-kalwaria.franciszkanie.net\/index.php\/2018\/07\/02\/ogloszenia-duszpasterskie-xiii-niedziela-zwykla\/#webpage","url":"https:\/\/pakosc-kalwaria.franciszkanie.net\/index.php\/2018\/07\/02\/ogloszenia-duszpasterskie-xiii-niedziela-zwykla\/","name":"Og\u0142oszenia duszpasterskie - XIII Niedziela Zwyk\u0142a - Pako\u015b\u0107 \u2013 Kalwaria","isPartOf":{"@id":"https:\/\/pakosc-kalwaria.franciszkanie.net\/#website"},"primaryImageOfPage":{"@id":"https:\/\/pakosc-kalwaria.franciszkanie.net\/index.php\/2018\/07\/02\/ogloszenia-duszpasterskie-xiii-niedziela-zwykla\/#primaryimage"},"datePublished":"2018-07-02T10:00:23+00:00","dateModified":"2018-07-06T20:16:54+00:00","author":{"@id":"https:\/\/pakosc-kalwaria.franciszkanie.net\/#\/schema\/person\/af10b943be0760709227d060eadcb2aa"},"breadcrumb":{"@id":"https:\/\/pakosc-kalwaria.franciszkanie.net\/index.php\/2018\/07\/02\/ogloszenia-duszpasterskie-xiii-niedziela-zwykla\/#breadcrumb"},"inLanguage":"pl-PL","potentialAction":[{"@type":"ReadAction","target":["https:\/\/pakosc-kalwaria.franciszkanie.net\/index.php\/2018\/07\/02\/ogloszenia-duszpasterskie-xiii-niedziela-zwykla\/"]}]},{"@type":"BreadcrumbList","@id":"https:\/\/pakosc-kalwaria.franciszkanie.net\/index.php\/2018\/07\/02\/ogloszenia-duszpasterskie-xiii-niedziela-zwykla\/#breadcrumb","itemListElement":[{"@type":"ListItem","position":1,"name":"Strona g\u0142\u00f3wna","item":"https:\/\/pakosc-kalwaria.franciszkanie.net\/"},{"@type":"ListItem","position":2,"name":"Og\u0142oszenia duszpasterskie &#8211; XIII Niedziela Zwyk\u0142a"}]},{"@type":"Person","@id":"https:\/\/pakosc-kalwaria.franciszkanie.net\/#\/schema\/person\/af10b943be0760709227d060eadcb2aa","name":"pakosc-kalwaria","image":{"@type":"ImageObject","@id":"https:\/\/pakosc-kalwaria.franciszkanie.net\/#personlogo","inLanguage":"pl-PL","url":"https:\/\/secure.gravatar.com\/avatar\/e7049d338b55eac6a0027ff3218b8d02?s=96&d=mm&r=g","contentUrl":"https:\/\/secure.gravatar.com\/avatar\/e7049d338b55eac6a0027ff3218b8d02?s=96&d=mm&r=g","caption":"pakosc-kalwaria"},"sameAs":["https:\/\/www.facebook.com\/KalwariaPakosc\/"],"url":"https:\/\/pakosc-kalwaria.franciszkanie.net\/index.php\/author\/pakosc-kalwaria\/"}]}},"_links":{"self":[{"href":"https:\/\/pakosc-kalwaria.franciszkanie.net\/index.php\/wp-json\/wp\/v2\/posts\/6100"}],"collection":[{"href":"https:\/\/pakosc-kalwaria.franciszkanie.net\/index.php\/wp-json\/wp\/v2\/posts"}],"about":[{"href":"https:\/\/pakosc-kalwaria.franciszkanie.net\/index.php\/wp-json\/wp\/v2\/types\/post"}],"author":[{"embeddable":true,"href":"https:\/\/pakosc-kalwaria.franciszkanie.net\/index.php\/wp-json\/wp\/v2\/users\/2"}],"replies":[{"embeddable":true,"href":"https:\/\/pakosc-kalwaria.franciszkanie.net\/index.php\/wp-json\/wp\/v2\/comments?post=6100"}],"version-history":[{"count":4,"href":"https:\/\/pakosc-kalwaria.franciszkanie.net\/index.php\/wp-json\/wp\/v2\/posts\/6100\/revisions"}],"predecessor-version":[{"id":6107,"href":"https:\/\/pakosc-kalwaria.franciszkanie.net\/index.php\/wp-json\/wp\/v2\/posts\/6100\/revisions\/6107"}],"wp:featuredmedia":[{"embeddable":true,"href":"https:\/\/pakosc-kalwaria.franciszkanie.net\/index.php\/wp-json\/wp\/v2\/media\/5947"}],"wp:attachment":[{"href":"https:\/\/pakosc-kalwaria.franciszkanie.net\/index.php\/wp-json\/wp\/v2\/media?parent=6100"}],"wp:term":[{"taxonomy":"category","embeddable":true,"href":"https:\/\/pakosc-kalwaria.franciszkanie.net\/index.php\/wp-json\/wp\/v2\/categories?post=6100"},{"taxonomy":"post_tag","embeddable":true,"href":"https:\/\/pakosc-kalwaria.franciszkanie.net\/index.php\/wp-json\/wp\/v2\/tags?post=6100"}],"curies":[{"name":"wp","href":"https:\/\/api.w.org\/{rel}","templated":true}]}}