{"id":6176,"date":"2018-07-07T09:00:49","date_gmt":"2018-07-07T07:00:49","guid":{"rendered":"http:\/\/pakosc-kalwaria.franciszkanie.net\/?p=6176"},"modified":"2018-07-06T22:29:42","modified_gmt":"2018-07-06T20:29:42","slug":"ogloszenia-duszpasterskie-xiv-niedziela-zwykla","status":"publish","type":"post","link":"https:\/\/pakosc-kalwaria.franciszkanie.net\/index.php\/2018\/07\/07\/ogloszenia-duszpasterskie-xiv-niedziela-zwykla\/","title":{"rendered":"Og\u0142oszenia duszpasterskie &#8211; XIV Niedziela Zwyk\u0142a"},"content":{"rendered":"<p><strong><span style=\"color: #008000;\">08.07 &#8211; 15.07.2018r.<\/span><br \/>\n<\/strong><strong><span style=\"color: #ff0000;\">W pi\u0105tek 6 lipca zako\u0144czy\u0142o si\u0119 malowanie naszego kalwaryjskiego ko\u015bcio\u0142a.<\/span> <\/strong><strong>Trwa jeszcze naprawa izolacji i odwodnienia\u00a0 fundament\u00f3w naszego ko\u015bcio\u0142a.<br \/>\n<span style=\"color: #ff0000;\">Do wtorku 10 lipca<\/span> Msze \u015bw. odprawia\u0107 b\u0119dziemy przy o\u0142tarzu polowym.<br \/>\n<span style=\"color: #ff0000;\">We wtorek 10 lipca o 18.00<\/span> zapraszamy szczeg\u00f3lnie m\u0119\u017cczyzn i m\u0142odzie\u017c m\u0119sk\u0105, by pom\u00f3c wnie\u015b\u0107 \u0142awki do ko\u015bcio\u0142a.<\/strong><\/p>\n<p><strong><span style=\"color: #ff0000;\">Po Mszach \u015bw. zapraszamy do zwiedzania naszego ko\u015bcio\u0142a po zako\u0144czonym malowaniu.<\/span> Szczeg\u00f3lnie do wtorku&#8230;. warto sobie zrobi\u0107 w naszym ko\u015bciele pami\u0105tkowe zdj\u0119cia&#8230;. tak\u017ce ze swoj\u0105 rodzin\u0105.<\/strong><\/p>\n<p><strong><span style=\"color: #ff0000;\"><em><u>Dzisiaj (08.07.)<\/u><\/em> &#8211; w Markowicach Odpust Chorych.<\/span> O 15.00 Msza \u015bw. po\u0142\u0105czona z udzielaniem Sakramentu Chorych. Autokar z Osiedla Mogile\u0144skiego wyruszy o 13.15, a z parkingu przy ko\u015bciele \u015bw. Bonawentury o 13.30.<\/strong><\/p>\n<p><strong><span style=\"color: #ff0000;\"><em><u>W \u015brod\u0119 (11.07.) <\/u><\/em>\u2013 \u015bwi\u0119to \u015bw. Benedykta, patrona Europy. \u00a0\u00a0\u00a0\u00a0\u00a0 <\/span><\/strong><\/p>\n<p><strong><span style=\"color: #008000;\"><em><u>W czwartek (12.07.)<\/u><\/em><\/span> <span style=\"color: #ff0000;\">od 19.00 \u2013 20.00<\/span> prze\u0142o\u017cona z pierwszego czwartku adoracja Naj\u015bwi\u0119tszego Sakramentu. Serdecznie zapraszamy.<\/strong><\/p>\n<p><strong><span style=\"color: #ff0000;\"><em><u>W pi\u0105tek (13.07.)<\/u><\/em> \u2013 o 17.00 Msza \u015bw. zbiorowa do Bo\u017cego Mi\u0142osierdzia.<\/span> Zach\u0119camy do sk\u0142adania intencji na t\u0119 Msz\u0119 \u015bw. Po Mszy \u015bw. Koronka do Bo\u017cego Mi\u0142osierdzia i uczczenie Relikwii Krzy\u017ca \u015awi\u0119tego.<\/strong><\/p>\n<p><span style=\"color: #ff0000;\"><strong>W pi\u0105tek nabo\u017ce\u0144stwo fatimskie. <\/strong><\/span><strong>O 18.00 Msza \u015bw. w ko\u015bciele \u015bw. Bonawentury, a po niej Procesja R\u00f3\u017ca\u0144cowa na Wzg\u00f3rze Kalwaryjskie. Wszystkich czcicieli Matki Bo\u017cej zapraszamy do licznego udzia\u0142u.<\/strong><\/p>\n<p><strong><span style=\"color: #008000;\"><em><u>W sobot\u0119 (14.07.)<\/u><\/em> <\/span>\u2013 <span style=\"color: #ff0000;\">imieniny zakonne obchodzi o. Kamil<\/span> \u2013 gwardian klasztoru i kustosz kalwarii. Msza \u015bw. w Jego intencji w ko\u015bciele \u015bw. Bonawentury o 7.00.<\/strong><\/p>\n<p><strong><span style=\"color: #ff0000;\"><em><u>W przysz\u0142\u0105 niedziel\u0119 (15.07.)<\/u><\/em> &#8211; kolekta przeznaczona jest na remont i malowanie kalwaryjskiego ko\u015bcio\u0142a<\/span>. Dzi\u0119kujemy wszystkim za modlitw\u0119 i materialne wsparcie remontu i malowania naszego ko\u015bcio\u0142a. Ofiary mo\u017cna sk\u0142ada\u0107 w kopertach na Mszach \u015bw. niedzielnych, w biurze parafialnym oraz wp\u0142aca\u0107 na konto naszej parafii i klasztoru. Numer konta: 20 1090 1069 0000 0001 1543 2371.<br \/>\nZa ka\u017cd\u0105 ofiar\u0119 \u00a0sk\u0142adamy z serca p\u0142yn\u0105ce \u201eB\u00f3g zap\u0142a\u0107\u201d oraz zapewniamy o wdzi\u0119cznej modlitwie w naszym kalwaryjskim Sanktuarium i w naszym klasztorze.<\/strong><\/p>\n<p><span style=\"color: #ff0000;\"><strong>W przysz\u0142\u0105 niedziel\u0119\u00a0 Odpust w Parafii \u015bw. Bonawentury w Pako\u015bci. Suma Odpustowa 12.30.\u00a0\u00a0\u00a0\u00a0\u00a0\u00a0\u00a0<\/strong> \u00a0\u00a0\u00a0\u00a0\u00a0\u00a0\u00a0\u00a0\u00a0\u00a0\u00a0<\/span><\/p>\n<p><strong>Do nabycia \u201ePrzewodnik Katolicki\u201d i \u201eR\u00f3\u017caniec\u201d.<\/strong><\/p>\n<p><strong>Wyra\u017camy wdzi\u0119czno\u015b\u0107 za ka\u017cde Wasze modlitewne i materialne wsparcie.<\/strong><\/p>\n<p><strong>Niech Dobry B\u00f3g wszystkim, tak\u017ce przebywaj\u0105cym na wakacjach i urlopach, obficie b\u0142ogos\u0142awi, a Matka Naj\u015bwi\u0119tsza niech otacza swoj\u0105 przemo\u017cn\u0105 opiek\u0105. \u00a0\u00a0\u00a0\u00a0\u00a0\u00a0 <\/strong><\/p>\n<p><strong>Z darem modlitwy Bracia Mniejsi Franciszkanie z Pako\u015bci Kalwarii<br \/>\n<\/strong><\/p>\n","protected":false},"excerpt":{"rendered":"<p>08.07 &#8211; 15.07.2018r. W pi\u0105tek 6 lipca zako\u0144czy\u0142o si\u0119 malowanie naszego kalwaryjskiego ko\u015bcio\u0142a. Trwa jeszcze naprawa izolacji i odwodnienia\u00a0 fundament\u00f3w naszego ko\u015bcio\u0142a. Do wtorku 10 lipca Msze \u015bw. odprawia\u0107 b\u0119dziemy przy o\u0142tarzu polowym. We wtorek 10 lipca o 18.00 zapraszamy szczeg\u00f3lnie m\u0119\u017cczyzn i m\u0142odzie\u017c m\u0119sk\u0105, by pom\u00f3c wnie\u015b\u0107 \u0142awki do ko\u015bcio\u0142a. Po Mszach \u015bw. zapraszamy &hellip;<\/p>\n","protected":false},"author":2,"featured_media":5947,"comment_status":"closed","ping_status":"open","sticky":false,"template":"","format":"standard","meta":{"_mi_skip_tracking":false,"_exactmetrics_sitenote_active":false,"_exactmetrics_sitenote_note":"","_exactmetrics_sitenote_category":0},"categories":[5],"tags":[],"yoast_head":"<!-- This site is optimized with the Yoast SEO plugin v18.1 - https:\/\/yoast.com\/wordpress\/plugins\/seo\/ -->\n<title>Og\u0142oszenia duszpasterskie - XIV Niedziela Zwyk\u0142a - Pako\u015b\u0107 \u2013 Kalwaria<\/title>\n<meta name=\"robots\" content=\"index, follow, max-snippet:-1, max-image-preview:large, max-video-preview:-1\" \/>\n<link rel=\"canonical\" href=\"https:\/\/pakosc-kalwaria.franciszkanie.net\/index.php\/2018\/07\/07\/ogloszenia-duszpasterskie-xiv-niedziela-zwykla\/\" \/>\n<meta property=\"og:locale\" content=\"pl_PL\" \/>\n<meta property=\"og:type\" content=\"article\" \/>\n<meta property=\"og:title\" content=\"Og\u0142oszenia duszpasterskie - XIV Niedziela Zwyk\u0142a - Pako\u015b\u0107 \u2013 Kalwaria\" \/>\n<meta property=\"og:description\" content=\"08.07 &#8211; 15.07.2018r. W pi\u0105tek 6 lipca zako\u0144czy\u0142o si\u0119 malowanie naszego kalwaryjskiego ko\u015bcio\u0142a. Trwa jeszcze naprawa izolacji i odwodnienia\u00a0 fundament\u00f3w naszego ko\u015bcio\u0142a. Do wtorku 10 lipca Msze \u015bw. odprawia\u0107 b\u0119dziemy przy o\u0142tarzu polowym. We wtorek 10 lipca o 18.00 zapraszamy szczeg\u00f3lnie m\u0119\u017cczyzn i m\u0142odzie\u017c m\u0119sk\u0105, by pom\u00f3c wnie\u015b\u0107 \u0142awki do ko\u015bcio\u0142a. Po Mszach \u015bw. zapraszamy &hellip;\" \/>\n<meta property=\"og:url\" content=\"https:\/\/pakosc-kalwaria.franciszkanie.net\/index.php\/2018\/07\/07\/ogloszenia-duszpasterskie-xiv-niedziela-zwykla\/\" \/>\n<meta property=\"og:site_name\" content=\"Pako\u015b\u0107 \u2013 Kalwaria\" \/>\n<meta property=\"article:author\" content=\"https:\/\/www.facebook.com\/KalwariaPakosc\/\" \/>\n<meta property=\"article:published_time\" content=\"2018-07-07T07:00:49+00:00\" \/>\n<meta property=\"article:modified_time\" content=\"2018-07-06T20:29:42+00:00\" \/>\n<meta property=\"og:image\" content=\"https:\/\/pakosc-kalwaria.franciszkanie.net\/wp-content\/uploads\/2018\/06\/Rok-2017-2018.jpg\" \/>\n\t<meta property=\"og:image:width\" content=\"250\" \/>\n\t<meta property=\"og:image:height\" content=\"250\" \/>\n\t<meta property=\"og:image:type\" content=\"image\/jpeg\" \/>\n<meta name=\"twitter:card\" content=\"summary\" \/>\n<meta name=\"twitter:label1\" content=\"Napisane przez\" \/>\n\t<meta name=\"twitter:data1\" content=\"pakosc-kalwaria\" \/>\n\t<meta name=\"twitter:label2\" content=\"Szacowany czas czytania\" \/>\n\t<meta name=\"twitter:data2\" content=\"2 minuty\" \/>\n<script type=\"application\/ld+json\" class=\"yoast-schema-graph\">{\"@context\":\"https:\/\/schema.org\",\"@graph\":[{\"@type\":\"WebSite\",\"@id\":\"https:\/\/pakosc-kalwaria.franciszkanie.net\/#website\",\"url\":\"https:\/\/pakosc-kalwaria.franciszkanie.net\/\",\"name\":\"Pako\u015b\u0107 \u2013 Kalwaria\",\"description\":\"Parafia Rzymsko \u2013 Katolicka p.w. Pana Jezusa Ukrzy\u017cowanego i  Matki Bo\u017cej Bolesnej ul. Barci\u0144ska 60, 88\u2013170 Pako\u015b\u0107 \u2013 Kalwaria\",\"potentialAction\":[{\"@type\":\"SearchAction\",\"target\":{\"@type\":\"EntryPoint\",\"urlTemplate\":\"https:\/\/pakosc-kalwaria.franciszkanie.net\/?s={search_term_string}\"},\"query-input\":\"required name=search_term_string\"}],\"inLanguage\":\"pl-PL\"},{\"@type\":\"ImageObject\",\"@id\":\"https:\/\/pakosc-kalwaria.franciszkanie.net\/index.php\/2018\/07\/07\/ogloszenia-duszpasterskie-xiv-niedziela-zwykla\/#primaryimage\",\"inLanguage\":\"pl-PL\",\"url\":\"https:\/\/pakosc-kalwaria.franciszkanie.net\/wp-content\/uploads\/2018\/06\/Rok-2017-2018.jpg\",\"contentUrl\":\"https:\/\/pakosc-kalwaria.franciszkanie.net\/wp-content\/uploads\/2018\/06\/Rok-2017-2018.jpg\",\"width\":250,\"height\":250},{\"@type\":\"WebPage\",\"@id\":\"https:\/\/pakosc-kalwaria.franciszkanie.net\/index.php\/2018\/07\/07\/ogloszenia-duszpasterskie-xiv-niedziela-zwykla\/#webpage\",\"url\":\"https:\/\/pakosc-kalwaria.franciszkanie.net\/index.php\/2018\/07\/07\/ogloszenia-duszpasterskie-xiv-niedziela-zwykla\/\",\"name\":\"Og\u0142oszenia duszpasterskie - XIV Niedziela Zwyk\u0142a - Pako\u015b\u0107 \u2013 Kalwaria\",\"isPartOf\":{\"@id\":\"https:\/\/pakosc-kalwaria.franciszkanie.net\/#website\"},\"primaryImageOfPage\":{\"@id\":\"https:\/\/pakosc-kalwaria.franciszkanie.net\/index.php\/2018\/07\/07\/ogloszenia-duszpasterskie-xiv-niedziela-zwykla\/#primaryimage\"},\"datePublished\":\"2018-07-07T07:00:49+00:00\",\"dateModified\":\"2018-07-06T20:29:42+00:00\",\"author\":{\"@id\":\"https:\/\/pakosc-kalwaria.franciszkanie.net\/#\/schema\/person\/af10b943be0760709227d060eadcb2aa\"},\"breadcrumb\":{\"@id\":\"https:\/\/pakosc-kalwaria.franciszkanie.net\/index.php\/2018\/07\/07\/ogloszenia-duszpasterskie-xiv-niedziela-zwykla\/#breadcrumb\"},\"inLanguage\":\"pl-PL\",\"potentialAction\":[{\"@type\":\"ReadAction\",\"target\":[\"https:\/\/pakosc-kalwaria.franciszkanie.net\/index.php\/2018\/07\/07\/ogloszenia-duszpasterskie-xiv-niedziela-zwykla\/\"]}]},{\"@type\":\"BreadcrumbList\",\"@id\":\"https:\/\/pakosc-kalwaria.franciszkanie.net\/index.php\/2018\/07\/07\/ogloszenia-duszpasterskie-xiv-niedziela-zwykla\/#breadcrumb\",\"itemListElement\":[{\"@type\":\"ListItem\",\"position\":1,\"name\":\"Strona g\u0142\u00f3wna\",\"item\":\"https:\/\/pakosc-kalwaria.franciszkanie.net\/\"},{\"@type\":\"ListItem\",\"position\":2,\"name\":\"Og\u0142oszenia duszpasterskie &#8211; XIV Niedziela Zwyk\u0142a\"}]},{\"@type\":\"Person\",\"@id\":\"https:\/\/pakosc-kalwaria.franciszkanie.net\/#\/schema\/person\/af10b943be0760709227d060eadcb2aa\",\"name\":\"pakosc-kalwaria\",\"image\":{\"@type\":\"ImageObject\",\"@id\":\"https:\/\/pakosc-kalwaria.franciszkanie.net\/#personlogo\",\"inLanguage\":\"pl-PL\",\"url\":\"https:\/\/secure.gravatar.com\/avatar\/e7049d338b55eac6a0027ff3218b8d02?s=96&d=mm&r=g\",\"contentUrl\":\"https:\/\/secure.gravatar.com\/avatar\/e7049d338b55eac6a0027ff3218b8d02?s=96&d=mm&r=g\",\"caption\":\"pakosc-kalwaria\"},\"sameAs\":[\"https:\/\/www.facebook.com\/KalwariaPakosc\/\"],\"url\":\"https:\/\/pakosc-kalwaria.franciszkanie.net\/index.php\/author\/pakosc-kalwaria\/\"}]}<\/script>\n<!-- \/ Yoast SEO plugin. -->","yoast_head_json":{"title":"Og\u0142oszenia duszpasterskie - XIV Niedziela Zwyk\u0142a - Pako\u015b\u0107 \u2013 Kalwaria","robots":{"index":"index","follow":"follow","max-snippet":"max-snippet:-1","max-image-preview":"max-image-preview:large","max-video-preview":"max-video-preview:-1"},"canonical":"https:\/\/pakosc-kalwaria.franciszkanie.net\/index.php\/2018\/07\/07\/ogloszenia-duszpasterskie-xiv-niedziela-zwykla\/","og_locale":"pl_PL","og_type":"article","og_title":"Og\u0142oszenia duszpasterskie - XIV Niedziela Zwyk\u0142a - Pako\u015b\u0107 \u2013 Kalwaria","og_description":"08.07 &#8211; 15.07.2018r. W pi\u0105tek 6 lipca zako\u0144czy\u0142o si\u0119 malowanie naszego kalwaryjskiego ko\u015bcio\u0142a. Trwa jeszcze naprawa izolacji i odwodnienia\u00a0 fundament\u00f3w naszego ko\u015bcio\u0142a. Do wtorku 10 lipca Msze \u015bw. odprawia\u0107 b\u0119dziemy przy o\u0142tarzu polowym. We wtorek 10 lipca o 18.00 zapraszamy szczeg\u00f3lnie m\u0119\u017cczyzn i m\u0142odzie\u017c m\u0119sk\u0105, by pom\u00f3c wnie\u015b\u0107 \u0142awki do ko\u015bcio\u0142a. Po Mszach \u015bw. zapraszamy &hellip;","og_url":"https:\/\/pakosc-kalwaria.franciszkanie.net\/index.php\/2018\/07\/07\/ogloszenia-duszpasterskie-xiv-niedziela-zwykla\/","og_site_name":"Pako\u015b\u0107 \u2013 Kalwaria","article_author":"https:\/\/www.facebook.com\/KalwariaPakosc\/","article_published_time":"2018-07-07T07:00:49+00:00","article_modified_time":"2018-07-06T20:29:42+00:00","og_image":[{"width":250,"height":250,"url":"https:\/\/pakosc-kalwaria.franciszkanie.net\/wp-content\/uploads\/2018\/06\/Rok-2017-2018.jpg","type":"image\/jpeg"}],"twitter_card":"summary","twitter_misc":{"Napisane przez":"pakosc-kalwaria","Szacowany czas czytania":"2 minuty"},"schema":{"@context":"https:\/\/schema.org","@graph":[{"@type":"WebSite","@id":"https:\/\/pakosc-kalwaria.franciszkanie.net\/#website","url":"https:\/\/pakosc-kalwaria.franciszkanie.net\/","name":"Pako\u015b\u0107 \u2013 Kalwaria","description":"Parafia Rzymsko \u2013 Katolicka p.w. Pana Jezusa Ukrzy\u017cowanego i  Matki Bo\u017cej Bolesnej ul. Barci\u0144ska 60, 88\u2013170 Pako\u015b\u0107 \u2013 Kalwaria","potentialAction":[{"@type":"SearchAction","target":{"@type":"EntryPoint","urlTemplate":"https:\/\/pakosc-kalwaria.franciszkanie.net\/?s={search_term_string}"},"query-input":"required name=search_term_string"}],"inLanguage":"pl-PL"},{"@type":"ImageObject","@id":"https:\/\/pakosc-kalwaria.franciszkanie.net\/index.php\/2018\/07\/07\/ogloszenia-duszpasterskie-xiv-niedziela-zwykla\/#primaryimage","inLanguage":"pl-PL","url":"https:\/\/pakosc-kalwaria.franciszkanie.net\/wp-content\/uploads\/2018\/06\/Rok-2017-2018.jpg","contentUrl":"https:\/\/pakosc-kalwaria.franciszkanie.net\/wp-content\/uploads\/2018\/06\/Rok-2017-2018.jpg","width":250,"height":250},{"@type":"WebPage","@id":"https:\/\/pakosc-kalwaria.franciszkanie.net\/index.php\/2018\/07\/07\/ogloszenia-duszpasterskie-xiv-niedziela-zwykla\/#webpage","url":"https:\/\/pakosc-kalwaria.franciszkanie.net\/index.php\/2018\/07\/07\/ogloszenia-duszpasterskie-xiv-niedziela-zwykla\/","name":"Og\u0142oszenia duszpasterskie - XIV Niedziela Zwyk\u0142a - Pako\u015b\u0107 \u2013 Kalwaria","isPartOf":{"@id":"https:\/\/pakosc-kalwaria.franciszkanie.net\/#website"},"primaryImageOfPage":{"@id":"https:\/\/pakosc-kalwaria.franciszkanie.net\/index.php\/2018\/07\/07\/ogloszenia-duszpasterskie-xiv-niedziela-zwykla\/#primaryimage"},"datePublished":"2018-07-07T07:00:49+00:00","dateModified":"2018-07-06T20:29:42+00:00","author":{"@id":"https:\/\/pakosc-kalwaria.franciszkanie.net\/#\/schema\/person\/af10b943be0760709227d060eadcb2aa"},"breadcrumb":{"@id":"https:\/\/pakosc-kalwaria.franciszkanie.net\/index.php\/2018\/07\/07\/ogloszenia-duszpasterskie-xiv-niedziela-zwykla\/#breadcrumb"},"inLanguage":"pl-PL","potentialAction":[{"@type":"ReadAction","target":["https:\/\/pakosc-kalwaria.franciszkanie.net\/index.php\/2018\/07\/07\/ogloszenia-duszpasterskie-xiv-niedziela-zwykla\/"]}]},{"@type":"BreadcrumbList","@id":"https:\/\/pakosc-kalwaria.franciszkanie.net\/index.php\/2018\/07\/07\/ogloszenia-duszpasterskie-xiv-niedziela-zwykla\/#breadcrumb","itemListElement":[{"@type":"ListItem","position":1,"name":"Strona g\u0142\u00f3wna","item":"https:\/\/pakosc-kalwaria.franciszkanie.net\/"},{"@type":"ListItem","position":2,"name":"Og\u0142oszenia duszpasterskie &#8211; XIV Niedziela Zwyk\u0142a"}]},{"@type":"Person","@id":"https:\/\/pakosc-kalwaria.franciszkanie.net\/#\/schema\/person\/af10b943be0760709227d060eadcb2aa","name":"pakosc-kalwaria","image":{"@type":"ImageObject","@id":"https:\/\/pakosc-kalwaria.franciszkanie.net\/#personlogo","inLanguage":"pl-PL","url":"https:\/\/secure.gravatar.com\/avatar\/e7049d338b55eac6a0027ff3218b8d02?s=96&d=mm&r=g","contentUrl":"https:\/\/secure.gravatar.com\/avatar\/e7049d338b55eac6a0027ff3218b8d02?s=96&d=mm&r=g","caption":"pakosc-kalwaria"},"sameAs":["https:\/\/www.facebook.com\/KalwariaPakosc\/"],"url":"https:\/\/pakosc-kalwaria.franciszkanie.net\/index.php\/author\/pakosc-kalwaria\/"}]}},"_links":{"self":[{"href":"https:\/\/pakosc-kalwaria.franciszkanie.net\/index.php\/wp-json\/wp\/v2\/posts\/6176"}],"collection":[{"href":"https:\/\/pakosc-kalwaria.franciszkanie.net\/index.php\/wp-json\/wp\/v2\/posts"}],"about":[{"href":"https:\/\/pakosc-kalwaria.franciszkanie.net\/index.php\/wp-json\/wp\/v2\/types\/post"}],"author":[{"embeddable":true,"href":"https:\/\/pakosc-kalwaria.franciszkanie.net\/index.php\/wp-json\/wp\/v2\/users\/2"}],"replies":[{"embeddable":true,"href":"https:\/\/pakosc-kalwaria.franciszkanie.net\/index.php\/wp-json\/wp\/v2\/comments?post=6176"}],"version-history":[{"count":2,"href":"https:\/\/pakosc-kalwaria.franciszkanie.net\/index.php\/wp-json\/wp\/v2\/posts\/6176\/revisions"}],"predecessor-version":[{"id":6178,"href":"https:\/\/pakosc-kalwaria.franciszkanie.net\/index.php\/wp-json\/wp\/v2\/posts\/6176\/revisions\/6178"}],"wp:featuredmedia":[{"embeddable":true,"href":"https:\/\/pakosc-kalwaria.franciszkanie.net\/index.php\/wp-json\/wp\/v2\/media\/5947"}],"wp:attachment":[{"href":"https:\/\/pakosc-kalwaria.franciszkanie.net\/index.php\/wp-json\/wp\/v2\/media?parent=6176"}],"wp:term":[{"taxonomy":"category","embeddable":true,"href":"https:\/\/pakosc-kalwaria.franciszkanie.net\/index.php\/wp-json\/wp\/v2\/categories?post=6176"},{"taxonomy":"post_tag","embeddable":true,"href":"https:\/\/pakosc-kalwaria.franciszkanie.net\/index.php\/wp-json\/wp\/v2\/tags?post=6176"}],"curies":[{"name":"wp","href":"https:\/\/api.w.org\/{rel}","templated":true}]}}