{"id":6190,"date":"2018-07-14T09:00:33","date_gmt":"2018-07-14T07:00:33","guid":{"rendered":"http:\/\/pakosc-kalwaria.franciszkanie.net\/?p=6190"},"modified":"2018-07-14T13:58:52","modified_gmt":"2018-07-14T11:58:52","slug":"ogloszenia-duszpasterskie-xv-niedziela-zwykla","status":"publish","type":"post","link":"https:\/\/pakosc-kalwaria.franciszkanie.net\/index.php\/2018\/07\/14\/ogloszenia-duszpasterskie-xv-niedziela-zwykla\/","title":{"rendered":"Og\u0142oszenia duszpasterskie &#8211; XV Niedziela Zwyk\u0142a"},"content":{"rendered":"<p><span style=\"color: #ff0000;\"><strong><span style=\"color: #ff0000;\">Z ca\u0142ego serca dzi\u0119kujemy Mi\u0142osiernemu Bogu, Panu Jezusowi Ukrzy\u017cowanemu\u00a0 i Matce Bo\u017cej Bolesnej<\/span> <\/strong><\/span><strong>z<\/strong><strong>a<\/strong><span style=\"color: #ff0000;\"><strong><span style=\"color: #000000;\"> ten wielki dar remontu i malowania naszego kalwaryjskiego ko\u015bcio\u0142a.<\/span><br \/>\n<span style=\"color: #ff0000;\">To CUD<\/span> <span style=\"color: #000000;\">Bo\u017cego Mi\u0142osierdzia, Bo\u017cej Opatrzno\u015bci, Bo\u017cej \u0141askawo\u015bci i nieustannej opieki Matki Naj\u015bwi\u0119tszej w tym miejscu!!!<\/span><\/strong><\/span><\/p>\n<p><strong><span style=\"color: #ff0000;\">Dzi\u0119kujemy wszystkim<\/span>, kt\u00f3rzy prace zwi\u0105zane z remontem i malowaniem naszego kalwaryjskiego ko\u015bcio\u0142a wykonali i nadal jeszcze wykonuj\u0105.<br \/>\n<\/strong><strong><span style=\"color: #ff0000;\">Dzi\u0119kujemy wszystkim<\/span> za ka\u017cd\u0105 modlitw\u0119 oraz za zaanga\u017cowanie i pomoc w czasie remontu i malowania naszego ko\u015bcio\u0142a.<br \/>\n<\/strong><strong><span style=\"color: #ff0000;\">Dzi\u0119kujemy wszystkim<\/span> za sk\u0142adane ofiary, tak\u017ce za te wp\u0142acane na konto naszej parafii i klasztoru. Numer konta: 20 1090 1069 0000 0001 1543 2371.<\/strong><\/p>\n<p><strong><span style=\"color: #ff0000;\">Wszystkich Dobrodziej\u00f3w tego miejsca<\/span>, zar\u00f3wno \u017cyj\u0105cych jak i zmar\u0142ych, polecamy Bo\u017cemu Mi\u0142osierdziu i Matce Bo\u017cej Bolesnej. Zapewniamy o wdzi\u0119cznej modlitwie w naszym kalwaryjskim Sanktuarium i w naszym klasztorze.\u00a0\u00a0\u00a0\u00a0\u00a0\u00a0\u00a0\u00a0 \u00a0\u00a0\u00a0\u00a0\u00a0\u00a0\u00a0\u00a0\u00a0\u00a0 <u><\/u><\/strong><\/p>\n<p><strong><span style=\"text-decoration: underline; color: #ff0000;\"><em>Dzisiaj (15.07.)<\/em><\/span><span style=\"color: #ff0000;\"><strong> &#8211;<\/strong> odpust w Parafii \u015bw. Bonawentury w Pako\u015bci. <span style=\"color: #000000;\">Suma Odpustowa o 12.30.<\/span><\/span><\/strong><\/p>\n<p><strong><span style=\"color: #ff0000;\">Dzisiaj kolekta przeznaczona jest na remont i malowanie naszego kalwaryjskiego ko\u015bcio\u0142a.<\/span><br \/>\n<\/strong><\/p>\n<p><strong><span style=\"color: #0000ff;\"><em><u>W poniedzia\u0142ek (16.07.)<\/u> <\/em>\u2013 wspomnienie NMP z G\u00f3ry Karmel \u2013 Matki Bo\u017cej Szkaplerznej.<\/span><\/strong><\/p>\n<p><strong><span style=\"color: #008000;\"><em><u>W \u015brod\u0119 (18.07.)<\/u> <\/em><\/span>\u2013 <span style=\"color: #ff0000;\">o 17.00 Msza \u015bw. za + o. Szymona Sulkowskiego z racji imienin.<\/span> Niech nasza wsp\u00f3lna modlitwa b\u0119dzie wyrazem wdzi\u0119czno\u015bci za Jego prac\u0119 dla dobra naszej Pakoskiej Kalwarii oraz dla naszego kalwaryjskiego ko\u015bcio\u0142a i parafii.<\/strong><\/p>\n<p><strong><span style=\"color: #008000;\"><em><u>W czwartek (19.07.)<\/u> <\/em><\/span>\u2013 o 17.30 nauka przed chrztem dla rodzic\u00f3w i chrzestnych. <\/strong><\/p>\n<p><strong><span style=\"color: #008000;\"><em><u>W pi\u0105tek (20.07.)<\/u><\/em> <\/span>\u2013 <span style=\"color: #ff0000;\">o 17.00 Msza \u015bw. w intencjach zbiorowych do Bo\u017cego Mi\u0142osierdzia<\/span>. Zach\u0119camy do sk\u0142adania intencji tak\u017ce w sprawach swojego codziennego \u017cycia, za swoje rodziny oraz za zmar\u0142ych. Po Mszy \u015bw. Koronka do Bo\u017cego Mi\u0142osierdzia i uczczenie Relikwii Krzy\u017ca \u015awi\u0119tego.<\/strong><\/p>\n<p><strong>Kuria naszej Prowincji Zakonnej pw. \u015bw. Franciszka z Asy\u017cu z siedzib\u0105 w Poznaniu przyjmuje kandydat\u00f3w do Zakonu:<\/strong><strong> na kap\u0142an\u00f3w oraz na braci zakonnych<\/strong><strong>. Wi\u0119cej informacji w naszym klasztorze oraz na stronie internetowej <\/strong><a href=\"http:\/\/www.franciszkanie.net\"><strong>www.franciszkanie.net<\/strong><\/a><\/p>\n<p><strong>Zapraszamy do udzia\u0142u w 36 franciszka\u0144skiej pieszej pielgrzymce z Brodnicy na Jasn\u0105 G\u00f3r\u0119 od 3 do 12 sierpnia. Zapisy w klasztorze brodnickim.<\/strong><\/p>\n<p><strong>Informujemy, \u017ce <\/strong><span style=\"color: #ff0000;\"><strong>po\u015bwi\u0119cenie pojazd\u00f3w <\/strong><\/span><strong><span style=\"color: #ff0000;\">z okazji wspomnienia \u015bw. Krzysztofa patrona kierowc\u00f3w, odb\u0119dzie si\u0119 na naszej Kalwarii w niedziel\u0119 29 lipca.<\/span> Ju\u017c dzisiaj bardzo serdecznie zapraszamy kierowc\u00f3w do wsp\u00f3lnej modlitwy.<\/strong><\/p>\n<p><strong>Pod ch\u00f3rem do nabycia \u201ePrzewodnik Katolicki\u201d. Op\u0142at\u0119 sk\u0142adamy do skarbonki.\u00a0\u00a0\u00a0 <\/strong><\/p>\n<p><strong>Wyra\u017camy wdzi\u0119czno\u015b\u0107 za z\u0142o\u017cone dzisiaj ofiary w ramach kolekty remontowej.<br \/>\n<\/strong><\/p>\n<p><strong>Niech Dobry B\u00f3g Wam wszystkim, tak\u017ce przebywaj\u0105cym na wakacjach i urlopach, obficie b\u0142ogos\u0142awi, a Matka Naj\u015bwi\u0119tsza niech otacza swoj\u0105 przemo\u017cn\u0105 opiek\u0105. \u00a0\u00a0\u00a0\u00a0\u00a0\u00a0\u00a0 <\/strong><\/p>\n<p><strong>Z darem modlitwy Bracia Mniejsi Franciszkanie z Pako\u015bci &#8211; Kalwarii<\/strong><strong>\u00a0 <\/strong><\/p>\n","protected":false},"excerpt":{"rendered":"<p>Z ca\u0142ego serca dzi\u0119kujemy Mi\u0142osiernemu Bogu, Panu Jezusowi Ukrzy\u017cowanemu\u00a0 i Matce Bo\u017cej Bolesnej za ten wielki dar remontu i malowania naszego kalwaryjskiego ko\u015bcio\u0142a. To CUD Bo\u017cego Mi\u0142osierdzia, Bo\u017cej Opatrzno\u015bci, Bo\u017cej \u0141askawo\u015bci i nieustannej opieki Matki Naj\u015bwi\u0119tszej w tym miejscu!!! Dzi\u0119kujemy wszystkim, kt\u00f3rzy prace zwi\u0105zane z remontem i malowaniem naszego kalwaryjskiego ko\u015bcio\u0142a wykonali i nadal jeszcze &hellip;<\/p>\n","protected":false},"author":2,"featured_media":5947,"comment_status":"closed","ping_status":"open","sticky":false,"template":"","format":"standard","meta":{"_mi_skip_tracking":false,"_exactmetrics_sitenote_active":false,"_exactmetrics_sitenote_note":"","_exactmetrics_sitenote_category":0},"categories":[5],"tags":[],"yoast_head":"<!-- This site is optimized with the Yoast SEO plugin v18.1 - https:\/\/yoast.com\/wordpress\/plugins\/seo\/ -->\n<title>Og\u0142oszenia duszpasterskie - XV Niedziela Zwyk\u0142a - Pako\u015b\u0107 \u2013 Kalwaria<\/title>\n<meta name=\"robots\" content=\"index, follow, max-snippet:-1, max-image-preview:large, max-video-preview:-1\" \/>\n<link rel=\"canonical\" href=\"https:\/\/pakosc-kalwaria.franciszkanie.net\/index.php\/2018\/07\/14\/ogloszenia-duszpasterskie-xv-niedziela-zwykla\/\" \/>\n<meta property=\"og:locale\" content=\"pl_PL\" \/>\n<meta property=\"og:type\" content=\"article\" \/>\n<meta property=\"og:title\" content=\"Og\u0142oszenia duszpasterskie - XV Niedziela Zwyk\u0142a - Pako\u015b\u0107 \u2013 Kalwaria\" \/>\n<meta property=\"og:description\" content=\"Z ca\u0142ego serca dzi\u0119kujemy Mi\u0142osiernemu Bogu, Panu Jezusowi Ukrzy\u017cowanemu\u00a0 i Matce Bo\u017cej Bolesnej za ten wielki dar remontu i malowania naszego kalwaryjskiego ko\u015bcio\u0142a. To CUD Bo\u017cego Mi\u0142osierdzia, Bo\u017cej Opatrzno\u015bci, Bo\u017cej \u0141askawo\u015bci i nieustannej opieki Matki Naj\u015bwi\u0119tszej w tym miejscu!!! Dzi\u0119kujemy wszystkim, kt\u00f3rzy prace zwi\u0105zane z remontem i malowaniem naszego kalwaryjskiego ko\u015bcio\u0142a wykonali i nadal jeszcze &hellip;\" \/>\n<meta property=\"og:url\" content=\"https:\/\/pakosc-kalwaria.franciszkanie.net\/index.php\/2018\/07\/14\/ogloszenia-duszpasterskie-xv-niedziela-zwykla\/\" \/>\n<meta property=\"og:site_name\" content=\"Pako\u015b\u0107 \u2013 Kalwaria\" \/>\n<meta property=\"article:author\" content=\"https:\/\/www.facebook.com\/KalwariaPakosc\/\" \/>\n<meta property=\"article:published_time\" content=\"2018-07-14T07:00:33+00:00\" \/>\n<meta property=\"article:modified_time\" content=\"2018-07-14T11:58:52+00:00\" \/>\n<meta property=\"og:image\" content=\"https:\/\/pakosc-kalwaria.franciszkanie.net\/wp-content\/uploads\/2018\/06\/Rok-2017-2018.jpg\" \/>\n\t<meta property=\"og:image:width\" content=\"250\" \/>\n\t<meta property=\"og:image:height\" content=\"250\" \/>\n\t<meta property=\"og:image:type\" content=\"image\/jpeg\" \/>\n<meta name=\"twitter:card\" content=\"summary\" \/>\n<meta name=\"twitter:label1\" content=\"Napisane przez\" \/>\n\t<meta name=\"twitter:data1\" content=\"pakosc-kalwaria\" \/>\n\t<meta name=\"twitter:label2\" content=\"Szacowany czas czytania\" \/>\n\t<meta name=\"twitter:data2\" content=\"2 minuty\" \/>\n<script type=\"application\/ld+json\" class=\"yoast-schema-graph\">{\"@context\":\"https:\/\/schema.org\",\"@graph\":[{\"@type\":\"WebSite\",\"@id\":\"https:\/\/pakosc-kalwaria.franciszkanie.net\/#website\",\"url\":\"https:\/\/pakosc-kalwaria.franciszkanie.net\/\",\"name\":\"Pako\u015b\u0107 \u2013 Kalwaria\",\"description\":\"Parafia Rzymsko \u2013 Katolicka p.w. Pana Jezusa Ukrzy\u017cowanego i  Matki Bo\u017cej Bolesnej ul. Barci\u0144ska 60, 88\u2013170 Pako\u015b\u0107 \u2013 Kalwaria\",\"potentialAction\":[{\"@type\":\"SearchAction\",\"target\":{\"@type\":\"EntryPoint\",\"urlTemplate\":\"https:\/\/pakosc-kalwaria.franciszkanie.net\/?s={search_term_string}\"},\"query-input\":\"required name=search_term_string\"}],\"inLanguage\":\"pl-PL\"},{\"@type\":\"ImageObject\",\"@id\":\"https:\/\/pakosc-kalwaria.franciszkanie.net\/index.php\/2018\/07\/14\/ogloszenia-duszpasterskie-xv-niedziela-zwykla\/#primaryimage\",\"inLanguage\":\"pl-PL\",\"url\":\"https:\/\/pakosc-kalwaria.franciszkanie.net\/wp-content\/uploads\/2018\/06\/Rok-2017-2018.jpg\",\"contentUrl\":\"https:\/\/pakosc-kalwaria.franciszkanie.net\/wp-content\/uploads\/2018\/06\/Rok-2017-2018.jpg\",\"width\":250,\"height\":250},{\"@type\":\"WebPage\",\"@id\":\"https:\/\/pakosc-kalwaria.franciszkanie.net\/index.php\/2018\/07\/14\/ogloszenia-duszpasterskie-xv-niedziela-zwykla\/#webpage\",\"url\":\"https:\/\/pakosc-kalwaria.franciszkanie.net\/index.php\/2018\/07\/14\/ogloszenia-duszpasterskie-xv-niedziela-zwykla\/\",\"name\":\"Og\u0142oszenia duszpasterskie - XV Niedziela Zwyk\u0142a - Pako\u015b\u0107 \u2013 Kalwaria\",\"isPartOf\":{\"@id\":\"https:\/\/pakosc-kalwaria.franciszkanie.net\/#website\"},\"primaryImageOfPage\":{\"@id\":\"https:\/\/pakosc-kalwaria.franciszkanie.net\/index.php\/2018\/07\/14\/ogloszenia-duszpasterskie-xv-niedziela-zwykla\/#primaryimage\"},\"datePublished\":\"2018-07-14T07:00:33+00:00\",\"dateModified\":\"2018-07-14T11:58:52+00:00\",\"author\":{\"@id\":\"https:\/\/pakosc-kalwaria.franciszkanie.net\/#\/schema\/person\/af10b943be0760709227d060eadcb2aa\"},\"breadcrumb\":{\"@id\":\"https:\/\/pakosc-kalwaria.franciszkanie.net\/index.php\/2018\/07\/14\/ogloszenia-duszpasterskie-xv-niedziela-zwykla\/#breadcrumb\"},\"inLanguage\":\"pl-PL\",\"potentialAction\":[{\"@type\":\"ReadAction\",\"target\":[\"https:\/\/pakosc-kalwaria.franciszkanie.net\/index.php\/2018\/07\/14\/ogloszenia-duszpasterskie-xv-niedziela-zwykla\/\"]}]},{\"@type\":\"BreadcrumbList\",\"@id\":\"https:\/\/pakosc-kalwaria.franciszkanie.net\/index.php\/2018\/07\/14\/ogloszenia-duszpasterskie-xv-niedziela-zwykla\/#breadcrumb\",\"itemListElement\":[{\"@type\":\"ListItem\",\"position\":1,\"name\":\"Strona g\u0142\u00f3wna\",\"item\":\"https:\/\/pakosc-kalwaria.franciszkanie.net\/\"},{\"@type\":\"ListItem\",\"position\":2,\"name\":\"Og\u0142oszenia duszpasterskie &#8211; XV Niedziela Zwyk\u0142a\"}]},{\"@type\":\"Person\",\"@id\":\"https:\/\/pakosc-kalwaria.franciszkanie.net\/#\/schema\/person\/af10b943be0760709227d060eadcb2aa\",\"name\":\"pakosc-kalwaria\",\"image\":{\"@type\":\"ImageObject\",\"@id\":\"https:\/\/pakosc-kalwaria.franciszkanie.net\/#personlogo\",\"inLanguage\":\"pl-PL\",\"url\":\"https:\/\/secure.gravatar.com\/avatar\/e7049d338b55eac6a0027ff3218b8d02?s=96&d=mm&r=g\",\"contentUrl\":\"https:\/\/secure.gravatar.com\/avatar\/e7049d338b55eac6a0027ff3218b8d02?s=96&d=mm&r=g\",\"caption\":\"pakosc-kalwaria\"},\"sameAs\":[\"https:\/\/www.facebook.com\/KalwariaPakosc\/\"],\"url\":\"https:\/\/pakosc-kalwaria.franciszkanie.net\/index.php\/author\/pakosc-kalwaria\/\"}]}<\/script>\n<!-- \/ Yoast SEO plugin. -->","yoast_head_json":{"title":"Og\u0142oszenia duszpasterskie - XV Niedziela Zwyk\u0142a - Pako\u015b\u0107 \u2013 Kalwaria","robots":{"index":"index","follow":"follow","max-snippet":"max-snippet:-1","max-image-preview":"max-image-preview:large","max-video-preview":"max-video-preview:-1"},"canonical":"https:\/\/pakosc-kalwaria.franciszkanie.net\/index.php\/2018\/07\/14\/ogloszenia-duszpasterskie-xv-niedziela-zwykla\/","og_locale":"pl_PL","og_type":"article","og_title":"Og\u0142oszenia duszpasterskie - XV Niedziela Zwyk\u0142a - Pako\u015b\u0107 \u2013 Kalwaria","og_description":"Z ca\u0142ego serca dzi\u0119kujemy Mi\u0142osiernemu Bogu, Panu Jezusowi Ukrzy\u017cowanemu\u00a0 i Matce Bo\u017cej Bolesnej za ten wielki dar remontu i malowania naszego kalwaryjskiego ko\u015bcio\u0142a. To CUD Bo\u017cego Mi\u0142osierdzia, Bo\u017cej Opatrzno\u015bci, Bo\u017cej \u0141askawo\u015bci i nieustannej opieki Matki Naj\u015bwi\u0119tszej w tym miejscu!!! Dzi\u0119kujemy wszystkim, kt\u00f3rzy prace zwi\u0105zane z remontem i malowaniem naszego kalwaryjskiego ko\u015bcio\u0142a wykonali i nadal jeszcze &hellip;","og_url":"https:\/\/pakosc-kalwaria.franciszkanie.net\/index.php\/2018\/07\/14\/ogloszenia-duszpasterskie-xv-niedziela-zwykla\/","og_site_name":"Pako\u015b\u0107 \u2013 Kalwaria","article_author":"https:\/\/www.facebook.com\/KalwariaPakosc\/","article_published_time":"2018-07-14T07:00:33+00:00","article_modified_time":"2018-07-14T11:58:52+00:00","og_image":[{"width":250,"height":250,"url":"https:\/\/pakosc-kalwaria.franciszkanie.net\/wp-content\/uploads\/2018\/06\/Rok-2017-2018.jpg","type":"image\/jpeg"}],"twitter_card":"summary","twitter_misc":{"Napisane przez":"pakosc-kalwaria","Szacowany czas czytania":"2 minuty"},"schema":{"@context":"https:\/\/schema.org","@graph":[{"@type":"WebSite","@id":"https:\/\/pakosc-kalwaria.franciszkanie.net\/#website","url":"https:\/\/pakosc-kalwaria.franciszkanie.net\/","name":"Pako\u015b\u0107 \u2013 Kalwaria","description":"Parafia Rzymsko \u2013 Katolicka p.w. Pana Jezusa Ukrzy\u017cowanego i  Matki Bo\u017cej Bolesnej ul. Barci\u0144ska 60, 88\u2013170 Pako\u015b\u0107 \u2013 Kalwaria","potentialAction":[{"@type":"SearchAction","target":{"@type":"EntryPoint","urlTemplate":"https:\/\/pakosc-kalwaria.franciszkanie.net\/?s={search_term_string}"},"query-input":"required name=search_term_string"}],"inLanguage":"pl-PL"},{"@type":"ImageObject","@id":"https:\/\/pakosc-kalwaria.franciszkanie.net\/index.php\/2018\/07\/14\/ogloszenia-duszpasterskie-xv-niedziela-zwykla\/#primaryimage","inLanguage":"pl-PL","url":"https:\/\/pakosc-kalwaria.franciszkanie.net\/wp-content\/uploads\/2018\/06\/Rok-2017-2018.jpg","contentUrl":"https:\/\/pakosc-kalwaria.franciszkanie.net\/wp-content\/uploads\/2018\/06\/Rok-2017-2018.jpg","width":250,"height":250},{"@type":"WebPage","@id":"https:\/\/pakosc-kalwaria.franciszkanie.net\/index.php\/2018\/07\/14\/ogloszenia-duszpasterskie-xv-niedziela-zwykla\/#webpage","url":"https:\/\/pakosc-kalwaria.franciszkanie.net\/index.php\/2018\/07\/14\/ogloszenia-duszpasterskie-xv-niedziela-zwykla\/","name":"Og\u0142oszenia duszpasterskie - XV Niedziela Zwyk\u0142a - Pako\u015b\u0107 \u2013 Kalwaria","isPartOf":{"@id":"https:\/\/pakosc-kalwaria.franciszkanie.net\/#website"},"primaryImageOfPage":{"@id":"https:\/\/pakosc-kalwaria.franciszkanie.net\/index.php\/2018\/07\/14\/ogloszenia-duszpasterskie-xv-niedziela-zwykla\/#primaryimage"},"datePublished":"2018-07-14T07:00:33+00:00","dateModified":"2018-07-14T11:58:52+00:00","author":{"@id":"https:\/\/pakosc-kalwaria.franciszkanie.net\/#\/schema\/person\/af10b943be0760709227d060eadcb2aa"},"breadcrumb":{"@id":"https:\/\/pakosc-kalwaria.franciszkanie.net\/index.php\/2018\/07\/14\/ogloszenia-duszpasterskie-xv-niedziela-zwykla\/#breadcrumb"},"inLanguage":"pl-PL","potentialAction":[{"@type":"ReadAction","target":["https:\/\/pakosc-kalwaria.franciszkanie.net\/index.php\/2018\/07\/14\/ogloszenia-duszpasterskie-xv-niedziela-zwykla\/"]}]},{"@type":"BreadcrumbList","@id":"https:\/\/pakosc-kalwaria.franciszkanie.net\/index.php\/2018\/07\/14\/ogloszenia-duszpasterskie-xv-niedziela-zwykla\/#breadcrumb","itemListElement":[{"@type":"ListItem","position":1,"name":"Strona g\u0142\u00f3wna","item":"https:\/\/pakosc-kalwaria.franciszkanie.net\/"},{"@type":"ListItem","position":2,"name":"Og\u0142oszenia duszpasterskie &#8211; XV Niedziela Zwyk\u0142a"}]},{"@type":"Person","@id":"https:\/\/pakosc-kalwaria.franciszkanie.net\/#\/schema\/person\/af10b943be0760709227d060eadcb2aa","name":"pakosc-kalwaria","image":{"@type":"ImageObject","@id":"https:\/\/pakosc-kalwaria.franciszkanie.net\/#personlogo","inLanguage":"pl-PL","url":"https:\/\/secure.gravatar.com\/avatar\/e7049d338b55eac6a0027ff3218b8d02?s=96&d=mm&r=g","contentUrl":"https:\/\/secure.gravatar.com\/avatar\/e7049d338b55eac6a0027ff3218b8d02?s=96&d=mm&r=g","caption":"pakosc-kalwaria"},"sameAs":["https:\/\/www.facebook.com\/KalwariaPakosc\/"],"url":"https:\/\/pakosc-kalwaria.franciszkanie.net\/index.php\/author\/pakosc-kalwaria\/"}]}},"_links":{"self":[{"href":"https:\/\/pakosc-kalwaria.franciszkanie.net\/index.php\/wp-json\/wp\/v2\/posts\/6190"}],"collection":[{"href":"https:\/\/pakosc-kalwaria.franciszkanie.net\/index.php\/wp-json\/wp\/v2\/posts"}],"about":[{"href":"https:\/\/pakosc-kalwaria.franciszkanie.net\/index.php\/wp-json\/wp\/v2\/types\/post"}],"author":[{"embeddable":true,"href":"https:\/\/pakosc-kalwaria.franciszkanie.net\/index.php\/wp-json\/wp\/v2\/users\/2"}],"replies":[{"embeddable":true,"href":"https:\/\/pakosc-kalwaria.franciszkanie.net\/index.php\/wp-json\/wp\/v2\/comments?post=6190"}],"version-history":[{"count":15,"href":"https:\/\/pakosc-kalwaria.franciszkanie.net\/index.php\/wp-json\/wp\/v2\/posts\/6190\/revisions"}],"predecessor-version":[{"id":6209,"href":"https:\/\/pakosc-kalwaria.franciszkanie.net\/index.php\/wp-json\/wp\/v2\/posts\/6190\/revisions\/6209"}],"wp:featuredmedia":[{"embeddable":true,"href":"https:\/\/pakosc-kalwaria.franciszkanie.net\/index.php\/wp-json\/wp\/v2\/media\/5947"}],"wp:attachment":[{"href":"https:\/\/pakosc-kalwaria.franciszkanie.net\/index.php\/wp-json\/wp\/v2\/media?parent=6190"}],"wp:term":[{"taxonomy":"category","embeddable":true,"href":"https:\/\/pakosc-kalwaria.franciszkanie.net\/index.php\/wp-json\/wp\/v2\/categories?post=6190"},{"taxonomy":"post_tag","embeddable":true,"href":"https:\/\/pakosc-kalwaria.franciszkanie.net\/index.php\/wp-json\/wp\/v2\/tags?post=6190"}],"curies":[{"name":"wp","href":"https:\/\/api.w.org\/{rel}","templated":true}]}}