{"id":6200,"date":"2018-09-01T11:00:10","date_gmt":"2018-09-01T09:00:10","guid":{"rendered":"http:\/\/pakosc-kalwaria.franciszkanie.net\/?p=6200"},"modified":"2018-09-07T23:21:29","modified_gmt":"2018-09-07T21:21:29","slug":"dziekujemy-remont-malowanie-kalwaryjskiego-kosciola","status":"publish","type":"post","link":"https:\/\/pakosc-kalwaria.franciszkanie.net\/index.php\/2018\/09\/01\/dziekujemy-remont-malowanie-kalwaryjskiego-kosciola\/","title":{"rendered":"Dzi\u0119kujemy za remont i malowanie kalwaryjskiego ko\u015bcio\u0142a (foto w galerii)"},"content":{"rendered":"<p><strong><span style=\"color: #ff0000;\">Z ca\u0142ego serca dzi\u0119kujemy Mi\u0142osiernemu Bogu, Panu Jezusowi Ukrzy\u017cowanemu\u00a0 i Matce Bo\u017cej<\/span> <span style=\"color: #ff0000;\">Bolesnej<\/span> za ten wielki dar remontu i malowania naszego kalwaryjskiego ko\u015bcio\u0142a.<br \/>\n<span style=\"color: #ff0000;\">To cud<\/span> Bo\u017cego Mi\u0142osierdzia, Bo\u017cej Opatrzno\u015bci, Bo\u017cej \u0141askawo\u015bci i nieustannej opieki Matki Naj\u015bwi\u0119tszej!!!<br \/>\n<span style=\"color: #ff0000;\"><br \/>\nDzi\u0119kujemy wszystkim<\/span>, kt\u00f3rzy prace zwi\u0105zane z remontem i malowaniem naszego kalwaryjskiego ko\u015bcio\u0142a wykonali i nadal jeszcze wykonuj\u0105.<br \/>\n<span style=\"color: #ff0000;\">Dzi\u0119kujemy wszystkim<\/span> za ka\u017cd\u0105 modlitw\u0119 oraz za zaanga\u017cowanie<br \/>\ni pomoc w czasie remontu i malowania naszego ko\u015bcio\u0142a.<\/strong><strong><br \/>\n<span style=\"color: #ff0000;\">Dzi\u0119kujemy wszystkim<\/span> za sk\u0142adane ofiary, tak\u017ce za te wp\u0142acane na konto naszej parafii i klasztoru. Numer konta: 20 1090 1069 0000 0001 1543 2371.<br \/>\n<span style=\"color: #ff0000;\">Wszystkich Dobrodziej\u00f3w tego miejsca<\/span>, zar\u00f3wno \u017cyj\u0105cych jak<br \/>\ni zmar\u0142ych, polecamy Bo\u017cemu Mi\u0142osierdziu i Matce Bo\u017cej Bolesnej. \u00a0\u00a0\u00a0\u00a0\u00a0\u00a0\u00a0\u00a0 Zapewniamy o wdzi\u0119cznej modlitwie w naszym kalwaryjskim Sanktuarium i w naszym klasztorze.<\/strong><\/p>\n<p><strong>Bracia Mniejsi Franciszkanie z Pako\u015bci &#8211; Kalwarii<\/strong><\/p>\n<p><strong><br \/>\n<span style=\"color: #ff0000;\">Pierwszy etap<\/span> <\/strong>remontu naszego ko\u015bcio\u0142a (od 21 maja &#8211; 16 czerwca) obejmowa\u0142 ca\u0142kowit\u0105 wymian\u0119 instalacji elektrycznej, mikrofonowej i g\u0142o\u015bnikowej.<\/p>\n<p><strong><span style=\"color: #ff0000;\">Drugi etap<\/span> <\/strong>remontu naszego ko\u015bcio\u0142a (od 18 czerwca do 6 lipca) obejmowa\u0142 prace sztukatorskie, drapanie i uzupe\u0142nianie tynk\u00f3w, malowanie ko\u015bcio\u0142a i zakrystii, szklenie wewn\u0119trznych okien w ko\u015bciele szk\u0142em antycznym, uporz\u0105dkowanie instalacji centralnego ogrzewania oraz o\u015bwietlenia ko\u015bcio\u0142a, zawieszenie na jednej \u015bcianie tablic pami\u0105tkowych, zawieszenie wot dzi\u0119kczynnych na bocznych\u00a0 \u015bcianach, zmian\u0119 &#8222;parapet\u00f3w&#8221; nad kaloryferami oraz renowacj\u0119 zabytkowych drzwi w zakrystii.<\/p>\n<p><strong><span style=\"color: #ff0000;\">Trzeci etap<\/span> <\/strong>remontu naszego ko\u015bcio\u0142a (od 25 czerwca) obj\u0105\u0142 napraw\u0119 izolacji fundament\u00f3w oraz odwodnienia naszego ko\u015bcio\u0142a. Zako\u0144czony 4 wrze\u015bnia. \u00a0<strong> \u00a0\u00a0\u00a0\u00a0\u00a0\u00a0\u00a0\u00a0\u00a0\u00a0\u00a0\u00a0\u00a0\u00a0\u00a0\u00a0\u00a0\u00a0\u00a0\u00a0\u00a0\u00a0\u00a0\u00a0 <\/strong><\/p>\n","protected":false},"excerpt":{"rendered":"<p>Z ca\u0142ego serca dzi\u0119kujemy Mi\u0142osiernemu Bogu, Panu Jezusowi Ukrzy\u017cowanemu\u00a0 i Matce Bo\u017cej Bolesnej za ten wielki dar remontu i malowania naszego kalwaryjskiego ko\u015bcio\u0142a. To cud Bo\u017cego Mi\u0142osierdzia, Bo\u017cej Opatrzno\u015bci, Bo\u017cej \u0141askawo\u015bci i nieustannej opieki Matki Naj\u015bwi\u0119tszej!!! Dzi\u0119kujemy wszystkim, kt\u00f3rzy prace zwi\u0105zane z remontem i malowaniem naszego kalwaryjskiego ko\u015bcio\u0142a wykonali i nadal jeszcze wykonuj\u0105. Dzi\u0119kujemy wszystkim &hellip;<\/p>\n","protected":false},"author":2,"featured_media":6426,"comment_status":"closed","ping_status":"open","sticky":false,"template":"","format":"standard","meta":{"_mi_skip_tracking":false,"_exactmetrics_sitenote_active":false,"_exactmetrics_sitenote_note":"","_exactmetrics_sitenote_category":0},"categories":[5,1],"tags":[],"yoast_head":"<!-- This site is optimized with the Yoast SEO plugin v18.1 - https:\/\/yoast.com\/wordpress\/plugins\/seo\/ -->\n<title>Dzi\u0119kujemy za remont i malowanie kalwaryjskiego ko\u015bcio\u0142a (foto w galerii) - Pako\u015b\u0107 \u2013 Kalwaria<\/title>\n<meta name=\"robots\" content=\"index, follow, max-snippet:-1, max-image-preview:large, max-video-preview:-1\" \/>\n<link rel=\"canonical\" href=\"https:\/\/pakosc-kalwaria.franciszkanie.net\/index.php\/2018\/09\/01\/dziekujemy-remont-malowanie-kalwaryjskiego-kosciola\/\" \/>\n<meta property=\"og:locale\" content=\"pl_PL\" \/>\n<meta property=\"og:type\" content=\"article\" \/>\n<meta property=\"og:title\" content=\"Dzi\u0119kujemy za remont i malowanie kalwaryjskiego ko\u015bcio\u0142a (foto w galerii) - Pako\u015b\u0107 \u2013 Kalwaria\" \/>\n<meta property=\"og:description\" content=\"Z ca\u0142ego serca dzi\u0119kujemy Mi\u0142osiernemu Bogu, Panu Jezusowi Ukrzy\u017cowanemu\u00a0 i Matce Bo\u017cej Bolesnej za ten wielki dar remontu i malowania naszego kalwaryjskiego ko\u015bcio\u0142a. To cud Bo\u017cego Mi\u0142osierdzia, Bo\u017cej Opatrzno\u015bci, Bo\u017cej \u0141askawo\u015bci i nieustannej opieki Matki Naj\u015bwi\u0119tszej!!! Dzi\u0119kujemy wszystkim, kt\u00f3rzy prace zwi\u0105zane z remontem i malowaniem naszego kalwaryjskiego ko\u015bcio\u0142a wykonali i nadal jeszcze wykonuj\u0105. Dzi\u0119kujemy wszystkim &hellip;\" \/>\n<meta property=\"og:url\" content=\"https:\/\/pakosc-kalwaria.franciszkanie.net\/index.php\/2018\/09\/01\/dziekujemy-remont-malowanie-kalwaryjskiego-kosciola\/\" \/>\n<meta property=\"og:site_name\" content=\"Pako\u015b\u0107 \u2013 Kalwaria\" \/>\n<meta property=\"article:author\" content=\"https:\/\/www.facebook.com\/KalwariaPakosc\/\" \/>\n<meta property=\"article:published_time\" content=\"2018-09-01T09:00:10+00:00\" \/>\n<meta property=\"article:modified_time\" content=\"2018-09-07T21:21:29+00:00\" \/>\n<meta property=\"og:image\" content=\"https:\/\/pakosc-kalwaria.franciszkanie.net\/wp-content\/uploads\/2018\/07\/DSCN1602-3.jpg\" \/>\n\t<meta property=\"og:image:width\" content=\"300\" \/>\n\t<meta property=\"og:image:height\" content=\"225\" \/>\n\t<meta property=\"og:image:type\" content=\"image\/jpeg\" \/>\n<meta name=\"twitter:card\" content=\"summary\" \/>\n<meta name=\"twitter:label1\" content=\"Napisane przez\" \/>\n\t<meta name=\"twitter:data1\" content=\"pakosc-kalwaria\" \/>\n\t<meta name=\"twitter:label2\" content=\"Szacowany czas czytania\" \/>\n\t<meta name=\"twitter:data2\" content=\"1 minuta\" \/>\n<script type=\"application\/ld+json\" class=\"yoast-schema-graph\">{\"@context\":\"https:\/\/schema.org\",\"@graph\":[{\"@type\":\"WebSite\",\"@id\":\"https:\/\/pakosc-kalwaria.franciszkanie.net\/#website\",\"url\":\"https:\/\/pakosc-kalwaria.franciszkanie.net\/\",\"name\":\"Pako\u015b\u0107 \u2013 Kalwaria\",\"description\":\"Parafia Rzymsko \u2013 Katolicka p.w. Pana Jezusa Ukrzy\u017cowanego i  Matki Bo\u017cej Bolesnej ul. Barci\u0144ska 60, 88\u2013170 Pako\u015b\u0107 \u2013 Kalwaria\",\"potentialAction\":[{\"@type\":\"SearchAction\",\"target\":{\"@type\":\"EntryPoint\",\"urlTemplate\":\"https:\/\/pakosc-kalwaria.franciszkanie.net\/?s={search_term_string}\"},\"query-input\":\"required name=search_term_string\"}],\"inLanguage\":\"pl-PL\"},{\"@type\":\"ImageObject\",\"@id\":\"https:\/\/pakosc-kalwaria.franciszkanie.net\/index.php\/2018\/09\/01\/dziekujemy-remont-malowanie-kalwaryjskiego-kosciola\/#primaryimage\",\"inLanguage\":\"pl-PL\",\"url\":\"https:\/\/pakosc-kalwaria.franciszkanie.net\/wp-content\/uploads\/2018\/07\/DSCN1602-3.jpg\",\"contentUrl\":\"https:\/\/pakosc-kalwaria.franciszkanie.net\/wp-content\/uploads\/2018\/07\/DSCN1602-3.jpg\",\"width\":300,\"height\":225},{\"@type\":\"WebPage\",\"@id\":\"https:\/\/pakosc-kalwaria.franciszkanie.net\/index.php\/2018\/09\/01\/dziekujemy-remont-malowanie-kalwaryjskiego-kosciola\/#webpage\",\"url\":\"https:\/\/pakosc-kalwaria.franciszkanie.net\/index.php\/2018\/09\/01\/dziekujemy-remont-malowanie-kalwaryjskiego-kosciola\/\",\"name\":\"Dzi\u0119kujemy za remont i malowanie kalwaryjskiego ko\u015bcio\u0142a (foto w galerii) - Pako\u015b\u0107 \u2013 Kalwaria\",\"isPartOf\":{\"@id\":\"https:\/\/pakosc-kalwaria.franciszkanie.net\/#website\"},\"primaryImageOfPage\":{\"@id\":\"https:\/\/pakosc-kalwaria.franciszkanie.net\/index.php\/2018\/09\/01\/dziekujemy-remont-malowanie-kalwaryjskiego-kosciola\/#primaryimage\"},\"datePublished\":\"2018-09-01T09:00:10+00:00\",\"dateModified\":\"2018-09-07T21:21:29+00:00\",\"author\":{\"@id\":\"https:\/\/pakosc-kalwaria.franciszkanie.net\/#\/schema\/person\/af10b943be0760709227d060eadcb2aa\"},\"breadcrumb\":{\"@id\":\"https:\/\/pakosc-kalwaria.franciszkanie.net\/index.php\/2018\/09\/01\/dziekujemy-remont-malowanie-kalwaryjskiego-kosciola\/#breadcrumb\"},\"inLanguage\":\"pl-PL\",\"potentialAction\":[{\"@type\":\"ReadAction\",\"target\":[\"https:\/\/pakosc-kalwaria.franciszkanie.net\/index.php\/2018\/09\/01\/dziekujemy-remont-malowanie-kalwaryjskiego-kosciola\/\"]}]},{\"@type\":\"BreadcrumbList\",\"@id\":\"https:\/\/pakosc-kalwaria.franciszkanie.net\/index.php\/2018\/09\/01\/dziekujemy-remont-malowanie-kalwaryjskiego-kosciola\/#breadcrumb\",\"itemListElement\":[{\"@type\":\"ListItem\",\"position\":1,\"name\":\"Strona g\u0142\u00f3wna\",\"item\":\"https:\/\/pakosc-kalwaria.franciszkanie.net\/\"},{\"@type\":\"ListItem\",\"position\":2,\"name\":\"Dzi\u0119kujemy za remont i malowanie kalwaryjskiego ko\u015bcio\u0142a (foto w galerii)\"}]},{\"@type\":\"Person\",\"@id\":\"https:\/\/pakosc-kalwaria.franciszkanie.net\/#\/schema\/person\/af10b943be0760709227d060eadcb2aa\",\"name\":\"pakosc-kalwaria\",\"image\":{\"@type\":\"ImageObject\",\"@id\":\"https:\/\/pakosc-kalwaria.franciszkanie.net\/#personlogo\",\"inLanguage\":\"pl-PL\",\"url\":\"https:\/\/secure.gravatar.com\/avatar\/e7049d338b55eac6a0027ff3218b8d02?s=96&d=mm&r=g\",\"contentUrl\":\"https:\/\/secure.gravatar.com\/avatar\/e7049d338b55eac6a0027ff3218b8d02?s=96&d=mm&r=g\",\"caption\":\"pakosc-kalwaria\"},\"sameAs\":[\"https:\/\/www.facebook.com\/KalwariaPakosc\/\"],\"url\":\"https:\/\/pakosc-kalwaria.franciszkanie.net\/index.php\/author\/pakosc-kalwaria\/\"}]}<\/script>\n<!-- \/ Yoast SEO plugin. -->","yoast_head_json":{"title":"Dzi\u0119kujemy za remont i malowanie kalwaryjskiego ko\u015bcio\u0142a (foto w galerii) - Pako\u015b\u0107 \u2013 Kalwaria","robots":{"index":"index","follow":"follow","max-snippet":"max-snippet:-1","max-image-preview":"max-image-preview:large","max-video-preview":"max-video-preview:-1"},"canonical":"https:\/\/pakosc-kalwaria.franciszkanie.net\/index.php\/2018\/09\/01\/dziekujemy-remont-malowanie-kalwaryjskiego-kosciola\/","og_locale":"pl_PL","og_type":"article","og_title":"Dzi\u0119kujemy za remont i malowanie kalwaryjskiego ko\u015bcio\u0142a (foto w galerii) - Pako\u015b\u0107 \u2013 Kalwaria","og_description":"Z ca\u0142ego serca dzi\u0119kujemy Mi\u0142osiernemu Bogu, Panu Jezusowi Ukrzy\u017cowanemu\u00a0 i Matce Bo\u017cej Bolesnej za ten wielki dar remontu i malowania naszego kalwaryjskiego ko\u015bcio\u0142a. To cud Bo\u017cego Mi\u0142osierdzia, Bo\u017cej Opatrzno\u015bci, Bo\u017cej \u0141askawo\u015bci i nieustannej opieki Matki Naj\u015bwi\u0119tszej!!! Dzi\u0119kujemy wszystkim, kt\u00f3rzy prace zwi\u0105zane z remontem i malowaniem naszego kalwaryjskiego ko\u015bcio\u0142a wykonali i nadal jeszcze wykonuj\u0105. Dzi\u0119kujemy wszystkim &hellip;","og_url":"https:\/\/pakosc-kalwaria.franciszkanie.net\/index.php\/2018\/09\/01\/dziekujemy-remont-malowanie-kalwaryjskiego-kosciola\/","og_site_name":"Pako\u015b\u0107 \u2013 Kalwaria","article_author":"https:\/\/www.facebook.com\/KalwariaPakosc\/","article_published_time":"2018-09-01T09:00:10+00:00","article_modified_time":"2018-09-07T21:21:29+00:00","og_image":[{"width":300,"height":225,"url":"https:\/\/pakosc-kalwaria.franciszkanie.net\/wp-content\/uploads\/2018\/07\/DSCN1602-3.jpg","type":"image\/jpeg"}],"twitter_card":"summary","twitter_misc":{"Napisane przez":"pakosc-kalwaria","Szacowany czas czytania":"1 minuta"},"schema":{"@context":"https:\/\/schema.org","@graph":[{"@type":"WebSite","@id":"https:\/\/pakosc-kalwaria.franciszkanie.net\/#website","url":"https:\/\/pakosc-kalwaria.franciszkanie.net\/","name":"Pako\u015b\u0107 \u2013 Kalwaria","description":"Parafia Rzymsko \u2013 Katolicka p.w. Pana Jezusa Ukrzy\u017cowanego i  Matki Bo\u017cej Bolesnej ul. Barci\u0144ska 60, 88\u2013170 Pako\u015b\u0107 \u2013 Kalwaria","potentialAction":[{"@type":"SearchAction","target":{"@type":"EntryPoint","urlTemplate":"https:\/\/pakosc-kalwaria.franciszkanie.net\/?s={search_term_string}"},"query-input":"required name=search_term_string"}],"inLanguage":"pl-PL"},{"@type":"ImageObject","@id":"https:\/\/pakosc-kalwaria.franciszkanie.net\/index.php\/2018\/09\/01\/dziekujemy-remont-malowanie-kalwaryjskiego-kosciola\/#primaryimage","inLanguage":"pl-PL","url":"https:\/\/pakosc-kalwaria.franciszkanie.net\/wp-content\/uploads\/2018\/07\/DSCN1602-3.jpg","contentUrl":"https:\/\/pakosc-kalwaria.franciszkanie.net\/wp-content\/uploads\/2018\/07\/DSCN1602-3.jpg","width":300,"height":225},{"@type":"WebPage","@id":"https:\/\/pakosc-kalwaria.franciszkanie.net\/index.php\/2018\/09\/01\/dziekujemy-remont-malowanie-kalwaryjskiego-kosciola\/#webpage","url":"https:\/\/pakosc-kalwaria.franciszkanie.net\/index.php\/2018\/09\/01\/dziekujemy-remont-malowanie-kalwaryjskiego-kosciola\/","name":"Dzi\u0119kujemy za remont i malowanie kalwaryjskiego ko\u015bcio\u0142a (foto w galerii) - Pako\u015b\u0107 \u2013 Kalwaria","isPartOf":{"@id":"https:\/\/pakosc-kalwaria.franciszkanie.net\/#website"},"primaryImageOfPage":{"@id":"https:\/\/pakosc-kalwaria.franciszkanie.net\/index.php\/2018\/09\/01\/dziekujemy-remont-malowanie-kalwaryjskiego-kosciola\/#primaryimage"},"datePublished":"2018-09-01T09:00:10+00:00","dateModified":"2018-09-07T21:21:29+00:00","author":{"@id":"https:\/\/pakosc-kalwaria.franciszkanie.net\/#\/schema\/person\/af10b943be0760709227d060eadcb2aa"},"breadcrumb":{"@id":"https:\/\/pakosc-kalwaria.franciszkanie.net\/index.php\/2018\/09\/01\/dziekujemy-remont-malowanie-kalwaryjskiego-kosciola\/#breadcrumb"},"inLanguage":"pl-PL","potentialAction":[{"@type":"ReadAction","target":["https:\/\/pakosc-kalwaria.franciszkanie.net\/index.php\/2018\/09\/01\/dziekujemy-remont-malowanie-kalwaryjskiego-kosciola\/"]}]},{"@type":"BreadcrumbList","@id":"https:\/\/pakosc-kalwaria.franciszkanie.net\/index.php\/2018\/09\/01\/dziekujemy-remont-malowanie-kalwaryjskiego-kosciola\/#breadcrumb","itemListElement":[{"@type":"ListItem","position":1,"name":"Strona g\u0142\u00f3wna","item":"https:\/\/pakosc-kalwaria.franciszkanie.net\/"},{"@type":"ListItem","position":2,"name":"Dzi\u0119kujemy za remont i malowanie kalwaryjskiego ko\u015bcio\u0142a (foto w galerii)"}]},{"@type":"Person","@id":"https:\/\/pakosc-kalwaria.franciszkanie.net\/#\/schema\/person\/af10b943be0760709227d060eadcb2aa","name":"pakosc-kalwaria","image":{"@type":"ImageObject","@id":"https:\/\/pakosc-kalwaria.franciszkanie.net\/#personlogo","inLanguage":"pl-PL","url":"https:\/\/secure.gravatar.com\/avatar\/e7049d338b55eac6a0027ff3218b8d02?s=96&d=mm&r=g","contentUrl":"https:\/\/secure.gravatar.com\/avatar\/e7049d338b55eac6a0027ff3218b8d02?s=96&d=mm&r=g","caption":"pakosc-kalwaria"},"sameAs":["https:\/\/www.facebook.com\/KalwariaPakosc\/"],"url":"https:\/\/pakosc-kalwaria.franciszkanie.net\/index.php\/author\/pakosc-kalwaria\/"}]}},"_links":{"self":[{"href":"https:\/\/pakosc-kalwaria.franciszkanie.net\/index.php\/wp-json\/wp\/v2\/posts\/6200"}],"collection":[{"href":"https:\/\/pakosc-kalwaria.franciszkanie.net\/index.php\/wp-json\/wp\/v2\/posts"}],"about":[{"href":"https:\/\/pakosc-kalwaria.franciszkanie.net\/index.php\/wp-json\/wp\/v2\/types\/post"}],"author":[{"embeddable":true,"href":"https:\/\/pakosc-kalwaria.franciszkanie.net\/index.php\/wp-json\/wp\/v2\/users\/2"}],"replies":[{"embeddable":true,"href":"https:\/\/pakosc-kalwaria.franciszkanie.net\/index.php\/wp-json\/wp\/v2\/comments?post=6200"}],"version-history":[{"count":8,"href":"https:\/\/pakosc-kalwaria.franciszkanie.net\/index.php\/wp-json\/wp\/v2\/posts\/6200\/revisions"}],"predecessor-version":[{"id":6646,"href":"https:\/\/pakosc-kalwaria.franciszkanie.net\/index.php\/wp-json\/wp\/v2\/posts\/6200\/revisions\/6646"}],"wp:featuredmedia":[{"embeddable":true,"href":"https:\/\/pakosc-kalwaria.franciszkanie.net\/index.php\/wp-json\/wp\/v2\/media\/6426"}],"wp:attachment":[{"href":"https:\/\/pakosc-kalwaria.franciszkanie.net\/index.php\/wp-json\/wp\/v2\/media?parent=6200"}],"wp:term":[{"taxonomy":"category","embeddable":true,"href":"https:\/\/pakosc-kalwaria.franciszkanie.net\/index.php\/wp-json\/wp\/v2\/categories?post=6200"},{"taxonomy":"post_tag","embeddable":true,"href":"https:\/\/pakosc-kalwaria.franciszkanie.net\/index.php\/wp-json\/wp\/v2\/tags?post=6200"}],"curies":[{"name":"wp","href":"https:\/\/api.w.org\/{rel}","templated":true}]}}