{"id":6430,"date":"2018-07-21T09:00:40","date_gmt":"2018-07-21T07:00:40","guid":{"rendered":"http:\/\/pakosc-kalwaria.franciszkanie.net\/?p=6430"},"modified":"2018-07-19T14:48:58","modified_gmt":"2018-07-19T12:48:58","slug":"ogloszenia-duszpasterskie-xvi-niedziela-zwykla","status":"publish","type":"post","link":"https:\/\/pakosc-kalwaria.franciszkanie.net\/index.php\/2018\/07\/21\/ogloszenia-duszpasterskie-xvi-niedziela-zwykla\/","title":{"rendered":"Og\u0142oszenia duszpasterskie &#8211; XVI Niedziela Zwyk\u0142a"},"content":{"rendered":"<p><strong><span style=\"color: #008000;\">22.07 &#8211; 29.07.2018r.<\/span><br \/>\n<\/strong><span style=\"color: #ff0000;\"><strong><em><u>W poniedzia\u0142ek (23.07.)<\/u><\/em><\/strong> <\/span><strong>\u2013 <\/strong>\u00a0<strong>\u015bwi\u0119to \u015bw. Brygidy<\/strong><strong> Szwedzkiej, zakonnicy, patronki Europy.<\/strong><\/p>\n<p><strong><span style=\"color: #008000;\"><em><u>We wtorek (24.07.)<\/u><\/em><\/span> \u2013 <\/strong>\u00a0<strong>wspomnienie \u015bw. Kingi, dziewicy. <\/strong><\/p>\n<p><span style=\"color: #ff0000;\"><strong><em><u>W \u015brod\u0119 \u00a0(25.07.)<\/u><\/em><\/strong><\/span> <strong>\u2013 \u015bwi\u0119to \u015bw. Jakuba, Aposto\u0142a i wspomnienie \u015bw. Krzysztofa.\u00a0\u00a0\u00a0\u00a0\u00a0\u00a0\u00a0\u00a0 <\/strong><\/p>\n<p><strong><span style=\"color: #008000;\"><em><u>W czwartek (26.07.)<\/u><\/em><\/span> \u2013 <\/strong>\u00a0<strong>wspomnienie \u015awi\u0119tych Rodzic\u00f3w NMP Joachima i Anny.<\/strong><\/p>\n<p><strong><span style=\"color: #ff0000;\"><em><u>W ka\u017cdy pi\u0105tek (27.07.)<\/u><\/em> \u2013 o 17.00 Msza \u015bw. w intencjach zbiorowych do Bo\u017cego Mi\u0142osierdzia<\/span>. Intencje mo\u017cna sk\u0142ada\u0107 w zakrystii, w biurze parafialnym oraz do skarbonki pod ch\u00f3rem.<br \/>\nPo Mszy \u015bw. Koronka do Bo\u017cego Mi\u0142osierdzia i uczczenie Relikwii Krzy\u017ca \u015bw.<\/strong><\/p>\n<p><span style=\"color: #ff0000;\"><strong><em><u>W przysz\u0142\u0105 niedziel\u0119 (29.07.)<\/u><\/em><\/strong><\/span><strong> \u2013 ze wzgl\u0119du na przydaj\u0105ce w \u015brod\u0119 25 lipca wspomnienie \u015bw. Krzysztofa patrona kierowc\u00f3w i wszystkich podr\u00f3\u017cuj\u0105cych, <span style=\"color: #ff0000;\">po Mszach \u015awi\u0119tych o 9.00 i 11.00 uroczyste po\u015bwi\u0119cenie wszelkich pojazd\u00f3w mechanicznych:<\/span> samochod\u00f3w, motor\u00f3w, skuter\u00f3w, rower\u00f3w, quad\u00f3w. Po\u015bwi\u0119cenie tak\u017ce w sobot\u0119 (28.07.) po Mszy \u015bw. o 17.00.<\/strong><\/p>\n<p><strong><span style=\"color: #ff0000;\"><u>W ci\u0105gu tygodnia zapraszamy na nabo\u017ce\u0144stwa\u00a0 po Mszy \u015bw. o 17.00:<\/u><\/span><br \/>\n&#8211; w poniedzia\u0142ki ku czci Krwi Przenaj\u015bwi\u0119tszej<br \/>\n&#8211; we wtorki ku czci \u015bw. Antoniego i uczczenie Relikwii<br \/>\n&#8211; w \u015brody do Matki Bo\u017cej Nieustaj\u0105cej Pomocy<br \/>\n&#8211; w czwartki ku czci \u015bw. Franciszka z Asy\u017cu i uczczenie Relikwii<br \/>\n&#8211; w pi\u0105tki do Bo\u017cego Mi\u0142osierdzia i uczczenie Relikwii Krzy\u017ca \u015awi\u0119tego<br \/>\n&#8211; w soboty do Matki Bo\u017cej Bolesnej<br \/>\nW czasie tych nabo\u017ce\u0144stw w spos\u00f3b szczeg\u00f3lny modlimy si\u0119\u00a0 w intencji Misji \u015awi\u0119tych w naszych pakoskich parafiach, kt\u00f3re prze\u017cywa\u0107 b\u0119dziemy od 29 wrze\u015bnia do 7 pa\u017adziernika br.<\/strong><\/p>\n<p><strong>Kuria naszej Prowincji Zakonnej pw. \u015bw. Franciszka z Asy\u017cu z siedzib\u0105 w Poznaniu przyjmuje kandydat\u00f3w do Zakonu:<\/strong><strong> na kap\u0142an\u00f3w oraz na braci zakonnych.<\/strong><strong>. Wi\u0119cej informacji w naszym klasztorze oraz na stronie internetowej <\/strong><a href=\"http:\/\/www.franciszkanie.net\"><strong>www.franciszkanie.net<\/strong><\/a><\/p>\n<p><strong>Pod ch\u00f3rem do nabycia \u201ePrzewodnik Katolicki\u201d. Op\u0142aty sk\u0142adamy do skarbonki.\u00a0\u00a0\u00a0 <\/strong><\/p>\n<p><strong>Wyra\u017camy wdzi\u0119czno\u015b\u0107 za wsp\u00f3ln\u0105 modlitw\u0119 oraz za z\u0142o\u017cone ofiary.<\/strong><\/p>\n<p><strong>Niech Dobry B\u00f3g wszystkim, tak\u017ce przebywaj\u0105cym na wakacjach i urlopach, obficie b\u0142ogos\u0142awi, a Matka Naj\u015bwi\u0119tsza niech otacza swoj\u0105 przemo\u017cn\u0105 opiek\u0105. \u00a0\u00a0\u00a0 <\/strong><\/p>\n<p><strong>Z darem modlitwy Bracia Mniejsi Franciszkanie z Pako\u015bci &#8211; Kalwarii<\/strong><\/p>\n","protected":false},"excerpt":{"rendered":"<p>22.07 &#8211; 29.07.2018r. W poniedzia\u0142ek (23.07.) \u2013 \u00a0\u015bwi\u0119to \u015bw. Brygidy Szwedzkiej, zakonnicy, patronki Europy. We wtorek (24.07.) \u2013 \u00a0wspomnienie \u015bw. Kingi, dziewicy. W \u015brod\u0119 \u00a0(25.07.) \u2013 \u015bwi\u0119to \u015bw. Jakuba, Aposto\u0142a i wspomnienie \u015bw. Krzysztofa.\u00a0\u00a0\u00a0\u00a0\u00a0\u00a0\u00a0\u00a0 W czwartek (26.07.) \u2013 \u00a0wspomnienie \u015awi\u0119tych Rodzic\u00f3w NMP Joachima i Anny. W ka\u017cdy pi\u0105tek (27.07.) \u2013 o 17.00 Msza \u015bw. w &hellip;<\/p>\n","protected":false},"author":2,"featured_media":6431,"comment_status":"closed","ping_status":"open","sticky":false,"template":"","format":"standard","meta":{"_mi_skip_tracking":false,"_exactmetrics_sitenote_active":false,"_exactmetrics_sitenote_note":"","_exactmetrics_sitenote_category":0},"categories":[5],"tags":[],"yoast_head":"<!-- This site is optimized with the Yoast SEO plugin v18.1 - https:\/\/yoast.com\/wordpress\/plugins\/seo\/ -->\n<title>Og\u0142oszenia duszpasterskie - XVI Niedziela Zwyk\u0142a - Pako\u015b\u0107 \u2013 Kalwaria<\/title>\n<meta name=\"robots\" content=\"index, follow, max-snippet:-1, max-image-preview:large, max-video-preview:-1\" \/>\n<link rel=\"canonical\" href=\"https:\/\/pakosc-kalwaria.franciszkanie.net\/index.php\/2018\/07\/21\/ogloszenia-duszpasterskie-xvi-niedziela-zwykla\/\" \/>\n<meta property=\"og:locale\" content=\"pl_PL\" \/>\n<meta property=\"og:type\" content=\"article\" \/>\n<meta property=\"og:title\" content=\"Og\u0142oszenia duszpasterskie - XVI Niedziela Zwyk\u0142a - Pako\u015b\u0107 \u2013 Kalwaria\" \/>\n<meta property=\"og:description\" content=\"22.07 &#8211; 29.07.2018r. W poniedzia\u0142ek (23.07.) \u2013 \u00a0\u015bwi\u0119to \u015bw. Brygidy Szwedzkiej, zakonnicy, patronki Europy. We wtorek (24.07.) \u2013 \u00a0wspomnienie \u015bw. Kingi, dziewicy. W \u015brod\u0119 \u00a0(25.07.) \u2013 \u015bwi\u0119to \u015bw. Jakuba, Aposto\u0142a i wspomnienie \u015bw. Krzysztofa.\u00a0\u00a0\u00a0\u00a0\u00a0\u00a0\u00a0\u00a0 W czwartek (26.07.) \u2013 \u00a0wspomnienie \u015awi\u0119tych Rodzic\u00f3w NMP Joachima i Anny. W ka\u017cdy pi\u0105tek (27.07.) \u2013 o 17.00 Msza \u015bw. w &hellip;\" \/>\n<meta property=\"og:url\" content=\"https:\/\/pakosc-kalwaria.franciszkanie.net\/index.php\/2018\/07\/21\/ogloszenia-duszpasterskie-xvi-niedziela-zwykla\/\" \/>\n<meta property=\"og:site_name\" content=\"Pako\u015b\u0107 \u2013 Kalwaria\" \/>\n<meta property=\"article:author\" content=\"https:\/\/www.facebook.com\/KalwariaPakosc\/\" \/>\n<meta property=\"article:published_time\" content=\"2018-07-21T07:00:40+00:00\" \/>\n<meta property=\"article:modified_time\" content=\"2018-07-19T12:48:58+00:00\" \/>\n<meta property=\"og:image\" content=\"https:\/\/pakosc-kalwaria.franciszkanie.net\/wp-content\/uploads\/2018\/07\/Rok-2017-2018.jpg\" \/>\n\t<meta property=\"og:image:width\" content=\"250\" \/>\n\t<meta property=\"og:image:height\" content=\"250\" \/>\n\t<meta property=\"og:image:type\" content=\"image\/jpeg\" \/>\n<meta name=\"twitter:card\" content=\"summary\" \/>\n<meta name=\"twitter:label1\" content=\"Napisane przez\" \/>\n\t<meta name=\"twitter:data1\" content=\"pakosc-kalwaria\" \/>\n\t<meta name=\"twitter:label2\" content=\"Szacowany czas czytania\" \/>\n\t<meta name=\"twitter:data2\" content=\"2 minuty\" \/>\n<script type=\"application\/ld+json\" class=\"yoast-schema-graph\">{\"@context\":\"https:\/\/schema.org\",\"@graph\":[{\"@type\":\"WebSite\",\"@id\":\"https:\/\/pakosc-kalwaria.franciszkanie.net\/#website\",\"url\":\"https:\/\/pakosc-kalwaria.franciszkanie.net\/\",\"name\":\"Pako\u015b\u0107 \u2013 Kalwaria\",\"description\":\"Parafia Rzymsko \u2013 Katolicka p.w. Pana Jezusa Ukrzy\u017cowanego i  Matki Bo\u017cej Bolesnej ul. Barci\u0144ska 60, 88\u2013170 Pako\u015b\u0107 \u2013 Kalwaria\",\"potentialAction\":[{\"@type\":\"SearchAction\",\"target\":{\"@type\":\"EntryPoint\",\"urlTemplate\":\"https:\/\/pakosc-kalwaria.franciszkanie.net\/?s={search_term_string}\"},\"query-input\":\"required name=search_term_string\"}],\"inLanguage\":\"pl-PL\"},{\"@type\":\"ImageObject\",\"@id\":\"https:\/\/pakosc-kalwaria.franciszkanie.net\/index.php\/2018\/07\/21\/ogloszenia-duszpasterskie-xvi-niedziela-zwykla\/#primaryimage\",\"inLanguage\":\"pl-PL\",\"url\":\"https:\/\/pakosc-kalwaria.franciszkanie.net\/wp-content\/uploads\/2018\/07\/Rok-2017-2018.jpg\",\"contentUrl\":\"https:\/\/pakosc-kalwaria.franciszkanie.net\/wp-content\/uploads\/2018\/07\/Rok-2017-2018.jpg\",\"width\":250,\"height\":250},{\"@type\":\"WebPage\",\"@id\":\"https:\/\/pakosc-kalwaria.franciszkanie.net\/index.php\/2018\/07\/21\/ogloszenia-duszpasterskie-xvi-niedziela-zwykla\/#webpage\",\"url\":\"https:\/\/pakosc-kalwaria.franciszkanie.net\/index.php\/2018\/07\/21\/ogloszenia-duszpasterskie-xvi-niedziela-zwykla\/\",\"name\":\"Og\u0142oszenia duszpasterskie - XVI Niedziela Zwyk\u0142a - Pako\u015b\u0107 \u2013 Kalwaria\",\"isPartOf\":{\"@id\":\"https:\/\/pakosc-kalwaria.franciszkanie.net\/#website\"},\"primaryImageOfPage\":{\"@id\":\"https:\/\/pakosc-kalwaria.franciszkanie.net\/index.php\/2018\/07\/21\/ogloszenia-duszpasterskie-xvi-niedziela-zwykla\/#primaryimage\"},\"datePublished\":\"2018-07-21T07:00:40+00:00\",\"dateModified\":\"2018-07-19T12:48:58+00:00\",\"author\":{\"@id\":\"https:\/\/pakosc-kalwaria.franciszkanie.net\/#\/schema\/person\/af10b943be0760709227d060eadcb2aa\"},\"breadcrumb\":{\"@id\":\"https:\/\/pakosc-kalwaria.franciszkanie.net\/index.php\/2018\/07\/21\/ogloszenia-duszpasterskie-xvi-niedziela-zwykla\/#breadcrumb\"},\"inLanguage\":\"pl-PL\",\"potentialAction\":[{\"@type\":\"ReadAction\",\"target\":[\"https:\/\/pakosc-kalwaria.franciszkanie.net\/index.php\/2018\/07\/21\/ogloszenia-duszpasterskie-xvi-niedziela-zwykla\/\"]}]},{\"@type\":\"BreadcrumbList\",\"@id\":\"https:\/\/pakosc-kalwaria.franciszkanie.net\/index.php\/2018\/07\/21\/ogloszenia-duszpasterskie-xvi-niedziela-zwykla\/#breadcrumb\",\"itemListElement\":[{\"@type\":\"ListItem\",\"position\":1,\"name\":\"Strona g\u0142\u00f3wna\",\"item\":\"https:\/\/pakosc-kalwaria.franciszkanie.net\/\"},{\"@type\":\"ListItem\",\"position\":2,\"name\":\"Og\u0142oszenia duszpasterskie &#8211; XVI Niedziela Zwyk\u0142a\"}]},{\"@type\":\"Person\",\"@id\":\"https:\/\/pakosc-kalwaria.franciszkanie.net\/#\/schema\/person\/af10b943be0760709227d060eadcb2aa\",\"name\":\"pakosc-kalwaria\",\"image\":{\"@type\":\"ImageObject\",\"@id\":\"https:\/\/pakosc-kalwaria.franciszkanie.net\/#personlogo\",\"inLanguage\":\"pl-PL\",\"url\":\"https:\/\/secure.gravatar.com\/avatar\/e7049d338b55eac6a0027ff3218b8d02?s=96&d=mm&r=g\",\"contentUrl\":\"https:\/\/secure.gravatar.com\/avatar\/e7049d338b55eac6a0027ff3218b8d02?s=96&d=mm&r=g\",\"caption\":\"pakosc-kalwaria\"},\"sameAs\":[\"https:\/\/www.facebook.com\/KalwariaPakosc\/\"],\"url\":\"https:\/\/pakosc-kalwaria.franciszkanie.net\/index.php\/author\/pakosc-kalwaria\/\"}]}<\/script>\n<!-- \/ Yoast SEO plugin. -->","yoast_head_json":{"title":"Og\u0142oszenia duszpasterskie - XVI Niedziela Zwyk\u0142a - Pako\u015b\u0107 \u2013 Kalwaria","robots":{"index":"index","follow":"follow","max-snippet":"max-snippet:-1","max-image-preview":"max-image-preview:large","max-video-preview":"max-video-preview:-1"},"canonical":"https:\/\/pakosc-kalwaria.franciszkanie.net\/index.php\/2018\/07\/21\/ogloszenia-duszpasterskie-xvi-niedziela-zwykla\/","og_locale":"pl_PL","og_type":"article","og_title":"Og\u0142oszenia duszpasterskie - XVI Niedziela Zwyk\u0142a - Pako\u015b\u0107 \u2013 Kalwaria","og_description":"22.07 &#8211; 29.07.2018r. W poniedzia\u0142ek (23.07.) \u2013 \u00a0\u015bwi\u0119to \u015bw. Brygidy Szwedzkiej, zakonnicy, patronki Europy. We wtorek (24.07.) \u2013 \u00a0wspomnienie \u015bw. Kingi, dziewicy. W \u015brod\u0119 \u00a0(25.07.) \u2013 \u015bwi\u0119to \u015bw. Jakuba, Aposto\u0142a i wspomnienie \u015bw. Krzysztofa.\u00a0\u00a0\u00a0\u00a0\u00a0\u00a0\u00a0\u00a0 W czwartek (26.07.) \u2013 \u00a0wspomnienie \u015awi\u0119tych Rodzic\u00f3w NMP Joachima i Anny. W ka\u017cdy pi\u0105tek (27.07.) \u2013 o 17.00 Msza \u015bw. w &hellip;","og_url":"https:\/\/pakosc-kalwaria.franciszkanie.net\/index.php\/2018\/07\/21\/ogloszenia-duszpasterskie-xvi-niedziela-zwykla\/","og_site_name":"Pako\u015b\u0107 \u2013 Kalwaria","article_author":"https:\/\/www.facebook.com\/KalwariaPakosc\/","article_published_time":"2018-07-21T07:00:40+00:00","article_modified_time":"2018-07-19T12:48:58+00:00","og_image":[{"width":250,"height":250,"url":"https:\/\/pakosc-kalwaria.franciszkanie.net\/wp-content\/uploads\/2018\/07\/Rok-2017-2018.jpg","type":"image\/jpeg"}],"twitter_card":"summary","twitter_misc":{"Napisane przez":"pakosc-kalwaria","Szacowany czas czytania":"2 minuty"},"schema":{"@context":"https:\/\/schema.org","@graph":[{"@type":"WebSite","@id":"https:\/\/pakosc-kalwaria.franciszkanie.net\/#website","url":"https:\/\/pakosc-kalwaria.franciszkanie.net\/","name":"Pako\u015b\u0107 \u2013 Kalwaria","description":"Parafia Rzymsko \u2013 Katolicka p.w. Pana Jezusa Ukrzy\u017cowanego i  Matki Bo\u017cej Bolesnej ul. Barci\u0144ska 60, 88\u2013170 Pako\u015b\u0107 \u2013 Kalwaria","potentialAction":[{"@type":"SearchAction","target":{"@type":"EntryPoint","urlTemplate":"https:\/\/pakosc-kalwaria.franciszkanie.net\/?s={search_term_string}"},"query-input":"required name=search_term_string"}],"inLanguage":"pl-PL"},{"@type":"ImageObject","@id":"https:\/\/pakosc-kalwaria.franciszkanie.net\/index.php\/2018\/07\/21\/ogloszenia-duszpasterskie-xvi-niedziela-zwykla\/#primaryimage","inLanguage":"pl-PL","url":"https:\/\/pakosc-kalwaria.franciszkanie.net\/wp-content\/uploads\/2018\/07\/Rok-2017-2018.jpg","contentUrl":"https:\/\/pakosc-kalwaria.franciszkanie.net\/wp-content\/uploads\/2018\/07\/Rok-2017-2018.jpg","width":250,"height":250},{"@type":"WebPage","@id":"https:\/\/pakosc-kalwaria.franciszkanie.net\/index.php\/2018\/07\/21\/ogloszenia-duszpasterskie-xvi-niedziela-zwykla\/#webpage","url":"https:\/\/pakosc-kalwaria.franciszkanie.net\/index.php\/2018\/07\/21\/ogloszenia-duszpasterskie-xvi-niedziela-zwykla\/","name":"Og\u0142oszenia duszpasterskie - XVI Niedziela Zwyk\u0142a - Pako\u015b\u0107 \u2013 Kalwaria","isPartOf":{"@id":"https:\/\/pakosc-kalwaria.franciszkanie.net\/#website"},"primaryImageOfPage":{"@id":"https:\/\/pakosc-kalwaria.franciszkanie.net\/index.php\/2018\/07\/21\/ogloszenia-duszpasterskie-xvi-niedziela-zwykla\/#primaryimage"},"datePublished":"2018-07-21T07:00:40+00:00","dateModified":"2018-07-19T12:48:58+00:00","author":{"@id":"https:\/\/pakosc-kalwaria.franciszkanie.net\/#\/schema\/person\/af10b943be0760709227d060eadcb2aa"},"breadcrumb":{"@id":"https:\/\/pakosc-kalwaria.franciszkanie.net\/index.php\/2018\/07\/21\/ogloszenia-duszpasterskie-xvi-niedziela-zwykla\/#breadcrumb"},"inLanguage":"pl-PL","potentialAction":[{"@type":"ReadAction","target":["https:\/\/pakosc-kalwaria.franciszkanie.net\/index.php\/2018\/07\/21\/ogloszenia-duszpasterskie-xvi-niedziela-zwykla\/"]}]},{"@type":"BreadcrumbList","@id":"https:\/\/pakosc-kalwaria.franciszkanie.net\/index.php\/2018\/07\/21\/ogloszenia-duszpasterskie-xvi-niedziela-zwykla\/#breadcrumb","itemListElement":[{"@type":"ListItem","position":1,"name":"Strona g\u0142\u00f3wna","item":"https:\/\/pakosc-kalwaria.franciszkanie.net\/"},{"@type":"ListItem","position":2,"name":"Og\u0142oszenia duszpasterskie &#8211; XVI Niedziela Zwyk\u0142a"}]},{"@type":"Person","@id":"https:\/\/pakosc-kalwaria.franciszkanie.net\/#\/schema\/person\/af10b943be0760709227d060eadcb2aa","name":"pakosc-kalwaria","image":{"@type":"ImageObject","@id":"https:\/\/pakosc-kalwaria.franciszkanie.net\/#personlogo","inLanguage":"pl-PL","url":"https:\/\/secure.gravatar.com\/avatar\/e7049d338b55eac6a0027ff3218b8d02?s=96&d=mm&r=g","contentUrl":"https:\/\/secure.gravatar.com\/avatar\/e7049d338b55eac6a0027ff3218b8d02?s=96&d=mm&r=g","caption":"pakosc-kalwaria"},"sameAs":["https:\/\/www.facebook.com\/KalwariaPakosc\/"],"url":"https:\/\/pakosc-kalwaria.franciszkanie.net\/index.php\/author\/pakosc-kalwaria\/"}]}},"_links":{"self":[{"href":"https:\/\/pakosc-kalwaria.franciszkanie.net\/index.php\/wp-json\/wp\/v2\/posts\/6430"}],"collection":[{"href":"https:\/\/pakosc-kalwaria.franciszkanie.net\/index.php\/wp-json\/wp\/v2\/posts"}],"about":[{"href":"https:\/\/pakosc-kalwaria.franciszkanie.net\/index.php\/wp-json\/wp\/v2\/types\/post"}],"author":[{"embeddable":true,"href":"https:\/\/pakosc-kalwaria.franciszkanie.net\/index.php\/wp-json\/wp\/v2\/users\/2"}],"replies":[{"embeddable":true,"href":"https:\/\/pakosc-kalwaria.franciszkanie.net\/index.php\/wp-json\/wp\/v2\/comments?post=6430"}],"version-history":[{"count":3,"href":"https:\/\/pakosc-kalwaria.franciszkanie.net\/index.php\/wp-json\/wp\/v2\/posts\/6430\/revisions"}],"predecessor-version":[{"id":6433,"href":"https:\/\/pakosc-kalwaria.franciszkanie.net\/index.php\/wp-json\/wp\/v2\/posts\/6430\/revisions\/6433"}],"wp:featuredmedia":[{"embeddable":true,"href":"https:\/\/pakosc-kalwaria.franciszkanie.net\/index.php\/wp-json\/wp\/v2\/media\/6431"}],"wp:attachment":[{"href":"https:\/\/pakosc-kalwaria.franciszkanie.net\/index.php\/wp-json\/wp\/v2\/media?parent=6430"}],"wp:term":[{"taxonomy":"category","embeddable":true,"href":"https:\/\/pakosc-kalwaria.franciszkanie.net\/index.php\/wp-json\/wp\/v2\/categories?post=6430"},{"taxonomy":"post_tag","embeddable":true,"href":"https:\/\/pakosc-kalwaria.franciszkanie.net\/index.php\/wp-json\/wp\/v2\/tags?post=6430"}],"curies":[{"name":"wp","href":"https:\/\/api.w.org\/{rel}","templated":true}]}}