{"id":6570,"date":"2018-09-01T08:18:18","date_gmt":"2018-09-01T06:18:18","guid":{"rendered":"http:\/\/pakosc-kalwaria.franciszkanie.net\/?p=6570"},"modified":"2018-09-07T23:18:41","modified_gmt":"2018-09-07T21:18:41","slug":"dozynki-gminne-pakosci","status":"publish","type":"post","link":"https:\/\/pakosc-kalwaria.franciszkanie.net\/index.php\/2018\/09\/01\/dozynki-gminne-pakosci\/","title":{"rendered":"Do\u017cynki Gminne w Pako\u015bci"},"content":{"rendered":"<p><strong><span style=\"color: red;\">W niedziel\u0119 2 wrze\u015bnia<\/span> na Wzg\u00f3rzu Kalwaryjskim przy o\u0142tarzu polowym\u00a0 <span style=\"color: red;\">o godz. 12.00<\/span> uroczysta dzi\u0119kczynna Msza \u015bw. Do\u017cynkowa.<\/strong><\/p>\n<p><strong><span style=\"color: red;\">W programie Do\u017cynek Gminnych od 15.00<\/span><\/strong><b><br \/>\n<strong>(plac przy Centrum Informacji Turystycznej &#8211; ul. Barci\u0144ska)<\/strong><\/b><br \/>\n<strong>&#8211; zesp\u00f3l &#8222;Pako\u015bcianie&#8221;<\/strong><br \/>\n<strong>&#8211; konkurencje sportowe<br \/>\n&#8211; biesiada z zespo\u0142em Ale Babki<br \/>\n&#8211; Kabaret EWG<br \/>\n&#8211; kapela Zdarta P\u0142yta<br \/>\n&#8211; zabawa taneczna<\/strong><\/p>\n<p>Zapraszaj\u0105 Burmistrz Pako\u015bci Wies\u0142aw Ko\u0144czal i So\u0142ectwo Rybitwy<\/p>\n","protected":false},"excerpt":{"rendered":"<p>W niedziel\u0119 2 wrze\u015bnia na Wzg\u00f3rzu Kalwaryjskim przy o\u0142tarzu polowym\u00a0 o godz. 12.00 uroczysta dzi\u0119kczynna Msza \u015bw. Do\u017cynkowa. W programie Do\u017cynek Gminnych od 15.00 (plac przy Centrum Informacji Turystycznej &#8211; ul. Barci\u0144ska) &#8211; zesp\u00f3l &#8222;Pako\u015bcianie&#8221; &#8211; konkurencje sportowe &#8211; biesiada z zespo\u0142em Ale Babki &#8211; Kabaret EWG &#8211; kapela Zdarta P\u0142yta &#8211; zabawa taneczna Zapraszaj\u0105 &hellip;<\/p>\n","protected":false},"author":2,"featured_media":6571,"comment_status":"closed","ping_status":"open","sticky":false,"template":"","format":"standard","meta":{"_mi_skip_tracking":false,"_exactmetrics_sitenote_active":false,"_exactmetrics_sitenote_note":"","_exactmetrics_sitenote_category":0},"categories":[5,1],"tags":[],"yoast_head":"<!-- This site is optimized with the Yoast SEO plugin v18.1 - https:\/\/yoast.com\/wordpress\/plugins\/seo\/ -->\n<title>Do\u017cynki Gminne w Pako\u015bci - Pako\u015b\u0107 \u2013 Kalwaria<\/title>\n<meta name=\"robots\" content=\"index, follow, max-snippet:-1, max-image-preview:large, max-video-preview:-1\" \/>\n<link rel=\"canonical\" href=\"https:\/\/pakosc-kalwaria.franciszkanie.net\/index.php\/2018\/09\/01\/dozynki-gminne-pakosci\/\" \/>\n<meta property=\"og:locale\" content=\"pl_PL\" \/>\n<meta property=\"og:type\" content=\"article\" \/>\n<meta property=\"og:title\" content=\"Do\u017cynki Gminne w Pako\u015bci - Pako\u015b\u0107 \u2013 Kalwaria\" \/>\n<meta property=\"og:description\" content=\"W niedziel\u0119 2 wrze\u015bnia na Wzg\u00f3rzu Kalwaryjskim przy o\u0142tarzu polowym\u00a0 o godz. 12.00 uroczysta dzi\u0119kczynna Msza \u015bw. Do\u017cynkowa. W programie Do\u017cynek Gminnych od 15.00 (plac przy Centrum Informacji Turystycznej &#8211; ul. Barci\u0144ska) &#8211; zesp\u00f3l &#8222;Pako\u015bcianie&#8221; &#8211; konkurencje sportowe &#8211; biesiada z zespo\u0142em Ale Babki &#8211; Kabaret EWG &#8211; kapela Zdarta P\u0142yta &#8211; zabawa taneczna Zapraszaj\u0105 &hellip;\" \/>\n<meta property=\"og:url\" content=\"https:\/\/pakosc-kalwaria.franciszkanie.net\/index.php\/2018\/09\/01\/dozynki-gminne-pakosci\/\" \/>\n<meta property=\"og:site_name\" content=\"Pako\u015b\u0107 \u2013 Kalwaria\" \/>\n<meta property=\"article:author\" content=\"https:\/\/www.facebook.com\/KalwariaPakosc\/\" \/>\n<meta property=\"article:published_time\" content=\"2018-09-01T06:18:18+00:00\" \/>\n<meta property=\"article:modified_time\" content=\"2018-09-07T21:18:41+00:00\" \/>\n<meta property=\"og:image\" content=\"https:\/\/pakosc-kalwaria.franciszkanie.net\/wp-content\/uploads\/2018\/08\/Do\u017cynki_2018_plakat.jpg\" \/>\n\t<meta property=\"og:image:width\" content=\"230\" \/>\n\t<meta property=\"og:image:height\" content=\"325\" \/>\n\t<meta property=\"og:image:type\" content=\"image\/jpeg\" \/>\n<meta name=\"twitter:card\" content=\"summary\" \/>\n<meta name=\"twitter:label1\" content=\"Napisane przez\" \/>\n\t<meta name=\"twitter:data1\" content=\"pakosc-kalwaria\" \/>\n<script type=\"application\/ld+json\" class=\"yoast-schema-graph\">{\"@context\":\"https:\/\/schema.org\",\"@graph\":[{\"@type\":\"WebSite\",\"@id\":\"https:\/\/pakosc-kalwaria.franciszkanie.net\/#website\",\"url\":\"https:\/\/pakosc-kalwaria.franciszkanie.net\/\",\"name\":\"Pako\u015b\u0107 \u2013 Kalwaria\",\"description\":\"Parafia Rzymsko \u2013 Katolicka p.w. Pana Jezusa Ukrzy\u017cowanego i  Matki Bo\u017cej Bolesnej ul. Barci\u0144ska 60, 88\u2013170 Pako\u015b\u0107 \u2013 Kalwaria\",\"potentialAction\":[{\"@type\":\"SearchAction\",\"target\":{\"@type\":\"EntryPoint\",\"urlTemplate\":\"https:\/\/pakosc-kalwaria.franciszkanie.net\/?s={search_term_string}\"},\"query-input\":\"required name=search_term_string\"}],\"inLanguage\":\"pl-PL\"},{\"@type\":\"ImageObject\",\"@id\":\"https:\/\/pakosc-kalwaria.franciszkanie.net\/index.php\/2018\/09\/01\/dozynki-gminne-pakosci\/#primaryimage\",\"inLanguage\":\"pl-PL\",\"url\":\"https:\/\/pakosc-kalwaria.franciszkanie.net\/wp-content\/uploads\/2018\/08\/Do\u017cynki_2018_plakat.jpg\",\"contentUrl\":\"https:\/\/pakosc-kalwaria.franciszkanie.net\/wp-content\/uploads\/2018\/08\/Do\u017cynki_2018_plakat.jpg\",\"width\":230,\"height\":325},{\"@type\":\"WebPage\",\"@id\":\"https:\/\/pakosc-kalwaria.franciszkanie.net\/index.php\/2018\/09\/01\/dozynki-gminne-pakosci\/#webpage\",\"url\":\"https:\/\/pakosc-kalwaria.franciszkanie.net\/index.php\/2018\/09\/01\/dozynki-gminne-pakosci\/\",\"name\":\"Do\u017cynki Gminne w Pako\u015bci - Pako\u015b\u0107 \u2013 Kalwaria\",\"isPartOf\":{\"@id\":\"https:\/\/pakosc-kalwaria.franciszkanie.net\/#website\"},\"primaryImageOfPage\":{\"@id\":\"https:\/\/pakosc-kalwaria.franciszkanie.net\/index.php\/2018\/09\/01\/dozynki-gminne-pakosci\/#primaryimage\"},\"datePublished\":\"2018-09-01T06:18:18+00:00\",\"dateModified\":\"2018-09-07T21:18:41+00:00\",\"author\":{\"@id\":\"https:\/\/pakosc-kalwaria.franciszkanie.net\/#\/schema\/person\/af10b943be0760709227d060eadcb2aa\"},\"breadcrumb\":{\"@id\":\"https:\/\/pakosc-kalwaria.franciszkanie.net\/index.php\/2018\/09\/01\/dozynki-gminne-pakosci\/#breadcrumb\"},\"inLanguage\":\"pl-PL\",\"potentialAction\":[{\"@type\":\"ReadAction\",\"target\":[\"https:\/\/pakosc-kalwaria.franciszkanie.net\/index.php\/2018\/09\/01\/dozynki-gminne-pakosci\/\"]}]},{\"@type\":\"BreadcrumbList\",\"@id\":\"https:\/\/pakosc-kalwaria.franciszkanie.net\/index.php\/2018\/09\/01\/dozynki-gminne-pakosci\/#breadcrumb\",\"itemListElement\":[{\"@type\":\"ListItem\",\"position\":1,\"name\":\"Strona g\u0142\u00f3wna\",\"item\":\"https:\/\/pakosc-kalwaria.franciszkanie.net\/\"},{\"@type\":\"ListItem\",\"position\":2,\"name\":\"Do\u017cynki Gminne w Pako\u015bci\"}]},{\"@type\":\"Person\",\"@id\":\"https:\/\/pakosc-kalwaria.franciszkanie.net\/#\/schema\/person\/af10b943be0760709227d060eadcb2aa\",\"name\":\"pakosc-kalwaria\",\"image\":{\"@type\":\"ImageObject\",\"@id\":\"https:\/\/pakosc-kalwaria.franciszkanie.net\/#personlogo\",\"inLanguage\":\"pl-PL\",\"url\":\"https:\/\/secure.gravatar.com\/avatar\/e7049d338b55eac6a0027ff3218b8d02?s=96&d=mm&r=g\",\"contentUrl\":\"https:\/\/secure.gravatar.com\/avatar\/e7049d338b55eac6a0027ff3218b8d02?s=96&d=mm&r=g\",\"caption\":\"pakosc-kalwaria\"},\"sameAs\":[\"https:\/\/www.facebook.com\/KalwariaPakosc\/\"],\"url\":\"https:\/\/pakosc-kalwaria.franciszkanie.net\/index.php\/author\/pakosc-kalwaria\/\"}]}<\/script>\n<!-- \/ Yoast SEO plugin. -->","yoast_head_json":{"title":"Do\u017cynki Gminne w Pako\u015bci - Pako\u015b\u0107 \u2013 Kalwaria","robots":{"index":"index","follow":"follow","max-snippet":"max-snippet:-1","max-image-preview":"max-image-preview:large","max-video-preview":"max-video-preview:-1"},"canonical":"https:\/\/pakosc-kalwaria.franciszkanie.net\/index.php\/2018\/09\/01\/dozynki-gminne-pakosci\/","og_locale":"pl_PL","og_type":"article","og_title":"Do\u017cynki Gminne w Pako\u015bci - Pako\u015b\u0107 \u2013 Kalwaria","og_description":"W niedziel\u0119 2 wrze\u015bnia na Wzg\u00f3rzu Kalwaryjskim przy o\u0142tarzu polowym\u00a0 o godz. 12.00 uroczysta dzi\u0119kczynna Msza \u015bw. Do\u017cynkowa. W programie Do\u017cynek Gminnych od 15.00 (plac przy Centrum Informacji Turystycznej &#8211; ul. Barci\u0144ska) &#8211; zesp\u00f3l &#8222;Pako\u015bcianie&#8221; &#8211; konkurencje sportowe &#8211; biesiada z zespo\u0142em Ale Babki &#8211; Kabaret EWG &#8211; kapela Zdarta P\u0142yta &#8211; zabawa taneczna Zapraszaj\u0105 &hellip;","og_url":"https:\/\/pakosc-kalwaria.franciszkanie.net\/index.php\/2018\/09\/01\/dozynki-gminne-pakosci\/","og_site_name":"Pako\u015b\u0107 \u2013 Kalwaria","article_author":"https:\/\/www.facebook.com\/KalwariaPakosc\/","article_published_time":"2018-09-01T06:18:18+00:00","article_modified_time":"2018-09-07T21:18:41+00:00","og_image":[{"width":230,"height":325,"url":"https:\/\/pakosc-kalwaria.franciszkanie.net\/wp-content\/uploads\/2018\/08\/Do\u017cynki_2018_plakat.jpg","type":"image\/jpeg"}],"twitter_card":"summary","twitter_misc":{"Napisane przez":"pakosc-kalwaria"},"schema":{"@context":"https:\/\/schema.org","@graph":[{"@type":"WebSite","@id":"https:\/\/pakosc-kalwaria.franciszkanie.net\/#website","url":"https:\/\/pakosc-kalwaria.franciszkanie.net\/","name":"Pako\u015b\u0107 \u2013 Kalwaria","description":"Parafia Rzymsko \u2013 Katolicka p.w. Pana Jezusa Ukrzy\u017cowanego i  Matki Bo\u017cej Bolesnej ul. Barci\u0144ska 60, 88\u2013170 Pako\u015b\u0107 \u2013 Kalwaria","potentialAction":[{"@type":"SearchAction","target":{"@type":"EntryPoint","urlTemplate":"https:\/\/pakosc-kalwaria.franciszkanie.net\/?s={search_term_string}"},"query-input":"required name=search_term_string"}],"inLanguage":"pl-PL"},{"@type":"ImageObject","@id":"https:\/\/pakosc-kalwaria.franciszkanie.net\/index.php\/2018\/09\/01\/dozynki-gminne-pakosci\/#primaryimage","inLanguage":"pl-PL","url":"https:\/\/pakosc-kalwaria.franciszkanie.net\/wp-content\/uploads\/2018\/08\/Do\u017cynki_2018_plakat.jpg","contentUrl":"https:\/\/pakosc-kalwaria.franciszkanie.net\/wp-content\/uploads\/2018\/08\/Do\u017cynki_2018_plakat.jpg","width":230,"height":325},{"@type":"WebPage","@id":"https:\/\/pakosc-kalwaria.franciszkanie.net\/index.php\/2018\/09\/01\/dozynki-gminne-pakosci\/#webpage","url":"https:\/\/pakosc-kalwaria.franciszkanie.net\/index.php\/2018\/09\/01\/dozynki-gminne-pakosci\/","name":"Do\u017cynki Gminne w Pako\u015bci - Pako\u015b\u0107 \u2013 Kalwaria","isPartOf":{"@id":"https:\/\/pakosc-kalwaria.franciszkanie.net\/#website"},"primaryImageOfPage":{"@id":"https:\/\/pakosc-kalwaria.franciszkanie.net\/index.php\/2018\/09\/01\/dozynki-gminne-pakosci\/#primaryimage"},"datePublished":"2018-09-01T06:18:18+00:00","dateModified":"2018-09-07T21:18:41+00:00","author":{"@id":"https:\/\/pakosc-kalwaria.franciszkanie.net\/#\/schema\/person\/af10b943be0760709227d060eadcb2aa"},"breadcrumb":{"@id":"https:\/\/pakosc-kalwaria.franciszkanie.net\/index.php\/2018\/09\/01\/dozynki-gminne-pakosci\/#breadcrumb"},"inLanguage":"pl-PL","potentialAction":[{"@type":"ReadAction","target":["https:\/\/pakosc-kalwaria.franciszkanie.net\/index.php\/2018\/09\/01\/dozynki-gminne-pakosci\/"]}]},{"@type":"BreadcrumbList","@id":"https:\/\/pakosc-kalwaria.franciszkanie.net\/index.php\/2018\/09\/01\/dozynki-gminne-pakosci\/#breadcrumb","itemListElement":[{"@type":"ListItem","position":1,"name":"Strona g\u0142\u00f3wna","item":"https:\/\/pakosc-kalwaria.franciszkanie.net\/"},{"@type":"ListItem","position":2,"name":"Do\u017cynki Gminne w Pako\u015bci"}]},{"@type":"Person","@id":"https:\/\/pakosc-kalwaria.franciszkanie.net\/#\/schema\/person\/af10b943be0760709227d060eadcb2aa","name":"pakosc-kalwaria","image":{"@type":"ImageObject","@id":"https:\/\/pakosc-kalwaria.franciszkanie.net\/#personlogo","inLanguage":"pl-PL","url":"https:\/\/secure.gravatar.com\/avatar\/e7049d338b55eac6a0027ff3218b8d02?s=96&d=mm&r=g","contentUrl":"https:\/\/secure.gravatar.com\/avatar\/e7049d338b55eac6a0027ff3218b8d02?s=96&d=mm&r=g","caption":"pakosc-kalwaria"},"sameAs":["https:\/\/www.facebook.com\/KalwariaPakosc\/"],"url":"https:\/\/pakosc-kalwaria.franciszkanie.net\/index.php\/author\/pakosc-kalwaria\/"}]}},"_links":{"self":[{"href":"https:\/\/pakosc-kalwaria.franciszkanie.net\/index.php\/wp-json\/wp\/v2\/posts\/6570"}],"collection":[{"href":"https:\/\/pakosc-kalwaria.franciszkanie.net\/index.php\/wp-json\/wp\/v2\/posts"}],"about":[{"href":"https:\/\/pakosc-kalwaria.franciszkanie.net\/index.php\/wp-json\/wp\/v2\/types\/post"}],"author":[{"embeddable":true,"href":"https:\/\/pakosc-kalwaria.franciszkanie.net\/index.php\/wp-json\/wp\/v2\/users\/2"}],"replies":[{"embeddable":true,"href":"https:\/\/pakosc-kalwaria.franciszkanie.net\/index.php\/wp-json\/wp\/v2\/comments?post=6570"}],"version-history":[{"count":2,"href":"https:\/\/pakosc-kalwaria.franciszkanie.net\/index.php\/wp-json\/wp\/v2\/posts\/6570\/revisions"}],"predecessor-version":[{"id":6590,"href":"https:\/\/pakosc-kalwaria.franciszkanie.net\/index.php\/wp-json\/wp\/v2\/posts\/6570\/revisions\/6590"}],"wp:featuredmedia":[{"embeddable":true,"href":"https:\/\/pakosc-kalwaria.franciszkanie.net\/index.php\/wp-json\/wp\/v2\/media\/6571"}],"wp:attachment":[{"href":"https:\/\/pakosc-kalwaria.franciszkanie.net\/index.php\/wp-json\/wp\/v2\/media?parent=6570"}],"wp:term":[{"taxonomy":"category","embeddable":true,"href":"https:\/\/pakosc-kalwaria.franciszkanie.net\/index.php\/wp-json\/wp\/v2\/categories?post=6570"},{"taxonomy":"post_tag","embeddable":true,"href":"https:\/\/pakosc-kalwaria.franciszkanie.net\/index.php\/wp-json\/wp\/v2\/tags?post=6570"}],"curies":[{"name":"wp","href":"https:\/\/api.w.org\/{rel}","templated":true}]}}