{"id":6575,"date":"2018-09-03T17:00:38","date_gmt":"2018-09-03T15:00:38","guid":{"rendered":"http:\/\/pakosc-kalwaria.franciszkanie.net\/?p=6575"},"modified":"2018-09-06T20:40:04","modified_gmt":"2018-09-06T18:40:04","slug":"ogloszenia-duszpasterskie-xxii-niedziela-zwykla","status":"publish","type":"post","link":"https:\/\/pakosc-kalwaria.franciszkanie.net\/index.php\/2018\/09\/03\/ogloszenia-duszpasterskie-xxii-niedziela-zwykla\/","title":{"rendered":"Og\u0142oszenia duszpasterskie &#8211; XXII Niedziela Zwyk\u0142a"},"content":{"rendered":"<p><span style=\"color: #008000;\"><strong>02.09. &#8211; 09.09.2018r.<\/strong><\/span><strong><span style=\"color: #008000;\">\u00a0<\/span><br \/>\n<\/strong><span style=\"color: #ff0000;\"><strong><em><u>Dzisiaj (02.09.)<\/u><\/em><\/strong><\/span> <strong>\u2013 z okazji rozpoczynaj\u0105cego si\u0119 nowego roku szkolnego w czasie Mszy \u015bw. o 11.00 po\u015bwi\u0119cenie tornistr\u00f3w i przybor\u00f3w szkolnych.<\/strong><\/p>\n<p><strong><span style=\"color: #ff0000;\">Dzisiaj o 12.00 Msza \u015bw. Do\u017cynkowa<\/span> przy o\u0142tarzu polowym na Wzg\u00f3rzu Kalwaryjskim.<\/strong><br \/>\n<strong> Msze \u015bw. w naszym ko\u015bciele, jak w ka\u017cd\u0105 niedziel\u0119 o 9.00 i 11.00.<\/strong><\/p>\n<p><strong><span style=\"color: #008000;\"><em><u>We wtorek (05.09.)<\/u><\/em><\/span> \u2013 po Mszy \u015bw. o 17.00 <span style=\"color: #ff0000;\">spotkanie Towarzystwa \u015bw. Wojciecha<\/span>, na kt\u00f3re zapraszamy m\u0119\u017cczyzn zainteresowanych t\u0105 Wsp\u00f3lnot\u0105.<\/strong><\/p>\n<p><strong><span style=\"color: #008000;\"><em><u>W \u015brod\u0119 (06.09.)<\/u><\/em><\/span> \u2013 przed po\u0142udniem <span style=\"color: #ff0000;\">odwiedziny Chorych z Komuni\u0105 \u015bw.<\/span><\/strong><\/p>\n<p><strong><u><span style=\"color: #ff0000;\">W tym tygodniu przypadaj\u0105 Comiesi\u0119czne Dni Odnowy Wewn\u0119trznej.<\/span><br \/>\n<\/u>Zach\u0119camy do comiesi\u0119cznej Spowiedzi \u015bw. i do Komunii \u015bw. pierwszopi\u0105tkowej.<\/strong><br \/>\n<strong> <span style=\"color: #ff0000;\"><em><u>W pierwszy czwartek (06.09.) <\/u><\/em>\u2013 o 17.00 Msza \u015bw.<\/span> o nowe powo\u0142ania kap\u0142a\u0144skie i zakonne oraz za ministrant\u00f3w i ich Rodziny. Komunia \u015bw. jest udzielana pod dwoma postaciami. <span style=\"color: #ff0000;\">Od 16.30 okazja do Spowiedzi \u015bw.<\/span><\/strong><br \/>\n<strong> <span style=\"color: #ff0000;\">Od 19.00 \u2013 20.00 adoracja Naj\u015bwi\u0119tszego Sakramentu<\/span> (\u201eGodzina \u015awi\u0119ta\u201d) z okazj\u0105 do Spowiedzi \u015bw.<\/strong><\/p>\n<p><strong><span style=\"color: #ff0000;\"><em><u>W pierwszy pi\u0105tek (07.09.)<\/u><\/em> \u2013\u00a0 o 17.00 Msza \u015bw.<\/span> w intencjach zbiorowych do Bo\u017cego Mi\u0142osierdzia oraz za zmar\u0142ych polecanych w rocznych wypominkach. Intencje mo\u017cna sk\u0142ada\u0107 w zakrystii lub do skarbonki pod ch\u00f3rem.<\/strong><br \/>\n<strong> Po Mszy \u015bw. nabo\u017ce\u0144stwo do Naj\u015bwi\u0119tszego Serca Pana Jezusa oraz uczczenie Relikwii Krzy\u017ca \u015awi\u0119tego.<\/strong><br \/>\n<strong> <span style=\"color: #ff0000;\">Od 16.30 okazja do Spowiedzi \u015bw.<\/span> Zach\u0119camy do Spowiedzi \u015bw. dzieci, m\u0142odzie\u017c, rodzic\u00f3w i nauczycieli z okazji rozpocz\u0119tego nowego roku szkolnego.<\/strong><\/p>\n<p><strong><span style=\"color: #ff0000;\"><em><u>W sobot\u0119 (08.09.)<\/u><\/em> \u2013 \u015bwi\u0119to Narodzenia NMP. Msza \u015bw. o 17.00.<\/span><\/strong><\/p>\n<p><strong><span style=\"color: #ff0000;\"><em><u>W przysz\u0142a niedziel\u0119 (09.09.)<\/u><\/em> \u2013 wyj\u0105tkowo w drug\u0105 niedziel\u0119 miesi\u0105ca &#8211; kolekta przeznaczona \u00a0na remont i malowanie naszego kalwaryjskiego ko\u015bcio\u0142a.<\/span> Za ka\u017cd\u0105 ofiar\u0119 sk\u0142adamy serdeczne \u201eB\u00f3g zap\u0142a\u0107\u201d oraz zapewniamy o wdzi\u0119cznej modlitwie w naszym Sanktuarium i klasztorze.<\/strong><\/p>\n<p><strong><span style=\"color: #ff0000;\">Za dwa tygodnie, w<\/span><\/strong><span style=\"color: #ff0000;\"> <strong>niedziel\u0119 16 wrze\u015bnia, na naszej Kalwarii Odpust Podwy\u017cszenia Krzy\u017ca \u015awi\u0119tego.<\/strong><\/span><strong> Suma Odpustowa o 12.00 na Wzg\u00f3rzu Kalwaryjskim przy o\u0142tarzu polowym, pod przewodnictwem J.E. Ks. Arcybiskupa Wojciecha Polaka, Prymasa Polski. W czasie Mszy \u015bw. zostan\u0105 og\u0142oszone Statuty naszego Archidiecezjalnego Sanktuarium M\u0119ki Pa\u0144skiej \u2013 Kalwaria Pakoska.<br \/>\n<span style=\"color: #ff0000;\">Po Mszy \u015bw. tradycyjna Biesiada Franciszka\u0144ska po\u0142\u0105czona z koncertem zespo\u0142u Gangu Marcela.<\/span><br \/>\nW tym dniu w naszym ko\u015bciele Msza \u015bw. tylko o 9.00. Nie b\u0119dzie Mszy \u015bw. o 11.00 !!<\/strong><\/p>\n<p><strong><span style=\"color: #ff0000;\">Od wrze\u015bnia b\u0119d\u0105 przyjmowane nowe zg\u0142oszenia do Programu Dystrybucji \u017bywno\u015bci na rok 2018\/2019.<\/span> Wype\u0142nione wnioski przez O\u015brodek Pomocy Spo\u0142ecznej, mo\u017cna sk\u0142ada\u0107 w biurze parafialnym w parafii \u015bw. Bonawentury.<\/strong><\/p>\n<p><strong><span style=\"color: #ff0000;\">Prosimy o codzienn\u0105,\u00a0 gorliw\u0105 modlitw\u0119 w intencji Misji \u015awi\u0119tych w naszej Parafii.<\/span> Mo\u017cna jeszcze zabra\u0107 ze sob\u0105 programy Misji \u015awi\u0119tych do swoich dom\u00f3w i rodzin, kt\u00f3re wy\u0142o\u017cone s\u0105 na stoliku pod ch\u00f3rem.<\/strong><\/p>\n<p><strong>Pod ch\u00f3rem do nabycia czasopisma: \u201ePrzewodnik Katolicki\u201d, \u201eR\u00f3\u017caniec\u201d, \u201eOla i Ja\u015b\u201d oraz Kalendarze Misyjne na 2019r. w cenie 5 z\u0142. Wspom\u00f3\u017cmy w ten spos\u00f3b naszych franciszka\u0144skich misjonarzy. Op\u0142aty za czasopisma i kalendarze sk\u0142adamy do skarbonki.<\/strong><\/p>\n<p><strong>Wyra\u017camy wdzi\u0119czno\u015b\u0107 za wsp\u00f3ln\u0105 modlitw\u0119 oraz za z\u0142o\u017cone ofiary.<\/strong><br \/>\n<strong> Niech Dobry i Mi\u0142osierny B\u00f3g Wam i waszym Rodzinom obficie b\u0142ogos\u0142awi, a Matka Bo\u017ca Bolesna otacza swoj\u0105 przemo\u017cn\u0105 opiek\u0105.<\/strong><\/p>\n<p><strong>Z darem modlitwy Bracia Mniejsi Franciszkanie z Pako\u015bci &#8211; Kalwarii\u00a0 <\/strong><\/p>\n","protected":false},"excerpt":{"rendered":"<p>02.09. &#8211; 09.09.2018r.\u00a0 Dzisiaj (02.09.) \u2013 z okazji rozpoczynaj\u0105cego si\u0119 nowego roku szkolnego w czasie Mszy \u015bw. o 11.00 po\u015bwi\u0119cenie tornistr\u00f3w i przybor\u00f3w szkolnych. Dzisiaj o 12.00 Msza \u015bw. Do\u017cynkowa przy o\u0142tarzu polowym na Wzg\u00f3rzu Kalwaryjskim. Msze \u015bw. w naszym ko\u015bciele, jak w ka\u017cd\u0105 niedziel\u0119 o 9.00 i 11.00. We wtorek (05.09.) \u2013 po Mszy &hellip;<\/p>\n","protected":false},"author":2,"featured_media":6431,"comment_status":"closed","ping_status":"open","sticky":false,"template":"","format":"standard","meta":{"_mi_skip_tracking":false,"_exactmetrics_sitenote_active":false,"_exactmetrics_sitenote_note":"","_exactmetrics_sitenote_category":0},"categories":[5],"tags":[],"yoast_head":"<!-- This site is optimized with the Yoast SEO plugin v18.1 - https:\/\/yoast.com\/wordpress\/plugins\/seo\/ -->\n<title>Og\u0142oszenia duszpasterskie - XXII Niedziela Zwyk\u0142a - Pako\u015b\u0107 \u2013 Kalwaria<\/title>\n<meta name=\"robots\" content=\"index, follow, max-snippet:-1, max-image-preview:large, max-video-preview:-1\" \/>\n<link rel=\"canonical\" href=\"https:\/\/pakosc-kalwaria.franciszkanie.net\/index.php\/2018\/09\/03\/ogloszenia-duszpasterskie-xxii-niedziela-zwykla\/\" \/>\n<meta property=\"og:locale\" content=\"pl_PL\" \/>\n<meta property=\"og:type\" content=\"article\" \/>\n<meta property=\"og:title\" content=\"Og\u0142oszenia duszpasterskie - XXII Niedziela Zwyk\u0142a - Pako\u015b\u0107 \u2013 Kalwaria\" \/>\n<meta property=\"og:description\" content=\"02.09. &#8211; 09.09.2018r.\u00a0 Dzisiaj (02.09.) \u2013 z okazji rozpoczynaj\u0105cego si\u0119 nowego roku szkolnego w czasie Mszy \u015bw. o 11.00 po\u015bwi\u0119cenie tornistr\u00f3w i przybor\u00f3w szkolnych. Dzisiaj o 12.00 Msza \u015bw. Do\u017cynkowa przy o\u0142tarzu polowym na Wzg\u00f3rzu Kalwaryjskim. Msze \u015bw. w naszym ko\u015bciele, jak w ka\u017cd\u0105 niedziel\u0119 o 9.00 i 11.00. We wtorek (05.09.) \u2013 po Mszy &hellip;\" \/>\n<meta property=\"og:url\" content=\"https:\/\/pakosc-kalwaria.franciszkanie.net\/index.php\/2018\/09\/03\/ogloszenia-duszpasterskie-xxii-niedziela-zwykla\/\" \/>\n<meta property=\"og:site_name\" content=\"Pako\u015b\u0107 \u2013 Kalwaria\" \/>\n<meta property=\"article:author\" content=\"https:\/\/www.facebook.com\/KalwariaPakosc\/\" \/>\n<meta property=\"article:published_time\" content=\"2018-09-03T15:00:38+00:00\" \/>\n<meta property=\"article:modified_time\" content=\"2018-09-06T18:40:04+00:00\" \/>\n<meta property=\"og:image\" content=\"https:\/\/pakosc-kalwaria.franciszkanie.net\/wp-content\/uploads\/2018\/07\/Rok-2017-2018.jpg\" \/>\n\t<meta property=\"og:image:width\" content=\"250\" \/>\n\t<meta property=\"og:image:height\" content=\"250\" \/>\n\t<meta property=\"og:image:type\" content=\"image\/jpeg\" \/>\n<meta name=\"twitter:card\" content=\"summary\" \/>\n<meta name=\"twitter:label1\" content=\"Napisane przez\" \/>\n\t<meta name=\"twitter:data1\" content=\"pakosc-kalwaria\" \/>\n\t<meta name=\"twitter:label2\" content=\"Szacowany czas czytania\" \/>\n\t<meta name=\"twitter:data2\" content=\"3 minuty\" \/>\n<script type=\"application\/ld+json\" class=\"yoast-schema-graph\">{\"@context\":\"https:\/\/schema.org\",\"@graph\":[{\"@type\":\"WebSite\",\"@id\":\"https:\/\/pakosc-kalwaria.franciszkanie.net\/#website\",\"url\":\"https:\/\/pakosc-kalwaria.franciszkanie.net\/\",\"name\":\"Pako\u015b\u0107 \u2013 Kalwaria\",\"description\":\"Parafia Rzymsko \u2013 Katolicka p.w. Pana Jezusa Ukrzy\u017cowanego i  Matki Bo\u017cej Bolesnej ul. Barci\u0144ska 60, 88\u2013170 Pako\u015b\u0107 \u2013 Kalwaria\",\"potentialAction\":[{\"@type\":\"SearchAction\",\"target\":{\"@type\":\"EntryPoint\",\"urlTemplate\":\"https:\/\/pakosc-kalwaria.franciszkanie.net\/?s={search_term_string}\"},\"query-input\":\"required name=search_term_string\"}],\"inLanguage\":\"pl-PL\"},{\"@type\":\"ImageObject\",\"@id\":\"https:\/\/pakosc-kalwaria.franciszkanie.net\/index.php\/2018\/09\/03\/ogloszenia-duszpasterskie-xxii-niedziela-zwykla\/#primaryimage\",\"inLanguage\":\"pl-PL\",\"url\":\"https:\/\/pakosc-kalwaria.franciszkanie.net\/wp-content\/uploads\/2018\/07\/Rok-2017-2018.jpg\",\"contentUrl\":\"https:\/\/pakosc-kalwaria.franciszkanie.net\/wp-content\/uploads\/2018\/07\/Rok-2017-2018.jpg\",\"width\":250,\"height\":250},{\"@type\":\"WebPage\",\"@id\":\"https:\/\/pakosc-kalwaria.franciszkanie.net\/index.php\/2018\/09\/03\/ogloszenia-duszpasterskie-xxii-niedziela-zwykla\/#webpage\",\"url\":\"https:\/\/pakosc-kalwaria.franciszkanie.net\/index.php\/2018\/09\/03\/ogloszenia-duszpasterskie-xxii-niedziela-zwykla\/\",\"name\":\"Og\u0142oszenia duszpasterskie - XXII Niedziela Zwyk\u0142a - Pako\u015b\u0107 \u2013 Kalwaria\",\"isPartOf\":{\"@id\":\"https:\/\/pakosc-kalwaria.franciszkanie.net\/#website\"},\"primaryImageOfPage\":{\"@id\":\"https:\/\/pakosc-kalwaria.franciszkanie.net\/index.php\/2018\/09\/03\/ogloszenia-duszpasterskie-xxii-niedziela-zwykla\/#primaryimage\"},\"datePublished\":\"2018-09-03T15:00:38+00:00\",\"dateModified\":\"2018-09-06T18:40:04+00:00\",\"author\":{\"@id\":\"https:\/\/pakosc-kalwaria.franciszkanie.net\/#\/schema\/person\/af10b943be0760709227d060eadcb2aa\"},\"breadcrumb\":{\"@id\":\"https:\/\/pakosc-kalwaria.franciszkanie.net\/index.php\/2018\/09\/03\/ogloszenia-duszpasterskie-xxii-niedziela-zwykla\/#breadcrumb\"},\"inLanguage\":\"pl-PL\",\"potentialAction\":[{\"@type\":\"ReadAction\",\"target\":[\"https:\/\/pakosc-kalwaria.franciszkanie.net\/index.php\/2018\/09\/03\/ogloszenia-duszpasterskie-xxii-niedziela-zwykla\/\"]}]},{\"@type\":\"BreadcrumbList\",\"@id\":\"https:\/\/pakosc-kalwaria.franciszkanie.net\/index.php\/2018\/09\/03\/ogloszenia-duszpasterskie-xxii-niedziela-zwykla\/#breadcrumb\",\"itemListElement\":[{\"@type\":\"ListItem\",\"position\":1,\"name\":\"Strona g\u0142\u00f3wna\",\"item\":\"https:\/\/pakosc-kalwaria.franciszkanie.net\/\"},{\"@type\":\"ListItem\",\"position\":2,\"name\":\"Og\u0142oszenia duszpasterskie &#8211; XXII Niedziela Zwyk\u0142a\"}]},{\"@type\":\"Person\",\"@id\":\"https:\/\/pakosc-kalwaria.franciszkanie.net\/#\/schema\/person\/af10b943be0760709227d060eadcb2aa\",\"name\":\"pakosc-kalwaria\",\"image\":{\"@type\":\"ImageObject\",\"@id\":\"https:\/\/pakosc-kalwaria.franciszkanie.net\/#personlogo\",\"inLanguage\":\"pl-PL\",\"url\":\"https:\/\/secure.gravatar.com\/avatar\/e7049d338b55eac6a0027ff3218b8d02?s=96&d=mm&r=g\",\"contentUrl\":\"https:\/\/secure.gravatar.com\/avatar\/e7049d338b55eac6a0027ff3218b8d02?s=96&d=mm&r=g\",\"caption\":\"pakosc-kalwaria\"},\"sameAs\":[\"https:\/\/www.facebook.com\/KalwariaPakosc\/\"],\"url\":\"https:\/\/pakosc-kalwaria.franciszkanie.net\/index.php\/author\/pakosc-kalwaria\/\"}]}<\/script>\n<!-- \/ Yoast SEO plugin. -->","yoast_head_json":{"title":"Og\u0142oszenia duszpasterskie - XXII Niedziela Zwyk\u0142a - Pako\u015b\u0107 \u2013 Kalwaria","robots":{"index":"index","follow":"follow","max-snippet":"max-snippet:-1","max-image-preview":"max-image-preview:large","max-video-preview":"max-video-preview:-1"},"canonical":"https:\/\/pakosc-kalwaria.franciszkanie.net\/index.php\/2018\/09\/03\/ogloszenia-duszpasterskie-xxii-niedziela-zwykla\/","og_locale":"pl_PL","og_type":"article","og_title":"Og\u0142oszenia duszpasterskie - XXII Niedziela Zwyk\u0142a - Pako\u015b\u0107 \u2013 Kalwaria","og_description":"02.09. &#8211; 09.09.2018r.\u00a0 Dzisiaj (02.09.) \u2013 z okazji rozpoczynaj\u0105cego si\u0119 nowego roku szkolnego w czasie Mszy \u015bw. o 11.00 po\u015bwi\u0119cenie tornistr\u00f3w i przybor\u00f3w szkolnych. Dzisiaj o 12.00 Msza \u015bw. Do\u017cynkowa przy o\u0142tarzu polowym na Wzg\u00f3rzu Kalwaryjskim. Msze \u015bw. w naszym ko\u015bciele, jak w ka\u017cd\u0105 niedziel\u0119 o 9.00 i 11.00. We wtorek (05.09.) \u2013 po Mszy &hellip;","og_url":"https:\/\/pakosc-kalwaria.franciszkanie.net\/index.php\/2018\/09\/03\/ogloszenia-duszpasterskie-xxii-niedziela-zwykla\/","og_site_name":"Pako\u015b\u0107 \u2013 Kalwaria","article_author":"https:\/\/www.facebook.com\/KalwariaPakosc\/","article_published_time":"2018-09-03T15:00:38+00:00","article_modified_time":"2018-09-06T18:40:04+00:00","og_image":[{"width":250,"height":250,"url":"https:\/\/pakosc-kalwaria.franciszkanie.net\/wp-content\/uploads\/2018\/07\/Rok-2017-2018.jpg","type":"image\/jpeg"}],"twitter_card":"summary","twitter_misc":{"Napisane przez":"pakosc-kalwaria","Szacowany czas czytania":"3 minuty"},"schema":{"@context":"https:\/\/schema.org","@graph":[{"@type":"WebSite","@id":"https:\/\/pakosc-kalwaria.franciszkanie.net\/#website","url":"https:\/\/pakosc-kalwaria.franciszkanie.net\/","name":"Pako\u015b\u0107 \u2013 Kalwaria","description":"Parafia Rzymsko \u2013 Katolicka p.w. Pana Jezusa Ukrzy\u017cowanego i  Matki Bo\u017cej Bolesnej ul. Barci\u0144ska 60, 88\u2013170 Pako\u015b\u0107 \u2013 Kalwaria","potentialAction":[{"@type":"SearchAction","target":{"@type":"EntryPoint","urlTemplate":"https:\/\/pakosc-kalwaria.franciszkanie.net\/?s={search_term_string}"},"query-input":"required name=search_term_string"}],"inLanguage":"pl-PL"},{"@type":"ImageObject","@id":"https:\/\/pakosc-kalwaria.franciszkanie.net\/index.php\/2018\/09\/03\/ogloszenia-duszpasterskie-xxii-niedziela-zwykla\/#primaryimage","inLanguage":"pl-PL","url":"https:\/\/pakosc-kalwaria.franciszkanie.net\/wp-content\/uploads\/2018\/07\/Rok-2017-2018.jpg","contentUrl":"https:\/\/pakosc-kalwaria.franciszkanie.net\/wp-content\/uploads\/2018\/07\/Rok-2017-2018.jpg","width":250,"height":250},{"@type":"WebPage","@id":"https:\/\/pakosc-kalwaria.franciszkanie.net\/index.php\/2018\/09\/03\/ogloszenia-duszpasterskie-xxii-niedziela-zwykla\/#webpage","url":"https:\/\/pakosc-kalwaria.franciszkanie.net\/index.php\/2018\/09\/03\/ogloszenia-duszpasterskie-xxii-niedziela-zwykla\/","name":"Og\u0142oszenia duszpasterskie - XXII Niedziela Zwyk\u0142a - Pako\u015b\u0107 \u2013 Kalwaria","isPartOf":{"@id":"https:\/\/pakosc-kalwaria.franciszkanie.net\/#website"},"primaryImageOfPage":{"@id":"https:\/\/pakosc-kalwaria.franciszkanie.net\/index.php\/2018\/09\/03\/ogloszenia-duszpasterskie-xxii-niedziela-zwykla\/#primaryimage"},"datePublished":"2018-09-03T15:00:38+00:00","dateModified":"2018-09-06T18:40:04+00:00","author":{"@id":"https:\/\/pakosc-kalwaria.franciszkanie.net\/#\/schema\/person\/af10b943be0760709227d060eadcb2aa"},"breadcrumb":{"@id":"https:\/\/pakosc-kalwaria.franciszkanie.net\/index.php\/2018\/09\/03\/ogloszenia-duszpasterskie-xxii-niedziela-zwykla\/#breadcrumb"},"inLanguage":"pl-PL","potentialAction":[{"@type":"ReadAction","target":["https:\/\/pakosc-kalwaria.franciszkanie.net\/index.php\/2018\/09\/03\/ogloszenia-duszpasterskie-xxii-niedziela-zwykla\/"]}]},{"@type":"BreadcrumbList","@id":"https:\/\/pakosc-kalwaria.franciszkanie.net\/index.php\/2018\/09\/03\/ogloszenia-duszpasterskie-xxii-niedziela-zwykla\/#breadcrumb","itemListElement":[{"@type":"ListItem","position":1,"name":"Strona g\u0142\u00f3wna","item":"https:\/\/pakosc-kalwaria.franciszkanie.net\/"},{"@type":"ListItem","position":2,"name":"Og\u0142oszenia duszpasterskie &#8211; XXII Niedziela Zwyk\u0142a"}]},{"@type":"Person","@id":"https:\/\/pakosc-kalwaria.franciszkanie.net\/#\/schema\/person\/af10b943be0760709227d060eadcb2aa","name":"pakosc-kalwaria","image":{"@type":"ImageObject","@id":"https:\/\/pakosc-kalwaria.franciszkanie.net\/#personlogo","inLanguage":"pl-PL","url":"https:\/\/secure.gravatar.com\/avatar\/e7049d338b55eac6a0027ff3218b8d02?s=96&d=mm&r=g","contentUrl":"https:\/\/secure.gravatar.com\/avatar\/e7049d338b55eac6a0027ff3218b8d02?s=96&d=mm&r=g","caption":"pakosc-kalwaria"},"sameAs":["https:\/\/www.facebook.com\/KalwariaPakosc\/"],"url":"https:\/\/pakosc-kalwaria.franciszkanie.net\/index.php\/author\/pakosc-kalwaria\/"}]}},"_links":{"self":[{"href":"https:\/\/pakosc-kalwaria.franciszkanie.net\/index.php\/wp-json\/wp\/v2\/posts\/6575"}],"collection":[{"href":"https:\/\/pakosc-kalwaria.franciszkanie.net\/index.php\/wp-json\/wp\/v2\/posts"}],"about":[{"href":"https:\/\/pakosc-kalwaria.franciszkanie.net\/index.php\/wp-json\/wp\/v2\/types\/post"}],"author":[{"embeddable":true,"href":"https:\/\/pakosc-kalwaria.franciszkanie.net\/index.php\/wp-json\/wp\/v2\/users\/2"}],"replies":[{"embeddable":true,"href":"https:\/\/pakosc-kalwaria.franciszkanie.net\/index.php\/wp-json\/wp\/v2\/comments?post=6575"}],"version-history":[{"count":2,"href":"https:\/\/pakosc-kalwaria.franciszkanie.net\/index.php\/wp-json\/wp\/v2\/posts\/6575\/revisions"}],"predecessor-version":[{"id":6577,"href":"https:\/\/pakosc-kalwaria.franciszkanie.net\/index.php\/wp-json\/wp\/v2\/posts\/6575\/revisions\/6577"}],"wp:featuredmedia":[{"embeddable":true,"href":"https:\/\/pakosc-kalwaria.franciszkanie.net\/index.php\/wp-json\/wp\/v2\/media\/6431"}],"wp:attachment":[{"href":"https:\/\/pakosc-kalwaria.franciszkanie.net\/index.php\/wp-json\/wp\/v2\/media?parent=6575"}],"wp:term":[{"taxonomy":"category","embeddable":true,"href":"https:\/\/pakosc-kalwaria.franciszkanie.net\/index.php\/wp-json\/wp\/v2\/categories?post=6575"},{"taxonomy":"post_tag","embeddable":true,"href":"https:\/\/pakosc-kalwaria.franciszkanie.net\/index.php\/wp-json\/wp\/v2\/tags?post=6575"}],"curies":[{"name":"wp","href":"https:\/\/api.w.org\/{rel}","templated":true}]}}