{"id":6579,"date":"2018-09-04T19:00:43","date_gmt":"2018-09-04T17:00:43","guid":{"rendered":"http:\/\/pakosc-kalwaria.franciszkanie.net\/?p=6579"},"modified":"2018-09-06T20:39:26","modified_gmt":"2018-09-06T18:39:26","slug":"list-pasterski-okazji-viii-tygodnia-wychowania","status":"publish","type":"post","link":"https:\/\/pakosc-kalwaria.franciszkanie.net\/index.php\/2018\/09\/04\/list-pasterski-okazji-viii-tygodnia-wychowania\/","title":{"rendered":"List Pasterski z okazji VIII Tygodnia Wychowania"},"content":{"rendered":"<p><strong>WYCHOWAWCA CHRZE\u015aCIJA\u0143SKI <\/strong><strong>W PROCESIE ROZEZNAWANIA POWO\u0141ANIA<\/strong><\/p>\n<p><strong>List Pasterski z okazji VIII Tygodnia Wychowania 9 \u2013 15 wrze\u015bnia 2018 roku<\/strong><\/p>\n<p>W przysz\u0142\u0105 niedziel\u0119 rozpocznie si\u0119 w naszej Ojczy\u017anie VIII Tydzie\u0144 Wychowania. Jego tematyka b\u0119dzie nawi\u0105zywa\u0107 do has\u0142a, maj\u0105cego si\u0119 rozpocz\u0105\u0107 ju\u017c za miesi\u0105c w Rzymie, 15. Zgromadzenia Og\u00f3lnego Synodu Biskup\u00f3w: <em>M\u0142odzie\u017c, wiara i rozeznanie powo\u0142ania<\/em>,.<\/p>\n<p>W dzisiejszej Ewangelii Jezus kieruje nasz\u0105 uwag\u0119 ku ludzkiemu wn\u0119trzu. Przytacza skarg\u0119 Boga zawart\u0105 w Ksi\u0119dze Proroka Izajasza: \u201eTen lud czci Mnie wargami, lecz sercem swym daleko jest ode Mnie\u201d (Mk 7,6). Przypomina te\u017c, \u017ce dla naszego zbawienia decyduj\u0105ce s\u0105 nie zewn\u0119trzne okoliczno\u015bci, ale to, co pochodzi z ludzkiego wn\u0119trza.<\/p>\n<ol>\n<li><strong> \u017byciowe decyzje<\/strong><\/li>\n<\/ol>\n<p>W dokumencie przygotowawczym najbli\u017cszego Synodu Biskup\u00f3w zwraca si\u0119 uwag\u0119 na trzy przekonania dotycz\u0105ce rozeznania duchowego. \u201ePierwszym jest to, \u017ce Duch Bo\u017cy dzia\u0142a w sercu ka\u017cdego m\u0119\u017cczyzny i ka\u017cdej kobiety poprzez uczucia i pragnienia, kt\u00f3re wi\u0105\u017c\u0105 si\u0119 z ideami, obrazami i planami. (\u2026) Drugim przekonaniem jest, \u017ce ludzkie serce, z powodu swej s\u0142abo\u015bci i grzechu, jest zazwyczaj rozdarte, poniewa\u017c poci\u0105gaj\u0105 je bod\u017ace r\u00f3\u017cne, a nawet sobie przeciwstawne. Trzecie przekonanie, to fakt, \u017ce \u017cycie narzuca konieczno\u015b\u0107 podj\u0119cia decyzji, bo nie mo\u017cna si\u0119 waha\u0107 w niesko\u0144czono\u015b\u0107\u201d.<\/p>\n<p>Cz\u0119sto w naszym \u017cyciu stajemy na rozstaju dr\u00f3g. Jest jasne, \u017ce nie da si\u0119 i\u015b\u0107 kilkoma naraz, dlatego trzeba podj\u0105\u0107 decyzj\u0119, kt\u00f3r\u0105 z nich wybra\u0107. Takim punktem, z kt\u00f3rego wychodzi kilka mo\u017cliwych \u015bcie\u017cek, jest decyzja dotycz\u0105ca wyboru \u017cycia ma\u0142\u017ce\u0144skiego, kap\u0142a\u0144skiego, konsekrowanego czy \u017cycia w stanie wolnym. Kolejne skrzy\u017cowania dr\u00f3g \u017cyciowych mog\u0105 by\u0107 zwi\u0105zane z wyborem pracy, decyzj\u0105 dotycz\u0105c\u0105 dalszego kszta\u0142cenia miejsca zamieszkania. Rozeznawanie powo\u0142ania bywa kojarzone z m\u0142odo\u015bci\u0105, jednak umiej\u0119tno\u015b\u0107 ta potrzebna jest przez ca\u0142e \u017cycie.<\/p>\n<p>Mottem tegorocznego Tygodnia Wychowania jest has\u0142o: <em>Wyb\u00f3r drogi<\/em>. Zapraszamy Rodzic\u00f3w, Nauczycieli i wszystkich Wychowawc\u00f3w do zastanowienia si\u0119, jak pom\u00f3c dzieciom i wychowankom w procesie rozeznawania ich \u017cyciowych decyzji. Refleksja ta mo\u017ce by\u0107 pomocna tak\u017ce w naszej osobistej formacji.<\/p>\n<ol start=\"2\">\n<li><strong> Wewn\u0119trzny kompas<\/strong><\/li>\n<\/ol>\n<p>Rozeznawanie powo\u0142ania nie opiera si\u0119 na prostych podpowiedziach przychodz\u0105cych z zewn\u0105trz. Chodzi w nim raczej o ustawienie wewn\u0119trznej busoli, kt\u00f3ra umo\u017cliwi w ka\u017cdej \u017cyciowej sytuacji odkrycie najlepszej z dr\u00f3g.<\/p>\n<p>W najnowszej adhortacji o powo\u0142aniu do \u015bwi\u0119to\u015bci papie\u017c Franciszek pyta: \u201eJak rozpozna\u0107, czy co\u015b pochodzi od Ducha \u015awi\u0119tego, czy pochodzi z ducha tego \u015bwiata lub z ducha diab\u0142a?\u201d. Ojciec \u015bwi\u0119ty udziela nast\u0119puj\u0105cej odpowiedzi: \u201eJedynym sposobem jest rozeznanie, kt\u00f3re wymaga nie tylko dobrej zdolno\u015bci rozumowania lub zdrowego rozs\u0105dku, ale jest tak\u017ce darem, o kt\u00f3ry nale\u017cy prosi\u0107\u201d (Franciszek, Adhortacja apostolska <em>Gaudete et exsultate <\/em>166).<\/p>\n<p>Tym, kto ma plan na nasze \u017cycie i wie, czego naprawd\u0119 potrzebujemy, jest B\u00f3g. Ten, kt\u00f3ry nas stworzy\u0142 i zna nas lepiej ni\u017c my sami siebie, jest wi\u0119c najw\u0142a\u015bciwszym Adresatem pytania o to, jak\u0105 drog\u0119 wybra\u0107 w konkretnej sytuacji. B\u00f3g jest obecny w swoim S\u0142owie, dlatego w rozeznawaniu powo\u0142ania konieczne jest spotkanie z Bibli\u0105. Papie\u017c Benedykt XVI napisa\u0142: \u201eW m\u0142odo\u015bci pojawiaj\u0105 si\u0119 nieodparte i szczere pytania na temat sensu w\u0142asnego \u017cycia i tego, jaki kierunek nada\u0107 swojej egzystencji. Na te pytania tylko B\u00f3g potrafi da\u0107 prawdziwa\u0328 odpowiedz\u0301. (\u2026) Powinni\u015bmy pom\u00f3c m\u0142odym ludziom w poznawaniu Pisma \u015awi\u0119tego i bliskim obcowaniu z nim, aby by\u0142o niczym kompas wskazuj\u0105cy drog\u0119, kt\u00f3r\u0105 nale\u017cy i\u015b\u0107\u201d (Benedykt XVI<em>, <\/em>Adhortacja apostolska <em>Verbum Domini <\/em>104).<\/p>\n<p>Posiadanie wewn\u0119trznego \u201ekompasu\u201d, umo\u017cliwiaj\u0105cego spokojne rozeznawanie i dojrza\u0142e podejmowanie decyzji, konieczne jest szczeg\u00f3lnie dzi\u015b, gdy cz\u0142owiek jest nara\u017cony na oddzia\u0142ywanie tak wielu zewn\u0119trznych czynnik\u00f3w, zwi\u0105zanych chocia\u017cby z mediami elektronicznymi. \u201eWszyscy, ale szczeg\u00f3lnie m\u0142odzi ludzie \u2013 pisze papie\u017c Franciszek \u2013 s\u0105 nara\u017ceni na nieustanny\u00a0<em>zapping<\/em>\u00a0[skakanie po kana\u0142ach telewizyjnych]. Mo\u017cna porusza\u0107 si\u0119 w dw\u00f3ch lub trzech przestrzeniach jednocze\u015bnie i uczestniczy\u0107 w tym samym czasie w r\u00f3\u017cnych wirtualnych wydarzeniach. Bez m\u0105dro\u015bci rozeznania \u0142atwo mo\u017cemy sta\u0107 si\u0119 marionetkami, b\u0119d\u0105cymi zak\u0142adnikami chwilowych tendencji\u201d(Franciszek, Adhortacja apostolska <em>Gaudete et exsultate <\/em>167). Kto\u015b z czytaj\u0105cych te s\u0142owa przyzna\u0142: \u201erzeczywi\u015bcie, ostatnio przy\u0142apa\u0142em si\u0119 na tym, \u017ce ogl\u0105dam mecz w telewizji, na laptopie mam w\u0142\u0105czony kolejny odcinek serialu i jednocze\u015bnie \u00bbesemesuj\u0119\u00ab z kim\u015b na kom\u00f3rce\u201d.<\/p>\n<ol start=\"3\">\n<li><strong> Czynniki, kt\u00f3re warto uwzgl\u0119dni\u0107 w procesie rozeznawania <\/strong><\/li>\n<\/ol>\n<p>Powo\u0142anie jest zawsze zwi\u0105zane z jak\u0105\u015b misj\u0105, kt\u00f3ra spe\u0142nia si\u0119 w mi\u0142o\u015bci. Takie warto\u015bci, jak odniesienie sukcesu i zapewnienie utrzymania sobie i rodzinie \u2013 cho\u0107 same w sobie bardzo wa\u017cne \u2013 nie powinny stanowi\u0107 jedynego i g\u0142\u00f3wnego kryterium w podejmowaniu decyzji dotycz\u0105cych przysz\u0142o\u015bci. Viktor Frankl, austriacki psycholog i psychiatra, wi\u0119zie\u0144 oboz\u00f3w koncentracyjnych II wojny \u015bwiatowej przestrzega\u0142 swych student\u00f3w: \u201eNie go\u0144cie za sukcesem \u2013 im bardziej ku niemu d\u0105\u017cycie, czyni\u0105c z niego sw\u00f3j jedyny cel, tym cz\u0119\u015bciej on was omija. Do sukcesu bowiem, tak jak do szcz\u0119\u015bcia, nie mo\u017cna d\u0105\u017cy\u0107; musi on z czego\u015b wynika\u0107 i wyst\u0119puje jedynie jako niezamierzony rezultat naszego zaanga\u017cowania w dzie\u0142o wi\u0119ksze i wa\u017cniejsze od nas samych\u2026\u201d (Viktor Frankl<em>, Cz\u0142owiek w poszukiwaniu sensu<\/em>).<\/p>\n<p>\u015awi\u0119ty Pawe\u0142 poucza, \u017ce \u201eB\u00f3g jest w nas sprawc\u0105 i chcenia, i dzia\u0142ania zgodnie z Jego wol\u0105\u201d (Flp 2, 13). W procesie rozeznawania powo\u0142ania warto wi\u0119c postawi\u0107 nast\u0119puj\u0105ce pytania: Jakie s\u0105 moje najg\u0142\u0119bsze pragnienia? Jakie mam zdolno\u015bci i gdzie je najlepiej wykorzystam? W jaki spos\u00f3b najpe\u0142niej b\u0119d\u0119 s\u0142u\u017cy\u0142 Bogu i drugiemu cz\u0142owiekowi?<\/p>\n<p>Rodzice, ksi\u0119\u017ca, katecheci, nauczyciele i wychowawcy \u2013 to osoby towarzysz\u0105ce m\u0142odym w procesie rozeznawania ich powo\u0142ania. Mog\u0105 to czyni\u0107 przez rozmow\u0119, dobre rady, dzielenie si\u0119 do\u015bwiadczeniem, stawianie pyta\u0144, a przede wszystkim przez sam\u0105 obecno\u015b\u0107. Ilu m\u0142odych ludzi zafascynowa\u0142o si\u0119 \u017cyciem ma\u0142\u017conk\u00f3w, kt\u00f3rzy za\u0142o\u017cyli pi\u0119kn\u0105 kochaj\u0105c\u0105 si\u0119 rodzin\u0119? Podobnie wi\u0119kszo\u015b\u0107 ksi\u0119\u017cy spotka\u0142a w m\u0142odo\u015bci kap\u0142ana, kt\u00f3ry zachwyci\u0142 ich prze\u017cywaniem swego powo\u0142ania. Pewnie wielu s\u0142uchaj\u0105cych teraz tych s\u0142\u00f3w ma przed oczyma tak\u0105 osob\u0119, kt\u00f3ra wp\u0142yn\u0119\u0142a na ich \u017cycie. Warto za ni\u0105 podzi\u0119kowa\u0107 Bogu.<\/p>\n<p>Rozeznawaniu powo\u0142ania s\u0142u\u017cy szczery i pe\u0142en ufno\u015bci dialog cz\u0142owieka z Bogiem, a zw\u0142aszcza pro\u015bba o \u015bwiat\u0142o Ducha \u015awi\u0119tego. Przedmiotem rozmowy m\u0142odego cz\u0142owieka z Bogiem powinna by\u0107 te\u017c pro\u015bba o dar m\u0119stwa. Mo\u017cna przecie\u017c dobrze rozpozna\u0107 powo\u0142anie, ale nie mie\u0107 odwagi, by je podj\u0105\u0107. Taka sytuacja zdarza si\u0119 dzi\u015b do\u015b\u0107 cz\u0119sto, chocia\u017cby w przypadku m\u0119\u017cczyzn i kobiet przekonanych wewn\u0119trznie, \u017ce pragn\u0105 podj\u0105\u0107 wsp\u00f3lne \u017cycie, a kt\u00f3rym brakuje jednak odwagi, by wyzna\u0107 sobie mi\u0142o\u015b\u0107 w sakramencie ma\u0142\u017ce\u0144stwa. Mo\u017ce si\u0119 te\u017c zdarzy\u0107, \u017ce kto\u015b us\u0142yszy g\u0142os powo\u0142ania do kap\u0142a\u0144stwa czy \u017cycia konsekrowanego, a braknie mu odwagi, by wielkodusznie na nie odpowiedzie\u0107 i wej\u015b\u0107 na drog\u0119 jego realizacji. Jak\u017ce wa\u017cne jest towarzyszenie m\u0142odym w rozeznawaniu ich powo\u0142ania poprzez nasz\u0105 modlitw\u0119.<\/p>\n<p>Zapraszamy wszystkich do wsp\u00f3lnego prze\u017cycia VIII Tygodnia Wychowania, poprzedzaj\u0105cego w tym roku Synod Biskup\u00f3w, kt\u00f3ry b\u0119dzie po\u015bwi\u0119cony m\u0142odzie\u017cy w kontek\u015bcie rozeznawania i podejmowania \u017cyciowych decyzji. Pro\u015bmy Chrystusa \u2013 najlepszego Wychowawc\u0119, by dobre wykorzystanie tego czasu sta\u0142o si\u0119 naszym przyczynkiem do owocnego prze\u017cycia synodu. Pro\u015bmy te\u017c o to, by m\u0142odzi ludzie w\u0142a\u015bciwie rozeznali swoj\u0105 dalsz\u0105 drog\u0119, zaufali Panu Bogu i owocnie zrealizowali swoje \u017cyciowe powo\u0142anie.<\/p>\n<p>Na rozpoczynaj\u0105cy si\u0119 rok szkolny i katechetyczny 2018\/19 oraz zwi\u0105zane z nim nowe zadania duszpasterskie udzielamy wszystkim pasterskiego b\u0142ogos\u0142awie\u0144stwa.<\/p>\n<p>Podpisali: Kardyna\u0142owie, Arcybiskupi i Biskupi obecni na 379. Zebraniu Plenarnym Konferencji Episkopatu Polski,<\/p>\n","protected":false},"excerpt":{"rendered":"<p>WYCHOWAWCA CHRZE\u015aCIJA\u0143SKI W PROCESIE ROZEZNAWANIA POWO\u0141ANIA List Pasterski z okazji VIII Tygodnia Wychowania 9 \u2013 15 wrze\u015bnia 2018 roku W przysz\u0142\u0105 niedziel\u0119 rozpocznie si\u0119 w naszej Ojczy\u017anie VIII Tydzie\u0144 Wychowania. Jego tematyka b\u0119dzie nawi\u0105zywa\u0107 do has\u0142a, maj\u0105cego si\u0119 rozpocz\u0105\u0107 ju\u017c za miesi\u0105c w Rzymie, 15. Zgromadzenia Og\u00f3lnego Synodu Biskup\u00f3w: M\u0142odzie\u017c, wiara i rozeznanie powo\u0142ania,. W &hellip;<\/p>\n","protected":false},"author":2,"featured_media":6441,"comment_status":"closed","ping_status":"open","sticky":false,"template":"","format":"standard","meta":{"_mi_skip_tracking":false,"_exactmetrics_sitenote_active":false,"_exactmetrics_sitenote_note":"","_exactmetrics_sitenote_category":0},"categories":[7],"tags":[],"yoast_head":"<!-- This site is optimized with the Yoast SEO plugin v18.1 - https:\/\/yoast.com\/wordpress\/plugins\/seo\/ -->\n<title>List Pasterski z okazji VIII Tygodnia Wychowania - Pako\u015b\u0107 \u2013 Kalwaria<\/title>\n<meta name=\"robots\" content=\"index, follow, max-snippet:-1, max-image-preview:large, max-video-preview:-1\" \/>\n<link rel=\"canonical\" href=\"https:\/\/pakosc-kalwaria.franciszkanie.net\/index.php\/2018\/09\/04\/list-pasterski-okazji-viii-tygodnia-wychowania\/\" \/>\n<meta property=\"og:locale\" content=\"pl_PL\" \/>\n<meta property=\"og:type\" content=\"article\" \/>\n<meta property=\"og:title\" content=\"List Pasterski z okazji VIII Tygodnia Wychowania - Pako\u015b\u0107 \u2013 Kalwaria\" \/>\n<meta property=\"og:description\" content=\"WYCHOWAWCA CHRZE\u015aCIJA\u0143SKI W PROCESIE ROZEZNAWANIA POWO\u0141ANIA List Pasterski z okazji VIII Tygodnia Wychowania 9 \u2013 15 wrze\u015bnia 2018 roku W przysz\u0142\u0105 niedziel\u0119 rozpocznie si\u0119 w naszej Ojczy\u017anie VIII Tydzie\u0144 Wychowania. Jego tematyka b\u0119dzie nawi\u0105zywa\u0107 do has\u0142a, maj\u0105cego si\u0119 rozpocz\u0105\u0107 ju\u017c za miesi\u0105c w Rzymie, 15. Zgromadzenia Og\u00f3lnego Synodu Biskup\u00f3w: M\u0142odzie\u017c, wiara i rozeznanie powo\u0142ania,. W &hellip;\" \/>\n<meta property=\"og:url\" content=\"https:\/\/pakosc-kalwaria.franciszkanie.net\/index.php\/2018\/09\/04\/list-pasterski-okazji-viii-tygodnia-wychowania\/\" \/>\n<meta property=\"og:site_name\" content=\"Pako\u015b\u0107 \u2013 Kalwaria\" \/>\n<meta property=\"article:author\" content=\"https:\/\/www.facebook.com\/KalwariaPakosc\/\" \/>\n<meta property=\"article:published_time\" content=\"2018-09-04T17:00:43+00:00\" \/>\n<meta property=\"article:modified_time\" content=\"2018-09-06T18:39:26+00:00\" \/>\n<meta property=\"og:image\" content=\"https:\/\/pakosc-kalwaria.franciszkanie.net\/wp-content\/uploads\/2018\/07\/KEPlogo_nowe.jpg\" \/>\n\t<meta property=\"og:image:width\" content=\"250\" \/>\n\t<meta property=\"og:image:height\" content=\"248\" \/>\n\t<meta property=\"og:image:type\" content=\"image\/jpeg\" \/>\n<meta name=\"twitter:card\" content=\"summary\" \/>\n<meta name=\"twitter:label1\" content=\"Napisane przez\" \/>\n\t<meta name=\"twitter:data1\" content=\"pakosc-kalwaria\" \/>\n\t<meta name=\"twitter:label2\" content=\"Szacowany czas czytania\" \/>\n\t<meta name=\"twitter:data2\" content=\"7 minut\" \/>\n<script type=\"application\/ld+json\" class=\"yoast-schema-graph\">{\"@context\":\"https:\/\/schema.org\",\"@graph\":[{\"@type\":\"WebSite\",\"@id\":\"https:\/\/pakosc-kalwaria.franciszkanie.net\/#website\",\"url\":\"https:\/\/pakosc-kalwaria.franciszkanie.net\/\",\"name\":\"Pako\u015b\u0107 \u2013 Kalwaria\",\"description\":\"Parafia Rzymsko \u2013 Katolicka p.w. Pana Jezusa Ukrzy\u017cowanego i  Matki Bo\u017cej Bolesnej ul. Barci\u0144ska 60, 88\u2013170 Pako\u015b\u0107 \u2013 Kalwaria\",\"potentialAction\":[{\"@type\":\"SearchAction\",\"target\":{\"@type\":\"EntryPoint\",\"urlTemplate\":\"https:\/\/pakosc-kalwaria.franciszkanie.net\/?s={search_term_string}\"},\"query-input\":\"required name=search_term_string\"}],\"inLanguage\":\"pl-PL\"},{\"@type\":\"ImageObject\",\"@id\":\"https:\/\/pakosc-kalwaria.franciszkanie.net\/index.php\/2018\/09\/04\/list-pasterski-okazji-viii-tygodnia-wychowania\/#primaryimage\",\"inLanguage\":\"pl-PL\",\"url\":\"https:\/\/pakosc-kalwaria.franciszkanie.net\/wp-content\/uploads\/2018\/07\/KEPlogo_nowe.jpg\",\"contentUrl\":\"https:\/\/pakosc-kalwaria.franciszkanie.net\/wp-content\/uploads\/2018\/07\/KEPlogo_nowe.jpg\",\"width\":250,\"height\":248},{\"@type\":\"WebPage\",\"@id\":\"https:\/\/pakosc-kalwaria.franciszkanie.net\/index.php\/2018\/09\/04\/list-pasterski-okazji-viii-tygodnia-wychowania\/#webpage\",\"url\":\"https:\/\/pakosc-kalwaria.franciszkanie.net\/index.php\/2018\/09\/04\/list-pasterski-okazji-viii-tygodnia-wychowania\/\",\"name\":\"List Pasterski z okazji VIII Tygodnia Wychowania - Pako\u015b\u0107 \u2013 Kalwaria\",\"isPartOf\":{\"@id\":\"https:\/\/pakosc-kalwaria.franciszkanie.net\/#website\"},\"primaryImageOfPage\":{\"@id\":\"https:\/\/pakosc-kalwaria.franciszkanie.net\/index.php\/2018\/09\/04\/list-pasterski-okazji-viii-tygodnia-wychowania\/#primaryimage\"},\"datePublished\":\"2018-09-04T17:00:43+00:00\",\"dateModified\":\"2018-09-06T18:39:26+00:00\",\"author\":{\"@id\":\"https:\/\/pakosc-kalwaria.franciszkanie.net\/#\/schema\/person\/af10b943be0760709227d060eadcb2aa\"},\"breadcrumb\":{\"@id\":\"https:\/\/pakosc-kalwaria.franciszkanie.net\/index.php\/2018\/09\/04\/list-pasterski-okazji-viii-tygodnia-wychowania\/#breadcrumb\"},\"inLanguage\":\"pl-PL\",\"potentialAction\":[{\"@type\":\"ReadAction\",\"target\":[\"https:\/\/pakosc-kalwaria.franciszkanie.net\/index.php\/2018\/09\/04\/list-pasterski-okazji-viii-tygodnia-wychowania\/\"]}]},{\"@type\":\"BreadcrumbList\",\"@id\":\"https:\/\/pakosc-kalwaria.franciszkanie.net\/index.php\/2018\/09\/04\/list-pasterski-okazji-viii-tygodnia-wychowania\/#breadcrumb\",\"itemListElement\":[{\"@type\":\"ListItem\",\"position\":1,\"name\":\"Strona g\u0142\u00f3wna\",\"item\":\"https:\/\/pakosc-kalwaria.franciszkanie.net\/\"},{\"@type\":\"ListItem\",\"position\":2,\"name\":\"List Pasterski z okazji VIII Tygodnia Wychowania\"}]},{\"@type\":\"Person\",\"@id\":\"https:\/\/pakosc-kalwaria.franciszkanie.net\/#\/schema\/person\/af10b943be0760709227d060eadcb2aa\",\"name\":\"pakosc-kalwaria\",\"image\":{\"@type\":\"ImageObject\",\"@id\":\"https:\/\/pakosc-kalwaria.franciszkanie.net\/#personlogo\",\"inLanguage\":\"pl-PL\",\"url\":\"https:\/\/secure.gravatar.com\/avatar\/e7049d338b55eac6a0027ff3218b8d02?s=96&d=mm&r=g\",\"contentUrl\":\"https:\/\/secure.gravatar.com\/avatar\/e7049d338b55eac6a0027ff3218b8d02?s=96&d=mm&r=g\",\"caption\":\"pakosc-kalwaria\"},\"sameAs\":[\"https:\/\/www.facebook.com\/KalwariaPakosc\/\"],\"url\":\"https:\/\/pakosc-kalwaria.franciszkanie.net\/index.php\/author\/pakosc-kalwaria\/\"}]}<\/script>\n<!-- \/ Yoast SEO plugin. -->","yoast_head_json":{"title":"List Pasterski z okazji VIII Tygodnia Wychowania - Pako\u015b\u0107 \u2013 Kalwaria","robots":{"index":"index","follow":"follow","max-snippet":"max-snippet:-1","max-image-preview":"max-image-preview:large","max-video-preview":"max-video-preview:-1"},"canonical":"https:\/\/pakosc-kalwaria.franciszkanie.net\/index.php\/2018\/09\/04\/list-pasterski-okazji-viii-tygodnia-wychowania\/","og_locale":"pl_PL","og_type":"article","og_title":"List Pasterski z okazji VIII Tygodnia Wychowania - Pako\u015b\u0107 \u2013 Kalwaria","og_description":"WYCHOWAWCA CHRZE\u015aCIJA\u0143SKI W PROCESIE ROZEZNAWANIA POWO\u0141ANIA List Pasterski z okazji VIII Tygodnia Wychowania 9 \u2013 15 wrze\u015bnia 2018 roku W przysz\u0142\u0105 niedziel\u0119 rozpocznie si\u0119 w naszej Ojczy\u017anie VIII Tydzie\u0144 Wychowania. Jego tematyka b\u0119dzie nawi\u0105zywa\u0107 do has\u0142a, maj\u0105cego si\u0119 rozpocz\u0105\u0107 ju\u017c za miesi\u0105c w Rzymie, 15. Zgromadzenia Og\u00f3lnego Synodu Biskup\u00f3w: M\u0142odzie\u017c, wiara i rozeznanie powo\u0142ania,. W &hellip;","og_url":"https:\/\/pakosc-kalwaria.franciszkanie.net\/index.php\/2018\/09\/04\/list-pasterski-okazji-viii-tygodnia-wychowania\/","og_site_name":"Pako\u015b\u0107 \u2013 Kalwaria","article_author":"https:\/\/www.facebook.com\/KalwariaPakosc\/","article_published_time":"2018-09-04T17:00:43+00:00","article_modified_time":"2018-09-06T18:39:26+00:00","og_image":[{"width":250,"height":248,"url":"https:\/\/pakosc-kalwaria.franciszkanie.net\/wp-content\/uploads\/2018\/07\/KEPlogo_nowe.jpg","type":"image\/jpeg"}],"twitter_card":"summary","twitter_misc":{"Napisane przez":"pakosc-kalwaria","Szacowany czas czytania":"7 minut"},"schema":{"@context":"https:\/\/schema.org","@graph":[{"@type":"WebSite","@id":"https:\/\/pakosc-kalwaria.franciszkanie.net\/#website","url":"https:\/\/pakosc-kalwaria.franciszkanie.net\/","name":"Pako\u015b\u0107 \u2013 Kalwaria","description":"Parafia Rzymsko \u2013 Katolicka p.w. Pana Jezusa Ukrzy\u017cowanego i  Matki Bo\u017cej Bolesnej ul. Barci\u0144ska 60, 88\u2013170 Pako\u015b\u0107 \u2013 Kalwaria","potentialAction":[{"@type":"SearchAction","target":{"@type":"EntryPoint","urlTemplate":"https:\/\/pakosc-kalwaria.franciszkanie.net\/?s={search_term_string}"},"query-input":"required name=search_term_string"}],"inLanguage":"pl-PL"},{"@type":"ImageObject","@id":"https:\/\/pakosc-kalwaria.franciszkanie.net\/index.php\/2018\/09\/04\/list-pasterski-okazji-viii-tygodnia-wychowania\/#primaryimage","inLanguage":"pl-PL","url":"https:\/\/pakosc-kalwaria.franciszkanie.net\/wp-content\/uploads\/2018\/07\/KEPlogo_nowe.jpg","contentUrl":"https:\/\/pakosc-kalwaria.franciszkanie.net\/wp-content\/uploads\/2018\/07\/KEPlogo_nowe.jpg","width":250,"height":248},{"@type":"WebPage","@id":"https:\/\/pakosc-kalwaria.franciszkanie.net\/index.php\/2018\/09\/04\/list-pasterski-okazji-viii-tygodnia-wychowania\/#webpage","url":"https:\/\/pakosc-kalwaria.franciszkanie.net\/index.php\/2018\/09\/04\/list-pasterski-okazji-viii-tygodnia-wychowania\/","name":"List Pasterski z okazji VIII Tygodnia Wychowania - Pako\u015b\u0107 \u2013 Kalwaria","isPartOf":{"@id":"https:\/\/pakosc-kalwaria.franciszkanie.net\/#website"},"primaryImageOfPage":{"@id":"https:\/\/pakosc-kalwaria.franciszkanie.net\/index.php\/2018\/09\/04\/list-pasterski-okazji-viii-tygodnia-wychowania\/#primaryimage"},"datePublished":"2018-09-04T17:00:43+00:00","dateModified":"2018-09-06T18:39:26+00:00","author":{"@id":"https:\/\/pakosc-kalwaria.franciszkanie.net\/#\/schema\/person\/af10b943be0760709227d060eadcb2aa"},"breadcrumb":{"@id":"https:\/\/pakosc-kalwaria.franciszkanie.net\/index.php\/2018\/09\/04\/list-pasterski-okazji-viii-tygodnia-wychowania\/#breadcrumb"},"inLanguage":"pl-PL","potentialAction":[{"@type":"ReadAction","target":["https:\/\/pakosc-kalwaria.franciszkanie.net\/index.php\/2018\/09\/04\/list-pasterski-okazji-viii-tygodnia-wychowania\/"]}]},{"@type":"BreadcrumbList","@id":"https:\/\/pakosc-kalwaria.franciszkanie.net\/index.php\/2018\/09\/04\/list-pasterski-okazji-viii-tygodnia-wychowania\/#breadcrumb","itemListElement":[{"@type":"ListItem","position":1,"name":"Strona g\u0142\u00f3wna","item":"https:\/\/pakosc-kalwaria.franciszkanie.net\/"},{"@type":"ListItem","position":2,"name":"List Pasterski z okazji VIII Tygodnia Wychowania"}]},{"@type":"Person","@id":"https:\/\/pakosc-kalwaria.franciszkanie.net\/#\/schema\/person\/af10b943be0760709227d060eadcb2aa","name":"pakosc-kalwaria","image":{"@type":"ImageObject","@id":"https:\/\/pakosc-kalwaria.franciszkanie.net\/#personlogo","inLanguage":"pl-PL","url":"https:\/\/secure.gravatar.com\/avatar\/e7049d338b55eac6a0027ff3218b8d02?s=96&d=mm&r=g","contentUrl":"https:\/\/secure.gravatar.com\/avatar\/e7049d338b55eac6a0027ff3218b8d02?s=96&d=mm&r=g","caption":"pakosc-kalwaria"},"sameAs":["https:\/\/www.facebook.com\/KalwariaPakosc\/"],"url":"https:\/\/pakosc-kalwaria.franciszkanie.net\/index.php\/author\/pakosc-kalwaria\/"}]}},"_links":{"self":[{"href":"https:\/\/pakosc-kalwaria.franciszkanie.net\/index.php\/wp-json\/wp\/v2\/posts\/6579"}],"collection":[{"href":"https:\/\/pakosc-kalwaria.franciszkanie.net\/index.php\/wp-json\/wp\/v2\/posts"}],"about":[{"href":"https:\/\/pakosc-kalwaria.franciszkanie.net\/index.php\/wp-json\/wp\/v2\/types\/post"}],"author":[{"embeddable":true,"href":"https:\/\/pakosc-kalwaria.franciszkanie.net\/index.php\/wp-json\/wp\/v2\/users\/2"}],"replies":[{"embeddable":true,"href":"https:\/\/pakosc-kalwaria.franciszkanie.net\/index.php\/wp-json\/wp\/v2\/comments?post=6579"}],"version-history":[{"count":2,"href":"https:\/\/pakosc-kalwaria.franciszkanie.net\/index.php\/wp-json\/wp\/v2\/posts\/6579\/revisions"}],"predecessor-version":[{"id":6581,"href":"https:\/\/pakosc-kalwaria.franciszkanie.net\/index.php\/wp-json\/wp\/v2\/posts\/6579\/revisions\/6581"}],"wp:featuredmedia":[{"embeddable":true,"href":"https:\/\/pakosc-kalwaria.franciszkanie.net\/index.php\/wp-json\/wp\/v2\/media\/6441"}],"wp:attachment":[{"href":"https:\/\/pakosc-kalwaria.franciszkanie.net\/index.php\/wp-json\/wp\/v2\/media?parent=6579"}],"wp:term":[{"taxonomy":"category","embeddable":true,"href":"https:\/\/pakosc-kalwaria.franciszkanie.net\/index.php\/wp-json\/wp\/v2\/categories?post=6579"},{"taxonomy":"post_tag","embeddable":true,"href":"https:\/\/pakosc-kalwaria.franciszkanie.net\/index.php\/wp-json\/wp\/v2\/tags?post=6579"}],"curies":[{"name":"wp","href":"https:\/\/api.w.org\/{rel}","templated":true}]}}