{"id":6595,"date":"2018-09-11T14:00:22","date_gmt":"2018-09-11T12:00:22","guid":{"rendered":"http:\/\/pakosc-kalwaria.franciszkanie.net\/?p=6595"},"modified":"2018-09-17T11:34:03","modified_gmt":"2018-09-17T09:34:03","slug":"uroczystosci-odpustowe-naszej-parafii-14-15-wrzesnia","status":"publish","type":"post","link":"https:\/\/pakosc-kalwaria.franciszkanie.net\/index.php\/2018\/09\/11\/uroczystosci-odpustowe-naszej-parafii-14-15-wrzesnia\/","title":{"rendered":"Uroczysto\u015bci Odpustowe w naszej Parafii"},"content":{"rendered":"<p><strong><span style=\"color: #ff0000;\">W pi\u0105tek i w sobot\u0119 (14-15 wrze\u015bnia)<\/span> w naszej kalwaryjskiej parafii b\u0119dziemy prze\u017cywali Odpust ku czci Pana Jezusa Ukrzy\u017cowanego i Matki Bo\u017cej Bolesnej:<\/strong><\/p>\n<p><span style=\"color: #ff0000;\"><strong><em><u>W pi\u0105tek (14.09.)<\/u><\/em><\/strong><strong> \u2013 Uroczysto\u015b\u0107 Podwy\u017cszania Krzy\u017ca \u015awi\u0119tego.<\/strong><\/span><br \/>\n<strong><span style=\"color: #ff0000;\">Suma Odpustowa o 17.00<\/span> w intencji naszych Parafian i Dobrodziej\u00f3w oraz w intencjach zbiorowych do Bo\u017cego Mi\u0142osierdzia, kt\u00f3rej b\u0119dzie przewodniczy\u0142 o. Krzysztof Wantoch Rekowski \u2013 franciszkanin. Intencje mo\u017cna sk\u0142ada\u0107 w zakrystii lub\u00a0 do skarbonki pod ch\u00f3rem.<\/strong><br \/>\n<strong><span style=\"color: #ff0000;\">Po Sumie Odpustowej<\/span> Droga Krzy\u017cowa w ko\u015bciele i uczczenie Relikwii Krzy\u017ca \u015awi\u0119tego.<br \/>\nW pi\u0105tek z racji Odpustu nie obowi\u0105zuje w naszej Parafii post od potraw mi\u0119snych. \u00a0\u00a0\u00a0\u00a0\u00a0<\/strong><\/p>\n<p><span style=\"color: #ff0000;\"><strong><em><u>W sobot\u0119 (15.09.)<\/u><\/em><\/strong><strong> \u2013 Uroczysto\u015b\u0107 NMP Bolesnej.<\/strong><\/span><br \/>\n<strong><span style=\"color: #ff0000;\">Suma Odpustowa o 17.00<\/span> w intencji naszych Parafian i Dobrodziej\u00f3w oraz w intencji R\u00f3\u017cy R\u00f3\u017ca\u0144cowej Matki Bo\u017cej Bolesnej w naszej Parafii. Sumie Odpustowej b\u0119dzie przewodniczy\u0142 o. Krzysztof Wantoch Rekowski &#8211; franciszkanin<br \/>\n<span style=\"color: #ff0000;\">Po Sumie Odpustowej<\/span> nabo\u017ce\u0144stwo do Matki Bo\u017cej Bolesnej.<\/strong><\/p>\n<p><span style=\"color: #ff0000;\"><strong>W pi\u0105tek i sobot\u0119, z racji parafialnego Odpustu<\/strong><\/span><strong><span style=\"color: #ff0000;\">, w naszym ko\u015bciele mo\u017cna zyska\u0107 Odpust Zupe\u0142ny<\/span> pod zwyk\u0142ymi warunkami (nawiedzenie naszego ko\u015bcio\u0142a, stan \u0142aski u\u015bwi\u0119caj\u0105cej po Spowiedzi \u015bw., przyj\u0119cie Komunii \u015bw., brak przywi\u0105zania nawet do grzechu lekkiego oraz odm\u00f3wienie modlitw: Ojcze nasz, Wierz\u0119 w Boga oraz dowolnej modlitwy na intencje Ojca \u015awi\u0119tego).<\/strong><\/p>\n<p><span style=\"color: #ff0000;\"><strong>Okazja do Spowiedzi \u015bw. od 16.30.<\/strong><\/span><\/p>\n<p><strong>Wszystkich bardzo serdecznie zapraszamy do udzia\u0142u w naszych parafialnych uroczysto\u015bciach na kalwaryjskim Wzg\u00f3rzu Mi\u0142osierdzia.<\/strong><\/p>\n<p><strong>Bracia Mniejsi Franciszkanie z Pako\u015bci &#8211; Kalwarii<\/strong><\/p>\n","protected":false},"excerpt":{"rendered":"<p>W pi\u0105tek i w sobot\u0119 (14-15 wrze\u015bnia) w naszej kalwaryjskiej parafii b\u0119dziemy prze\u017cywali Odpust ku czci Pana Jezusa Ukrzy\u017cowanego i Matki Bo\u017cej Bolesnej: W pi\u0105tek (14.09.) \u2013 Uroczysto\u015b\u0107 Podwy\u017cszania Krzy\u017ca \u015awi\u0119tego. Suma Odpustowa o 17.00 w intencji naszych Parafian i Dobrodziej\u00f3w oraz w intencjach zbiorowych do Bo\u017cego Mi\u0142osierdzia, kt\u00f3rej b\u0119dzie przewodniczy\u0142 o. Krzysztof Wantoch Rekowski &hellip;<\/p>\n","protected":false},"author":2,"featured_media":6596,"comment_status":"closed","ping_status":"open","sticky":false,"template":"","format":"standard","meta":{"_mi_skip_tracking":false,"_exactmetrics_sitenote_active":false,"_exactmetrics_sitenote_note":"","_exactmetrics_sitenote_category":0},"categories":[5,1],"tags":[],"yoast_head":"<!-- This site is optimized with the Yoast SEO plugin v18.1 - https:\/\/yoast.com\/wordpress\/plugins\/seo\/ -->\n<title>Uroczysto\u015bci Odpustowe w naszej Parafii - Pako\u015b\u0107 \u2013 Kalwaria<\/title>\n<meta name=\"robots\" content=\"index, follow, max-snippet:-1, max-image-preview:large, max-video-preview:-1\" \/>\n<link rel=\"canonical\" href=\"https:\/\/pakosc-kalwaria.franciszkanie.net\/index.php\/2018\/09\/11\/uroczystosci-odpustowe-naszej-parafii-14-15-wrzesnia\/\" \/>\n<meta property=\"og:locale\" content=\"pl_PL\" \/>\n<meta property=\"og:type\" content=\"article\" \/>\n<meta property=\"og:title\" content=\"Uroczysto\u015bci Odpustowe w naszej Parafii - Pako\u015b\u0107 \u2013 Kalwaria\" \/>\n<meta property=\"og:description\" content=\"W pi\u0105tek i w sobot\u0119 (14-15 wrze\u015bnia) w naszej kalwaryjskiej parafii b\u0119dziemy prze\u017cywali Odpust ku czci Pana Jezusa Ukrzy\u017cowanego i Matki Bo\u017cej Bolesnej: W pi\u0105tek (14.09.) \u2013 Uroczysto\u015b\u0107 Podwy\u017cszania Krzy\u017ca \u015awi\u0119tego. Suma Odpustowa o 17.00 w intencji naszych Parafian i Dobrodziej\u00f3w oraz w intencjach zbiorowych do Bo\u017cego Mi\u0142osierdzia, kt\u00f3rej b\u0119dzie przewodniczy\u0142 o. Krzysztof Wantoch Rekowski &hellip;\" \/>\n<meta property=\"og:url\" content=\"https:\/\/pakosc-kalwaria.franciszkanie.net\/index.php\/2018\/09\/11\/uroczystosci-odpustowe-naszej-parafii-14-15-wrzesnia\/\" \/>\n<meta property=\"og:site_name\" content=\"Pako\u015b\u0107 \u2013 Kalwaria\" \/>\n<meta property=\"article:author\" content=\"https:\/\/www.facebook.com\/KalwariaPakosc\/\" \/>\n<meta property=\"article:published_time\" content=\"2018-09-11T12:00:22+00:00\" \/>\n<meta property=\"article:modified_time\" content=\"2018-09-17T09:34:03+00:00\" \/>\n<meta property=\"og:image\" content=\"https:\/\/pakosc-kalwaria.franciszkanie.net\/wp-content\/uploads\/2018\/09\/DSCN1602.jpg\" \/>\n\t<meta property=\"og:image:width\" content=\"300\" \/>\n\t<meta property=\"og:image:height\" content=\"225\" \/>\n\t<meta property=\"og:image:type\" content=\"image\/jpeg\" \/>\n<meta name=\"twitter:card\" content=\"summary\" \/>\n<meta name=\"twitter:label1\" content=\"Napisane przez\" \/>\n\t<meta name=\"twitter:data1\" content=\"pakosc-kalwaria\" \/>\n\t<meta name=\"twitter:label2\" content=\"Szacowany czas czytania\" \/>\n\t<meta name=\"twitter:data2\" content=\"1 minuta\" \/>\n<script type=\"application\/ld+json\" class=\"yoast-schema-graph\">{\"@context\":\"https:\/\/schema.org\",\"@graph\":[{\"@type\":\"WebSite\",\"@id\":\"https:\/\/pakosc-kalwaria.franciszkanie.net\/#website\",\"url\":\"https:\/\/pakosc-kalwaria.franciszkanie.net\/\",\"name\":\"Pako\u015b\u0107 \u2013 Kalwaria\",\"description\":\"Parafia Rzymsko \u2013 Katolicka p.w. Pana Jezusa Ukrzy\u017cowanego i  Matki Bo\u017cej Bolesnej ul. Barci\u0144ska 60, 88\u2013170 Pako\u015b\u0107 \u2013 Kalwaria\",\"potentialAction\":[{\"@type\":\"SearchAction\",\"target\":{\"@type\":\"EntryPoint\",\"urlTemplate\":\"https:\/\/pakosc-kalwaria.franciszkanie.net\/?s={search_term_string}\"},\"query-input\":\"required name=search_term_string\"}],\"inLanguage\":\"pl-PL\"},{\"@type\":\"ImageObject\",\"@id\":\"https:\/\/pakosc-kalwaria.franciszkanie.net\/index.php\/2018\/09\/11\/uroczystosci-odpustowe-naszej-parafii-14-15-wrzesnia\/#primaryimage\",\"inLanguage\":\"pl-PL\",\"url\":\"https:\/\/pakosc-kalwaria.franciszkanie.net\/wp-content\/uploads\/2018\/09\/DSCN1602.jpg\",\"contentUrl\":\"https:\/\/pakosc-kalwaria.franciszkanie.net\/wp-content\/uploads\/2018\/09\/DSCN1602.jpg\",\"width\":300,\"height\":225},{\"@type\":\"WebPage\",\"@id\":\"https:\/\/pakosc-kalwaria.franciszkanie.net\/index.php\/2018\/09\/11\/uroczystosci-odpustowe-naszej-parafii-14-15-wrzesnia\/#webpage\",\"url\":\"https:\/\/pakosc-kalwaria.franciszkanie.net\/index.php\/2018\/09\/11\/uroczystosci-odpustowe-naszej-parafii-14-15-wrzesnia\/\",\"name\":\"Uroczysto\u015bci Odpustowe w naszej Parafii - Pako\u015b\u0107 \u2013 Kalwaria\",\"isPartOf\":{\"@id\":\"https:\/\/pakosc-kalwaria.franciszkanie.net\/#website\"},\"primaryImageOfPage\":{\"@id\":\"https:\/\/pakosc-kalwaria.franciszkanie.net\/index.php\/2018\/09\/11\/uroczystosci-odpustowe-naszej-parafii-14-15-wrzesnia\/#primaryimage\"},\"datePublished\":\"2018-09-11T12:00:22+00:00\",\"dateModified\":\"2018-09-17T09:34:03+00:00\",\"author\":{\"@id\":\"https:\/\/pakosc-kalwaria.franciszkanie.net\/#\/schema\/person\/af10b943be0760709227d060eadcb2aa\"},\"breadcrumb\":{\"@id\":\"https:\/\/pakosc-kalwaria.franciszkanie.net\/index.php\/2018\/09\/11\/uroczystosci-odpustowe-naszej-parafii-14-15-wrzesnia\/#breadcrumb\"},\"inLanguage\":\"pl-PL\",\"potentialAction\":[{\"@type\":\"ReadAction\",\"target\":[\"https:\/\/pakosc-kalwaria.franciszkanie.net\/index.php\/2018\/09\/11\/uroczystosci-odpustowe-naszej-parafii-14-15-wrzesnia\/\"]}]},{\"@type\":\"BreadcrumbList\",\"@id\":\"https:\/\/pakosc-kalwaria.franciszkanie.net\/index.php\/2018\/09\/11\/uroczystosci-odpustowe-naszej-parafii-14-15-wrzesnia\/#breadcrumb\",\"itemListElement\":[{\"@type\":\"ListItem\",\"position\":1,\"name\":\"Strona g\u0142\u00f3wna\",\"item\":\"https:\/\/pakosc-kalwaria.franciszkanie.net\/\"},{\"@type\":\"ListItem\",\"position\":2,\"name\":\"Uroczysto\u015bci Odpustowe w naszej Parafii\"}]},{\"@type\":\"Person\",\"@id\":\"https:\/\/pakosc-kalwaria.franciszkanie.net\/#\/schema\/person\/af10b943be0760709227d060eadcb2aa\",\"name\":\"pakosc-kalwaria\",\"image\":{\"@type\":\"ImageObject\",\"@id\":\"https:\/\/pakosc-kalwaria.franciszkanie.net\/#personlogo\",\"inLanguage\":\"pl-PL\",\"url\":\"https:\/\/secure.gravatar.com\/avatar\/e7049d338b55eac6a0027ff3218b8d02?s=96&d=mm&r=g\",\"contentUrl\":\"https:\/\/secure.gravatar.com\/avatar\/e7049d338b55eac6a0027ff3218b8d02?s=96&d=mm&r=g\",\"caption\":\"pakosc-kalwaria\"},\"sameAs\":[\"https:\/\/www.facebook.com\/KalwariaPakosc\/\"],\"url\":\"https:\/\/pakosc-kalwaria.franciszkanie.net\/index.php\/author\/pakosc-kalwaria\/\"}]}<\/script>\n<!-- \/ Yoast SEO plugin. -->","yoast_head_json":{"title":"Uroczysto\u015bci Odpustowe w naszej Parafii - Pako\u015b\u0107 \u2013 Kalwaria","robots":{"index":"index","follow":"follow","max-snippet":"max-snippet:-1","max-image-preview":"max-image-preview:large","max-video-preview":"max-video-preview:-1"},"canonical":"https:\/\/pakosc-kalwaria.franciszkanie.net\/index.php\/2018\/09\/11\/uroczystosci-odpustowe-naszej-parafii-14-15-wrzesnia\/","og_locale":"pl_PL","og_type":"article","og_title":"Uroczysto\u015bci Odpustowe w naszej Parafii - Pako\u015b\u0107 \u2013 Kalwaria","og_description":"W pi\u0105tek i w sobot\u0119 (14-15 wrze\u015bnia) w naszej kalwaryjskiej parafii b\u0119dziemy prze\u017cywali Odpust ku czci Pana Jezusa Ukrzy\u017cowanego i Matki Bo\u017cej Bolesnej: W pi\u0105tek (14.09.) \u2013 Uroczysto\u015b\u0107 Podwy\u017cszania Krzy\u017ca \u015awi\u0119tego. Suma Odpustowa o 17.00 w intencji naszych Parafian i Dobrodziej\u00f3w oraz w intencjach zbiorowych do Bo\u017cego Mi\u0142osierdzia, kt\u00f3rej b\u0119dzie przewodniczy\u0142 o. Krzysztof Wantoch Rekowski &hellip;","og_url":"https:\/\/pakosc-kalwaria.franciszkanie.net\/index.php\/2018\/09\/11\/uroczystosci-odpustowe-naszej-parafii-14-15-wrzesnia\/","og_site_name":"Pako\u015b\u0107 \u2013 Kalwaria","article_author":"https:\/\/www.facebook.com\/KalwariaPakosc\/","article_published_time":"2018-09-11T12:00:22+00:00","article_modified_time":"2018-09-17T09:34:03+00:00","og_image":[{"width":300,"height":225,"url":"https:\/\/pakosc-kalwaria.franciszkanie.net\/wp-content\/uploads\/2018\/09\/DSCN1602.jpg","type":"image\/jpeg"}],"twitter_card":"summary","twitter_misc":{"Napisane przez":"pakosc-kalwaria","Szacowany czas czytania":"1 minuta"},"schema":{"@context":"https:\/\/schema.org","@graph":[{"@type":"WebSite","@id":"https:\/\/pakosc-kalwaria.franciszkanie.net\/#website","url":"https:\/\/pakosc-kalwaria.franciszkanie.net\/","name":"Pako\u015b\u0107 \u2013 Kalwaria","description":"Parafia Rzymsko \u2013 Katolicka p.w. Pana Jezusa Ukrzy\u017cowanego i  Matki Bo\u017cej Bolesnej ul. Barci\u0144ska 60, 88\u2013170 Pako\u015b\u0107 \u2013 Kalwaria","potentialAction":[{"@type":"SearchAction","target":{"@type":"EntryPoint","urlTemplate":"https:\/\/pakosc-kalwaria.franciszkanie.net\/?s={search_term_string}"},"query-input":"required name=search_term_string"}],"inLanguage":"pl-PL"},{"@type":"ImageObject","@id":"https:\/\/pakosc-kalwaria.franciszkanie.net\/index.php\/2018\/09\/11\/uroczystosci-odpustowe-naszej-parafii-14-15-wrzesnia\/#primaryimage","inLanguage":"pl-PL","url":"https:\/\/pakosc-kalwaria.franciszkanie.net\/wp-content\/uploads\/2018\/09\/DSCN1602.jpg","contentUrl":"https:\/\/pakosc-kalwaria.franciszkanie.net\/wp-content\/uploads\/2018\/09\/DSCN1602.jpg","width":300,"height":225},{"@type":"WebPage","@id":"https:\/\/pakosc-kalwaria.franciszkanie.net\/index.php\/2018\/09\/11\/uroczystosci-odpustowe-naszej-parafii-14-15-wrzesnia\/#webpage","url":"https:\/\/pakosc-kalwaria.franciszkanie.net\/index.php\/2018\/09\/11\/uroczystosci-odpustowe-naszej-parafii-14-15-wrzesnia\/","name":"Uroczysto\u015bci Odpustowe w naszej Parafii - Pako\u015b\u0107 \u2013 Kalwaria","isPartOf":{"@id":"https:\/\/pakosc-kalwaria.franciszkanie.net\/#website"},"primaryImageOfPage":{"@id":"https:\/\/pakosc-kalwaria.franciszkanie.net\/index.php\/2018\/09\/11\/uroczystosci-odpustowe-naszej-parafii-14-15-wrzesnia\/#primaryimage"},"datePublished":"2018-09-11T12:00:22+00:00","dateModified":"2018-09-17T09:34:03+00:00","author":{"@id":"https:\/\/pakosc-kalwaria.franciszkanie.net\/#\/schema\/person\/af10b943be0760709227d060eadcb2aa"},"breadcrumb":{"@id":"https:\/\/pakosc-kalwaria.franciszkanie.net\/index.php\/2018\/09\/11\/uroczystosci-odpustowe-naszej-parafii-14-15-wrzesnia\/#breadcrumb"},"inLanguage":"pl-PL","potentialAction":[{"@type":"ReadAction","target":["https:\/\/pakosc-kalwaria.franciszkanie.net\/index.php\/2018\/09\/11\/uroczystosci-odpustowe-naszej-parafii-14-15-wrzesnia\/"]}]},{"@type":"BreadcrumbList","@id":"https:\/\/pakosc-kalwaria.franciszkanie.net\/index.php\/2018\/09\/11\/uroczystosci-odpustowe-naszej-parafii-14-15-wrzesnia\/#breadcrumb","itemListElement":[{"@type":"ListItem","position":1,"name":"Strona g\u0142\u00f3wna","item":"https:\/\/pakosc-kalwaria.franciszkanie.net\/"},{"@type":"ListItem","position":2,"name":"Uroczysto\u015bci Odpustowe w naszej Parafii"}]},{"@type":"Person","@id":"https:\/\/pakosc-kalwaria.franciszkanie.net\/#\/schema\/person\/af10b943be0760709227d060eadcb2aa","name":"pakosc-kalwaria","image":{"@type":"ImageObject","@id":"https:\/\/pakosc-kalwaria.franciszkanie.net\/#personlogo","inLanguage":"pl-PL","url":"https:\/\/secure.gravatar.com\/avatar\/e7049d338b55eac6a0027ff3218b8d02?s=96&d=mm&r=g","contentUrl":"https:\/\/secure.gravatar.com\/avatar\/e7049d338b55eac6a0027ff3218b8d02?s=96&d=mm&r=g","caption":"pakosc-kalwaria"},"sameAs":["https:\/\/www.facebook.com\/KalwariaPakosc\/"],"url":"https:\/\/pakosc-kalwaria.franciszkanie.net\/index.php\/author\/pakosc-kalwaria\/"}]}},"_links":{"self":[{"href":"https:\/\/pakosc-kalwaria.franciszkanie.net\/index.php\/wp-json\/wp\/v2\/posts\/6595"}],"collection":[{"href":"https:\/\/pakosc-kalwaria.franciszkanie.net\/index.php\/wp-json\/wp\/v2\/posts"}],"about":[{"href":"https:\/\/pakosc-kalwaria.franciszkanie.net\/index.php\/wp-json\/wp\/v2\/types\/post"}],"author":[{"embeddable":true,"href":"https:\/\/pakosc-kalwaria.franciszkanie.net\/index.php\/wp-json\/wp\/v2\/users\/2"}],"replies":[{"embeddable":true,"href":"https:\/\/pakosc-kalwaria.franciszkanie.net\/index.php\/wp-json\/wp\/v2\/comments?post=6595"}],"version-history":[{"count":6,"href":"https:\/\/pakosc-kalwaria.franciszkanie.net\/index.php\/wp-json\/wp\/v2\/posts\/6595\/revisions"}],"predecessor-version":[{"id":6675,"href":"https:\/\/pakosc-kalwaria.franciszkanie.net\/index.php\/wp-json\/wp\/v2\/posts\/6595\/revisions\/6675"}],"wp:featuredmedia":[{"embeddable":true,"href":"https:\/\/pakosc-kalwaria.franciszkanie.net\/index.php\/wp-json\/wp\/v2\/media\/6596"}],"wp:attachment":[{"href":"https:\/\/pakosc-kalwaria.franciszkanie.net\/index.php\/wp-json\/wp\/v2\/media?parent=6595"}],"wp:term":[{"taxonomy":"category","embeddable":true,"href":"https:\/\/pakosc-kalwaria.franciszkanie.net\/index.php\/wp-json\/wp\/v2\/categories?post=6595"},{"taxonomy":"post_tag","embeddable":true,"href":"https:\/\/pakosc-kalwaria.franciszkanie.net\/index.php\/wp-json\/wp\/v2\/tags?post=6595"}],"curies":[{"name":"wp","href":"https:\/\/api.w.org\/{rel}","templated":true}]}}