{"id":6599,"date":"2018-09-11T07:00:44","date_gmt":"2018-09-11T05:00:44","guid":{"rendered":"http:\/\/pakosc-kalwaria.franciszkanie.net\/?p=6599"},"modified":"2018-09-17T11:34:18","modified_gmt":"2018-09-17T09:34:18","slug":"kalwaryjski-odpust-podwyzszenia-krzyza-swietego","status":"publish","type":"post","link":"https:\/\/pakosc-kalwaria.franciszkanie.net\/index.php\/2018\/09\/11\/kalwaryjski-odpust-podwyzszenia-krzyza-swietego\/","title":{"rendered":"Kalwaryjski Odpust Podwy\u017cszenia Krzy\u017ca \u015awi\u0119tego"},"content":{"rendered":"<p><strong><span style=\"color: #ff0000;\">W dniach 15 &#8211; 16 wrze\u015bnia 2018r.<\/span> na Kalwarii Pakoskiej b\u0119dziemy prze\u017cywali Odpust ku czci Podwy\u017cszania Krzy\u017ca \u015awi\u0119tego. <\/strong><\/p>\n<p><span style=\"color: #ff0000;\"><strong><u>Sobota 15 wrze\u015bnia<\/u><\/strong><\/span><br \/>\n<strong><span style=\"color: #ff0000;\">15.00<\/span> \u2013 Koronka do Bo\u017cego Mi\u0142osierdzia w ko\u015bciele \u015bw. Bonawentury (ul. Inowroc\u0142awska 3) \u00a0i Droga Krzy\u017cowa po \u015bcie\u017ckach kalwaryjskich\u00a0 na Kalwaryjskie Wzg\u00f3rze.<\/strong><\/p>\n<p><span style=\"color: #ff0000;\"><strong><u><br \/>\nNiedziela 16 wrze\u015bnia<\/u><\/strong><\/span><strong><br \/>\n<span style=\"color: #ff0000;\">11.30 &#8211;<\/span> Nabo\u017ce\u0144stwo przy Relikwiach Krzy\u017ca \u015awi\u0119tego na Wzg\u00f3rzu Kalwaryjskim przy o\u0142tarzu polowym (ul. Barci\u0144ska 60).<\/strong><\/p>\n<p><strong><span style=\"color: #ff0000;\">12.00 \u2013 Uroczysta Suma Odpustowa na Wzg\u00f3rzu Kalwaryjskim pod przewodnictwem Prymasa Polski J.E. Ks. Abpa Wojciecha Polaka<\/span>, w czasie kt\u00f3rej <span style=\"color: #ff0000;\">zostan\u0105 nadane Kalwarii Pakoskiej Statuty Archidiecezjalnego Sanktuarium M\u0119ki Pa\u0144skiej.<\/span><br \/>\nW czasie Mszy \u015bw. kilku naszych franciszka\u0144skich Wsp\u00f3\u0142braci otrzymane krzy\u017ce misyjne do prowadzenia misji ludowych w parafiach.<br \/>\n<span style=\"color: #ff0000;\">Na zako\u0144czenie Mszy \u015bw.<\/span> uczczenie Relikwii Krzy\u017ca \u015awi\u0119tego.<\/strong><\/p>\n<p><strong><span style=\"color: #ff0000;\">Po Sumie Odpustowej Biesiada Franciszka\u0144ska, a w niej Go\u015b\u0107 specjalny \u2013 zesp\u00f3l \u201eGang Marcela\u201d.<\/span><\/strong><\/p>\n<p><strong>Franciszkanie z Pako\u015bci zapraszaj\u0105 do wsp\u00f3lnej modlitwy oraz na wsp\u00f3ln\u0105 biesiad\u0119. <\/strong><\/p>\n","protected":false},"excerpt":{"rendered":"<p>W dniach 15 &#8211; 16 wrze\u015bnia 2018r. na Kalwarii Pakoskiej b\u0119dziemy prze\u017cywali Odpust ku czci Podwy\u017cszania Krzy\u017ca \u015awi\u0119tego. Sobota 15 wrze\u015bnia 15.00 \u2013 Koronka do Bo\u017cego Mi\u0142osierdzia w ko\u015bciele \u015bw. Bonawentury (ul. Inowroc\u0142awska 3) \u00a0i Droga Krzy\u017cowa po \u015bcie\u017ckach kalwaryjskich\u00a0 na Kalwaryjskie Wzg\u00f3rze. Niedziela 16 wrze\u015bnia 11.30 &#8211; Nabo\u017ce\u0144stwo przy Relikwiach Krzy\u017ca \u015awi\u0119tego na Wzg\u00f3rzu &hellip;<\/p>\n","protected":false},"author":2,"featured_media":6603,"comment_status":"closed","ping_status":"open","sticky":false,"template":"","format":"standard","meta":{"_mi_skip_tracking":false,"_exactmetrics_sitenote_active":false,"_exactmetrics_sitenote_note":"","_exactmetrics_sitenote_category":0},"categories":[5,1],"tags":[],"yoast_head":"<!-- This site is optimized with the Yoast SEO plugin v18.1 - https:\/\/yoast.com\/wordpress\/plugins\/seo\/ -->\n<title>Kalwaryjski Odpust Podwy\u017cszenia Krzy\u017ca \u015awi\u0119tego - Pako\u015b\u0107 \u2013 Kalwaria<\/title>\n<meta name=\"robots\" content=\"index, follow, max-snippet:-1, max-image-preview:large, max-video-preview:-1\" \/>\n<link rel=\"canonical\" href=\"https:\/\/pakosc-kalwaria.franciszkanie.net\/index.php\/2018\/09\/11\/kalwaryjski-odpust-podwyzszenia-krzyza-swietego\/\" \/>\n<meta property=\"og:locale\" content=\"pl_PL\" \/>\n<meta property=\"og:type\" content=\"article\" \/>\n<meta property=\"og:title\" content=\"Kalwaryjski Odpust Podwy\u017cszenia Krzy\u017ca \u015awi\u0119tego - Pako\u015b\u0107 \u2013 Kalwaria\" \/>\n<meta property=\"og:description\" content=\"W dniach 15 &#8211; 16 wrze\u015bnia 2018r. na Kalwarii Pakoskiej b\u0119dziemy prze\u017cywali Odpust ku czci Podwy\u017cszania Krzy\u017ca \u015awi\u0119tego. Sobota 15 wrze\u015bnia 15.00 \u2013 Koronka do Bo\u017cego Mi\u0142osierdzia w ko\u015bciele \u015bw. Bonawentury (ul. Inowroc\u0142awska 3) \u00a0i Droga Krzy\u017cowa po \u015bcie\u017ckach kalwaryjskich\u00a0 na Kalwaryjskie Wzg\u00f3rze. Niedziela 16 wrze\u015bnia 11.30 &#8211; Nabo\u017ce\u0144stwo przy Relikwiach Krzy\u017ca \u015awi\u0119tego na Wzg\u00f3rzu &hellip;\" \/>\n<meta property=\"og:url\" content=\"https:\/\/pakosc-kalwaria.franciszkanie.net\/index.php\/2018\/09\/11\/kalwaryjski-odpust-podwyzszenia-krzyza-swietego\/\" \/>\n<meta property=\"og:site_name\" content=\"Pako\u015b\u0107 \u2013 Kalwaria\" \/>\n<meta property=\"article:author\" content=\"https:\/\/www.facebook.com\/KalwariaPakosc\/\" \/>\n<meta property=\"article:published_time\" content=\"2018-09-11T05:00:44+00:00\" \/>\n<meta property=\"article:modified_time\" content=\"2018-09-17T09:34:18+00:00\" \/>\n<meta property=\"og:image\" content=\"https:\/\/pakosc-kalwaria.franciszkanie.net\/wp-content\/uploads\/2018\/09\/ODPUST-wrzesie\u0144-2018-1.jpg\" \/>\n\t<meta property=\"og:image:width\" content=\"200\" \/>\n\t<meta property=\"og:image:height\" content=\"283\" \/>\n\t<meta property=\"og:image:type\" content=\"image\/jpeg\" \/>\n<meta name=\"twitter:card\" content=\"summary\" \/>\n<meta name=\"twitter:label1\" content=\"Napisane przez\" \/>\n\t<meta name=\"twitter:data1\" content=\"pakosc-kalwaria\" \/>\n\t<meta name=\"twitter:label2\" content=\"Szacowany czas czytania\" \/>\n\t<meta name=\"twitter:data2\" content=\"1 minuta\" \/>\n<script type=\"application\/ld+json\" class=\"yoast-schema-graph\">{\"@context\":\"https:\/\/schema.org\",\"@graph\":[{\"@type\":\"WebSite\",\"@id\":\"https:\/\/pakosc-kalwaria.franciszkanie.net\/#website\",\"url\":\"https:\/\/pakosc-kalwaria.franciszkanie.net\/\",\"name\":\"Pako\u015b\u0107 \u2013 Kalwaria\",\"description\":\"Parafia Rzymsko \u2013 Katolicka p.w. Pana Jezusa Ukrzy\u017cowanego i  Matki Bo\u017cej Bolesnej ul. Barci\u0144ska 60, 88\u2013170 Pako\u015b\u0107 \u2013 Kalwaria\",\"potentialAction\":[{\"@type\":\"SearchAction\",\"target\":{\"@type\":\"EntryPoint\",\"urlTemplate\":\"https:\/\/pakosc-kalwaria.franciszkanie.net\/?s={search_term_string}\"},\"query-input\":\"required name=search_term_string\"}],\"inLanguage\":\"pl-PL\"},{\"@type\":\"ImageObject\",\"@id\":\"https:\/\/pakosc-kalwaria.franciszkanie.net\/index.php\/2018\/09\/11\/kalwaryjski-odpust-podwyzszenia-krzyza-swietego\/#primaryimage\",\"inLanguage\":\"pl-PL\",\"url\":\"https:\/\/pakosc-kalwaria.franciszkanie.net\/wp-content\/uploads\/2018\/09\/ODPUST-wrzesie\u0144-2018-1.jpg\",\"contentUrl\":\"https:\/\/pakosc-kalwaria.franciszkanie.net\/wp-content\/uploads\/2018\/09\/ODPUST-wrzesie\u0144-2018-1.jpg\",\"width\":200,\"height\":283},{\"@type\":\"WebPage\",\"@id\":\"https:\/\/pakosc-kalwaria.franciszkanie.net\/index.php\/2018\/09\/11\/kalwaryjski-odpust-podwyzszenia-krzyza-swietego\/#webpage\",\"url\":\"https:\/\/pakosc-kalwaria.franciszkanie.net\/index.php\/2018\/09\/11\/kalwaryjski-odpust-podwyzszenia-krzyza-swietego\/\",\"name\":\"Kalwaryjski Odpust Podwy\u017cszenia Krzy\u017ca \u015awi\u0119tego - Pako\u015b\u0107 \u2013 Kalwaria\",\"isPartOf\":{\"@id\":\"https:\/\/pakosc-kalwaria.franciszkanie.net\/#website\"},\"primaryImageOfPage\":{\"@id\":\"https:\/\/pakosc-kalwaria.franciszkanie.net\/index.php\/2018\/09\/11\/kalwaryjski-odpust-podwyzszenia-krzyza-swietego\/#primaryimage\"},\"datePublished\":\"2018-09-11T05:00:44+00:00\",\"dateModified\":\"2018-09-17T09:34:18+00:00\",\"author\":{\"@id\":\"https:\/\/pakosc-kalwaria.franciszkanie.net\/#\/schema\/person\/af10b943be0760709227d060eadcb2aa\"},\"breadcrumb\":{\"@id\":\"https:\/\/pakosc-kalwaria.franciszkanie.net\/index.php\/2018\/09\/11\/kalwaryjski-odpust-podwyzszenia-krzyza-swietego\/#breadcrumb\"},\"inLanguage\":\"pl-PL\",\"potentialAction\":[{\"@type\":\"ReadAction\",\"target\":[\"https:\/\/pakosc-kalwaria.franciszkanie.net\/index.php\/2018\/09\/11\/kalwaryjski-odpust-podwyzszenia-krzyza-swietego\/\"]}]},{\"@type\":\"BreadcrumbList\",\"@id\":\"https:\/\/pakosc-kalwaria.franciszkanie.net\/index.php\/2018\/09\/11\/kalwaryjski-odpust-podwyzszenia-krzyza-swietego\/#breadcrumb\",\"itemListElement\":[{\"@type\":\"ListItem\",\"position\":1,\"name\":\"Strona g\u0142\u00f3wna\",\"item\":\"https:\/\/pakosc-kalwaria.franciszkanie.net\/\"},{\"@type\":\"ListItem\",\"position\":2,\"name\":\"Kalwaryjski Odpust Podwy\u017cszenia Krzy\u017ca \u015awi\u0119tego\"}]},{\"@type\":\"Person\",\"@id\":\"https:\/\/pakosc-kalwaria.franciszkanie.net\/#\/schema\/person\/af10b943be0760709227d060eadcb2aa\",\"name\":\"pakosc-kalwaria\",\"image\":{\"@type\":\"ImageObject\",\"@id\":\"https:\/\/pakosc-kalwaria.franciszkanie.net\/#personlogo\",\"inLanguage\":\"pl-PL\",\"url\":\"https:\/\/secure.gravatar.com\/avatar\/e7049d338b55eac6a0027ff3218b8d02?s=96&d=mm&r=g\",\"contentUrl\":\"https:\/\/secure.gravatar.com\/avatar\/e7049d338b55eac6a0027ff3218b8d02?s=96&d=mm&r=g\",\"caption\":\"pakosc-kalwaria\"},\"sameAs\":[\"https:\/\/www.facebook.com\/KalwariaPakosc\/\"],\"url\":\"https:\/\/pakosc-kalwaria.franciszkanie.net\/index.php\/author\/pakosc-kalwaria\/\"}]}<\/script>\n<!-- \/ Yoast SEO plugin. -->","yoast_head_json":{"title":"Kalwaryjski Odpust Podwy\u017cszenia Krzy\u017ca \u015awi\u0119tego - Pako\u015b\u0107 \u2013 Kalwaria","robots":{"index":"index","follow":"follow","max-snippet":"max-snippet:-1","max-image-preview":"max-image-preview:large","max-video-preview":"max-video-preview:-1"},"canonical":"https:\/\/pakosc-kalwaria.franciszkanie.net\/index.php\/2018\/09\/11\/kalwaryjski-odpust-podwyzszenia-krzyza-swietego\/","og_locale":"pl_PL","og_type":"article","og_title":"Kalwaryjski Odpust Podwy\u017cszenia Krzy\u017ca \u015awi\u0119tego - Pako\u015b\u0107 \u2013 Kalwaria","og_description":"W dniach 15 &#8211; 16 wrze\u015bnia 2018r. na Kalwarii Pakoskiej b\u0119dziemy prze\u017cywali Odpust ku czci Podwy\u017cszania Krzy\u017ca \u015awi\u0119tego. Sobota 15 wrze\u015bnia 15.00 \u2013 Koronka do Bo\u017cego Mi\u0142osierdzia w ko\u015bciele \u015bw. Bonawentury (ul. Inowroc\u0142awska 3) \u00a0i Droga Krzy\u017cowa po \u015bcie\u017ckach kalwaryjskich\u00a0 na Kalwaryjskie Wzg\u00f3rze. Niedziela 16 wrze\u015bnia 11.30 &#8211; Nabo\u017ce\u0144stwo przy Relikwiach Krzy\u017ca \u015awi\u0119tego na Wzg\u00f3rzu &hellip;","og_url":"https:\/\/pakosc-kalwaria.franciszkanie.net\/index.php\/2018\/09\/11\/kalwaryjski-odpust-podwyzszenia-krzyza-swietego\/","og_site_name":"Pako\u015b\u0107 \u2013 Kalwaria","article_author":"https:\/\/www.facebook.com\/KalwariaPakosc\/","article_published_time":"2018-09-11T05:00:44+00:00","article_modified_time":"2018-09-17T09:34:18+00:00","og_image":[{"width":200,"height":283,"url":"https:\/\/pakosc-kalwaria.franciszkanie.net\/wp-content\/uploads\/2018\/09\/ODPUST-wrzesie\u0144-2018-1.jpg","type":"image\/jpeg"}],"twitter_card":"summary","twitter_misc":{"Napisane przez":"pakosc-kalwaria","Szacowany czas czytania":"1 minuta"},"schema":{"@context":"https:\/\/schema.org","@graph":[{"@type":"WebSite","@id":"https:\/\/pakosc-kalwaria.franciszkanie.net\/#website","url":"https:\/\/pakosc-kalwaria.franciszkanie.net\/","name":"Pako\u015b\u0107 \u2013 Kalwaria","description":"Parafia Rzymsko \u2013 Katolicka p.w. Pana Jezusa Ukrzy\u017cowanego i  Matki Bo\u017cej Bolesnej ul. Barci\u0144ska 60, 88\u2013170 Pako\u015b\u0107 \u2013 Kalwaria","potentialAction":[{"@type":"SearchAction","target":{"@type":"EntryPoint","urlTemplate":"https:\/\/pakosc-kalwaria.franciszkanie.net\/?s={search_term_string}"},"query-input":"required name=search_term_string"}],"inLanguage":"pl-PL"},{"@type":"ImageObject","@id":"https:\/\/pakosc-kalwaria.franciszkanie.net\/index.php\/2018\/09\/11\/kalwaryjski-odpust-podwyzszenia-krzyza-swietego\/#primaryimage","inLanguage":"pl-PL","url":"https:\/\/pakosc-kalwaria.franciszkanie.net\/wp-content\/uploads\/2018\/09\/ODPUST-wrzesie\u0144-2018-1.jpg","contentUrl":"https:\/\/pakosc-kalwaria.franciszkanie.net\/wp-content\/uploads\/2018\/09\/ODPUST-wrzesie\u0144-2018-1.jpg","width":200,"height":283},{"@type":"WebPage","@id":"https:\/\/pakosc-kalwaria.franciszkanie.net\/index.php\/2018\/09\/11\/kalwaryjski-odpust-podwyzszenia-krzyza-swietego\/#webpage","url":"https:\/\/pakosc-kalwaria.franciszkanie.net\/index.php\/2018\/09\/11\/kalwaryjski-odpust-podwyzszenia-krzyza-swietego\/","name":"Kalwaryjski Odpust Podwy\u017cszenia Krzy\u017ca \u015awi\u0119tego - Pako\u015b\u0107 \u2013 Kalwaria","isPartOf":{"@id":"https:\/\/pakosc-kalwaria.franciszkanie.net\/#website"},"primaryImageOfPage":{"@id":"https:\/\/pakosc-kalwaria.franciszkanie.net\/index.php\/2018\/09\/11\/kalwaryjski-odpust-podwyzszenia-krzyza-swietego\/#primaryimage"},"datePublished":"2018-09-11T05:00:44+00:00","dateModified":"2018-09-17T09:34:18+00:00","author":{"@id":"https:\/\/pakosc-kalwaria.franciszkanie.net\/#\/schema\/person\/af10b943be0760709227d060eadcb2aa"},"breadcrumb":{"@id":"https:\/\/pakosc-kalwaria.franciszkanie.net\/index.php\/2018\/09\/11\/kalwaryjski-odpust-podwyzszenia-krzyza-swietego\/#breadcrumb"},"inLanguage":"pl-PL","potentialAction":[{"@type":"ReadAction","target":["https:\/\/pakosc-kalwaria.franciszkanie.net\/index.php\/2018\/09\/11\/kalwaryjski-odpust-podwyzszenia-krzyza-swietego\/"]}]},{"@type":"BreadcrumbList","@id":"https:\/\/pakosc-kalwaria.franciszkanie.net\/index.php\/2018\/09\/11\/kalwaryjski-odpust-podwyzszenia-krzyza-swietego\/#breadcrumb","itemListElement":[{"@type":"ListItem","position":1,"name":"Strona g\u0142\u00f3wna","item":"https:\/\/pakosc-kalwaria.franciszkanie.net\/"},{"@type":"ListItem","position":2,"name":"Kalwaryjski Odpust Podwy\u017cszenia Krzy\u017ca \u015awi\u0119tego"}]},{"@type":"Person","@id":"https:\/\/pakosc-kalwaria.franciszkanie.net\/#\/schema\/person\/af10b943be0760709227d060eadcb2aa","name":"pakosc-kalwaria","image":{"@type":"ImageObject","@id":"https:\/\/pakosc-kalwaria.franciszkanie.net\/#personlogo","inLanguage":"pl-PL","url":"https:\/\/secure.gravatar.com\/avatar\/e7049d338b55eac6a0027ff3218b8d02?s=96&d=mm&r=g","contentUrl":"https:\/\/secure.gravatar.com\/avatar\/e7049d338b55eac6a0027ff3218b8d02?s=96&d=mm&r=g","caption":"pakosc-kalwaria"},"sameAs":["https:\/\/www.facebook.com\/KalwariaPakosc\/"],"url":"https:\/\/pakosc-kalwaria.franciszkanie.net\/index.php\/author\/pakosc-kalwaria\/"}]}},"_links":{"self":[{"href":"https:\/\/pakosc-kalwaria.franciszkanie.net\/index.php\/wp-json\/wp\/v2\/posts\/6599"}],"collection":[{"href":"https:\/\/pakosc-kalwaria.franciszkanie.net\/index.php\/wp-json\/wp\/v2\/posts"}],"about":[{"href":"https:\/\/pakosc-kalwaria.franciszkanie.net\/index.php\/wp-json\/wp\/v2\/types\/post"}],"author":[{"embeddable":true,"href":"https:\/\/pakosc-kalwaria.franciszkanie.net\/index.php\/wp-json\/wp\/v2\/users\/2"}],"replies":[{"embeddable":true,"href":"https:\/\/pakosc-kalwaria.franciszkanie.net\/index.php\/wp-json\/wp\/v2\/comments?post=6599"}],"version-history":[{"count":4,"href":"https:\/\/pakosc-kalwaria.franciszkanie.net\/index.php\/wp-json\/wp\/v2\/posts\/6599\/revisions"}],"predecessor-version":[{"id":6605,"href":"https:\/\/pakosc-kalwaria.franciszkanie.net\/index.php\/wp-json\/wp\/v2\/posts\/6599\/revisions\/6605"}],"wp:featuredmedia":[{"embeddable":true,"href":"https:\/\/pakosc-kalwaria.franciszkanie.net\/index.php\/wp-json\/wp\/v2\/media\/6603"}],"wp:attachment":[{"href":"https:\/\/pakosc-kalwaria.franciszkanie.net\/index.php\/wp-json\/wp\/v2\/media?parent=6599"}],"wp:term":[{"taxonomy":"category","embeddable":true,"href":"https:\/\/pakosc-kalwaria.franciszkanie.net\/index.php\/wp-json\/wp\/v2\/categories?post=6599"},{"taxonomy":"post_tag","embeddable":true,"href":"https:\/\/pakosc-kalwaria.franciszkanie.net\/index.php\/wp-json\/wp\/v2\/tags?post=6599"}],"curies":[{"name":"wp","href":"https:\/\/api.w.org\/{rel}","templated":true}]}}