{"id":6606,"date":"2018-09-11T06:30:32","date_gmt":"2018-09-11T04:30:32","guid":{"rendered":"http:\/\/pakosc-kalwaria.franciszkanie.net\/?p=6606"},"modified":"2018-09-17T11:34:34","modified_gmt":"2018-09-17T09:34:34","slug":"koncert-gangu-marcela-kalwarii-pakoskiej","status":"publish","type":"post","link":"https:\/\/pakosc-kalwaria.franciszkanie.net\/index.php\/2018\/09\/11\/koncert-gangu-marcela-kalwarii-pakoskiej\/","title":{"rendered":"Koncert Gangu Marcela na Kalwarii Pakoskiej"},"content":{"rendered":"<p><span style=\"color: #ff0000;\"><strong>W niedziel\u0119 16 wrze\u015bnia<\/strong><\/span><strong><span style=\"color: #ff0000;\"> 2018r.<\/span> w ramach Odpustu ku czci Podwy\u017cszenia Krzy\u017ca \u015awi\u0119tego, Bracia Mniejsi Franciszkanie zapraszaj\u0105 na <span style=\"color: #ff0000;\">koncert zespo\u0142u Gang Marcela.<\/span> <\/strong><br \/>\n<span style=\"color: #ff0000;\"><strong>Koncert rozpocznie si\u0119 na Wzg\u00f3rzu Kalwaryjskim po Sumie Odpustowej ok. 14.00.<\/strong><\/span><\/p>\n<p><strong>\u201eGang Marcela\u201d<\/strong> to grupa muzyczna za\u0142o\u017cona przez \u201eszefa gangu\u201d \u2013 Marcela Trojana (wsp\u00f3lnie z Barbar\u0105 Pysz i Jerzym R\u00f3\u017cyckim) \u2013 na prze\u0142omie 1979\/1980 roku, kt\u00f3ra &#8211; po okresie przygotowa\u0144 repertuarowych i pr\u00f3b rozpocz\u0119\u0142a dzia\u0142alno\u015b\u0107 koncertow\u0105 wiosn\u0105 1980 roku w roli \u201ewokalnego tria\u201d towarzysz\u0105cego najpierw Krzysztofowi Krawczykowi (1980-1981), a nast\u0119pnie Maryli Rodowicz (1981-1982).<br \/>\nW 1982 roku zesp\u00f3\u0142 rozpocz\u0105\u0142 ju\u017c w pe\u0142ni samodzieln\u0105 dzia\u0142alno\u015b\u0107 \u2013 z w\u0142asnym repertuarem i grup\u0105 akompaniuj\u0105c\u0105.<br \/>\nGang Marcela kojarzy si\u0119 przede wszystkim z okresem lat 80-tych, kiedy to takie piosenki jak: Tyle z\u0142amanych serc, Za\u015bwieci\u0142a moja gwiazda, Znajdziemy po\u015br\u00f3d trosk, Ojciec \u017cy\u0142 tak jak chcia\u0142, Kto je\u015bli nie ty, M\u0119\u017cczyzna i \u0142zy&#8230;, itp., itd., by\u0142y sta\u0142ymi \u201ego\u015b\u0107mi\u201d list przeboj\u00f3w, a tak\u017ce wielu telewizyjnych i radiowych program\u00f3w oraz koncert\u00f3w \u017cycze\u0144.<\/p>\n<p><strong><u>Aktualny trzon grupy stanowi\u0105:<\/u><\/strong><br \/>\nrodowita bielszczanka &#8211; <strong>Barbara Trojan<\/strong> (\u015bpiew, skrzypce),<br \/>\n<strong>Jan Mali\u0144ski<\/strong> &#8211; rodem z Olesna (\u015bpiew, gitara, saksofon)<br \/>\noraz \u201eszef gangu\u201d &#8211; <strong>Marcel Trojan<\/strong> &#8211; od kilkunastu lat tak\u017ce \u201ebielszczanin\u201d (\u015bpiew, gitara).<br \/>\nW trakcie koncert\u00f3w zwykle towarzyszy zespo\u0142owi gitarzysta \u2013 <strong>Robert Gli\u0144ski<\/strong>.<\/p>\n<p>Pomimo up\u0142ywu lat zesp\u00f3\u0142 \u201eGang Marcela\u201d nie traci na popularno\u015bci i atrakcyjno\u015bci, koncertuje licznie w kraju i za granic\u0105 oraz wci\u0105\u017c zaskakuje nowym, coraz bardziej dojrza\u0142ym repertuarem, pokazuj\u0105c si\u0119 okazjonalnie tak\u017ce w mediach.<\/p>\n<p><strong>Nie przegap tej okazji na spotkanie z Gangiem Marcela!!!<\/strong><\/p>\n","protected":false},"excerpt":{"rendered":"<p>W niedziel\u0119 16 wrze\u015bnia 2018r. w ramach Odpustu ku czci Podwy\u017cszenia Krzy\u017ca \u015awi\u0119tego, Bracia Mniejsi Franciszkanie zapraszaj\u0105 na koncert zespo\u0142u Gang Marcela. Koncert rozpocznie si\u0119 na Wzg\u00f3rzu Kalwaryjskim po Sumie Odpustowej ok. 14.00. \u201eGang Marcela\u201d to grupa muzyczna za\u0142o\u017cona przez \u201eszefa gangu\u201d \u2013 Marcela Trojana (wsp\u00f3lnie z Barbar\u0105 Pysz i Jerzym R\u00f3\u017cyckim) \u2013 na prze\u0142omie &hellip;<\/p>\n","protected":false},"author":2,"featured_media":6634,"comment_status":"closed","ping_status":"open","sticky":false,"template":"","format":"standard","meta":{"_mi_skip_tracking":false,"_exactmetrics_sitenote_active":false,"_exactmetrics_sitenote_note":"","_exactmetrics_sitenote_category":0},"categories":[5,1],"tags":[],"yoast_head":"<!-- This site is optimized with the Yoast SEO plugin v18.1 - https:\/\/yoast.com\/wordpress\/plugins\/seo\/ -->\n<title>Koncert Gangu Marcela na Kalwarii Pakoskiej - Pako\u015b\u0107 \u2013 Kalwaria<\/title>\n<meta name=\"robots\" content=\"index, follow, max-snippet:-1, max-image-preview:large, max-video-preview:-1\" \/>\n<link rel=\"canonical\" href=\"https:\/\/pakosc-kalwaria.franciszkanie.net\/index.php\/2018\/09\/11\/koncert-gangu-marcela-kalwarii-pakoskiej\/\" \/>\n<meta property=\"og:locale\" content=\"pl_PL\" \/>\n<meta property=\"og:type\" content=\"article\" \/>\n<meta property=\"og:title\" content=\"Koncert Gangu Marcela na Kalwarii Pakoskiej - Pako\u015b\u0107 \u2013 Kalwaria\" \/>\n<meta property=\"og:description\" content=\"W niedziel\u0119 16 wrze\u015bnia 2018r. w ramach Odpustu ku czci Podwy\u017cszenia Krzy\u017ca \u015awi\u0119tego, Bracia Mniejsi Franciszkanie zapraszaj\u0105 na koncert zespo\u0142u Gang Marcela. Koncert rozpocznie si\u0119 na Wzg\u00f3rzu Kalwaryjskim po Sumie Odpustowej ok. 14.00. \u201eGang Marcela\u201d to grupa muzyczna za\u0142o\u017cona przez \u201eszefa gangu\u201d \u2013 Marcela Trojana (wsp\u00f3lnie z Barbar\u0105 Pysz i Jerzym R\u00f3\u017cyckim) \u2013 na prze\u0142omie &hellip;\" \/>\n<meta property=\"og:url\" content=\"https:\/\/pakosc-kalwaria.franciszkanie.net\/index.php\/2018\/09\/11\/koncert-gangu-marcela-kalwarii-pakoskiej\/\" \/>\n<meta property=\"og:site_name\" content=\"Pako\u015b\u0107 \u2013 Kalwaria\" \/>\n<meta property=\"article:author\" content=\"https:\/\/www.facebook.com\/KalwariaPakosc\/\" \/>\n<meta property=\"article:published_time\" content=\"2018-09-11T04:30:32+00:00\" \/>\n<meta property=\"article:modified_time\" content=\"2018-09-17T09:34:34+00:00\" \/>\n<meta property=\"og:image\" content=\"https:\/\/pakosc-kalwaria.franciszkanie.net\/wp-content\/uploads\/2018\/09\/maxresdefault.jpg\" \/>\n\t<meta property=\"og:image:width\" content=\"400\" \/>\n\t<meta property=\"og:image:height\" content=\"225\" \/>\n\t<meta property=\"og:image:type\" content=\"image\/jpeg\" \/>\n<meta name=\"twitter:card\" content=\"summary\" \/>\n<meta name=\"twitter:label1\" content=\"Napisane przez\" \/>\n\t<meta name=\"twitter:data1\" content=\"pakosc-kalwaria\" \/>\n\t<meta name=\"twitter:label2\" content=\"Szacowany czas czytania\" \/>\n\t<meta name=\"twitter:data2\" content=\"1 minuta\" \/>\n<script type=\"application\/ld+json\" class=\"yoast-schema-graph\">{\"@context\":\"https:\/\/schema.org\",\"@graph\":[{\"@type\":\"WebSite\",\"@id\":\"https:\/\/pakosc-kalwaria.franciszkanie.net\/#website\",\"url\":\"https:\/\/pakosc-kalwaria.franciszkanie.net\/\",\"name\":\"Pako\u015b\u0107 \u2013 Kalwaria\",\"description\":\"Parafia Rzymsko \u2013 Katolicka p.w. Pana Jezusa Ukrzy\u017cowanego i  Matki Bo\u017cej Bolesnej ul. Barci\u0144ska 60, 88\u2013170 Pako\u015b\u0107 \u2013 Kalwaria\",\"potentialAction\":[{\"@type\":\"SearchAction\",\"target\":{\"@type\":\"EntryPoint\",\"urlTemplate\":\"https:\/\/pakosc-kalwaria.franciszkanie.net\/?s={search_term_string}\"},\"query-input\":\"required name=search_term_string\"}],\"inLanguage\":\"pl-PL\"},{\"@type\":\"ImageObject\",\"@id\":\"https:\/\/pakosc-kalwaria.franciszkanie.net\/index.php\/2018\/09\/11\/koncert-gangu-marcela-kalwarii-pakoskiej\/#primaryimage\",\"inLanguage\":\"pl-PL\",\"url\":\"https:\/\/pakosc-kalwaria.franciszkanie.net\/wp-content\/uploads\/2018\/09\/maxresdefault.jpg\",\"contentUrl\":\"https:\/\/pakosc-kalwaria.franciszkanie.net\/wp-content\/uploads\/2018\/09\/maxresdefault.jpg\",\"width\":400,\"height\":225},{\"@type\":\"WebPage\",\"@id\":\"https:\/\/pakosc-kalwaria.franciszkanie.net\/index.php\/2018\/09\/11\/koncert-gangu-marcela-kalwarii-pakoskiej\/#webpage\",\"url\":\"https:\/\/pakosc-kalwaria.franciszkanie.net\/index.php\/2018\/09\/11\/koncert-gangu-marcela-kalwarii-pakoskiej\/\",\"name\":\"Koncert Gangu Marcela na Kalwarii Pakoskiej - Pako\u015b\u0107 \u2013 Kalwaria\",\"isPartOf\":{\"@id\":\"https:\/\/pakosc-kalwaria.franciszkanie.net\/#website\"},\"primaryImageOfPage\":{\"@id\":\"https:\/\/pakosc-kalwaria.franciszkanie.net\/index.php\/2018\/09\/11\/koncert-gangu-marcela-kalwarii-pakoskiej\/#primaryimage\"},\"datePublished\":\"2018-09-11T04:30:32+00:00\",\"dateModified\":\"2018-09-17T09:34:34+00:00\",\"author\":{\"@id\":\"https:\/\/pakosc-kalwaria.franciszkanie.net\/#\/schema\/person\/af10b943be0760709227d060eadcb2aa\"},\"breadcrumb\":{\"@id\":\"https:\/\/pakosc-kalwaria.franciszkanie.net\/index.php\/2018\/09\/11\/koncert-gangu-marcela-kalwarii-pakoskiej\/#breadcrumb\"},\"inLanguage\":\"pl-PL\",\"potentialAction\":[{\"@type\":\"ReadAction\",\"target\":[\"https:\/\/pakosc-kalwaria.franciszkanie.net\/index.php\/2018\/09\/11\/koncert-gangu-marcela-kalwarii-pakoskiej\/\"]}]},{\"@type\":\"BreadcrumbList\",\"@id\":\"https:\/\/pakosc-kalwaria.franciszkanie.net\/index.php\/2018\/09\/11\/koncert-gangu-marcela-kalwarii-pakoskiej\/#breadcrumb\",\"itemListElement\":[{\"@type\":\"ListItem\",\"position\":1,\"name\":\"Strona g\u0142\u00f3wna\",\"item\":\"https:\/\/pakosc-kalwaria.franciszkanie.net\/\"},{\"@type\":\"ListItem\",\"position\":2,\"name\":\"Koncert Gangu Marcela na Kalwarii Pakoskiej\"}]},{\"@type\":\"Person\",\"@id\":\"https:\/\/pakosc-kalwaria.franciszkanie.net\/#\/schema\/person\/af10b943be0760709227d060eadcb2aa\",\"name\":\"pakosc-kalwaria\",\"image\":{\"@type\":\"ImageObject\",\"@id\":\"https:\/\/pakosc-kalwaria.franciszkanie.net\/#personlogo\",\"inLanguage\":\"pl-PL\",\"url\":\"https:\/\/secure.gravatar.com\/avatar\/e7049d338b55eac6a0027ff3218b8d02?s=96&d=mm&r=g\",\"contentUrl\":\"https:\/\/secure.gravatar.com\/avatar\/e7049d338b55eac6a0027ff3218b8d02?s=96&d=mm&r=g\",\"caption\":\"pakosc-kalwaria\"},\"sameAs\":[\"https:\/\/www.facebook.com\/KalwariaPakosc\/\"],\"url\":\"https:\/\/pakosc-kalwaria.franciszkanie.net\/index.php\/author\/pakosc-kalwaria\/\"}]}<\/script>\n<!-- \/ Yoast SEO plugin. -->","yoast_head_json":{"title":"Koncert Gangu Marcela na Kalwarii Pakoskiej - Pako\u015b\u0107 \u2013 Kalwaria","robots":{"index":"index","follow":"follow","max-snippet":"max-snippet:-1","max-image-preview":"max-image-preview:large","max-video-preview":"max-video-preview:-1"},"canonical":"https:\/\/pakosc-kalwaria.franciszkanie.net\/index.php\/2018\/09\/11\/koncert-gangu-marcela-kalwarii-pakoskiej\/","og_locale":"pl_PL","og_type":"article","og_title":"Koncert Gangu Marcela na Kalwarii Pakoskiej - Pako\u015b\u0107 \u2013 Kalwaria","og_description":"W niedziel\u0119 16 wrze\u015bnia 2018r. w ramach Odpustu ku czci Podwy\u017cszenia Krzy\u017ca \u015awi\u0119tego, Bracia Mniejsi Franciszkanie zapraszaj\u0105 na koncert zespo\u0142u Gang Marcela. Koncert rozpocznie si\u0119 na Wzg\u00f3rzu Kalwaryjskim po Sumie Odpustowej ok. 14.00. \u201eGang Marcela\u201d to grupa muzyczna za\u0142o\u017cona przez \u201eszefa gangu\u201d \u2013 Marcela Trojana (wsp\u00f3lnie z Barbar\u0105 Pysz i Jerzym R\u00f3\u017cyckim) \u2013 na prze\u0142omie &hellip;","og_url":"https:\/\/pakosc-kalwaria.franciszkanie.net\/index.php\/2018\/09\/11\/koncert-gangu-marcela-kalwarii-pakoskiej\/","og_site_name":"Pako\u015b\u0107 \u2013 Kalwaria","article_author":"https:\/\/www.facebook.com\/KalwariaPakosc\/","article_published_time":"2018-09-11T04:30:32+00:00","article_modified_time":"2018-09-17T09:34:34+00:00","og_image":[{"width":400,"height":225,"url":"https:\/\/pakosc-kalwaria.franciszkanie.net\/wp-content\/uploads\/2018\/09\/maxresdefault.jpg","type":"image\/jpeg"}],"twitter_card":"summary","twitter_misc":{"Napisane przez":"pakosc-kalwaria","Szacowany czas czytania":"1 minuta"},"schema":{"@context":"https:\/\/schema.org","@graph":[{"@type":"WebSite","@id":"https:\/\/pakosc-kalwaria.franciszkanie.net\/#website","url":"https:\/\/pakosc-kalwaria.franciszkanie.net\/","name":"Pako\u015b\u0107 \u2013 Kalwaria","description":"Parafia Rzymsko \u2013 Katolicka p.w. Pana Jezusa Ukrzy\u017cowanego i  Matki Bo\u017cej Bolesnej ul. Barci\u0144ska 60, 88\u2013170 Pako\u015b\u0107 \u2013 Kalwaria","potentialAction":[{"@type":"SearchAction","target":{"@type":"EntryPoint","urlTemplate":"https:\/\/pakosc-kalwaria.franciszkanie.net\/?s={search_term_string}"},"query-input":"required name=search_term_string"}],"inLanguage":"pl-PL"},{"@type":"ImageObject","@id":"https:\/\/pakosc-kalwaria.franciszkanie.net\/index.php\/2018\/09\/11\/koncert-gangu-marcela-kalwarii-pakoskiej\/#primaryimage","inLanguage":"pl-PL","url":"https:\/\/pakosc-kalwaria.franciszkanie.net\/wp-content\/uploads\/2018\/09\/maxresdefault.jpg","contentUrl":"https:\/\/pakosc-kalwaria.franciszkanie.net\/wp-content\/uploads\/2018\/09\/maxresdefault.jpg","width":400,"height":225},{"@type":"WebPage","@id":"https:\/\/pakosc-kalwaria.franciszkanie.net\/index.php\/2018\/09\/11\/koncert-gangu-marcela-kalwarii-pakoskiej\/#webpage","url":"https:\/\/pakosc-kalwaria.franciszkanie.net\/index.php\/2018\/09\/11\/koncert-gangu-marcela-kalwarii-pakoskiej\/","name":"Koncert Gangu Marcela na Kalwarii Pakoskiej - Pako\u015b\u0107 \u2013 Kalwaria","isPartOf":{"@id":"https:\/\/pakosc-kalwaria.franciszkanie.net\/#website"},"primaryImageOfPage":{"@id":"https:\/\/pakosc-kalwaria.franciszkanie.net\/index.php\/2018\/09\/11\/koncert-gangu-marcela-kalwarii-pakoskiej\/#primaryimage"},"datePublished":"2018-09-11T04:30:32+00:00","dateModified":"2018-09-17T09:34:34+00:00","author":{"@id":"https:\/\/pakosc-kalwaria.franciszkanie.net\/#\/schema\/person\/af10b943be0760709227d060eadcb2aa"},"breadcrumb":{"@id":"https:\/\/pakosc-kalwaria.franciszkanie.net\/index.php\/2018\/09\/11\/koncert-gangu-marcela-kalwarii-pakoskiej\/#breadcrumb"},"inLanguage":"pl-PL","potentialAction":[{"@type":"ReadAction","target":["https:\/\/pakosc-kalwaria.franciszkanie.net\/index.php\/2018\/09\/11\/koncert-gangu-marcela-kalwarii-pakoskiej\/"]}]},{"@type":"BreadcrumbList","@id":"https:\/\/pakosc-kalwaria.franciszkanie.net\/index.php\/2018\/09\/11\/koncert-gangu-marcela-kalwarii-pakoskiej\/#breadcrumb","itemListElement":[{"@type":"ListItem","position":1,"name":"Strona g\u0142\u00f3wna","item":"https:\/\/pakosc-kalwaria.franciszkanie.net\/"},{"@type":"ListItem","position":2,"name":"Koncert Gangu Marcela na Kalwarii Pakoskiej"}]},{"@type":"Person","@id":"https:\/\/pakosc-kalwaria.franciszkanie.net\/#\/schema\/person\/af10b943be0760709227d060eadcb2aa","name":"pakosc-kalwaria","image":{"@type":"ImageObject","@id":"https:\/\/pakosc-kalwaria.franciszkanie.net\/#personlogo","inLanguage":"pl-PL","url":"https:\/\/secure.gravatar.com\/avatar\/e7049d338b55eac6a0027ff3218b8d02?s=96&d=mm&r=g","contentUrl":"https:\/\/secure.gravatar.com\/avatar\/e7049d338b55eac6a0027ff3218b8d02?s=96&d=mm&r=g","caption":"pakosc-kalwaria"},"sameAs":["https:\/\/www.facebook.com\/KalwariaPakosc\/"],"url":"https:\/\/pakosc-kalwaria.franciszkanie.net\/index.php\/author\/pakosc-kalwaria\/"}]}},"_links":{"self":[{"href":"https:\/\/pakosc-kalwaria.franciszkanie.net\/index.php\/wp-json\/wp\/v2\/posts\/6606"}],"collection":[{"href":"https:\/\/pakosc-kalwaria.franciszkanie.net\/index.php\/wp-json\/wp\/v2\/posts"}],"about":[{"href":"https:\/\/pakosc-kalwaria.franciszkanie.net\/index.php\/wp-json\/wp\/v2\/types\/post"}],"author":[{"embeddable":true,"href":"https:\/\/pakosc-kalwaria.franciszkanie.net\/index.php\/wp-json\/wp\/v2\/users\/2"}],"replies":[{"embeddable":true,"href":"https:\/\/pakosc-kalwaria.franciszkanie.net\/index.php\/wp-json\/wp\/v2\/comments?post=6606"}],"version-history":[{"count":1,"href":"https:\/\/pakosc-kalwaria.franciszkanie.net\/index.php\/wp-json\/wp\/v2\/posts\/6606\/revisions"}],"predecessor-version":[{"id":6608,"href":"https:\/\/pakosc-kalwaria.franciszkanie.net\/index.php\/wp-json\/wp\/v2\/posts\/6606\/revisions\/6608"}],"wp:featuredmedia":[{"embeddable":true,"href":"https:\/\/pakosc-kalwaria.franciszkanie.net\/index.php\/wp-json\/wp\/v2\/media\/6634"}],"wp:attachment":[{"href":"https:\/\/pakosc-kalwaria.franciszkanie.net\/index.php\/wp-json\/wp\/v2\/media?parent=6606"}],"wp:term":[{"taxonomy":"category","embeddable":true,"href":"https:\/\/pakosc-kalwaria.franciszkanie.net\/index.php\/wp-json\/wp\/v2\/categories?post=6606"},{"taxonomy":"post_tag","embeddable":true,"href":"https:\/\/pakosc-kalwaria.franciszkanie.net\/index.php\/wp-json\/wp\/v2\/tags?post=6606"}],"curies":[{"name":"wp","href":"https:\/\/api.w.org\/{rel}","templated":true}]}}