{"id":6656,"date":"2018-09-20T12:00:43","date_gmt":"2018-09-20T10:00:43","guid":{"rendered":"http:\/\/pakosc-kalwaria.franciszkanie.net\/?p=6656"},"modified":"2018-09-28T17:05:47","modified_gmt":"2018-09-28T15:05:47","slug":"rozpoczecie-misji-swietych-naszej-parafii-29-wrzesnia","status":"publish","type":"post","link":"https:\/\/pakosc-kalwaria.franciszkanie.net\/index.php\/2018\/09\/20\/rozpoczecie-misji-swietych-naszej-parafii-29-wrzesnia\/","title":{"rendered":"Pi\u0105tek &#8211; ostatni dzie\u0144 Nowenny do Ducha \u015awi\u0119tego przed Misjami \u015awi\u0119tymi w naszej Parafii"},"content":{"rendered":"<p><strong><span style=\"color: #ff0000;\">Od czwartku 20 wrze\u015bnia<\/span> rozpocz\u0119li\u015bmy <\/strong><strong>odprawianie\u00a0 <span style=\"color: #ff0000;\">9-cio dniowej Nowenny do Ducha \u015awi\u0119tego przed Misjami \u015awi\u0119tymi w naszej Parafii,<\/span> kt\u00f3re prze\u017cywa\u0107 b\u0119dziemy od soboty 29 wrze\u015bnia do niedzieli 7 pa\u017adziernika.<br \/>\nZapraszamy do wsp\u00f3lnej modlitwy oraz o modlitw\u0119 w intencji Misji \u015awi\u0119tych bardzo prosimy!<br \/>\n<span style=\"color: #ff0000;\">Prosimy tak\u017ce o zaplanowanie sobie codziennego udzia\u0142u w Misjach \u015awi\u0119tych!<\/span> Programy znajduj\u0105 si\u0119 na stoliku pod ch\u00f3rem.<\/strong><\/p>\n<p><strong>Po Mszach \u015bw. niedzielnych przed ko\u015bcio\u0142em, a w pozosta\u0142e dni w zakrystii, mo\u017cna naby\u0107<span style=\"color: #ff0000;\"> pami\u0105tkowe krzy\u017cyki wykonane ze starego Krzy\u017ca Misyjnego<\/span>.\u00a0 Krzy\u017cyki te zostan\u0105 po\u015bwi\u0119cone na zako\u0144czenie Misji \u015awi\u0119tych w czasie po\u015bwi\u0119cenia nowego Krzy\u017ca Misyjnego. Ofiary z\u0142o\u017cone za krzy\u017cyki to cegie\u0142ki za nowy Krzy\u017c Misyjny. Za ka\u017cd\u0105 ofiar\u0119 serdeczne \u201eB\u00f3g zap\u0142a\u0107\u201d.<\/strong><\/p>\n<p>&nbsp;<\/p>\n<p><strong>Misje \u015awi\u0119te to czas<\/strong> szczeg\u00f3lnej obecno\u015bci w\u015br\u00f3d nas Chrystusa Odkupiciela, kt\u00f3ry b\u0119dzie kierowa\u0142 do nas swoje wezwanie: \u201eCzas si\u0119 wype\u0142ni\u0142 i bliskie jest Kr\u00f3lestwo Bo\u017ce. Nawracajcie si\u0119 i wierzcie w Ewangeli\u0119.\u201d<\/p>\n<p><strong>Misje \u015awi\u0119te to czas <\/strong>zatrzymania si\u0119, zadumy i refleksji. To czas, by moc\u0105 Ducha \u015awi\u0119tego, w oparciu o S\u0142owo Bo\u017ce ponownie us\u0142yszane, w blisko\u015bci Jezusa obecnego w Naj\u015bwi\u0119tszym Sakramencie zrobi\u0107 generalny rachunek sumienia, aby to co chore uleczy\u0107, a to co wykrzywione wyprostowa\u0107.<\/p>\n<p><strong>Misje \u015awi\u0119te to czas<\/strong> szczeg\u00f3lnej przemiany \u017cycia osobistego, rodzinnego, parafialnego i spo\u0142ecznego.<\/p>\n<p><strong>Przy pomocy dar\u00f3w Ducha \u015awi\u0119tego Misje \u015awi\u0119te<\/strong> maj\u0105 nam pom\u00f3c: w nowym odczytaniu przykaza\u0144 Bo\u017cych; w znalezieniu odpowiedzi na dr\u0119cz\u0105ce nas w \u017cyciu pytania i w\u0105tpliwo\u015bci; w umocnieniu wiary w Boga oraz w Jego Mi\u0142osierdzie i Opatrzno\u015b\u0107<strong>; <\/strong>w pog\u0142\u0119bieniu chrze\u015bcija\u0144skiej mi\u0142o\u015bci bli\u017aniego w rodzinie, w parafii, w \u00a0miejscu pracy i nauki; w umocnieniu naszej nadziei na \u017cycie wieczne.<\/p>\n<p><strong>Gor\u0105co Was do udzia\u0142u w Misjach \u015awi\u0119tych zapraszamy!!!<br \/>\n<\/strong>Zapraszamy Was szczerze wierz\u0105cych, aby\u015bcie pog\u0142\u0119bili Wasz\u0105 wiar\u0119; zapraszamy Was pow\u0105tpiewaj\u0105cych, aby\u015bcie znale\u017ali odpowied\u017a na pytania zwi\u0105zane z sensem \u017cycia; zapraszamy Was niewierz\u0105cych, aby\u015bcie uwierzyli w mi\u0142o\u015b\u0107 Bo\u017c\u0105, uwierzyli Chrystusowi, Jego Ewangelii i Jego Ko\u015bcio\u0142owi.<\/p>\n<p><strong>Zaplanujmy tak sw\u00f3j czas, <\/strong>aby ca\u0142a Rodzina mog\u0142a jak najpe\u0142niej skorzysta\u0107 z dni Misji \u015awi\u0119tych, a ka\u017cdy z nas m\u00f3g\u0142 przez nauki, modlitw\u0119 i sakramenty \u015bwi\u0119te, bardziej zbli\u017cy\u0107 si\u0119 do Boga.<\/p>\n<p><strong>Je\u015bli b\u0119dziemy gorliwie uczestniczy\u0107 w Misjach \u015awi\u0119tych, <\/strong>to prze\u017cyjemy zapewne wiele pi\u0119knych chwil i wzrusze\u0144, a Misje \u015awi\u0119te wydadz\u0105 w nas, w naszych Rodzinach i w naszej Parafii b\u0142ogos\u0142awione\u00a0 owoce.<\/p>\n<p><strong>\u201eNie zamykajmy serc, zbawienia nadszed\u0142 czas, gdy Chrystus puka w drzwi \u2013 mo\u017ce ostatni raz\u2026..<\/strong><\/p>\n","protected":false},"excerpt":{"rendered":"<p>Od czwartku 20 wrze\u015bnia rozpocz\u0119li\u015bmy odprawianie\u00a0 9-cio dniowej Nowenny do Ducha \u015awi\u0119tego przed Misjami \u015awi\u0119tymi w naszej Parafii, kt\u00f3re prze\u017cywa\u0107 b\u0119dziemy od soboty 29 wrze\u015bnia do niedzieli 7 pa\u017adziernika. Zapraszamy do wsp\u00f3lnej modlitwy oraz o modlitw\u0119 w intencji Misji \u015awi\u0119tych bardzo prosimy! Prosimy tak\u017ce o zaplanowanie sobie codziennego udzia\u0142u w Misjach \u015awi\u0119tych! Programy znajduj\u0105 si\u0119 &hellip;<\/p>\n","protected":false},"author":2,"featured_media":6662,"comment_status":"closed","ping_status":"open","sticky":false,"template":"","format":"standard","meta":{"_mi_skip_tracking":false,"_exactmetrics_sitenote_active":false,"_exactmetrics_sitenote_note":"","_exactmetrics_sitenote_category":0},"categories":[5,1],"tags":[],"yoast_head":"<!-- This site is optimized with the Yoast SEO plugin v18.1 - https:\/\/yoast.com\/wordpress\/plugins\/seo\/ -->\n<title>Pi\u0105tek - ostatni dzie\u0144 Nowenny do Ducha \u015awi\u0119tego przed Misjami \u015awi\u0119tymi w naszej Parafii - Pako\u015b\u0107 \u2013 Kalwaria<\/title>\n<meta name=\"robots\" content=\"index, follow, max-snippet:-1, max-image-preview:large, max-video-preview:-1\" \/>\n<link rel=\"canonical\" href=\"https:\/\/pakosc-kalwaria.franciszkanie.net\/index.php\/2018\/09\/20\/rozpoczecie-misji-swietych-naszej-parafii-29-wrzesnia\/\" \/>\n<meta property=\"og:locale\" content=\"pl_PL\" \/>\n<meta property=\"og:type\" content=\"article\" \/>\n<meta property=\"og:title\" content=\"Pi\u0105tek - ostatni dzie\u0144 Nowenny do Ducha \u015awi\u0119tego przed Misjami \u015awi\u0119tymi w naszej Parafii - Pako\u015b\u0107 \u2013 Kalwaria\" \/>\n<meta property=\"og:description\" content=\"Od czwartku 20 wrze\u015bnia rozpocz\u0119li\u015bmy odprawianie\u00a0 9-cio dniowej Nowenny do Ducha \u015awi\u0119tego przed Misjami \u015awi\u0119tymi w naszej Parafii, kt\u00f3re prze\u017cywa\u0107 b\u0119dziemy od soboty 29 wrze\u015bnia do niedzieli 7 pa\u017adziernika. Zapraszamy do wsp\u00f3lnej modlitwy oraz o modlitw\u0119 w intencji Misji \u015awi\u0119tych bardzo prosimy! Prosimy tak\u017ce o zaplanowanie sobie codziennego udzia\u0142u w Misjach \u015awi\u0119tych! Programy znajduj\u0105 si\u0119 &hellip;\" \/>\n<meta property=\"og:url\" content=\"https:\/\/pakosc-kalwaria.franciszkanie.net\/index.php\/2018\/09\/20\/rozpoczecie-misji-swietych-naszej-parafii-29-wrzesnia\/\" \/>\n<meta property=\"og:site_name\" content=\"Pako\u015b\u0107 \u2013 Kalwaria\" \/>\n<meta property=\"article:author\" content=\"https:\/\/www.facebook.com\/KalwariaPakosc\/\" \/>\n<meta property=\"article:published_time\" content=\"2018-09-20T10:00:43+00:00\" \/>\n<meta property=\"article:modified_time\" content=\"2018-09-28T15:05:47+00:00\" \/>\n<meta property=\"og:image\" content=\"https:\/\/pakosc-kalwaria.franciszkanie.net\/wp-content\/uploads\/2018\/09\/20170525_193846.jpg\" \/>\n\t<meta property=\"og:image:width\" content=\"250\" \/>\n\t<meta property=\"og:image:height\" content=\"260\" \/>\n\t<meta property=\"og:image:type\" content=\"image\/jpeg\" \/>\n<meta name=\"twitter:card\" content=\"summary\" \/>\n<meta name=\"twitter:label1\" content=\"Napisane przez\" \/>\n\t<meta name=\"twitter:data1\" content=\"pakosc-kalwaria\" \/>\n\t<meta name=\"twitter:label2\" content=\"Szacowany czas czytania\" \/>\n\t<meta name=\"twitter:data2\" content=\"2 minuty\" \/>\n<script type=\"application\/ld+json\" class=\"yoast-schema-graph\">{\"@context\":\"https:\/\/schema.org\",\"@graph\":[{\"@type\":\"WebSite\",\"@id\":\"https:\/\/pakosc-kalwaria.franciszkanie.net\/#website\",\"url\":\"https:\/\/pakosc-kalwaria.franciszkanie.net\/\",\"name\":\"Pako\u015b\u0107 \u2013 Kalwaria\",\"description\":\"Parafia Rzymsko \u2013 Katolicka p.w. Pana Jezusa Ukrzy\u017cowanego i  Matki Bo\u017cej Bolesnej ul. Barci\u0144ska 60, 88\u2013170 Pako\u015b\u0107 \u2013 Kalwaria\",\"potentialAction\":[{\"@type\":\"SearchAction\",\"target\":{\"@type\":\"EntryPoint\",\"urlTemplate\":\"https:\/\/pakosc-kalwaria.franciszkanie.net\/?s={search_term_string}\"},\"query-input\":\"required name=search_term_string\"}],\"inLanguage\":\"pl-PL\"},{\"@type\":\"ImageObject\",\"@id\":\"https:\/\/pakosc-kalwaria.franciszkanie.net\/index.php\/2018\/09\/20\/rozpoczecie-misji-swietych-naszej-parafii-29-wrzesnia\/#primaryimage\",\"inLanguage\":\"pl-PL\",\"url\":\"https:\/\/pakosc-kalwaria.franciszkanie.net\/wp-content\/uploads\/2018\/09\/20170525_193846.jpg\",\"contentUrl\":\"https:\/\/pakosc-kalwaria.franciszkanie.net\/wp-content\/uploads\/2018\/09\/20170525_193846.jpg\",\"width\":250,\"height\":260},{\"@type\":\"WebPage\",\"@id\":\"https:\/\/pakosc-kalwaria.franciszkanie.net\/index.php\/2018\/09\/20\/rozpoczecie-misji-swietych-naszej-parafii-29-wrzesnia\/#webpage\",\"url\":\"https:\/\/pakosc-kalwaria.franciszkanie.net\/index.php\/2018\/09\/20\/rozpoczecie-misji-swietych-naszej-parafii-29-wrzesnia\/\",\"name\":\"Pi\u0105tek - ostatni dzie\u0144 Nowenny do Ducha \u015awi\u0119tego przed Misjami \u015awi\u0119tymi w naszej Parafii - Pako\u015b\u0107 \u2013 Kalwaria\",\"isPartOf\":{\"@id\":\"https:\/\/pakosc-kalwaria.franciszkanie.net\/#website\"},\"primaryImageOfPage\":{\"@id\":\"https:\/\/pakosc-kalwaria.franciszkanie.net\/index.php\/2018\/09\/20\/rozpoczecie-misji-swietych-naszej-parafii-29-wrzesnia\/#primaryimage\"},\"datePublished\":\"2018-09-20T10:00:43+00:00\",\"dateModified\":\"2018-09-28T15:05:47+00:00\",\"author\":{\"@id\":\"https:\/\/pakosc-kalwaria.franciszkanie.net\/#\/schema\/person\/af10b943be0760709227d060eadcb2aa\"},\"breadcrumb\":{\"@id\":\"https:\/\/pakosc-kalwaria.franciszkanie.net\/index.php\/2018\/09\/20\/rozpoczecie-misji-swietych-naszej-parafii-29-wrzesnia\/#breadcrumb\"},\"inLanguage\":\"pl-PL\",\"potentialAction\":[{\"@type\":\"ReadAction\",\"target\":[\"https:\/\/pakosc-kalwaria.franciszkanie.net\/index.php\/2018\/09\/20\/rozpoczecie-misji-swietych-naszej-parafii-29-wrzesnia\/\"]}]},{\"@type\":\"BreadcrumbList\",\"@id\":\"https:\/\/pakosc-kalwaria.franciszkanie.net\/index.php\/2018\/09\/20\/rozpoczecie-misji-swietych-naszej-parafii-29-wrzesnia\/#breadcrumb\",\"itemListElement\":[{\"@type\":\"ListItem\",\"position\":1,\"name\":\"Strona g\u0142\u00f3wna\",\"item\":\"https:\/\/pakosc-kalwaria.franciszkanie.net\/\"},{\"@type\":\"ListItem\",\"position\":2,\"name\":\"Pi\u0105tek &#8211; ostatni dzie\u0144 Nowenny do Ducha \u015awi\u0119tego przed Misjami \u015awi\u0119tymi w naszej Parafii\"}]},{\"@type\":\"Person\",\"@id\":\"https:\/\/pakosc-kalwaria.franciszkanie.net\/#\/schema\/person\/af10b943be0760709227d060eadcb2aa\",\"name\":\"pakosc-kalwaria\",\"image\":{\"@type\":\"ImageObject\",\"@id\":\"https:\/\/pakosc-kalwaria.franciszkanie.net\/#personlogo\",\"inLanguage\":\"pl-PL\",\"url\":\"https:\/\/secure.gravatar.com\/avatar\/e7049d338b55eac6a0027ff3218b8d02?s=96&d=mm&r=g\",\"contentUrl\":\"https:\/\/secure.gravatar.com\/avatar\/e7049d338b55eac6a0027ff3218b8d02?s=96&d=mm&r=g\",\"caption\":\"pakosc-kalwaria\"},\"sameAs\":[\"https:\/\/www.facebook.com\/KalwariaPakosc\/\"],\"url\":\"https:\/\/pakosc-kalwaria.franciszkanie.net\/index.php\/author\/pakosc-kalwaria\/\"}]}<\/script>\n<!-- \/ Yoast SEO plugin. -->","yoast_head_json":{"title":"Pi\u0105tek - ostatni dzie\u0144 Nowenny do Ducha \u015awi\u0119tego przed Misjami \u015awi\u0119tymi w naszej Parafii - Pako\u015b\u0107 \u2013 Kalwaria","robots":{"index":"index","follow":"follow","max-snippet":"max-snippet:-1","max-image-preview":"max-image-preview:large","max-video-preview":"max-video-preview:-1"},"canonical":"https:\/\/pakosc-kalwaria.franciszkanie.net\/index.php\/2018\/09\/20\/rozpoczecie-misji-swietych-naszej-parafii-29-wrzesnia\/","og_locale":"pl_PL","og_type":"article","og_title":"Pi\u0105tek - ostatni dzie\u0144 Nowenny do Ducha \u015awi\u0119tego przed Misjami \u015awi\u0119tymi w naszej Parafii - Pako\u015b\u0107 \u2013 Kalwaria","og_description":"Od czwartku 20 wrze\u015bnia rozpocz\u0119li\u015bmy odprawianie\u00a0 9-cio dniowej Nowenny do Ducha \u015awi\u0119tego przed Misjami \u015awi\u0119tymi w naszej Parafii, kt\u00f3re prze\u017cywa\u0107 b\u0119dziemy od soboty 29 wrze\u015bnia do niedzieli 7 pa\u017adziernika. Zapraszamy do wsp\u00f3lnej modlitwy oraz o modlitw\u0119 w intencji Misji \u015awi\u0119tych bardzo prosimy! Prosimy tak\u017ce o zaplanowanie sobie codziennego udzia\u0142u w Misjach \u015awi\u0119tych! Programy znajduj\u0105 si\u0119 &hellip;","og_url":"https:\/\/pakosc-kalwaria.franciszkanie.net\/index.php\/2018\/09\/20\/rozpoczecie-misji-swietych-naszej-parafii-29-wrzesnia\/","og_site_name":"Pako\u015b\u0107 \u2013 Kalwaria","article_author":"https:\/\/www.facebook.com\/KalwariaPakosc\/","article_published_time":"2018-09-20T10:00:43+00:00","article_modified_time":"2018-09-28T15:05:47+00:00","og_image":[{"width":250,"height":260,"url":"https:\/\/pakosc-kalwaria.franciszkanie.net\/wp-content\/uploads\/2018\/09\/20170525_193846.jpg","type":"image\/jpeg"}],"twitter_card":"summary","twitter_misc":{"Napisane przez":"pakosc-kalwaria","Szacowany czas czytania":"2 minuty"},"schema":{"@context":"https:\/\/schema.org","@graph":[{"@type":"WebSite","@id":"https:\/\/pakosc-kalwaria.franciszkanie.net\/#website","url":"https:\/\/pakosc-kalwaria.franciszkanie.net\/","name":"Pako\u015b\u0107 \u2013 Kalwaria","description":"Parafia Rzymsko \u2013 Katolicka p.w. Pana Jezusa Ukrzy\u017cowanego i  Matki Bo\u017cej Bolesnej ul. Barci\u0144ska 60, 88\u2013170 Pako\u015b\u0107 \u2013 Kalwaria","potentialAction":[{"@type":"SearchAction","target":{"@type":"EntryPoint","urlTemplate":"https:\/\/pakosc-kalwaria.franciszkanie.net\/?s={search_term_string}"},"query-input":"required name=search_term_string"}],"inLanguage":"pl-PL"},{"@type":"ImageObject","@id":"https:\/\/pakosc-kalwaria.franciszkanie.net\/index.php\/2018\/09\/20\/rozpoczecie-misji-swietych-naszej-parafii-29-wrzesnia\/#primaryimage","inLanguage":"pl-PL","url":"https:\/\/pakosc-kalwaria.franciszkanie.net\/wp-content\/uploads\/2018\/09\/20170525_193846.jpg","contentUrl":"https:\/\/pakosc-kalwaria.franciszkanie.net\/wp-content\/uploads\/2018\/09\/20170525_193846.jpg","width":250,"height":260},{"@type":"WebPage","@id":"https:\/\/pakosc-kalwaria.franciszkanie.net\/index.php\/2018\/09\/20\/rozpoczecie-misji-swietych-naszej-parafii-29-wrzesnia\/#webpage","url":"https:\/\/pakosc-kalwaria.franciszkanie.net\/index.php\/2018\/09\/20\/rozpoczecie-misji-swietych-naszej-parafii-29-wrzesnia\/","name":"Pi\u0105tek - ostatni dzie\u0144 Nowenny do Ducha \u015awi\u0119tego przed Misjami \u015awi\u0119tymi w naszej Parafii - Pako\u015b\u0107 \u2013 Kalwaria","isPartOf":{"@id":"https:\/\/pakosc-kalwaria.franciszkanie.net\/#website"},"primaryImageOfPage":{"@id":"https:\/\/pakosc-kalwaria.franciszkanie.net\/index.php\/2018\/09\/20\/rozpoczecie-misji-swietych-naszej-parafii-29-wrzesnia\/#primaryimage"},"datePublished":"2018-09-20T10:00:43+00:00","dateModified":"2018-09-28T15:05:47+00:00","author":{"@id":"https:\/\/pakosc-kalwaria.franciszkanie.net\/#\/schema\/person\/af10b943be0760709227d060eadcb2aa"},"breadcrumb":{"@id":"https:\/\/pakosc-kalwaria.franciszkanie.net\/index.php\/2018\/09\/20\/rozpoczecie-misji-swietych-naszej-parafii-29-wrzesnia\/#breadcrumb"},"inLanguage":"pl-PL","potentialAction":[{"@type":"ReadAction","target":["https:\/\/pakosc-kalwaria.franciszkanie.net\/index.php\/2018\/09\/20\/rozpoczecie-misji-swietych-naszej-parafii-29-wrzesnia\/"]}]},{"@type":"BreadcrumbList","@id":"https:\/\/pakosc-kalwaria.franciszkanie.net\/index.php\/2018\/09\/20\/rozpoczecie-misji-swietych-naszej-parafii-29-wrzesnia\/#breadcrumb","itemListElement":[{"@type":"ListItem","position":1,"name":"Strona g\u0142\u00f3wna","item":"https:\/\/pakosc-kalwaria.franciszkanie.net\/"},{"@type":"ListItem","position":2,"name":"Pi\u0105tek &#8211; ostatni dzie\u0144 Nowenny do Ducha \u015awi\u0119tego przed Misjami \u015awi\u0119tymi w naszej Parafii"}]},{"@type":"Person","@id":"https:\/\/pakosc-kalwaria.franciszkanie.net\/#\/schema\/person\/af10b943be0760709227d060eadcb2aa","name":"pakosc-kalwaria","image":{"@type":"ImageObject","@id":"https:\/\/pakosc-kalwaria.franciszkanie.net\/#personlogo","inLanguage":"pl-PL","url":"https:\/\/secure.gravatar.com\/avatar\/e7049d338b55eac6a0027ff3218b8d02?s=96&d=mm&r=g","contentUrl":"https:\/\/secure.gravatar.com\/avatar\/e7049d338b55eac6a0027ff3218b8d02?s=96&d=mm&r=g","caption":"pakosc-kalwaria"},"sameAs":["https:\/\/www.facebook.com\/KalwariaPakosc\/"],"url":"https:\/\/pakosc-kalwaria.franciszkanie.net\/index.php\/author\/pakosc-kalwaria\/"}]}},"_links":{"self":[{"href":"https:\/\/pakosc-kalwaria.franciszkanie.net\/index.php\/wp-json\/wp\/v2\/posts\/6656"}],"collection":[{"href":"https:\/\/pakosc-kalwaria.franciszkanie.net\/index.php\/wp-json\/wp\/v2\/posts"}],"about":[{"href":"https:\/\/pakosc-kalwaria.franciszkanie.net\/index.php\/wp-json\/wp\/v2\/types\/post"}],"author":[{"embeddable":true,"href":"https:\/\/pakosc-kalwaria.franciszkanie.net\/index.php\/wp-json\/wp\/v2\/users\/2"}],"replies":[{"embeddable":true,"href":"https:\/\/pakosc-kalwaria.franciszkanie.net\/index.php\/wp-json\/wp\/v2\/comments?post=6656"}],"version-history":[{"count":11,"href":"https:\/\/pakosc-kalwaria.franciszkanie.net\/index.php\/wp-json\/wp\/v2\/posts\/6656\/revisions"}],"predecessor-version":[{"id":6835,"href":"https:\/\/pakosc-kalwaria.franciszkanie.net\/index.php\/wp-json\/wp\/v2\/posts\/6656\/revisions\/6835"}],"wp:featuredmedia":[{"embeddable":true,"href":"https:\/\/pakosc-kalwaria.franciszkanie.net\/index.php\/wp-json\/wp\/v2\/media\/6662"}],"wp:attachment":[{"href":"https:\/\/pakosc-kalwaria.franciszkanie.net\/index.php\/wp-json\/wp\/v2\/media?parent=6656"}],"wp:term":[{"taxonomy":"category","embeddable":true,"href":"https:\/\/pakosc-kalwaria.franciszkanie.net\/index.php\/wp-json\/wp\/v2\/categories?post=6656"},{"taxonomy":"post_tag","embeddable":true,"href":"https:\/\/pakosc-kalwaria.franciszkanie.net\/index.php\/wp-json\/wp\/v2\/tags?post=6656"}],"curies":[{"name":"wp","href":"https:\/\/api.w.org\/{rel}","templated":true}]}}