{"id":6668,"date":"2018-09-12T09:00:02","date_gmt":"2018-09-12T07:00:02","guid":{"rendered":"http:\/\/pakosc-kalwaria.franciszkanie.net\/?p=6668"},"modified":"2018-09-22T13:30:17","modified_gmt":"2018-09-22T11:30:17","slug":"ogloszenia-duszpasterskie-xxiv-niedziela-zwykla","status":"publish","type":"post","link":"https:\/\/pakosc-kalwaria.franciszkanie.net\/index.php\/2018\/09\/12\/ogloszenia-duszpasterskie-xxiv-niedziela-zwykla\/","title":{"rendered":"Og\u0142oszenia duszpasterskie &#8211; XXIV Niedziela zwyk\u0142a"},"content":{"rendered":"<p><strong><span style=\"color: #008000;\">16.09. &#8211; 23.09.2018r.<\/span><br \/>\n<\/strong><strong><em><u>Dzisiaj (16.09.)<\/u><\/em><\/strong> <strong>\u2013 o 11.30 na Wzg\u00f3rzu Kalwaryjskim nabo\u017ce\u0144stwo przy Relikwiach Krzy\u017ca \u015awi\u0119tego. <span style=\"color: #ff0000;\">O 12.00 Suma Odpustowa na Wzg\u00f3rzu Kalwaryjskim pod przewodnictwem J.E. Ks. Arcybiskupa Wojciecha Polaka,<\/span> Prymasa Polski. w czasie kt\u00f3rej zostan\u0105 nadane Kalwarii Pakoskiej<span style=\"color: #ff0000;\"> Statuty Archidiecezjalnego Sanktuarium M\u0119ki Pa\u0144skiej. \u00a0\u00a0\u00a0\u00a0\u00a0\u00a0\u00a0\u00a0\u00a0\u00a0\u00a0\u00a0\u00a0\u00a0\u00a0\u00a0\u00a0\u00a0\u00a0\u00a0\u00a0\u00a0\u00a0\u00a0\u00a0\u00a0\u00a0\u00a0\u00a0\u00a0\u00a0\u00a0\u00a0\u00a0\u00a0\u00a0\u00a0\u00a0\u00a0\u00a0\u00a0<\/span><br \/>\nPo Sumie Odpustowej tradycyjna <span style=\"color: #ff0000;\">Biesiada Franciszka\u0144ska<\/span>, po\u0142\u0105czona z koncertem zespo\u0142u <span style=\"color: #ff0000;\">\u201eGang Marcela\u201d<\/span> oraz Festyn Ekologiczny.<br \/>\nDo udzia\u0142u w kalwaryjskich uroczysto\u015bciach wszystkich bardzo serdecznie zapraszamy!<br \/>\n<\/strong><strong><span style=\"color: #ff0000;\">Dzisiaj w naszym ko\u015bciele nie b\u0119dzie Mszy \u015bw. o 11.00 !!<\/span><\/strong><\/p>\n<p><span style=\"color: #ff0000;\"><strong><em><u>W poniedzia\u0142ek (17.09.)<\/u><\/em><\/strong><strong> \u2013 \u015bwi\u0119to Stygmat\u00f3w \u015bw. Franciszka z Asy\u017cu. <\/strong><\/span><strong>W tym dniu <span style=\"color: #ff0000;\">imieniny zakonne obchodzi o. Robert \u2013 proboszcz naszej Parafii<\/span>. <span style=\"color: #ff0000;\">Msza \u015bw. w Jego intencji o 17.00.\u00a0<\/span><\/strong><\/p>\n<p><span style=\"color: #ff0000;\"><strong><em><u>We wtorek (18.09.)<\/u><\/em> \u2013 \u015bwi\u0119to \u015bw. Stanis\u0142awa Kostki<\/strong><\/span><strong><span style=\"color: #ff0000;\">,<\/span> patrona Polski oraz patrona dzieci i m\u0142odzie\u017cy. <span style=\"color: #ff0000;\">Na Msz\u0119 \u015bw. o 17.00 zapraszamy dzieci i m\u0142odzie\u017c wraz z rodzicami.<\/span><br \/>\nPo Mszy \u015bw.<span style=\"color: #ff0000;\"> spotkanie dla m\u0142odzie\u017cy klas VIII i III Gimnazjum<\/span>, kt\u00f3ra w naszej Parafii przyst\u0105pi do Sakramentu Bierzmowania.<\/strong><\/p>\n<p><strong><span style=\"color: #ff0000;\"><span style=\"color: #008000;\"><em><u>Od czwartku (20.09.)<\/u><\/em><\/span> \u2013 odprawia\u0107 b\u0119dziemy 9-cio dniow\u0105 Nowenn\u0119 do Ducha \u015awi\u0119tego przed Misjami \u015awi\u0119tymi w naszej Parafii<\/span>, kt\u00f3re prze\u017cywa\u0107 b\u0119dziemy od 29 wrze\u015bnia do 7 pa\u017adziernika.<\/strong><br \/>\n<strong> Zapraszamy do wsp\u00f3lnej modlitwy oraz o modlitw\u0119 w intencji Misji \u015awi\u0119tych bardzo prosimy!<\/strong><br \/>\n<strong> <span style=\"color: #ff0000;\">Prosimy tak\u017ce o zaplanowanie sobie codziennego udzia\u0142u w Misjach \u015awi\u0119tych!<\/span> Programy znajduj\u0105 si\u0119 na stoliku pod ch\u00f3rem.<\/strong><\/p>\n<p><strong><span style=\"color: #ff0000;\">Po Mszy \u015bw. mo\u017cna naby\u0107 przed ko\u015bcio\u0142em pami\u0105tkowe krzy\u017cyki wykonane ze starego Krzy\u017ca Misyjnego.<\/span> Te krzy\u017cyki zostan\u0105 po\u015bwi\u0119cone na zako\u0144czenie Misji \u015awi\u0119tych w czasie po\u015bwi\u0119cenia nowego Krzy\u017ca Misyjnego. Ofiary z\u0142o\u017cone za te krzy\u017cyki to cegie\u0142ki za nowy Krzy\u017c Misyjny. Za ka\u017cd\u0105 ofiar\u0119 serdeczne \u201eB\u00f3g zap\u0142a\u0107\u201d.<\/strong><\/p>\n<p><span style=\"color: #ff0000;\"><strong><em><u>W pi\u0105tek \u00a0(21.09.)<\/u><\/em><\/strong><strong> \u2013 \u015bwi\u0119to \u015bw. Mateusza, Aposto\u0142a i Ewangelisty.<br \/>\nO 17.00 Msza \u015bw. w intencjach zbiorowych do Bo\u017cego Mi\u0142osierdzia.<\/strong><\/span><strong> Intencje mo\u017cna sk\u0142ada\u0107 w zakrystii lub do skarbonki pod ch\u00f3rem.<\/strong><\/p>\n<p><strong><span style=\"color: #ff0000;\">W pi\u0105tek 14 wrze\u015bnia<\/span> w ramach parafialnego odpustu zosta\u0142 po\u015bwi\u0119cony w naszym kalwaryjskim ko\u015bciele <span style=\"color: #ff0000;\">nowy Obraz Jezusa Mi\u0142osiernego.<\/span><\/strong><\/p>\n<p><strong><span style=\"color: #008000;\"><em><u>W\u00a0 sobot\u0119 (23.09.)<\/u><\/em><\/span> &#8211; o 12.00 zbi\u00f3rka dla ministrant\u00f3w i kandydat\u00f3w do Liturgicznej S\u0142u\u017cby O\u0142tarza.<\/strong><\/p>\n<p><strong>Przypominamy, \u017ce <span style=\"color: #ff0000;\">Biuro Parafialne<\/span> jest czynne we wtorki i czwartki od 10.00 \u2013 11.00 oraz po Mszy \u015bw. o 17.00.<\/strong><\/p>\n<p><strong>Przypominamy, \u017ce rodzice <span style=\"color: #ff0000;\">chrzest dziecka<\/span> powinni zg\u0142osi\u0107 przynajmniej miesi\u0105c wcze\u015bniej oraz wzi\u0105\u0107 udzia\u0142 w nauce przed chrztem.<\/strong><br \/>\n<strong> <span style=\"color: #ff0000;\">Narzeczeni protok\u00f3\u0142 przedma\u0142\u017ce\u0144ski<\/span> powinni spisa\u0107 najp\u00f3\u017aniej trzy miesi\u0105ce przed planowan\u0105 dat\u0105 \u015blubu. Przypominamy tak\u017ce o obowi\u0105zku odbycia <span style=\"color: #ff0000;\">6 katechez dla narzeczonych.<\/span><\/strong><\/p>\n<p><strong>Pod ch\u00f3rem do nabycia czasopisma: \u201ePrzewodnik Katolicki\u201d, \u201eOla i Ja\u015b\u201d.<br \/>\n<\/strong><\/p>\n<p><strong>Dzi\u0119kujemy tym, kt\u00f3rzy pomogli w przygotowaniu uroczysto\u015bci odpustowych w naszej Parafii oraz wzi\u0119li w nich udzia\u0142. \u00a0Dzi\u0119kujemy za ka\u017cde wasze duchowe i materialne wsparcie.<\/strong><\/p>\n<p><strong>Niech Krzy\u017c Jezusa Chrystusa b\u0119dzie dla nas oraz w naszych rodzinach \u017ar\u00f3d\u0142em wiary, mi\u0142o\u015bci i nadziei, a Matka Bo\u017ca Bolesna niech nas otacza swoj\u0105 codzienn\u0105 modlitwa i opiek\u0105.<\/strong><\/p>\n<p><strong>Z darem modlitwy Bracia Mniejsi Franciszkanie z Pako\u015bci &#8211; Kalwarii\u00a0 <\/strong><\/p>\n","protected":false},"excerpt":{"rendered":"<p>16.09. &#8211; 23.09.2018r. Dzisiaj (16.09.) \u2013 o 11.30 na Wzg\u00f3rzu Kalwaryjskim nabo\u017ce\u0144stwo przy Relikwiach Krzy\u017ca \u015awi\u0119tego. O 12.00 Suma Odpustowa na Wzg\u00f3rzu Kalwaryjskim pod przewodnictwem J.E. Ks. Arcybiskupa Wojciecha Polaka, Prymasa Polski. w czasie kt\u00f3rej zostan\u0105 nadane Kalwarii Pakoskiej Statuty Archidiecezjalnego Sanktuarium M\u0119ki Pa\u0144skiej. \u00a0\u00a0\u00a0\u00a0\u00a0\u00a0\u00a0\u00a0\u00a0\u00a0\u00a0\u00a0\u00a0\u00a0\u00a0\u00a0\u00a0\u00a0\u00a0\u00a0\u00a0\u00a0\u00a0\u00a0\u00a0\u00a0\u00a0\u00a0\u00a0\u00a0\u00a0\u00a0\u00a0\u00a0\u00a0\u00a0\u00a0\u00a0\u00a0\u00a0\u00a0 Po Sumie Odpustowej tradycyjna Biesiada Franciszka\u0144ska, po\u0142\u0105czona z koncertem zespo\u0142u &hellip;<\/p>\n","protected":false},"author":2,"featured_media":6431,"comment_status":"closed","ping_status":"open","sticky":false,"template":"","format":"standard","meta":{"_mi_skip_tracking":false,"_exactmetrics_sitenote_active":false,"_exactmetrics_sitenote_note":"","_exactmetrics_sitenote_category":0},"categories":[5],"tags":[],"yoast_head":"<!-- This site is optimized with the Yoast SEO plugin v18.1 - https:\/\/yoast.com\/wordpress\/plugins\/seo\/ -->\n<title>Og\u0142oszenia duszpasterskie - XXIV Niedziela zwyk\u0142a - Pako\u015b\u0107 \u2013 Kalwaria<\/title>\n<meta name=\"robots\" content=\"index, follow, max-snippet:-1, max-image-preview:large, max-video-preview:-1\" \/>\n<link rel=\"canonical\" href=\"https:\/\/pakosc-kalwaria.franciszkanie.net\/index.php\/2018\/09\/12\/ogloszenia-duszpasterskie-xxiv-niedziela-zwykla\/\" \/>\n<meta property=\"og:locale\" content=\"pl_PL\" \/>\n<meta property=\"og:type\" content=\"article\" \/>\n<meta property=\"og:title\" content=\"Og\u0142oszenia duszpasterskie - XXIV Niedziela zwyk\u0142a - Pako\u015b\u0107 \u2013 Kalwaria\" \/>\n<meta property=\"og:description\" content=\"16.09. &#8211; 23.09.2018r. Dzisiaj (16.09.) \u2013 o 11.30 na Wzg\u00f3rzu Kalwaryjskim nabo\u017ce\u0144stwo przy Relikwiach Krzy\u017ca \u015awi\u0119tego. O 12.00 Suma Odpustowa na Wzg\u00f3rzu Kalwaryjskim pod przewodnictwem J.E. Ks. Arcybiskupa Wojciecha Polaka, Prymasa Polski. w czasie kt\u00f3rej zostan\u0105 nadane Kalwarii Pakoskiej Statuty Archidiecezjalnego Sanktuarium M\u0119ki Pa\u0144skiej. \u00a0\u00a0\u00a0\u00a0\u00a0\u00a0\u00a0\u00a0\u00a0\u00a0\u00a0\u00a0\u00a0\u00a0\u00a0\u00a0\u00a0\u00a0\u00a0\u00a0\u00a0\u00a0\u00a0\u00a0\u00a0\u00a0\u00a0\u00a0\u00a0\u00a0\u00a0\u00a0\u00a0\u00a0\u00a0\u00a0\u00a0\u00a0\u00a0\u00a0\u00a0 Po Sumie Odpustowej tradycyjna Biesiada Franciszka\u0144ska, po\u0142\u0105czona z koncertem zespo\u0142u &hellip;\" \/>\n<meta property=\"og:url\" content=\"https:\/\/pakosc-kalwaria.franciszkanie.net\/index.php\/2018\/09\/12\/ogloszenia-duszpasterskie-xxiv-niedziela-zwykla\/\" \/>\n<meta property=\"og:site_name\" content=\"Pako\u015b\u0107 \u2013 Kalwaria\" \/>\n<meta property=\"article:author\" content=\"https:\/\/www.facebook.com\/KalwariaPakosc\/\" \/>\n<meta property=\"article:published_time\" content=\"2018-09-12T07:00:02+00:00\" \/>\n<meta property=\"article:modified_time\" content=\"2018-09-22T11:30:17+00:00\" \/>\n<meta property=\"og:image\" content=\"https:\/\/pakosc-kalwaria.franciszkanie.net\/wp-content\/uploads\/2018\/07\/Rok-2017-2018.jpg\" \/>\n\t<meta property=\"og:image:width\" content=\"250\" \/>\n\t<meta property=\"og:image:height\" content=\"250\" \/>\n\t<meta property=\"og:image:type\" content=\"image\/jpeg\" \/>\n<meta name=\"twitter:card\" content=\"summary\" \/>\n<meta name=\"twitter:label1\" content=\"Napisane przez\" \/>\n\t<meta name=\"twitter:data1\" content=\"pakosc-kalwaria\" \/>\n\t<meta name=\"twitter:label2\" content=\"Szacowany czas czytania\" \/>\n\t<meta name=\"twitter:data2\" content=\"3 minuty\" \/>\n<script type=\"application\/ld+json\" class=\"yoast-schema-graph\">{\"@context\":\"https:\/\/schema.org\",\"@graph\":[{\"@type\":\"WebSite\",\"@id\":\"https:\/\/pakosc-kalwaria.franciszkanie.net\/#website\",\"url\":\"https:\/\/pakosc-kalwaria.franciszkanie.net\/\",\"name\":\"Pako\u015b\u0107 \u2013 Kalwaria\",\"description\":\"Parafia Rzymsko \u2013 Katolicka p.w. Pana Jezusa Ukrzy\u017cowanego i  Matki Bo\u017cej Bolesnej ul. Barci\u0144ska 60, 88\u2013170 Pako\u015b\u0107 \u2013 Kalwaria\",\"potentialAction\":[{\"@type\":\"SearchAction\",\"target\":{\"@type\":\"EntryPoint\",\"urlTemplate\":\"https:\/\/pakosc-kalwaria.franciszkanie.net\/?s={search_term_string}\"},\"query-input\":\"required name=search_term_string\"}],\"inLanguage\":\"pl-PL\"},{\"@type\":\"ImageObject\",\"@id\":\"https:\/\/pakosc-kalwaria.franciszkanie.net\/index.php\/2018\/09\/12\/ogloszenia-duszpasterskie-xxiv-niedziela-zwykla\/#primaryimage\",\"inLanguage\":\"pl-PL\",\"url\":\"https:\/\/pakosc-kalwaria.franciszkanie.net\/wp-content\/uploads\/2018\/07\/Rok-2017-2018.jpg\",\"contentUrl\":\"https:\/\/pakosc-kalwaria.franciszkanie.net\/wp-content\/uploads\/2018\/07\/Rok-2017-2018.jpg\",\"width\":250,\"height\":250},{\"@type\":\"WebPage\",\"@id\":\"https:\/\/pakosc-kalwaria.franciszkanie.net\/index.php\/2018\/09\/12\/ogloszenia-duszpasterskie-xxiv-niedziela-zwykla\/#webpage\",\"url\":\"https:\/\/pakosc-kalwaria.franciszkanie.net\/index.php\/2018\/09\/12\/ogloszenia-duszpasterskie-xxiv-niedziela-zwykla\/\",\"name\":\"Og\u0142oszenia duszpasterskie - XXIV Niedziela zwyk\u0142a - Pako\u015b\u0107 \u2013 Kalwaria\",\"isPartOf\":{\"@id\":\"https:\/\/pakosc-kalwaria.franciszkanie.net\/#website\"},\"primaryImageOfPage\":{\"@id\":\"https:\/\/pakosc-kalwaria.franciszkanie.net\/index.php\/2018\/09\/12\/ogloszenia-duszpasterskie-xxiv-niedziela-zwykla\/#primaryimage\"},\"datePublished\":\"2018-09-12T07:00:02+00:00\",\"dateModified\":\"2018-09-22T11:30:17+00:00\",\"author\":{\"@id\":\"https:\/\/pakosc-kalwaria.franciszkanie.net\/#\/schema\/person\/af10b943be0760709227d060eadcb2aa\"},\"breadcrumb\":{\"@id\":\"https:\/\/pakosc-kalwaria.franciszkanie.net\/index.php\/2018\/09\/12\/ogloszenia-duszpasterskie-xxiv-niedziela-zwykla\/#breadcrumb\"},\"inLanguage\":\"pl-PL\",\"potentialAction\":[{\"@type\":\"ReadAction\",\"target\":[\"https:\/\/pakosc-kalwaria.franciszkanie.net\/index.php\/2018\/09\/12\/ogloszenia-duszpasterskie-xxiv-niedziela-zwykla\/\"]}]},{\"@type\":\"BreadcrumbList\",\"@id\":\"https:\/\/pakosc-kalwaria.franciszkanie.net\/index.php\/2018\/09\/12\/ogloszenia-duszpasterskie-xxiv-niedziela-zwykla\/#breadcrumb\",\"itemListElement\":[{\"@type\":\"ListItem\",\"position\":1,\"name\":\"Strona g\u0142\u00f3wna\",\"item\":\"https:\/\/pakosc-kalwaria.franciszkanie.net\/\"},{\"@type\":\"ListItem\",\"position\":2,\"name\":\"Og\u0142oszenia duszpasterskie &#8211; XXIV Niedziela zwyk\u0142a\"}]},{\"@type\":\"Person\",\"@id\":\"https:\/\/pakosc-kalwaria.franciszkanie.net\/#\/schema\/person\/af10b943be0760709227d060eadcb2aa\",\"name\":\"pakosc-kalwaria\",\"image\":{\"@type\":\"ImageObject\",\"@id\":\"https:\/\/pakosc-kalwaria.franciszkanie.net\/#personlogo\",\"inLanguage\":\"pl-PL\",\"url\":\"https:\/\/secure.gravatar.com\/avatar\/e7049d338b55eac6a0027ff3218b8d02?s=96&d=mm&r=g\",\"contentUrl\":\"https:\/\/secure.gravatar.com\/avatar\/e7049d338b55eac6a0027ff3218b8d02?s=96&d=mm&r=g\",\"caption\":\"pakosc-kalwaria\"},\"sameAs\":[\"https:\/\/www.facebook.com\/KalwariaPakosc\/\"],\"url\":\"https:\/\/pakosc-kalwaria.franciszkanie.net\/index.php\/author\/pakosc-kalwaria\/\"}]}<\/script>\n<!-- \/ Yoast SEO plugin. -->","yoast_head_json":{"title":"Og\u0142oszenia duszpasterskie - XXIV Niedziela zwyk\u0142a - Pako\u015b\u0107 \u2013 Kalwaria","robots":{"index":"index","follow":"follow","max-snippet":"max-snippet:-1","max-image-preview":"max-image-preview:large","max-video-preview":"max-video-preview:-1"},"canonical":"https:\/\/pakosc-kalwaria.franciszkanie.net\/index.php\/2018\/09\/12\/ogloszenia-duszpasterskie-xxiv-niedziela-zwykla\/","og_locale":"pl_PL","og_type":"article","og_title":"Og\u0142oszenia duszpasterskie - XXIV Niedziela zwyk\u0142a - Pako\u015b\u0107 \u2013 Kalwaria","og_description":"16.09. &#8211; 23.09.2018r. Dzisiaj (16.09.) \u2013 o 11.30 na Wzg\u00f3rzu Kalwaryjskim nabo\u017ce\u0144stwo przy Relikwiach Krzy\u017ca \u015awi\u0119tego. O 12.00 Suma Odpustowa na Wzg\u00f3rzu Kalwaryjskim pod przewodnictwem J.E. Ks. Arcybiskupa Wojciecha Polaka, Prymasa Polski. w czasie kt\u00f3rej zostan\u0105 nadane Kalwarii Pakoskiej Statuty Archidiecezjalnego Sanktuarium M\u0119ki Pa\u0144skiej. \u00a0\u00a0\u00a0\u00a0\u00a0\u00a0\u00a0\u00a0\u00a0\u00a0\u00a0\u00a0\u00a0\u00a0\u00a0\u00a0\u00a0\u00a0\u00a0\u00a0\u00a0\u00a0\u00a0\u00a0\u00a0\u00a0\u00a0\u00a0\u00a0\u00a0\u00a0\u00a0\u00a0\u00a0\u00a0\u00a0\u00a0\u00a0\u00a0\u00a0\u00a0 Po Sumie Odpustowej tradycyjna Biesiada Franciszka\u0144ska, po\u0142\u0105czona z koncertem zespo\u0142u &hellip;","og_url":"https:\/\/pakosc-kalwaria.franciszkanie.net\/index.php\/2018\/09\/12\/ogloszenia-duszpasterskie-xxiv-niedziela-zwykla\/","og_site_name":"Pako\u015b\u0107 \u2013 Kalwaria","article_author":"https:\/\/www.facebook.com\/KalwariaPakosc\/","article_published_time":"2018-09-12T07:00:02+00:00","article_modified_time":"2018-09-22T11:30:17+00:00","og_image":[{"width":250,"height":250,"url":"https:\/\/pakosc-kalwaria.franciszkanie.net\/wp-content\/uploads\/2018\/07\/Rok-2017-2018.jpg","type":"image\/jpeg"}],"twitter_card":"summary","twitter_misc":{"Napisane przez":"pakosc-kalwaria","Szacowany czas czytania":"3 minuty"},"schema":{"@context":"https:\/\/schema.org","@graph":[{"@type":"WebSite","@id":"https:\/\/pakosc-kalwaria.franciszkanie.net\/#website","url":"https:\/\/pakosc-kalwaria.franciszkanie.net\/","name":"Pako\u015b\u0107 \u2013 Kalwaria","description":"Parafia Rzymsko \u2013 Katolicka p.w. Pana Jezusa Ukrzy\u017cowanego i  Matki Bo\u017cej Bolesnej ul. Barci\u0144ska 60, 88\u2013170 Pako\u015b\u0107 \u2013 Kalwaria","potentialAction":[{"@type":"SearchAction","target":{"@type":"EntryPoint","urlTemplate":"https:\/\/pakosc-kalwaria.franciszkanie.net\/?s={search_term_string}"},"query-input":"required name=search_term_string"}],"inLanguage":"pl-PL"},{"@type":"ImageObject","@id":"https:\/\/pakosc-kalwaria.franciszkanie.net\/index.php\/2018\/09\/12\/ogloszenia-duszpasterskie-xxiv-niedziela-zwykla\/#primaryimage","inLanguage":"pl-PL","url":"https:\/\/pakosc-kalwaria.franciszkanie.net\/wp-content\/uploads\/2018\/07\/Rok-2017-2018.jpg","contentUrl":"https:\/\/pakosc-kalwaria.franciszkanie.net\/wp-content\/uploads\/2018\/07\/Rok-2017-2018.jpg","width":250,"height":250},{"@type":"WebPage","@id":"https:\/\/pakosc-kalwaria.franciszkanie.net\/index.php\/2018\/09\/12\/ogloszenia-duszpasterskie-xxiv-niedziela-zwykla\/#webpage","url":"https:\/\/pakosc-kalwaria.franciszkanie.net\/index.php\/2018\/09\/12\/ogloszenia-duszpasterskie-xxiv-niedziela-zwykla\/","name":"Og\u0142oszenia duszpasterskie - XXIV Niedziela zwyk\u0142a - Pako\u015b\u0107 \u2013 Kalwaria","isPartOf":{"@id":"https:\/\/pakosc-kalwaria.franciszkanie.net\/#website"},"primaryImageOfPage":{"@id":"https:\/\/pakosc-kalwaria.franciszkanie.net\/index.php\/2018\/09\/12\/ogloszenia-duszpasterskie-xxiv-niedziela-zwykla\/#primaryimage"},"datePublished":"2018-09-12T07:00:02+00:00","dateModified":"2018-09-22T11:30:17+00:00","author":{"@id":"https:\/\/pakosc-kalwaria.franciszkanie.net\/#\/schema\/person\/af10b943be0760709227d060eadcb2aa"},"breadcrumb":{"@id":"https:\/\/pakosc-kalwaria.franciszkanie.net\/index.php\/2018\/09\/12\/ogloszenia-duszpasterskie-xxiv-niedziela-zwykla\/#breadcrumb"},"inLanguage":"pl-PL","potentialAction":[{"@type":"ReadAction","target":["https:\/\/pakosc-kalwaria.franciszkanie.net\/index.php\/2018\/09\/12\/ogloszenia-duszpasterskie-xxiv-niedziela-zwykla\/"]}]},{"@type":"BreadcrumbList","@id":"https:\/\/pakosc-kalwaria.franciszkanie.net\/index.php\/2018\/09\/12\/ogloszenia-duszpasterskie-xxiv-niedziela-zwykla\/#breadcrumb","itemListElement":[{"@type":"ListItem","position":1,"name":"Strona g\u0142\u00f3wna","item":"https:\/\/pakosc-kalwaria.franciszkanie.net\/"},{"@type":"ListItem","position":2,"name":"Og\u0142oszenia duszpasterskie &#8211; XXIV Niedziela zwyk\u0142a"}]},{"@type":"Person","@id":"https:\/\/pakosc-kalwaria.franciszkanie.net\/#\/schema\/person\/af10b943be0760709227d060eadcb2aa","name":"pakosc-kalwaria","image":{"@type":"ImageObject","@id":"https:\/\/pakosc-kalwaria.franciszkanie.net\/#personlogo","inLanguage":"pl-PL","url":"https:\/\/secure.gravatar.com\/avatar\/e7049d338b55eac6a0027ff3218b8d02?s=96&d=mm&r=g","contentUrl":"https:\/\/secure.gravatar.com\/avatar\/e7049d338b55eac6a0027ff3218b8d02?s=96&d=mm&r=g","caption":"pakosc-kalwaria"},"sameAs":["https:\/\/www.facebook.com\/KalwariaPakosc\/"],"url":"https:\/\/pakosc-kalwaria.franciszkanie.net\/index.php\/author\/pakosc-kalwaria\/"}]}},"_links":{"self":[{"href":"https:\/\/pakosc-kalwaria.franciszkanie.net\/index.php\/wp-json\/wp\/v2\/posts\/6668"}],"collection":[{"href":"https:\/\/pakosc-kalwaria.franciszkanie.net\/index.php\/wp-json\/wp\/v2\/posts"}],"about":[{"href":"https:\/\/pakosc-kalwaria.franciszkanie.net\/index.php\/wp-json\/wp\/v2\/types\/post"}],"author":[{"embeddable":true,"href":"https:\/\/pakosc-kalwaria.franciszkanie.net\/index.php\/wp-json\/wp\/v2\/users\/2"}],"replies":[{"embeddable":true,"href":"https:\/\/pakosc-kalwaria.franciszkanie.net\/index.php\/wp-json\/wp\/v2\/comments?post=6668"}],"version-history":[{"count":6,"href":"https:\/\/pakosc-kalwaria.franciszkanie.net\/index.php\/wp-json\/wp\/v2\/posts\/6668\/revisions"}],"predecessor-version":[{"id":6674,"href":"https:\/\/pakosc-kalwaria.franciszkanie.net\/index.php\/wp-json\/wp\/v2\/posts\/6668\/revisions\/6674"}],"wp:featuredmedia":[{"embeddable":true,"href":"https:\/\/pakosc-kalwaria.franciszkanie.net\/index.php\/wp-json\/wp\/v2\/media\/6431"}],"wp:attachment":[{"href":"https:\/\/pakosc-kalwaria.franciszkanie.net\/index.php\/wp-json\/wp\/v2\/media?parent=6668"}],"wp:term":[{"taxonomy":"category","embeddable":true,"href":"https:\/\/pakosc-kalwaria.franciszkanie.net\/index.php\/wp-json\/wp\/v2\/categories?post=6668"},{"taxonomy":"post_tag","embeddable":true,"href":"https:\/\/pakosc-kalwaria.franciszkanie.net\/index.php\/wp-json\/wp\/v2\/tags?post=6668"}],"curies":[{"name":"wp","href":"https:\/\/api.w.org\/{rel}","templated":true}]}}