{"id":6696,"date":"2018-09-21T09:00:54","date_gmt":"2018-09-21T07:00:54","guid":{"rendered":"http:\/\/pakosc-kalwaria.franciszkanie.net\/?p=6696"},"modified":"2018-09-27T11:23:39","modified_gmt":"2018-09-27T09:23:39","slug":"ogloszenia-duszpasterskie-xxv-niedziela-zwykla","status":"publish","type":"post","link":"https:\/\/pakosc-kalwaria.franciszkanie.net\/index.php\/2018\/09\/21\/ogloszenia-duszpasterskie-xxv-niedziela-zwykla\/","title":{"rendered":"Og\u0142oszenia duszpasterskie &#8211; XXV Niedziela Zwyk\u0142a"},"content":{"rendered":"<p><span style=\"color: #008000;\"><strong>23.09. &#8211; 30.09.2018r.<\/strong><\/span><strong><span style=\"color: #008000;\">\u00a0\u00a0\u00a0\u00a0<\/span><br \/>\nOd czwartku (20.09.) odprawiamy <span style=\"color: #ff0000;\">9-cio dniow\u0105 Nowenn\u0119 do Ducha \u015awi\u0119tego przed Misjami \u015awi\u0119tymi w naszej Parafii<\/span>, kt\u00f3re prze\u017cywa\u0107 b\u0119dziemy od najbli\u017cszej <span style=\"color: #ff0000;\">soboty 29 wrze\u015bnia do niedzieli 7 pa\u017adziernika.<\/span><br \/>\nZapraszamy do wsp\u00f3lnej modlitwy oraz o modlitw\u0119 w intencji Misji \u015awi\u0119tych bardzo prosimy!<br \/>\n<span style=\"color: #ff0000;\">Prosimy tak\u017ce o zaplanowanie sobie codziennego udzia\u0142u w Misjach \u015awi\u0119tych!<\/span> Programy znajduj\u0105 si\u0119 na stoliku pod ch\u00f3rem i na naszej stronie internetowej.<\/strong><\/p>\n<p><strong><span style=\"color: #ff0000;\">Po Mszy \u015bw. mo\u017cna naby\u0107 przed ko\u015bcio\u0142em pami\u0105tkowe krzy\u017cyki wykonane ze starego Krzy\u017ca Misyjnego.<\/span> Te krzy\u017cyki zostan\u0105 po\u015bwi\u0119cone na zako\u0144czenie Misji \u015awi\u0119tych w czasie po\u015bwi\u0119cenia nowego Krzy\u017ca Misyjnego. Ofiary z\u0142o\u017cone za te krzy\u017cyki to cegie\u0142ki za nowy Krzy\u017c Misyjny. Za ka\u017cd\u0105 ofiar\u0119 serdeczne \u201eB\u00f3g zap\u0142a\u0107\u201d.<\/strong><\/p>\n<p><strong><span style=\"color: #ff0000;\">W tym tygodniu odb\u0119d\u0105 si\u0119 spotkania dla rodzic\u00f3w:<\/span> <span style=\"color: #ff0000;\">we wtorek 25 wrze\u015bnia po Mszy \u015bw. o 17.00<\/span> spotkanie dla rodzic\u00f3w uczni\u00f3w klas VIII i klas III Gimnazjum przed Bierzmowaniem<\/strong>, <strong>a <span style=\"color: #ff0000;\">w \u015brod\u0119 26 wrze\u015bnia po Mszy \u015bw. o 17.00<\/span> spotkanie dla rodzic\u00f3w dzieci klas III przed Pierwsz\u0105 Komuni\u0105 \u015bw. Rodzic\u00f3w zapraszamy ju\u017c wcze\u015bniej na Msze \u015bw. o 17.00.<\/strong><\/p>\n<p><span style=\"color: #008000;\"><strong><em><u>We wtorek (25.09.)<\/u><\/em><\/strong> <\/span><strong>\u2013 rozpoczynamy Nowenn\u0119 przed uroczysto\u015bci\u0105 \u015bw. Franciszka\u00a0 Asy\u017cu.<\/strong><\/p>\n<p><span style=\"color: #008000;\"><strong><em><u>W \u015brod\u0119 \u00a0(26.09.)<\/u><\/em><\/strong><\/span> <strong>\u2013 we wspomnienie \u015bwi\u0119tych Kosmy i Damiana przypada <span style=\"color: #ff0000;\">\u015awi\u0119to Patronalne Aptekarzy<\/span>, kt\u00f3rych zapraszamy na Msz\u0119 \u015bw. o 17.00.<\/strong><\/p>\n<p><strong><span style=\"color: #008000;\"><em><u>W pi\u0105tek \u00a0(28.09.)<\/u><\/em><\/span> &#8211;<span style=\"color: #ff0000;\"> o 17.00 Msza \u015bw. w intencjach zbiorowych do Bo\u017cego Mi\u0142osierdzia.<\/span> Intencje mo\u017cna sk\u0142ada\u0107 w zakrystii lub do skarbonki pod ch\u00f3rem.<\/strong><\/p>\n<p><strong><span style=\"color: #ff0000;\"><em><u>W sobot\u0119 (29.09.)<\/u><\/em> \u2013 \u015bwi\u0119to \u015awi\u0119tych Archanio\u0142\u00f3w Micha\u0142a, Gabriela i Rafa\u0142a.<\/span><\/strong><\/p>\n<p><strong><span style=\"color: #ff0000;\">W sobot\u0119 rozpoczynamy w naszej Parafii Misje \u015awi\u0119te pod has\u0142em \u201eDuch \u015awi\u0119ty niech umacnia mi\u0142o\u015b\u0107\u201d<\/span>. Misje \u015awi\u0119te poprowadz\u0105 Misjonarze z Kongregacji Oratorium \u015bw. Filipa Neri ze \u015awi\u0119tej G\u00f3ry pod Gostyniem: Ks. Stanis\u0142aw Gawlicki i Ks. Adam Adamski.<\/strong><br \/>\n<strong> <span style=\"color: #ff0000;\">W sobot\u0119 o 17.30 R\u00f3\u017caniec \u015bw. w intencji Misji \u015awi\u0119tych i naszej Parafii, a o 18.00 uroczysta Msza \u015bw. na rozpocz\u0119cie Misji \u015awi\u0119tych w naszej Parafii.<\/span><\/strong><\/p>\n<p><strong>Przypominamy, \u017ce w<span style=\"color: #ff0000;\"> czasie Misji \u015awi\u0119tych Msze \u015bw. w tygodniu b\u0119d\u0105 odprawiane w naszym ko\u015bciele o 10.00 i o 18.00, a w niedziele o 9.00 i 11.00.<\/span><\/strong><\/p>\n<p><strong>Bardzo serdecznie naszych Parafian oraz wszystkich zwi\u0105zanych z naszym kalwaryjskim ko\u015bcio\u0142em zach\u0119camy do gorliwego udzia\u0142u w Misjach \u015awi\u0119tych! Wykorzystajmy jak najlepiej ten szczeg\u00f3lny czas Bo\u017cej \u0142aski i otw\u00f3rzmy nasze serca na dzia\u0142anie Ducha \u015awi\u0119tego!<\/strong><\/p>\n<p><strong><span style=\"color: #ff0000;\"><em><u>W przysz\u0142\u0105 niedziel\u0119 (30.09.)<\/u><\/em> <\/span>\u00a0&#8211; w ramach Misji \u015awi\u0119tych <span style=\"color: #ff0000;\">po Mszy \u015bw. o 9.00 nauka misyjna dla Wsp\u00f3lnot w naszej Parafii<\/span> (Towarzystwo \u015bw. Wojciecha, \u017bywy R\u00f3\u017caniec), a <span style=\"color: #ff0000;\">w czasie Mszy \u015bw. o 11.00 po\u015bwi\u0119cenie r\u00f3\u017ca\u0144c\u00f3w dzieciom klas III<\/span> przygotowuj\u0105cych si\u0119 do Pierwszej Komunii \u015bw. w naszej Parafii. Na t\u0119 Msz\u0119 \u015bw. zapraszamy dzieci wraz z rodzicami.<\/strong><\/p>\n<p><strong><span style=\"color: #ff0000;\">O 15.00 Koronka do Bo\u017cego Mi\u0142osierdzia,<\/span> a po Koronce w klasztorze \u015bw. Bonawentury spotkanie z rodzicami kap\u0142an\u00f3w i si\u00f3str zakonnych pochodz\u0105cych z pakoskich Parafii.<\/strong><br \/>\n<strong> <span style=\"color: #ff0000;\">Wieczorem o 20.30 gromadzimy si\u0119 na R\u00f3\u017ca\u0144cu \u015bw., a o 21.00 Apel Jasnog\u00f3rski. \u00a0<\/span><\/strong><\/p>\n<p><strong>Pod ch\u00f3rem do nabycia czasopisma: \u201ePrzewodnik Katolicki\u201d, \u201eOla i Ja\u015b\u201d.<\/strong><\/p>\n<p><strong>Dzi\u0119kujemy wszystkim, kt\u00f3rzy wzi\u0119li udzia\u0142 w kalwaryjskich uroczysto\u015bciach odpustowych. Dzi\u0119kujemy za wszelk\u0105 pomoc w przygotowaniu i w prze\u017cyciu tych uroczysto\u015bci.<\/strong><br \/>\n<strong> Wyra\u017camy tak\u017ce wdzi\u0119czno\u015b\u0107 za dzisiejsz\u0105 wsp\u00f3ln\u0105 modlitw\u0119 oraz za z\u0142o\u017cone ofiary.<\/strong><\/p>\n<p><strong>Niech Dobry i Mi\u0142osierny B\u00f3g Wam i waszym Rodzinom obficie b\u0142ogos\u0142awi, a Duch \u015awi\u0119ty sprawi, by Misje \u015awi\u0119te by\u0142y czasem gorliwej modlitwy, pokuty i nawr\u00f3cenia oraz umocnienia wiary i mi\u0142o\u015bci w naszej Parafii i w naszych Rodzinach.<\/strong><\/p>\n<p><strong>Z darem modlitwy Bracia Mniejsi Franciszkanie z Pako\u015bci &#8211; Kalwarii\u00a0\u00a0\u00a0\u00a0\u00a0\u00a0\u00a0 <\/strong><\/p>\n","protected":false},"excerpt":{"rendered":"<p>23.09. &#8211; 30.09.2018r.\u00a0\u00a0\u00a0\u00a0 Od czwartku (20.09.) odprawiamy 9-cio dniow\u0105 Nowenn\u0119 do Ducha \u015awi\u0119tego przed Misjami \u015awi\u0119tymi w naszej Parafii, kt\u00f3re prze\u017cywa\u0107 b\u0119dziemy od najbli\u017cszej soboty 29 wrze\u015bnia do niedzieli 7 pa\u017adziernika. Zapraszamy do wsp\u00f3lnej modlitwy oraz o modlitw\u0119 w intencji Misji \u015awi\u0119tych bardzo prosimy! Prosimy tak\u017ce o zaplanowanie sobie codziennego udzia\u0142u w Misjach \u015awi\u0119tych! Programy &hellip;<\/p>\n","protected":false},"author":2,"featured_media":6431,"comment_status":"closed","ping_status":"open","sticky":false,"template":"","format":"standard","meta":{"_mi_skip_tracking":false,"_exactmetrics_sitenote_active":false,"_exactmetrics_sitenote_note":"","_exactmetrics_sitenote_category":0},"categories":[5],"tags":[],"yoast_head":"<!-- This site is optimized with the Yoast SEO plugin v18.1 - https:\/\/yoast.com\/wordpress\/plugins\/seo\/ -->\n<title>Og\u0142oszenia duszpasterskie - XXV Niedziela Zwyk\u0142a - Pako\u015b\u0107 \u2013 Kalwaria<\/title>\n<meta name=\"robots\" content=\"index, follow, max-snippet:-1, max-image-preview:large, max-video-preview:-1\" \/>\n<link rel=\"canonical\" href=\"https:\/\/pakosc-kalwaria.franciszkanie.net\/index.php\/2018\/09\/21\/ogloszenia-duszpasterskie-xxv-niedziela-zwykla\/\" \/>\n<meta property=\"og:locale\" content=\"pl_PL\" \/>\n<meta property=\"og:type\" content=\"article\" \/>\n<meta property=\"og:title\" content=\"Og\u0142oszenia duszpasterskie - XXV Niedziela Zwyk\u0142a - Pako\u015b\u0107 \u2013 Kalwaria\" \/>\n<meta property=\"og:description\" content=\"23.09. &#8211; 30.09.2018r.\u00a0\u00a0\u00a0\u00a0 Od czwartku (20.09.) odprawiamy 9-cio dniow\u0105 Nowenn\u0119 do Ducha \u015awi\u0119tego przed Misjami \u015awi\u0119tymi w naszej Parafii, kt\u00f3re prze\u017cywa\u0107 b\u0119dziemy od najbli\u017cszej soboty 29 wrze\u015bnia do niedzieli 7 pa\u017adziernika. Zapraszamy do wsp\u00f3lnej modlitwy oraz o modlitw\u0119 w intencji Misji \u015awi\u0119tych bardzo prosimy! Prosimy tak\u017ce o zaplanowanie sobie codziennego udzia\u0142u w Misjach \u015awi\u0119tych! Programy &hellip;\" \/>\n<meta property=\"og:url\" content=\"https:\/\/pakosc-kalwaria.franciszkanie.net\/index.php\/2018\/09\/21\/ogloszenia-duszpasterskie-xxv-niedziela-zwykla\/\" \/>\n<meta property=\"og:site_name\" content=\"Pako\u015b\u0107 \u2013 Kalwaria\" \/>\n<meta property=\"article:author\" content=\"https:\/\/www.facebook.com\/KalwariaPakosc\/\" \/>\n<meta property=\"article:published_time\" content=\"2018-09-21T07:00:54+00:00\" \/>\n<meta property=\"article:modified_time\" content=\"2018-09-27T09:23:39+00:00\" \/>\n<meta property=\"og:image\" content=\"https:\/\/pakosc-kalwaria.franciszkanie.net\/wp-content\/uploads\/2018\/07\/Rok-2017-2018.jpg\" \/>\n\t<meta property=\"og:image:width\" content=\"250\" \/>\n\t<meta property=\"og:image:height\" content=\"250\" \/>\n\t<meta property=\"og:image:type\" content=\"image\/jpeg\" \/>\n<meta name=\"twitter:card\" content=\"summary\" \/>\n<meta name=\"twitter:label1\" content=\"Napisane przez\" \/>\n\t<meta name=\"twitter:data1\" content=\"pakosc-kalwaria\" \/>\n\t<meta name=\"twitter:label2\" content=\"Szacowany czas czytania\" \/>\n\t<meta name=\"twitter:data2\" content=\"3 minuty\" \/>\n<script type=\"application\/ld+json\" class=\"yoast-schema-graph\">{\"@context\":\"https:\/\/schema.org\",\"@graph\":[{\"@type\":\"WebSite\",\"@id\":\"https:\/\/pakosc-kalwaria.franciszkanie.net\/#website\",\"url\":\"https:\/\/pakosc-kalwaria.franciszkanie.net\/\",\"name\":\"Pako\u015b\u0107 \u2013 Kalwaria\",\"description\":\"Parafia Rzymsko \u2013 Katolicka p.w. Pana Jezusa Ukrzy\u017cowanego i  Matki Bo\u017cej Bolesnej ul. Barci\u0144ska 60, 88\u2013170 Pako\u015b\u0107 \u2013 Kalwaria\",\"potentialAction\":[{\"@type\":\"SearchAction\",\"target\":{\"@type\":\"EntryPoint\",\"urlTemplate\":\"https:\/\/pakosc-kalwaria.franciszkanie.net\/?s={search_term_string}\"},\"query-input\":\"required name=search_term_string\"}],\"inLanguage\":\"pl-PL\"},{\"@type\":\"ImageObject\",\"@id\":\"https:\/\/pakosc-kalwaria.franciszkanie.net\/index.php\/2018\/09\/21\/ogloszenia-duszpasterskie-xxv-niedziela-zwykla\/#primaryimage\",\"inLanguage\":\"pl-PL\",\"url\":\"https:\/\/pakosc-kalwaria.franciszkanie.net\/wp-content\/uploads\/2018\/07\/Rok-2017-2018.jpg\",\"contentUrl\":\"https:\/\/pakosc-kalwaria.franciszkanie.net\/wp-content\/uploads\/2018\/07\/Rok-2017-2018.jpg\",\"width\":250,\"height\":250},{\"@type\":\"WebPage\",\"@id\":\"https:\/\/pakosc-kalwaria.franciszkanie.net\/index.php\/2018\/09\/21\/ogloszenia-duszpasterskie-xxv-niedziela-zwykla\/#webpage\",\"url\":\"https:\/\/pakosc-kalwaria.franciszkanie.net\/index.php\/2018\/09\/21\/ogloszenia-duszpasterskie-xxv-niedziela-zwykla\/\",\"name\":\"Og\u0142oszenia duszpasterskie - XXV Niedziela Zwyk\u0142a - Pako\u015b\u0107 \u2013 Kalwaria\",\"isPartOf\":{\"@id\":\"https:\/\/pakosc-kalwaria.franciszkanie.net\/#website\"},\"primaryImageOfPage\":{\"@id\":\"https:\/\/pakosc-kalwaria.franciszkanie.net\/index.php\/2018\/09\/21\/ogloszenia-duszpasterskie-xxv-niedziela-zwykla\/#primaryimage\"},\"datePublished\":\"2018-09-21T07:00:54+00:00\",\"dateModified\":\"2018-09-27T09:23:39+00:00\",\"author\":{\"@id\":\"https:\/\/pakosc-kalwaria.franciszkanie.net\/#\/schema\/person\/af10b943be0760709227d060eadcb2aa\"},\"breadcrumb\":{\"@id\":\"https:\/\/pakosc-kalwaria.franciszkanie.net\/index.php\/2018\/09\/21\/ogloszenia-duszpasterskie-xxv-niedziela-zwykla\/#breadcrumb\"},\"inLanguage\":\"pl-PL\",\"potentialAction\":[{\"@type\":\"ReadAction\",\"target\":[\"https:\/\/pakosc-kalwaria.franciszkanie.net\/index.php\/2018\/09\/21\/ogloszenia-duszpasterskie-xxv-niedziela-zwykla\/\"]}]},{\"@type\":\"BreadcrumbList\",\"@id\":\"https:\/\/pakosc-kalwaria.franciszkanie.net\/index.php\/2018\/09\/21\/ogloszenia-duszpasterskie-xxv-niedziela-zwykla\/#breadcrumb\",\"itemListElement\":[{\"@type\":\"ListItem\",\"position\":1,\"name\":\"Strona g\u0142\u00f3wna\",\"item\":\"https:\/\/pakosc-kalwaria.franciszkanie.net\/\"},{\"@type\":\"ListItem\",\"position\":2,\"name\":\"Og\u0142oszenia duszpasterskie &#8211; XXV Niedziela Zwyk\u0142a\"}]},{\"@type\":\"Person\",\"@id\":\"https:\/\/pakosc-kalwaria.franciszkanie.net\/#\/schema\/person\/af10b943be0760709227d060eadcb2aa\",\"name\":\"pakosc-kalwaria\",\"image\":{\"@type\":\"ImageObject\",\"@id\":\"https:\/\/pakosc-kalwaria.franciszkanie.net\/#personlogo\",\"inLanguage\":\"pl-PL\",\"url\":\"https:\/\/secure.gravatar.com\/avatar\/e7049d338b55eac6a0027ff3218b8d02?s=96&d=mm&r=g\",\"contentUrl\":\"https:\/\/secure.gravatar.com\/avatar\/e7049d338b55eac6a0027ff3218b8d02?s=96&d=mm&r=g\",\"caption\":\"pakosc-kalwaria\"},\"sameAs\":[\"https:\/\/www.facebook.com\/KalwariaPakosc\/\"],\"url\":\"https:\/\/pakosc-kalwaria.franciszkanie.net\/index.php\/author\/pakosc-kalwaria\/\"}]}<\/script>\n<!-- \/ Yoast SEO plugin. -->","yoast_head_json":{"title":"Og\u0142oszenia duszpasterskie - XXV Niedziela Zwyk\u0142a - Pako\u015b\u0107 \u2013 Kalwaria","robots":{"index":"index","follow":"follow","max-snippet":"max-snippet:-1","max-image-preview":"max-image-preview:large","max-video-preview":"max-video-preview:-1"},"canonical":"https:\/\/pakosc-kalwaria.franciszkanie.net\/index.php\/2018\/09\/21\/ogloszenia-duszpasterskie-xxv-niedziela-zwykla\/","og_locale":"pl_PL","og_type":"article","og_title":"Og\u0142oszenia duszpasterskie - XXV Niedziela Zwyk\u0142a - Pako\u015b\u0107 \u2013 Kalwaria","og_description":"23.09. &#8211; 30.09.2018r.\u00a0\u00a0\u00a0\u00a0 Od czwartku (20.09.) odprawiamy 9-cio dniow\u0105 Nowenn\u0119 do Ducha \u015awi\u0119tego przed Misjami \u015awi\u0119tymi w naszej Parafii, kt\u00f3re prze\u017cywa\u0107 b\u0119dziemy od najbli\u017cszej soboty 29 wrze\u015bnia do niedzieli 7 pa\u017adziernika. Zapraszamy do wsp\u00f3lnej modlitwy oraz o modlitw\u0119 w intencji Misji \u015awi\u0119tych bardzo prosimy! Prosimy tak\u017ce o zaplanowanie sobie codziennego udzia\u0142u w Misjach \u015awi\u0119tych! Programy &hellip;","og_url":"https:\/\/pakosc-kalwaria.franciszkanie.net\/index.php\/2018\/09\/21\/ogloszenia-duszpasterskie-xxv-niedziela-zwykla\/","og_site_name":"Pako\u015b\u0107 \u2013 Kalwaria","article_author":"https:\/\/www.facebook.com\/KalwariaPakosc\/","article_published_time":"2018-09-21T07:00:54+00:00","article_modified_time":"2018-09-27T09:23:39+00:00","og_image":[{"width":250,"height":250,"url":"https:\/\/pakosc-kalwaria.franciszkanie.net\/wp-content\/uploads\/2018\/07\/Rok-2017-2018.jpg","type":"image\/jpeg"}],"twitter_card":"summary","twitter_misc":{"Napisane przez":"pakosc-kalwaria","Szacowany czas czytania":"3 minuty"},"schema":{"@context":"https:\/\/schema.org","@graph":[{"@type":"WebSite","@id":"https:\/\/pakosc-kalwaria.franciszkanie.net\/#website","url":"https:\/\/pakosc-kalwaria.franciszkanie.net\/","name":"Pako\u015b\u0107 \u2013 Kalwaria","description":"Parafia Rzymsko \u2013 Katolicka p.w. Pana Jezusa Ukrzy\u017cowanego i  Matki Bo\u017cej Bolesnej ul. Barci\u0144ska 60, 88\u2013170 Pako\u015b\u0107 \u2013 Kalwaria","potentialAction":[{"@type":"SearchAction","target":{"@type":"EntryPoint","urlTemplate":"https:\/\/pakosc-kalwaria.franciszkanie.net\/?s={search_term_string}"},"query-input":"required name=search_term_string"}],"inLanguage":"pl-PL"},{"@type":"ImageObject","@id":"https:\/\/pakosc-kalwaria.franciszkanie.net\/index.php\/2018\/09\/21\/ogloszenia-duszpasterskie-xxv-niedziela-zwykla\/#primaryimage","inLanguage":"pl-PL","url":"https:\/\/pakosc-kalwaria.franciszkanie.net\/wp-content\/uploads\/2018\/07\/Rok-2017-2018.jpg","contentUrl":"https:\/\/pakosc-kalwaria.franciszkanie.net\/wp-content\/uploads\/2018\/07\/Rok-2017-2018.jpg","width":250,"height":250},{"@type":"WebPage","@id":"https:\/\/pakosc-kalwaria.franciszkanie.net\/index.php\/2018\/09\/21\/ogloszenia-duszpasterskie-xxv-niedziela-zwykla\/#webpage","url":"https:\/\/pakosc-kalwaria.franciszkanie.net\/index.php\/2018\/09\/21\/ogloszenia-duszpasterskie-xxv-niedziela-zwykla\/","name":"Og\u0142oszenia duszpasterskie - XXV Niedziela Zwyk\u0142a - Pako\u015b\u0107 \u2013 Kalwaria","isPartOf":{"@id":"https:\/\/pakosc-kalwaria.franciszkanie.net\/#website"},"primaryImageOfPage":{"@id":"https:\/\/pakosc-kalwaria.franciszkanie.net\/index.php\/2018\/09\/21\/ogloszenia-duszpasterskie-xxv-niedziela-zwykla\/#primaryimage"},"datePublished":"2018-09-21T07:00:54+00:00","dateModified":"2018-09-27T09:23:39+00:00","author":{"@id":"https:\/\/pakosc-kalwaria.franciszkanie.net\/#\/schema\/person\/af10b943be0760709227d060eadcb2aa"},"breadcrumb":{"@id":"https:\/\/pakosc-kalwaria.franciszkanie.net\/index.php\/2018\/09\/21\/ogloszenia-duszpasterskie-xxv-niedziela-zwykla\/#breadcrumb"},"inLanguage":"pl-PL","potentialAction":[{"@type":"ReadAction","target":["https:\/\/pakosc-kalwaria.franciszkanie.net\/index.php\/2018\/09\/21\/ogloszenia-duszpasterskie-xxv-niedziela-zwykla\/"]}]},{"@type":"BreadcrumbList","@id":"https:\/\/pakosc-kalwaria.franciszkanie.net\/index.php\/2018\/09\/21\/ogloszenia-duszpasterskie-xxv-niedziela-zwykla\/#breadcrumb","itemListElement":[{"@type":"ListItem","position":1,"name":"Strona g\u0142\u00f3wna","item":"https:\/\/pakosc-kalwaria.franciszkanie.net\/"},{"@type":"ListItem","position":2,"name":"Og\u0142oszenia duszpasterskie &#8211; XXV Niedziela Zwyk\u0142a"}]},{"@type":"Person","@id":"https:\/\/pakosc-kalwaria.franciszkanie.net\/#\/schema\/person\/af10b943be0760709227d060eadcb2aa","name":"pakosc-kalwaria","image":{"@type":"ImageObject","@id":"https:\/\/pakosc-kalwaria.franciszkanie.net\/#personlogo","inLanguage":"pl-PL","url":"https:\/\/secure.gravatar.com\/avatar\/e7049d338b55eac6a0027ff3218b8d02?s=96&d=mm&r=g","contentUrl":"https:\/\/secure.gravatar.com\/avatar\/e7049d338b55eac6a0027ff3218b8d02?s=96&d=mm&r=g","caption":"pakosc-kalwaria"},"sameAs":["https:\/\/www.facebook.com\/KalwariaPakosc\/"],"url":"https:\/\/pakosc-kalwaria.franciszkanie.net\/index.php\/author\/pakosc-kalwaria\/"}]}},"_links":{"self":[{"href":"https:\/\/pakosc-kalwaria.franciszkanie.net\/index.php\/wp-json\/wp\/v2\/posts\/6696"}],"collection":[{"href":"https:\/\/pakosc-kalwaria.franciszkanie.net\/index.php\/wp-json\/wp\/v2\/posts"}],"about":[{"href":"https:\/\/pakosc-kalwaria.franciszkanie.net\/index.php\/wp-json\/wp\/v2\/types\/post"}],"author":[{"embeddable":true,"href":"https:\/\/pakosc-kalwaria.franciszkanie.net\/index.php\/wp-json\/wp\/v2\/users\/2"}],"replies":[{"embeddable":true,"href":"https:\/\/pakosc-kalwaria.franciszkanie.net\/index.php\/wp-json\/wp\/v2\/comments?post=6696"}],"version-history":[{"count":2,"href":"https:\/\/pakosc-kalwaria.franciszkanie.net\/index.php\/wp-json\/wp\/v2\/posts\/6696\/revisions"}],"predecessor-version":[{"id":6698,"href":"https:\/\/pakosc-kalwaria.franciszkanie.net\/index.php\/wp-json\/wp\/v2\/posts\/6696\/revisions\/6698"}],"wp:featuredmedia":[{"embeddable":true,"href":"https:\/\/pakosc-kalwaria.franciszkanie.net\/index.php\/wp-json\/wp\/v2\/media\/6431"}],"wp:attachment":[{"href":"https:\/\/pakosc-kalwaria.franciszkanie.net\/index.php\/wp-json\/wp\/v2\/media?parent=6696"}],"wp:term":[{"taxonomy":"category","embeddable":true,"href":"https:\/\/pakosc-kalwaria.franciszkanie.net\/index.php\/wp-json\/wp\/v2\/categories?post=6696"},{"taxonomy":"post_tag","embeddable":true,"href":"https:\/\/pakosc-kalwaria.franciszkanie.net\/index.php\/wp-json\/wp\/v2\/tags?post=6696"}],"curies":[{"name":"wp","href":"https:\/\/api.w.org\/{rel}","templated":true}]}}